{"id":45182,"date":"2024-01-29T18:31:31","date_gmt":"2024-01-29T18:31:31","guid":{"rendered":"https:\/\/permbledhja.com\/?p=45182"},"modified":"2024-01-29T18:31:31","modified_gmt":"2024-01-29T18:31:31","slug":"intervistohen-nga-policia-imami-dhe-axha-i-18-vjecarit-nga-podujeva-shkak-deklaratat-per-hakmarrje","status":"publish","type":"post","link":"https:\/\/permbledhja.com\/sq\/intervistohen-nga-policia-imami-dhe-axha-i-18-vjecarit-nga-podujeva-shkak-deklaratat-per-hakmarrje\/","title":{"rendered":"Intervistohen nga Policia imami dhe axha i 18-vje\u00e7arit nga Podujeva, shkak deklaratat p\u00ebr hakmarrje"},"content":{"rendered":"<h3>Policia e Kosov\u00ebs n\u00eb komun\u00ebn e Podujev\u00ebs jan\u00eb duke i intervistuar kryeimamin e k\u00ebtij qyteti, Bekim Jasharin, si dhe Rrahim Fejzullahun, axha i t\u00eb ndjerit, Lulzim Fejzullahu, lidhur me deklaratat p\u00ebr hakmarrje.<\/h3>\n<p>K\u00ebshtu ka b\u00ebr\u00eb t\u00eb ditur, avokati i familjes Fejzullahu, Tom\u00eb Gashi p\u00ebr Televizionin Dukagjini.<\/p>\n<p>K\u00ebta jan\u00eb duke u intervistuar n\u00eb cil\u00ebsin\u00eb e t\u00eb pandehurve.<\/p>\n<p>Ndryshe, para dy dit\u00ebsh, me 27 janar , Kryeimami i Podujev\u00ebs, Bekim Jashari ka b\u00ebr\u00eb t\u00eb ditur se familja e t\u00eb ndjerit, Lulzim Fejzullahut i ka dh\u00ebn\u00eb nj\u00eb muaj bes\u00eb familjes s\u00eb dorasit.<\/p>\n<p>\u201cRrahim Fejzullahu, mixha i t\u00eb ndjerit Lulzim Fejzullahu, e nderoj Zotin e Kombin ton\u00eb me dh\u00ebnie t\u00eb bes\u00ebs (Nj\u00eb muaj nga sot ) p\u00ebr familjen e dorasit. Zoti e m\u00ebshiroft\u00eb Lulin, e bekoft\u00eb familjen e madhe t\u00eb Rrahimit\u201d, ka shkruar Jashari.<\/p>\n<p>Ndryshe, Lulzim Fejzullahu ka vdekur t\u00eb shtun\u00ebn e 20 janarit n\u00eb Qendr\u00ebn Klinike Universitare t\u00eb Kosov\u00ebs (QKUK), ku po trajtohej pasi ishte goditur me vetur\u00eb e rrahur brutalisht p\u00ebr vdekje nga dy t\u00eb mitur m\u00eb 14 janar.<\/p>\n<p>T\u00eb miturit A.A dhe E.K dyshohen p\u00ebr vrasje t\u00eb r\u00ebnd\u00eb dhe jan\u00eb d\u00ebrguar n\u00eb paraburgim.<\/p>\n<p>Nd\u00ebrkoh\u00eb, xhaxhai i Lulzimit\u00a0 ka rr\u00ebfyer versionin e tij se si nisi z\u00ebnka dhe si u rrah brutalisht p\u00ebr vdekje nipi i tij.<\/p>\n<p>Sipas tij, sherri n\u00eb mes t\u00eb Lulzim Fejzullahut dhe dy t\u00eb miturve dyshohet se nisi te berberi.<br \/>\nMe viktim\u00ebn t\u00eb miturit u takuan nj\u00eb dit\u00eb pas z\u00ebnk\u00ebs, m\u00eb 14 janar rreth or\u00ebs 12:00 n\u00eb mesdit\u00eb.<\/p>\n<p>\u201cDyshohet q\u00eb 18 vje\u00e7ari Lulzim Fejzullahu kishte dal\u00eb n\u00eb marketin e lagjes dhe me t\u00eb par\u00eb q\u00eb dy persona po e p\u00ebrcjellin me nj\u00eb vetur\u00eb t\u00eb tipit \u201cGolf 6\u2033, filloi t\u00eb ik\u00eb n\u00eb k\u00ebt\u00eb rrug\u00eb. T\u00eb nj\u00ebjtit persona e godit\u00ebn e vetur\u00eb pik\u00ebrisht para k\u00ebsaj sht\u00ebpie dhe e lan\u00eb t\u00eb shtrir\u00eb n\u00eb tok\u00eb.\u201d<\/p>\n<p>Pas k\u00ebsaj, dy t\u00eb miturit dol\u00ebn nga vetura.<\/p>\n<p>\u201cPasi e kan\u00eb rr\u00ebzuar me vetur\u00eb, i kan\u00eb hyr\u00eb me shipka bejsbolli dy persona, nj\u00ebri ka sjell\u00eb me shkelma (me k\u00ebmb\u00eb) e grushta e tjetri ka sjell\u00eb me shipk\u00eb (shkop) deri n\u00eb alivanosje, e kemi d\u00ebrguar n\u00eb spital, s\u2019ka pasur shenja t\u00eb p\u00ebrmir\u00ebsimit, dje edhe ka nd\u00ebrruar jet\u00eb n\u00eb or\u00ebn 15:20 pasdite\u201d, tha xhaxhai i 18 vje\u00e7arit, Rrahim Fejzullahu.<\/p>\n<p>Fejzullahu tregon se nipi kishte mbetur i shtrir\u00eb n\u00eb tok\u00eb.<\/p>\n<p>\u201cPasi e kan\u00eb alivanosur, i kan\u00eb sjell\u00eb sa ka qen\u00eb i shtrir\u00eb, shipka (shkopinj) t\u00eb bejsbollit n\u00eb kok\u00eb, asnj\u00eb shenj\u00eb djali nuk e ka pasur n\u00eb trup p\u00ebrpos n\u00eb kok\u00eb. Gjakderdhje edhe p\u00ebr vesh\u00ebve, kafk\u00ebn e kok\u00ebs ia kan\u00eb thyer, kafk\u00ebn e krej\u00ebs ia kan\u00eb thyer me stupca (shkopa)\u201d, u shpreh Fejzullahu<\/p>\n","protected":false},"excerpt":{"rendered":"<p>Policia e Kosov\u00ebs n\u00eb komun\u00ebn e Podujev\u00ebs jan\u00eb duke i intervistuar kryeimamin e k\u00ebtij qyteti, Bekim Jasharin, si dhe Rrahim Fejzullahun, axha i t\u00eb ndjerit, Lulzim Fejzullahu, lidhur me deklaratat p\u00ebr hakmarrje. K\u00ebshtu ka b\u00ebr\u00eb t\u00eb ditur, avokati i familjes Fejzullahu, Tom\u00eb Gashi p\u00ebr Televizionin Dukagjini. K\u00ebta jan\u00eb duke u intervistuar n\u00eb cil\u00ebsin\u00eb e t\u00eb [&hellip;]<\/p>\n","protected":false},"author":2,"featured_media":45183,"comment_status":"closed","ping_status":"closed","sticky":false,"template":"","format":"standard","meta":{"_monsterinsights_skip_tracking":false,"_monsterinsights_sitenote_active":false,"_monsterinsights_sitenote_note":"","_monsterinsights_sitenote_category":0,"_uf_show_specific_survey":0,"_uf_disable_surveys":false,"footnotes":""},"categories":[1146],"tags":[111],"yoast_head":"<!-- This site is optimized with the Yoast SEO plugin v21.5 - https:\/\/yoast.com\/wordpress\/plugins\/seo\/ -->\n<title>Intervistohen nga Policia imami dhe axha i 18-vje\u00e7arit nga Podujeva, shkak deklaratat p\u00ebr hakmarrje<\/title>\n<meta name=\"robots\" content=\"index, follow, max-snippet:-1, max-image-preview:large, max-video-preview:-1\" \/>\n<link rel=\"canonical\" href=\"https:\/\/permbledhja.com\/sq\/intervistohen-nga-policia-imami-dhe-axha-i-18-vjecarit-nga-podujeva-shkak-deklaratat-per-hakmarrje\/\" \/>\n<meta property=\"og:locale\" content=\"sq_AL\" \/>\n<meta property=\"og:type\" content=\"article\" \/>\n<meta property=\"og:title\" content=\"Intervistohen nga Policia imami dhe axha i 18-vje\u00e7arit nga Podujeva, shkak deklaratat p\u00ebr hakmarrje\" \/>\n<meta property=\"og:description\" content=\"Policia e Kosov\u00ebs n\u00eb komun\u00ebn e Podujev\u00ebs jan\u00eb duke i intervistuar kryeimamin e k\u00ebtij qyteti, Bekim Jasharin, si dhe Rrahim Fejzullahun, axha i t\u00eb ndjerit, Lulzim Fejzullahu, lidhur me deklaratat p\u00ebr hakmarrje. K\u00ebshtu ka b\u00ebr\u00eb t\u00eb ditur, avokati i familjes Fejzullahu, Tom\u00eb Gashi p\u00ebr Televizionin Dukagjini. K\u00ebta jan\u00eb duke u intervistuar n\u00eb cil\u00ebsin\u00eb e t\u00eb [&hellip;]\" \/>\n<meta property=\"og:url\" content=\"https:\/\/permbledhja.com\/sq\/intervistohen-nga-policia-imami-dhe-axha-i-18-vjecarit-nga-podujeva-shkak-deklaratat-per-hakmarrje\/\" \/>\n<meta property=\"og:site_name\" content=\"Ve\u00e7 artikuj p\u00ebrmbledh\u00ebs\" \/>\n<meta property=\"article:publisher\" content=\"https:\/\/www.facebook.com\/press07\/\" \/>\n<meta property=\"article:published_time\" content=\"2024-01-29T18:31:31+00:00\" \/>\n<meta property=\"og:image\" content=\"https:\/\/permbledhja.com\/wp-content\/uploads\/2024\/01\/IMG_1822-780x439-1.jpg\" \/>\n\t<meta property=\"og:image:width\" content=\"780\" \/>\n\t<meta property=\"og:image:height\" content=\"439\" \/>\n\t<meta property=\"og:image:type\" content=\"image\/jpeg\" \/>\n<meta name=\"author\" content=\"M M\" \/>\n<meta name=\"twitter:card\" content=\"summary_large_image\" \/>\n<meta name=\"twitter:label1\" content=\"Written by\" \/>\n\t<meta name=\"twitter:data1\" content=\"M M\" \/>\n\t<meta name=\"twitter:label2\" content=\"Est. reading time\" \/>\n\t<meta name=\"twitter:data2\" content=\"3 minuta\" \/>\n<script type=\"application\/ld+json\" class=\"yoast-schema-graph\">{\"@context\":\"https:\/\/schema.org\",\"@graph\":[{\"@type\":\"Article\",\"@id\":\"https:\/\/permbledhja.com\/intervistohen-nga-policia-imami-dhe-axha-i-18-vjecarit-nga-podujeva-shkak-deklaratat-per-hakmarrje\/#article\",\"isPartOf\":{\"@id\":\"https:\/\/permbledhja.com\/intervistohen-nga-policia-imami-dhe-axha-i-18-vjecarit-nga-podujeva-shkak-deklaratat-per-hakmarrje\/\"},\"author\":{\"name\":\"M M\",\"@id\":\"https:\/\/permbledhja.com\/#\/schema\/person\/d23f13f59b5722643933d6780783acf3\"},\"headline\":\"Intervistohen nga Policia imami dhe axha i 18-vje\u00e7arit nga Podujeva, shkak deklaratat p\u00ebr hakmarrje\",\"datePublished\":\"2024-01-29T18:31:31+00:00\",\"dateModified\":\"2024-01-29T18:31:31+00:00\",\"mainEntityOfPage\":{\"@id\":\"https:\/\/permbledhja.com\/intervistohen-nga-policia-imami-dhe-axha-i-18-vjecarit-nga-podujeva-shkak-deklaratat-per-hakmarrje\/\"},\"wordCount\":489,\"publisher\":{\"@id\":\"https:\/\/permbledhja.com\/#organization\"},\"keywords\":[\"Podujev\u00eb\"],\"articleSection\":[\"Kryesoret\"],\"inLanguage\":\"sq\"},{\"@type\":\"WebPage\",\"@id\":\"https:\/\/permbledhja.com\/intervistohen-nga-policia-imami-dhe-axha-i-18-vjecarit-nga-podujeva-shkak-deklaratat-per-hakmarrje\/\",\"url\":\"https:\/\/permbledhja.com\/intervistohen-nga-policia-imami-dhe-axha-i-18-vjecarit-nga-podujeva-shkak-deklaratat-per-hakmarrje\/\",\"name\":\"Intervistohen nga Policia imami dhe axha i 18-vje\u00e7arit nga Podujeva, shkak deklaratat p\u00ebr hakmarrje\",\"isPartOf\":{\"@id\":\"https:\/\/permbledhja.com\/#website\"},\"datePublished\":\"2024-01-29T18:31:31+00:00\",\"dateModified\":\"2024-01-29T18:31:31+00:00\",\"breadcrumb\":{\"@id\":\"https:\/\/permbledhja.com\/intervistohen-nga-policia-imami-dhe-axha-i-18-vjecarit-nga-podujeva-shkak-deklaratat-per-hakmarrje\/#breadcrumb\"},\"inLanguage\":\"sq\",\"potentialAction\":[{\"@type\":\"ReadAction\",\"target\":[\"https:\/\/permbledhja.com\/intervistohen-nga-policia-imami-dhe-axha-i-18-vjecarit-nga-podujeva-shkak-deklaratat-per-hakmarrje\/\"]}]},{\"@type\":\"BreadcrumbList\",\"@id\":\"https:\/\/permbledhja.com\/intervistohen-nga-policia-imami-dhe-axha-i-18-vjecarit-nga-podujeva-shkak-deklaratat-per-hakmarrje\/#breadcrumb\",\"itemListElement\":[{\"@type\":\"ListItem\",\"position\":1,\"name\":\"Ballina\",\"item\":\"https:\/\/permbledhja.com\/sq\/\"},{\"@type\":\"ListItem\",\"position\":2,\"name\":\"Intervistohen nga Policia imami dhe axha i 18-vje\u00e7arit nga Podujeva, shkak deklaratat p\u00ebr hakmarrje\"}]},{\"@type\":\"WebSite\",\"@id\":\"https:\/\/permbledhja.com\/#website\",\"url\":\"https:\/\/permbledhja.com\/\",\"name\":\"Ve\u00e7 artikuj p\u00ebrmbledh\u00ebs\",\"description\":\"\",\"publisher\":{\"@id\":\"https:\/\/permbledhja.com\/#organization\"},\"potentialAction\":[{\"@type\":\"SearchAction\",\"target\":{\"@type\":\"EntryPoint\",\"urlTemplate\":\"https:\/\/permbledhja.com\/?s={search_term_string}\"},\"query-input\":\"required name=search_term_string\"}],\"inLanguage\":\"sq\"},{\"@type\":\"Organization\",\"@id\":\"https:\/\/permbledhja.com\/#organization\",\"name\":\"MK Media & Pr\",\"url\":\"https:\/\/permbledhja.com\/\",\"logo\":{\"@type\":\"ImageObject\",\"inLanguage\":\"sq\",\"@id\":\"https:\/\/permbledhja.com\/#\/schema\/logo\/image\/\",\"url\":\"https:\/\/permbledhja.com\/wp-content\/uploads\/2021\/12\/07-Press-Logo.jpg\",\"contentUrl\":\"https:\/\/permbledhja.com\/wp-content\/uploads\/2021\/12\/07-Press-Logo.jpg\",\"width\":512,\"height\":512,\"caption\":\"MK Media & Pr\"},\"image\":{\"@id\":\"https:\/\/permbledhja.com\/#\/schema\/logo\/image\/\"},\"sameAs\":[\"https:\/\/www.facebook.com\/press07\/\"]},{\"@type\":\"Person\",\"@id\":\"https:\/\/permbledhja.com\/#\/schema\/person\/d23f13f59b5722643933d6780783acf3\",\"name\":\"M M\",\"image\":{\"@type\":\"ImageObject\",\"inLanguage\":\"sq\",\"@id\":\"https:\/\/permbledhja.com\/#\/schema\/person\/image\/\",\"url\":\"https:\/\/secure.gravatar.com\/avatar\/e2835a76ca7c31a2416b2d51c4ec9a8f?s=96&d=mm&r=g\",\"contentUrl\":\"https:\/\/secure.gravatar.com\/avatar\/e2835a76ca7c31a2416b2d51c4ec9a8f?s=96&d=mm&r=g\",\"caption\":\"M M\"},\"sameAs\":[\"http:\/\/MM\"],\"url\":\"https:\/\/permbledhja.com\/sq\/author\/muhamet\/\"}]}<\/script>\n<!-- \/ Yoast SEO plugin. -->","yoast_head_json":{"title":"Intervistohen nga Policia imami dhe axha i 18-vje\u00e7arit nga Podujeva, shkak deklaratat p\u00ebr hakmarrje","robots":{"index":"index","follow":"follow","max-snippet":"max-snippet:-1","max-image-preview":"max-image-preview:large","max-video-preview":"max-video-preview:-1"},"canonical":"https:\/\/permbledhja.com\/sq\/intervistohen-nga-policia-imami-dhe-axha-i-18-vjecarit-nga-podujeva-shkak-deklaratat-per-hakmarrje\/","og_locale":"sq_AL","og_type":"article","og_title":"Intervistohen nga Policia imami dhe axha i 18-vje\u00e7arit nga Podujeva, shkak deklaratat p\u00ebr hakmarrje","og_description":"Policia e Kosov\u00ebs n\u00eb komun\u00ebn e Podujev\u00ebs jan\u00eb duke i intervistuar kryeimamin e k\u00ebtij qyteti, Bekim Jasharin, si dhe Rrahim Fejzullahun, axha i t\u00eb ndjerit, Lulzim Fejzullahu, lidhur me deklaratat p\u00ebr hakmarrje. K\u00ebshtu ka b\u00ebr\u00eb t\u00eb ditur, avokati i familjes Fejzullahu, Tom\u00eb Gashi p\u00ebr Televizionin Dukagjini. K\u00ebta jan\u00eb duke u intervistuar n\u00eb cil\u00ebsin\u00eb e t\u00eb [&hellip;]","og_url":"https:\/\/permbledhja.com\/sq\/intervistohen-nga-policia-imami-dhe-axha-i-18-vjecarit-nga-podujeva-shkak-deklaratat-per-hakmarrje\/","og_site_name":"Ve\u00e7 artikuj p\u00ebrmbledh\u00ebs","article_publisher":"https:\/\/www.facebook.com\/press07\/","article_published_time":"2024-01-29T18:31:31+00:00","og_image":[{"width":780,"height":439,"url":"https:\/\/permbledhja.com\/wp-content\/uploads\/2024\/01\/IMG_1822-780x439-1.jpg","type":"image\/jpeg"}],"author":"M M","twitter_card":"summary_large_image","twitter_misc":{"Written by":"M M","Est. reading time":"3 minuta"},"schema":{"@context":"https:\/\/schema.org","@graph":[{"@type":"Article","@id":"https:\/\/permbledhja.com\/intervistohen-nga-policia-imami-dhe-axha-i-18-vjecarit-nga-podujeva-shkak-deklaratat-per-hakmarrje\/#article","isPartOf":{"@id":"https:\/\/permbledhja.com\/intervistohen-nga-policia-imami-dhe-axha-i-18-vjecarit-nga-podujeva-shkak-deklaratat-per-hakmarrje\/"},"author":{"name":"M M","@id":"https:\/\/permbledhja.com\/#\/schema\/person\/d23f13f59b5722643933d6780783acf3"},"headline":"Intervistohen nga Policia imami dhe axha i 18-vje\u00e7arit nga Podujeva, shkak deklaratat p\u00ebr hakmarrje","datePublished":"2024-01-29T18:31:31+00:00","dateModified":"2024-01-29T18:31:31+00:00","mainEntityOfPage":{"@id":"https:\/\/permbledhja.com\/intervistohen-nga-policia-imami-dhe-axha-i-18-vjecarit-nga-podujeva-shkak-deklaratat-per-hakmarrje\/"},"wordCount":489,"publisher":{"@id":"https:\/\/permbledhja.com\/#organization"},"keywords":["Podujev\u00eb"],"articleSection":["Kryesoret"],"inLanguage":"sq"},{"@type":"WebPage","@id":"https:\/\/permbledhja.com\/intervistohen-nga-policia-imami-dhe-axha-i-18-vjecarit-nga-podujeva-shkak-deklaratat-per-hakmarrje\/","url":"https:\/\/permbledhja.com\/intervistohen-nga-policia-imami-dhe-axha-i-18-vjecarit-nga-podujeva-shkak-deklaratat-per-hakmarrje\/","name":"Intervistohen nga Policia imami dhe axha i 18-vje\u00e7arit nga Podujeva, shkak deklaratat p\u00ebr hakmarrje","isPartOf":{"@id":"https:\/\/permbledhja.com\/#website"},"datePublished":"2024-01-29T18:31:31+00:00","dateModified":"2024-01-29T18:31:31+00:00","breadcrumb":{"@id":"https:\/\/permbledhja.com\/intervistohen-nga-policia-imami-dhe-axha-i-18-vjecarit-nga-podujeva-shkak-deklaratat-per-hakmarrje\/#breadcrumb"},"inLanguage":"sq","potentialAction":[{"@type":"ReadAction","target":["https:\/\/permbledhja.com\/intervistohen-nga-policia-imami-dhe-axha-i-18-vjecarit-nga-podujeva-shkak-deklaratat-per-hakmarrje\/"]}]},{"@type":"BreadcrumbList","@id":"https:\/\/permbledhja.com\/intervistohen-nga-policia-imami-dhe-axha-i-18-vjecarit-nga-podujeva-shkak-deklaratat-per-hakmarrje\/#breadcrumb","itemListElement":[{"@type":"ListItem","position":1,"name":"Ballina","item":"https:\/\/permbledhja.com\/sq\/"},{"@type":"ListItem","position":2,"name":"Intervistohen nga Policia imami dhe axha i 18-vje\u00e7arit nga Podujeva, shkak deklaratat p\u00ebr hakmarrje"}]},{"@type":"WebSite","@id":"https:\/\/permbledhja.com\/#website","url":"https:\/\/permbledhja.com\/","name":"Ve\u00e7 artikuj p\u00ebrmbledh\u00ebs","description":"","publisher":{"@id":"https:\/\/permbledhja.com\/#organization"},"potentialAction":[{"@type":"SearchAction","target":{"@type":"EntryPoint","urlTemplate":"https:\/\/permbledhja.com\/?s={search_term_string}"},"query-input":"required name=search_term_string"}],"inLanguage":"sq"},{"@type":"Organization","@id":"https:\/\/permbledhja.com\/#organization","name":"MK Media & Pr","url":"https:\/\/permbledhja.com\/","logo":{"@type":"ImageObject","inLanguage":"sq","@id":"https:\/\/permbledhja.com\/#\/schema\/logo\/image\/","url":"https:\/\/permbledhja.com\/wp-content\/uploads\/2021\/12\/07-Press-Logo.jpg","contentUrl":"https:\/\/permbledhja.com\/wp-content\/uploads\/2021\/12\/07-Press-Logo.jpg","width":512,"height":512,"caption":"MK Media & Pr"},"image":{"@id":"https:\/\/permbledhja.com\/#\/schema\/logo\/image\/"},"sameAs":["https:\/\/www.facebook.com\/press07\/"]},{"@type":"Person","@id":"https:\/\/permbledhja.com\/#\/schema\/person\/d23f13f59b5722643933d6780783acf3","name":"M M","image":{"@type":"ImageObject","inLanguage":"sq","@id":"https:\/\/permbledhja.com\/#\/schema\/person\/image\/","url":"https:\/\/secure.gravatar.com\/avatar\/e2835a76ca7c31a2416b2d51c4ec9a8f?s=96&d=mm&r=g","contentUrl":"https:\/\/secure.gravatar.com\/avatar\/e2835a76ca7c31a2416b2d51c4ec9a8f?s=96&d=mm&r=g","caption":"M M"},"sameAs":["http:\/\/MM"],"url":"https:\/\/permbledhja.com\/sq\/author\/muhamet\/"}]}},"_links":{"self":[{"href":"https:\/\/permbledhja.com\/sq\/wp-json\/wp\/v2\/posts\/45182"}],"collection":[{"href":"https:\/\/permbledhja.com\/sq\/wp-json\/wp\/v2\/posts"}],"about":[{"href":"https:\/\/permbledhja.com\/sq\/wp-json\/wp\/v2\/types\/post"}],"author":[{"embeddable":true,"href":"https:\/\/permbledhja.com\/sq\/wp-json\/wp\/v2\/users\/2"}],"replies":[{"embeddable":true,"href":"https:\/\/permbledhja.com\/sq\/wp-json\/wp\/v2\/comments?post=45182"}],"version-history":[{"count":1,"href":"https:\/\/permbledhja.com\/sq\/wp-json\/wp\/v2\/posts\/45182\/revisions"}],"predecessor-version":[{"id":45184,"href":"https:\/\/permbledhja.com\/sq\/wp-json\/wp\/v2\/posts\/45182\/revisions\/45184"}],"wp:featuredmedia":[{"embeddable":true,"href":"https:\/\/permbledhja.com\/sq\/wp-json\/wp\/v2\/media\/45183"}],"wp:attachment":[{"href":"https:\/\/permbledhja.com\/sq\/wp-json\/wp\/v2\/media?parent=45182"}],"wp:term":[{"taxonomy":"category","embeddable":true,"href":"https:\/\/permbledhja.com\/sq\/wp-json\/wp\/v2\/categories?post=45182"},{"taxonomy":"post_tag","embeddable":true,"href":"https:\/\/permbledhja.com\/sq\/wp-json\/wp\/v2\/tags?post=45182"}],"curies":[{"name":"wp","href":"https:\/\/api.w.org\/{rel}","templated":true}]}}