{"id":45179,"date":"2024-01-29T18:17:19","date_gmt":"2024-01-29T18:17:19","guid":{"rendered":"https:\/\/permbledhja.com\/?p=45179"},"modified":"2024-01-29T18:17:19","modified_gmt":"2024-01-29T18:17:19","slug":"publikohen-pamje-nenkryetarja-serbe-e-lulzim-hetemit-konsumon-substanca-narkotike-ne-objekt-te-komunes","status":"publish","type":"post","link":"https:\/\/permbledhja.com\/sq\/publikohen-pamje-nenkryetarja-serbe-e-lulzim-hetemit-konsumon-substanca-narkotike-ne-objekt-te-komunes\/","title":{"rendered":"Publikohen pamje, n\u00ebnkryetarja serbe e Lulzim Hetemit konsumon substanca narkotike n\u00eb objekt t\u00eb komun\u00ebs"},"content":{"rendered":"<h3>Dragana Miletiq e njohur me nofk\u00ebn \u2018Beba\u2019 \u00ebsht\u00eb n\u00ebnkryetare e komun\u00ebs s\u00eb Leposaviqit.<\/h3>\n<p>Q\u00eb nga at\u00ebher\u00eb, ajo ka sh\u00ebrbyer n\u00eb objektin e komun\u00ebs bashk\u00eb me nj\u00eb staf serb\u00ebsh e shqiptar\u00ebsh, t\u00eb udh\u00ebhequr nga Lulzim Hetemi, kryetar i komun\u00ebs.<\/p>\n<p>Megjithat\u00eb, q\u00eb nga koha kur nisi detyr\u00ebn, n\u00ebnkryetarja e komun\u00ebs duket se nuk ka funksionuar krejt n\u00eb p\u00ebrputhje me ligjin.<\/p>\n<p>Madje, \u00ebsht\u00eb p\u00ebrfshir\u00eb n\u00eb veprimtari ilegale e vepra penale t\u00eb d\u00ebnuara me ligjet e Kosov\u00ebs.<\/p>\n<p>Gazeta Nacionale ka siguruar disa video-incizime ku n\u00ebnkryetarja e komun\u00ebs, Dragana Miletiq, shihet duke konsumuar l\u00ebnd\u00eb narkotike.<\/p>\n<p>Nj\u00ebra prej videoeve duket t\u00eb jet\u00eb realizuar n\u00eb nj\u00eb nga banjot e objektit t\u00eb komun\u00ebs s\u00eb Leposaviqit.<\/p>\n<figure class=\"wp-block-image size-large\"><img loading=\"lazy\" decoding=\"async\" class=\"wp-image-1011747 entered lazyloaded\" src=\"https:\/\/sinjali.com\/wp-content\/uploads\/2024\/01\/image-260-1024x576.png\" sizes=\"(max-width: 1024px) 100vw, 1024px\" srcset=\"https:\/\/sinjali.com\/wp-content\/uploads\/2024\/01\/image-260-1024x576.png 1024w, https:\/\/sinjali.com\/wp-content\/uploads\/2024\/01\/image-260-300x169.png 300w, https:\/\/sinjali.com\/wp-content\/uploads\/2024\/01\/image-260-768x432.png 768w, https:\/\/sinjali.com\/wp-content\/uploads\/2024\/01\/image-260-1536x864.png 1536w, https:\/\/sinjali.com\/wp-content\/uploads\/2024\/01\/image-260.png 1920w\" alt=\"\" width=\"1024\" height=\"576\" data-lazy-srcset=\"https:\/\/sinjali.com\/wp-content\/uploads\/2024\/01\/image-260-1024x576.png 1024w, https:\/\/sinjali.com\/wp-content\/uploads\/2024\/01\/image-260-300x169.png 300w, https:\/\/sinjali.com\/wp-content\/uploads\/2024\/01\/image-260-768x432.png 768w, https:\/\/sinjali.com\/wp-content\/uploads\/2024\/01\/image-260-1536x864.png 1536w, https:\/\/sinjali.com\/wp-content\/uploads\/2024\/01\/image-260.png 1920w\" data-lazy-sizes=\"(max-width: 1024px) 100vw, 1024px\" data-lazy-src=\"https:\/\/sinjali.com\/wp-content\/uploads\/2024\/01\/image-260-1024x576.png\" data-ll-status=\"loaded\" \/><\/figure>\n<p>E n\u00eb nj\u00eb tjet\u00ebr video n\u00ebnkryetarja e Leposaviqit shihet teksa konsumon drog\u00eb n\u00eb zyr\u00ebt e komun\u00ebs, bashk\u00eb me nj\u00eb tjet\u00ebr pun\u00ebtor.<\/p>\n<p>Nacionale ka kontaktuar edhe me n\u00ebnkryetaren e komun\u00ebs, Miletiq, p\u00ebr t\u00eb marr\u00eb nj\u00eb q\u00ebndrim nga ajo p\u00ebr k\u00ebto video-incizime. Ajo nuk ka folur direkt p\u00ebr p\u00ebrmbajtjen, por e ka akuzuar List\u00ebn Serbe.<\/p>\n<p><em>\u201cT\u00eb rreme. T\u00eb gjitha k\u00ebto jan\u00eb t\u00eb shpikura prej qytetar\u00ebsh t\u00eb List\u00ebs Serbe p\u00ebr t\u00eb k\u00ebrc\u00ebnuar emrin dhe pozit\u00ebn time n\u00eb Komun\u00eb (t\u00eb Leposaviqit), si dhe pun\u00ebtor\u00ebt n\u00eb Komun\u00eb t\u00eb Leposaviqit\u201d,<\/em>\u00a0ka th\u00ebn\u00eb n\u00ebnkryetarja e Leposaviqit p\u00ebr Nacionalen.<\/p>\n<p><em>\u201cNuk \u00ebsht\u00eb e v\u00ebrtet\u00eb. Q\u00eb nga fillimi i p\u00ebrfshirjes sime n\u00eb k\u00ebt\u00eb vend (n\u00eb Komun\u00eb) ata kan\u00eb thurrur tregime t\u00eb ndryshme vet\u00ebm p\u00ebr t\u00eb m\u00eb rr\u00ebnuar mua, dhe vetur\u00ebs sime ia vun\u00eb flak\u00ebn. \u00cbsht\u00eb e pabesueshme se sa presion kan\u00eb b\u00ebr\u00eb mbi mua dhe emrin tim. Por, do t\u00eb luftoj gjer n\u00eb fund. S\u2019m\u00eb frik\u00ebsojn\u00eb\u201d,<\/em>\u00a0tha ajo.<\/p>\n<p><iframe loading=\"lazy\" style=\"border: none; overflow: hidden;\" src=\"https:\/\/www.facebook.com\/plugins\/video.php?href=https%3A%2F%2Fwww.facebook.com%2Fnacionalevideosofficial%2Fvideos%2F321532506949781%2F%3Fref%3Dembed_video&amp;show_text=0&amp;width=476\" width=\"476\" height=\"476\" frameborder=\"0\" scrolling=\"no\" allowfullscreen=\"allowfullscreen\"><\/iframe><\/p>\n","protected":false},"excerpt":{"rendered":"<p>Dragana Miletiq e njohur me nofk\u00ebn \u2018Beba\u2019 \u00ebsht\u00eb n\u00ebnkryetare e komun\u00ebs s\u00eb Leposaviqit. Q\u00eb nga at\u00ebher\u00eb, ajo ka sh\u00ebrbyer n\u00eb objektin e komun\u00ebs bashk\u00eb me nj\u00eb staf serb\u00ebsh e shqiptar\u00ebsh, t\u00eb udh\u00ebhequr nga Lulzim Hetemi, kryetar i komun\u00ebs. Megjithat\u00eb, q\u00eb nga koha kur nisi detyr\u00ebn, n\u00ebnkryetarja e komun\u00ebs duket se nuk ka funksionuar krejt n\u00eb [&hellip;]<\/p>\n","protected":false},"author":2,"featured_media":45180,"comment_status":"closed","ping_status":"closed","sticky":false,"template":"","format":"standard","meta":{"_monsterinsights_skip_tracking":false,"_monsterinsights_sitenote_active":false,"_monsterinsights_sitenote_note":"","_monsterinsights_sitenote_category":0,"_uf_show_specific_survey":0,"_uf_disable_surveys":false,"footnotes":""},"categories":[2645],"tags":[2960],"yoast_head":"<!-- This site is optimized with the Yoast SEO plugin v21.5 - https:\/\/yoast.com\/wordpress\/plugins\/seo\/ -->\n<title>Publikohen pamje, n\u00ebnkryetarja serbe e Lulzim Hetemit konsumon substanca narkotike n\u00eb objekt t\u00eb komun\u00ebs<\/title>\n<meta name=\"robots\" content=\"index, follow, max-snippet:-1, max-image-preview:large, max-video-preview:-1\" \/>\n<link rel=\"canonical\" href=\"https:\/\/permbledhja.com\/sq\/publikohen-pamje-nenkryetarja-serbe-e-lulzim-hetemit-konsumon-substanca-narkotike-ne-objekt-te-komunes\/\" \/>\n<meta property=\"og:locale\" content=\"sq_AL\" \/>\n<meta property=\"og:type\" content=\"article\" \/>\n<meta property=\"og:title\" content=\"Publikohen pamje, n\u00ebnkryetarja serbe e Lulzim Hetemit konsumon substanca narkotike n\u00eb objekt t\u00eb komun\u00ebs\" \/>\n<meta property=\"og:description\" content=\"Dragana Miletiq e njohur me nofk\u00ebn \u2018Beba\u2019 \u00ebsht\u00eb n\u00ebnkryetare e komun\u00ebs s\u00eb Leposaviqit. Q\u00eb nga at\u00ebher\u00eb, ajo ka sh\u00ebrbyer n\u00eb objektin e komun\u00ebs bashk\u00eb me nj\u00eb staf serb\u00ebsh e shqiptar\u00ebsh, t\u00eb udh\u00ebhequr nga Lulzim Hetemi, kryetar i komun\u00ebs. Megjithat\u00eb, q\u00eb nga koha kur nisi detyr\u00ebn, n\u00ebnkryetarja e komun\u00ebs duket se nuk ka funksionuar krejt n\u00eb [&hellip;]\" \/>\n<meta property=\"og:url\" content=\"https:\/\/permbledhja.com\/sq\/publikohen-pamje-nenkryetarja-serbe-e-lulzim-hetemit-konsumon-substanca-narkotike-ne-objekt-te-komunes\/\" \/>\n<meta property=\"og:site_name\" content=\"Ve\u00e7 artikuj p\u00ebrmbledh\u00ebs\" \/>\n<meta property=\"article:publisher\" content=\"https:\/\/www.facebook.com\/press07\/\" \/>\n<meta property=\"article:published_time\" content=\"2024-01-29T18:17:19+00:00\" \/>\n<meta property=\"og:image\" content=\"https:\/\/permbledhja.com\/wp-content\/uploads\/2024\/01\/miletiq.webp\" \/>\n\t<meta property=\"og:image:width\" content=\"877\" \/>\n\t<meta property=\"og:image:height\" content=\"397\" \/>\n\t<meta property=\"og:image:type\" content=\"image\/webp\" \/>\n<meta name=\"author\" content=\"M M\" \/>\n<meta name=\"twitter:card\" content=\"summary_large_image\" \/>\n<meta name=\"twitter:label1\" content=\"Written by\" \/>\n\t<meta name=\"twitter:data1\" content=\"M M\" \/>\n\t<meta name=\"twitter:label2\" content=\"Est. reading time\" \/>\n\t<meta name=\"twitter:data2\" content=\"2 minuta\" \/>\n<script type=\"application\/ld+json\" class=\"yoast-schema-graph\">{\"@context\":\"https:\/\/schema.org\",\"@graph\":[{\"@type\":\"Article\",\"@id\":\"https:\/\/permbledhja.com\/sq\/publikohen-pamje-nenkryetarja-serbe-e-lulzim-hetemit-konsumon-substanca-narkotike-ne-objekt-te-komunes\/#article\",\"isPartOf\":{\"@id\":\"https:\/\/permbledhja.com\/sq\/publikohen-pamje-nenkryetarja-serbe-e-lulzim-hetemit-konsumon-substanca-narkotike-ne-objekt-te-komunes\/\"},\"author\":{\"name\":\"M M\",\"@id\":\"https:\/\/permbledhja.com\/#\/schema\/person\/d23f13f59b5722643933d6780783acf3\"},\"headline\":\"Publikohen pamje, n\u00ebnkryetarja serbe e Lulzim Hetemit konsumon substanca narkotike n\u00eb objekt t\u00eb komun\u00ebs\",\"datePublished\":\"2024-01-29T18:17:19+00:00\",\"dateModified\":\"2024-01-29T18:17:19+00:00\",\"mainEntityOfPage\":{\"@id\":\"https:\/\/permbledhja.com\/sq\/publikohen-pamje-nenkryetarja-serbe-e-lulzim-hetemit-konsumon-substanca-narkotike-ne-objekt-te-komunes\/\"},\"wordCount\":331,\"publisher\":{\"@id\":\"https:\/\/permbledhja.com\/#organization\"},\"keywords\":[\"N\u00ebnkryetarja\"],\"articleSection\":[\"T\u00eb r\u00ebnd\u00ebsishme\"],\"inLanguage\":\"sq\"},{\"@type\":\"WebPage\",\"@id\":\"https:\/\/permbledhja.com\/sq\/publikohen-pamje-nenkryetarja-serbe-e-lulzim-hetemit-konsumon-substanca-narkotike-ne-objekt-te-komunes\/\",\"url\":\"https:\/\/permbledhja.com\/sq\/publikohen-pamje-nenkryetarja-serbe-e-lulzim-hetemit-konsumon-substanca-narkotike-ne-objekt-te-komunes\/\",\"name\":\"Publikohen pamje, n\u00ebnkryetarja serbe e Lulzim Hetemit konsumon substanca narkotike n\u00eb objekt t\u00eb komun\u00ebs\",\"isPartOf\":{\"@id\":\"https:\/\/permbledhja.com\/#website\"},\"datePublished\":\"2024-01-29T18:17:19+00:00\",\"dateModified\":\"2024-01-29T18:17:19+00:00\",\"breadcrumb\":{\"@id\":\"https:\/\/permbledhja.com\/sq\/publikohen-pamje-nenkryetarja-serbe-e-lulzim-hetemit-konsumon-substanca-narkotike-ne-objekt-te-komunes\/#breadcrumb\"},\"inLanguage\":\"sq\",\"potentialAction\":[{\"@type\":\"ReadAction\",\"target\":[\"https:\/\/permbledhja.com\/sq\/publikohen-pamje-nenkryetarja-serbe-e-lulzim-hetemit-konsumon-substanca-narkotike-ne-objekt-te-komunes\/\"]}]},{\"@type\":\"BreadcrumbList\",\"@id\":\"https:\/\/permbledhja.com\/sq\/publikohen-pamje-nenkryetarja-serbe-e-lulzim-hetemit-konsumon-substanca-narkotike-ne-objekt-te-komunes\/#breadcrumb\",\"itemListElement\":[{\"@type\":\"ListItem\",\"position\":1,\"name\":\"Ballina\",\"item\":\"https:\/\/permbledhja.com\/sq\/\"},{\"@type\":\"ListItem\",\"position\":2,\"name\":\"Publikohen pamje, n\u00ebnkryetarja serbe e Lulzim Hetemit konsumon substanca narkotike n\u00eb objekt t\u00eb komun\u00ebs\"}]},{\"@type\":\"WebSite\",\"@id\":\"https:\/\/permbledhja.com\/#website\",\"url\":\"https:\/\/permbledhja.com\/\",\"name\":\"Ve\u00e7 artikuj p\u00ebrmbledh\u00ebs\",\"description\":\"\",\"publisher\":{\"@id\":\"https:\/\/permbledhja.com\/#organization\"},\"potentialAction\":[{\"@type\":\"SearchAction\",\"target\":{\"@type\":\"EntryPoint\",\"urlTemplate\":\"https:\/\/permbledhja.com\/?s={search_term_string}\"},\"query-input\":\"required name=search_term_string\"}],\"inLanguage\":\"sq\"},{\"@type\":\"Organization\",\"@id\":\"https:\/\/permbledhja.com\/#organization\",\"name\":\"MK Media & Pr\",\"url\":\"https:\/\/permbledhja.com\/\",\"logo\":{\"@type\":\"ImageObject\",\"inLanguage\":\"sq\",\"@id\":\"https:\/\/permbledhja.com\/#\/schema\/logo\/image\/\",\"url\":\"https:\/\/permbledhja.com\/wp-content\/uploads\/2021\/12\/07-Press-Logo.jpg\",\"contentUrl\":\"https:\/\/permbledhja.com\/wp-content\/uploads\/2021\/12\/07-Press-Logo.jpg\",\"width\":512,\"height\":512,\"caption\":\"MK Media & Pr\"},\"image\":{\"@id\":\"https:\/\/permbledhja.com\/#\/schema\/logo\/image\/\"},\"sameAs\":[\"https:\/\/www.facebook.com\/press07\/\"]},{\"@type\":\"Person\",\"@id\":\"https:\/\/permbledhja.com\/#\/schema\/person\/d23f13f59b5722643933d6780783acf3\",\"name\":\"M M\",\"image\":{\"@type\":\"ImageObject\",\"inLanguage\":\"sq\",\"@id\":\"https:\/\/permbledhja.com\/#\/schema\/person\/image\/\",\"url\":\"https:\/\/secure.gravatar.com\/avatar\/e2835a76ca7c31a2416b2d51c4ec9a8f?s=96&d=mm&r=g\",\"contentUrl\":\"https:\/\/secure.gravatar.com\/avatar\/e2835a76ca7c31a2416b2d51c4ec9a8f?s=96&d=mm&r=g\",\"caption\":\"M M\"},\"sameAs\":[\"http:\/\/MM\"],\"url\":\"https:\/\/permbledhja.com\/sq\/author\/muhamet\/\"}]}<\/script>\n<!-- \/ Yoast SEO plugin. -->","yoast_head_json":{"title":"Publikohen pamje, n\u00ebnkryetarja serbe e Lulzim Hetemit konsumon substanca narkotike n\u00eb objekt t\u00eb komun\u00ebs","robots":{"index":"index","follow":"follow","max-snippet":"max-snippet:-1","max-image-preview":"max-image-preview:large","max-video-preview":"max-video-preview:-1"},"canonical":"https:\/\/permbledhja.com\/sq\/publikohen-pamje-nenkryetarja-serbe-e-lulzim-hetemit-konsumon-substanca-narkotike-ne-objekt-te-komunes\/","og_locale":"sq_AL","og_type":"article","og_title":"Publikohen pamje, n\u00ebnkryetarja serbe e Lulzim Hetemit konsumon substanca narkotike n\u00eb objekt t\u00eb komun\u00ebs","og_description":"Dragana Miletiq e njohur me nofk\u00ebn \u2018Beba\u2019 \u00ebsht\u00eb n\u00ebnkryetare e komun\u00ebs s\u00eb Leposaviqit. Q\u00eb nga at\u00ebher\u00eb, ajo ka sh\u00ebrbyer n\u00eb objektin e komun\u00ebs bashk\u00eb me nj\u00eb staf serb\u00ebsh e shqiptar\u00ebsh, t\u00eb udh\u00ebhequr nga Lulzim Hetemi, kryetar i komun\u00ebs. Megjithat\u00eb, q\u00eb nga koha kur nisi detyr\u00ebn, n\u00ebnkryetarja e komun\u00ebs duket se nuk ka funksionuar krejt n\u00eb [&hellip;]","og_url":"https:\/\/permbledhja.com\/sq\/publikohen-pamje-nenkryetarja-serbe-e-lulzim-hetemit-konsumon-substanca-narkotike-ne-objekt-te-komunes\/","og_site_name":"Ve\u00e7 artikuj p\u00ebrmbledh\u00ebs","article_publisher":"https:\/\/www.facebook.com\/press07\/","article_published_time":"2024-01-29T18:17:19+00:00","og_image":[{"width":877,"height":397,"url":"https:\/\/permbledhja.com\/wp-content\/uploads\/2024\/01\/miletiq.webp","type":"image\/webp"}],"author":"M M","twitter_card":"summary_large_image","twitter_misc":{"Written by":"M M","Est. reading time":"2 minuta"},"schema":{"@context":"https:\/\/schema.org","@graph":[{"@type":"Article","@id":"https:\/\/permbledhja.com\/sq\/publikohen-pamje-nenkryetarja-serbe-e-lulzim-hetemit-konsumon-substanca-narkotike-ne-objekt-te-komunes\/#article","isPartOf":{"@id":"https:\/\/permbledhja.com\/sq\/publikohen-pamje-nenkryetarja-serbe-e-lulzim-hetemit-konsumon-substanca-narkotike-ne-objekt-te-komunes\/"},"author":{"name":"M M","@id":"https:\/\/permbledhja.com\/#\/schema\/person\/d23f13f59b5722643933d6780783acf3"},"headline":"Publikohen pamje, n\u00ebnkryetarja serbe e Lulzim Hetemit konsumon substanca narkotike n\u00eb objekt t\u00eb komun\u00ebs","datePublished":"2024-01-29T18:17:19+00:00","dateModified":"2024-01-29T18:17:19+00:00","mainEntityOfPage":{"@id":"https:\/\/permbledhja.com\/sq\/publikohen-pamje-nenkryetarja-serbe-e-lulzim-hetemit-konsumon-substanca-narkotike-ne-objekt-te-komunes\/"},"wordCount":331,"publisher":{"@id":"https:\/\/permbledhja.com\/#organization"},"keywords":["N\u00ebnkryetarja"],"articleSection":["T\u00eb r\u00ebnd\u00ebsishme"],"inLanguage":"sq"},{"@type":"WebPage","@id":"https:\/\/permbledhja.com\/sq\/publikohen-pamje-nenkryetarja-serbe-e-lulzim-hetemit-konsumon-substanca-narkotike-ne-objekt-te-komunes\/","url":"https:\/\/permbledhja.com\/sq\/publikohen-pamje-nenkryetarja-serbe-e-lulzim-hetemit-konsumon-substanca-narkotike-ne-objekt-te-komunes\/","name":"Publikohen pamje, n\u00ebnkryetarja serbe e Lulzim Hetemit konsumon substanca narkotike n\u00eb objekt t\u00eb komun\u00ebs","isPartOf":{"@id":"https:\/\/permbledhja.com\/#website"},"datePublished":"2024-01-29T18:17:19+00:00","dateModified":"2024-01-29T18:17:19+00:00","breadcrumb":{"@id":"https:\/\/permbledhja.com\/sq\/publikohen-pamje-nenkryetarja-serbe-e-lulzim-hetemit-konsumon-substanca-narkotike-ne-objekt-te-komunes\/#breadcrumb"},"inLanguage":"sq","potentialAction":[{"@type":"ReadAction","target":["https:\/\/permbledhja.com\/sq\/publikohen-pamje-nenkryetarja-serbe-e-lulzim-hetemit-konsumon-substanca-narkotike-ne-objekt-te-komunes\/"]}]},{"@type":"BreadcrumbList","@id":"https:\/\/permbledhja.com\/sq\/publikohen-pamje-nenkryetarja-serbe-e-lulzim-hetemit-konsumon-substanca-narkotike-ne-objekt-te-komunes\/#breadcrumb","itemListElement":[{"@type":"ListItem","position":1,"name":"Ballina","item":"https:\/\/permbledhja.com\/sq\/"},{"@type":"ListItem","position":2,"name":"Publikohen pamje, n\u00ebnkryetarja serbe e Lulzim Hetemit konsumon substanca narkotike n\u00eb objekt t\u00eb komun\u00ebs"}]},{"@type":"WebSite","@id":"https:\/\/permbledhja.com\/#website","url":"https:\/\/permbledhja.com\/","name":"Ve\u00e7 artikuj p\u00ebrmbledh\u00ebs","description":"","publisher":{"@id":"https:\/\/permbledhja.com\/#organization"},"potentialAction":[{"@type":"SearchAction","target":{"@type":"EntryPoint","urlTemplate":"https:\/\/permbledhja.com\/?s={search_term_string}"},"query-input":"required name=search_term_string"}],"inLanguage":"sq"},{"@type":"Organization","@id":"https:\/\/permbledhja.com\/#organization","name":"MK Media & Pr","url":"https:\/\/permbledhja.com\/","logo":{"@type":"ImageObject","inLanguage":"sq","@id":"https:\/\/permbledhja.com\/#\/schema\/logo\/image\/","url":"https:\/\/permbledhja.com\/wp-content\/uploads\/2021\/12\/07-Press-Logo.jpg","contentUrl":"https:\/\/permbledhja.com\/wp-content\/uploads\/2021\/12\/07-Press-Logo.jpg","width":512,"height":512,"caption":"MK Media & Pr"},"image":{"@id":"https:\/\/permbledhja.com\/#\/schema\/logo\/image\/"},"sameAs":["https:\/\/www.facebook.com\/press07\/"]},{"@type":"Person","@id":"https:\/\/permbledhja.com\/#\/schema\/person\/d23f13f59b5722643933d6780783acf3","name":"M M","image":{"@type":"ImageObject","inLanguage":"sq","@id":"https:\/\/permbledhja.com\/#\/schema\/person\/image\/","url":"https:\/\/secure.gravatar.com\/avatar\/e2835a76ca7c31a2416b2d51c4ec9a8f?s=96&d=mm&r=g","contentUrl":"https:\/\/secure.gravatar.com\/avatar\/e2835a76ca7c31a2416b2d51c4ec9a8f?s=96&d=mm&r=g","caption":"M M"},"sameAs":["http:\/\/MM"],"url":"https:\/\/permbledhja.com\/sq\/author\/muhamet\/"}]}},"_links":{"self":[{"href":"https:\/\/permbledhja.com\/sq\/wp-json\/wp\/v2\/posts\/45179"}],"collection":[{"href":"https:\/\/permbledhja.com\/sq\/wp-json\/wp\/v2\/posts"}],"about":[{"href":"https:\/\/permbledhja.com\/sq\/wp-json\/wp\/v2\/types\/post"}],"author":[{"embeddable":true,"href":"https:\/\/permbledhja.com\/sq\/wp-json\/wp\/v2\/users\/2"}],"replies":[{"embeddable":true,"href":"https:\/\/permbledhja.com\/sq\/wp-json\/wp\/v2\/comments?post=45179"}],"version-history":[{"count":1,"href":"https:\/\/permbledhja.com\/sq\/wp-json\/wp\/v2\/posts\/45179\/revisions"}],"predecessor-version":[{"id":45181,"href":"https:\/\/permbledhja.com\/sq\/wp-json\/wp\/v2\/posts\/45179\/revisions\/45181"}],"wp:featuredmedia":[{"embeddable":true,"href":"https:\/\/permbledhja.com\/sq\/wp-json\/wp\/v2\/media\/45180"}],"wp:attachment":[{"href":"https:\/\/permbledhja.com\/sq\/wp-json\/wp\/v2\/media?parent=45179"}],"wp:term":[{"taxonomy":"category","embeddable":true,"href":"https:\/\/permbledhja.com\/sq\/wp-json\/wp\/v2\/categories?post=45179"},{"taxonomy":"post_tag","embeddable":true,"href":"https:\/\/permbledhja.com\/sq\/wp-json\/wp\/v2\/tags?post=45179"}],"curies":[{"name":"wp","href":"https:\/\/api.w.org\/{rel}","templated":true}]}}