{"id":45175,"date":"2024-01-29T18:03:09","date_gmt":"2024-01-29T18:03:09","guid":{"rendered":"https:\/\/permbledhja.com\/?p=45175"},"modified":"2024-01-29T18:03:09","modified_gmt":"2024-01-29T18:03:09","slug":"turqia-njeh-lejet-shqiptare-te-automjeteve","status":"publish","type":"post","link":"https:\/\/permbledhja.com\/sq\/turqia-njeh-lejet-shqiptare-te-automjeteve\/","title":{"rendered":"Turqia njeh lejet shqiptare t\u00eb automjeteve"},"content":{"rendered":"<h3>N\u00eb fillim t\u00eb pranver\u00ebs, shtetasve shqiptar\u00eb q\u00eb jetojn\u00eb n\u00eb Turqi, do t\u2019ju njihen patentat q\u00eb kan\u00eb marr\u00eb n\u00eb Shqip\u00ebri \u00e7ka do t\u00eb jet\u00eb e vlefshme dhe p\u00ebr shtetasit turq q\u00eb jetojn\u00eb n\u00eb Shqip\u00ebri.<\/h3>\n<p>Parlamenti turk ka miratuar marr\u00ebveshjen p\u00ebr njohjen reciproke t\u00eb lejeve t\u00eb drejtimit t\u00eb makinave, hap p\u00ebr t\u00eb cilin ministri i Pun\u00ebve t\u00eb Jashtme, Igli Hasani ka fal\u00ebnderuar homologun e tij, Hakan Fidan gjat\u00eb takimit q\u00eb ka zhvilluar sot n\u00eb Tiran\u00eb, si pjes\u00eb e nj\u00eb turi rajonal.<\/p>\n<p>\u201cP\u00ebrsh\u00ebndesim miratimin nga Parlamenti turk dhe mir\u00ebpresim hyrjen sa m\u00eb par\u00eb t\u00eb saj n\u00eb fuqi\u201d.<\/p>\n<p>Nd\u00ebrsa ministri Fidan ka p\u00ebrs\u00ebritur n\u00eb Tiran\u00eb nj\u00eb k\u00ebrkes\u00eb q\u00eb pala turke e b\u00ebn prej 8 vitesh, pas grushtit t\u00eb shtetit t\u00eb 15 Korrikut 2016, p\u00ebr t\u00eb cilin presidenti Erdogan akuzon organizat\u00ebn FETO.<\/p>\n<p>\u201cDiskutuam n\u00eb lidhje me pastrimin e mbetjeve t\u00eb fundit t\u00eb FETO-s q\u00eb kan\u00eb mbetur n\u00eb Shqip\u00ebri prandaj treguam ndjeshm\u00ebrin\u00eb q\u00eb ka Turqia ndaj k\u00ebsaj \u00e7\u00ebshtjeje. Diskutuam \u00e7far\u00eb hapash mund t\u00eb hidhen konkretisht p\u00ebr k\u00ebt\u00eb\u201d.<\/p>\n<p>Nj\u00eb shqet\u00ebsim tjet\u00ebr i ministrit turk ishte dhe ai p\u00ebr viktimat e pafajshme palestineze nga nd\u00ebrhyrja izrealite n\u00eb Gaza.<\/p>\n<p>\u201cKomiteti nd\u00ebrkomb\u00ebtar nuk po b\u00ebn sa duhet t\u00eb ndal\u00eb luft\u00ebn n\u00eb Rripin e Gaz\u00ebs. Shum\u00eb njer\u00ebz po vdesin p\u00ebr shkak t\u00eb uris\u00eb n\u00eb Palestin\u00eb. Duam q\u00eb atje t\u00eb b\u00ebhet e mundur d\u00ebrgimi i ndihmave.\u201d<\/p>\n<p>Vizita e Fidan n\u00eb Tiran\u00eb u shfryt\u00ebzua p\u00ebr t\u00eb zhvilluar dhe takimin e dyt\u00eb t\u00eb grupit t\u00eb dialogut politik mes dy vendeve, nj\u00eb mekaniz\u00ebm q\u00eb ka nisur t\u00eb funksionoj\u00eb 2 vite m\u00eb par\u00eb.<\/p>\n<p>Sa i p\u00ebrket bashk\u00ebpunimit ekonomik, investimet turke n\u00eb Shqip\u00ebri llogariten n\u00eb 3.7 miliard\u00eb Euro, nd\u00ebrsa shk\u00ebmbimet tregtare n\u00eb 760 milion\u00eb Euro. Afro 15 mij\u00eb shqiptar\u00eb jan\u00eb t\u00eb pun\u00ebsuar nga 830 kompani turke q\u00eb zhvillojn\u00eb biznesin n\u00eb vendin ton\u00eb.<\/p>\n","protected":false},"excerpt":{"rendered":"<p>N\u00eb fillim t\u00eb pranver\u00ebs, shtetasve shqiptar\u00eb q\u00eb jetojn\u00eb n\u00eb Turqi, do t\u2019ju njihen patentat q\u00eb kan\u00eb marr\u00eb n\u00eb Shqip\u00ebri \u00e7ka do t\u00eb jet\u00eb e vlefshme dhe p\u00ebr shtetasit turq q\u00eb jetojn\u00eb n\u00eb Shqip\u00ebri. Parlamenti turk ka miratuar marr\u00ebveshjen p\u00ebr njohjen reciproke t\u00eb lejeve t\u00eb drejtimit t\u00eb makinave, hap p\u00ebr t\u00eb cilin ministri i Pun\u00ebve t\u00eb [&hellip;]<\/p>\n","protected":false},"author":2,"featured_media":45177,"comment_status":"closed","ping_status":"closed","sticky":false,"template":"","format":"standard","meta":{"_monsterinsights_skip_tracking":false,"_monsterinsights_sitenote_active":false,"_monsterinsights_sitenote_note":"","_monsterinsights_sitenote_category":0,"_uf_show_specific_survey":0,"_uf_disable_surveys":false,"footnotes":""},"categories":[15],"tags":[1401],"yoast_head":"<!-- This site is optimized with the Yoast SEO plugin v21.5 - https:\/\/yoast.com\/wordpress\/plugins\/seo\/ -->\n<title>Turqia njeh lejet shqiptare t\u00eb automjeteve<\/title>\n<meta name=\"robots\" content=\"index, follow, max-snippet:-1, max-image-preview:large, max-video-preview:-1\" \/>\n<link rel=\"canonical\" href=\"https:\/\/permbledhja.com\/sq\/turqia-njeh-lejet-shqiptare-te-automjeteve\/\" \/>\n<meta property=\"og:locale\" content=\"sq_AL\" \/>\n<meta property=\"og:type\" content=\"article\" \/>\n<meta property=\"og:title\" content=\"Turqia njeh lejet shqiptare t\u00eb automjeteve\" \/>\n<meta property=\"og:description\" content=\"N\u00eb fillim t\u00eb pranver\u00ebs, shtetasve shqiptar\u00eb q\u00eb jetojn\u00eb n\u00eb Turqi, do t\u2019ju njihen patentat q\u00eb kan\u00eb marr\u00eb n\u00eb Shqip\u00ebri \u00e7ka do t\u00eb jet\u00eb e vlefshme dhe p\u00ebr shtetasit turq q\u00eb jetojn\u00eb n\u00eb Shqip\u00ebri. Parlamenti turk ka miratuar marr\u00ebveshjen p\u00ebr njohjen reciproke t\u00eb lejeve t\u00eb drejtimit t\u00eb makinave, hap p\u00ebr t\u00eb cilin ministri i Pun\u00ebve t\u00eb [&hellip;]\" \/>\n<meta property=\"og:url\" content=\"https:\/\/permbledhja.com\/sq\/turqia-njeh-lejet-shqiptare-te-automjeteve\/\" \/>\n<meta property=\"og:site_name\" content=\"Ve\u00e7 artikuj p\u00ebrmbledh\u00ebs\" \/>\n<meta property=\"article:publisher\" content=\"https:\/\/www.facebook.com\/press07\/\" \/>\n<meta property=\"article:published_time\" content=\"2024-01-29T18:03:09+00:00\" \/>\n<meta property=\"og:image\" content=\"https:\/\/permbledhja.com\/wp-content\/uploads\/2024\/01\/hasani-fidan-780x439-1.jpg\" \/>\n\t<meta property=\"og:image:width\" content=\"780\" \/>\n\t<meta property=\"og:image:height\" content=\"439\" \/>\n\t<meta property=\"og:image:type\" content=\"image\/jpeg\" \/>\n<meta name=\"author\" content=\"M M\" \/>\n<meta name=\"twitter:card\" content=\"summary_large_image\" \/>\n<meta name=\"twitter:label1\" content=\"Written by\" \/>\n\t<meta name=\"twitter:data1\" content=\"M M\" \/>\n\t<meta name=\"twitter:label2\" content=\"Est. reading time\" \/>\n\t<meta name=\"twitter:data2\" content=\"2 minuta\" \/>\n<script type=\"application\/ld+json\" class=\"yoast-schema-graph\">{\"@context\":\"https:\/\/schema.org\",\"@graph\":[{\"@type\":\"Article\",\"@id\":\"https:\/\/permbledhja.com\/sq\/turqia-njeh-lejet-shqiptare-te-automjeteve\/#article\",\"isPartOf\":{\"@id\":\"https:\/\/permbledhja.com\/sq\/turqia-njeh-lejet-shqiptare-te-automjeteve\/\"},\"author\":{\"name\":\"M M\",\"@id\":\"https:\/\/permbledhja.com\/#\/schema\/person\/d23f13f59b5722643933d6780783acf3\"},\"headline\":\"Turqia njeh lejet shqiptare t\u00eb automjeteve\",\"datePublished\":\"2024-01-29T18:03:09+00:00\",\"dateModified\":\"2024-01-29T18:03:09+00:00\",\"mainEntityOfPage\":{\"@id\":\"https:\/\/permbledhja.com\/sq\/turqia-njeh-lejet-shqiptare-te-automjeteve\/\"},\"wordCount\":330,\"publisher\":{\"@id\":\"https:\/\/permbledhja.com\/#organization\"},\"keywords\":[\"Turqia\"],\"articleSection\":[\"Lajme\"],\"inLanguage\":\"sq\"},{\"@type\":\"WebPage\",\"@id\":\"https:\/\/permbledhja.com\/sq\/turqia-njeh-lejet-shqiptare-te-automjeteve\/\",\"url\":\"https:\/\/permbledhja.com\/sq\/turqia-njeh-lejet-shqiptare-te-automjeteve\/\",\"name\":\"Turqia njeh lejet shqiptare t\u00eb automjeteve\",\"isPartOf\":{\"@id\":\"https:\/\/permbledhja.com\/#website\"},\"datePublished\":\"2024-01-29T18:03:09+00:00\",\"dateModified\":\"2024-01-29T18:03:09+00:00\",\"breadcrumb\":{\"@id\":\"https:\/\/permbledhja.com\/sq\/turqia-njeh-lejet-shqiptare-te-automjeteve\/#breadcrumb\"},\"inLanguage\":\"sq\",\"potentialAction\":[{\"@type\":\"ReadAction\",\"target\":[\"https:\/\/permbledhja.com\/sq\/turqia-njeh-lejet-shqiptare-te-automjeteve\/\"]}]},{\"@type\":\"BreadcrumbList\",\"@id\":\"https:\/\/permbledhja.com\/sq\/turqia-njeh-lejet-shqiptare-te-automjeteve\/#breadcrumb\",\"itemListElement\":[{\"@type\":\"ListItem\",\"position\":1,\"name\":\"Ballina\",\"item\":\"https:\/\/permbledhja.com\/sq\/\"},{\"@type\":\"ListItem\",\"position\":2,\"name\":\"Turqia njeh lejet shqiptare t\u00eb automjeteve\"}]},{\"@type\":\"WebSite\",\"@id\":\"https:\/\/permbledhja.com\/#website\",\"url\":\"https:\/\/permbledhja.com\/\",\"name\":\"Ve\u00e7 artikuj p\u00ebrmbledh\u00ebs\",\"description\":\"\",\"publisher\":{\"@id\":\"https:\/\/permbledhja.com\/#organization\"},\"potentialAction\":[{\"@type\":\"SearchAction\",\"target\":{\"@type\":\"EntryPoint\",\"urlTemplate\":\"https:\/\/permbledhja.com\/?s={search_term_string}\"},\"query-input\":\"required name=search_term_string\"}],\"inLanguage\":\"sq\"},{\"@type\":\"Organization\",\"@id\":\"https:\/\/permbledhja.com\/#organization\",\"name\":\"MK Media & Pr\",\"url\":\"https:\/\/permbledhja.com\/\",\"logo\":{\"@type\":\"ImageObject\",\"inLanguage\":\"sq\",\"@id\":\"https:\/\/permbledhja.com\/#\/schema\/logo\/image\/\",\"url\":\"https:\/\/permbledhja.com\/wp-content\/uploads\/2021\/12\/07-Press-Logo.jpg\",\"contentUrl\":\"https:\/\/permbledhja.com\/wp-content\/uploads\/2021\/12\/07-Press-Logo.jpg\",\"width\":512,\"height\":512,\"caption\":\"MK Media & Pr\"},\"image\":{\"@id\":\"https:\/\/permbledhja.com\/#\/schema\/logo\/image\/\"},\"sameAs\":[\"https:\/\/www.facebook.com\/press07\/\"]},{\"@type\":\"Person\",\"@id\":\"https:\/\/permbledhja.com\/#\/schema\/person\/d23f13f59b5722643933d6780783acf3\",\"name\":\"M M\",\"image\":{\"@type\":\"ImageObject\",\"inLanguage\":\"sq\",\"@id\":\"https:\/\/permbledhja.com\/#\/schema\/person\/image\/\",\"url\":\"https:\/\/secure.gravatar.com\/avatar\/e2835a76ca7c31a2416b2d51c4ec9a8f?s=96&d=mm&r=g\",\"contentUrl\":\"https:\/\/secure.gravatar.com\/avatar\/e2835a76ca7c31a2416b2d51c4ec9a8f?s=96&d=mm&r=g\",\"caption\":\"M M\"},\"sameAs\":[\"http:\/\/MM\"],\"url\":\"https:\/\/permbledhja.com\/sq\/author\/muhamet\/\"}]}<\/script>\n<!-- \/ Yoast SEO plugin. -->","yoast_head_json":{"title":"Turqia njeh lejet shqiptare t\u00eb automjeteve","robots":{"index":"index","follow":"follow","max-snippet":"max-snippet:-1","max-image-preview":"max-image-preview:large","max-video-preview":"max-video-preview:-1"},"canonical":"https:\/\/permbledhja.com\/sq\/turqia-njeh-lejet-shqiptare-te-automjeteve\/","og_locale":"sq_AL","og_type":"article","og_title":"Turqia njeh lejet shqiptare t\u00eb automjeteve","og_description":"N\u00eb fillim t\u00eb pranver\u00ebs, shtetasve shqiptar\u00eb q\u00eb jetojn\u00eb n\u00eb Turqi, do t\u2019ju njihen patentat q\u00eb kan\u00eb marr\u00eb n\u00eb Shqip\u00ebri \u00e7ka do t\u00eb jet\u00eb e vlefshme dhe p\u00ebr shtetasit turq q\u00eb jetojn\u00eb n\u00eb Shqip\u00ebri. Parlamenti turk ka miratuar marr\u00ebveshjen p\u00ebr njohjen reciproke t\u00eb lejeve t\u00eb drejtimit t\u00eb makinave, hap p\u00ebr t\u00eb cilin ministri i Pun\u00ebve t\u00eb [&hellip;]","og_url":"https:\/\/permbledhja.com\/sq\/turqia-njeh-lejet-shqiptare-te-automjeteve\/","og_site_name":"Ve\u00e7 artikuj p\u00ebrmbledh\u00ebs","article_publisher":"https:\/\/www.facebook.com\/press07\/","article_published_time":"2024-01-29T18:03:09+00:00","og_image":[{"width":780,"height":439,"url":"https:\/\/permbledhja.com\/wp-content\/uploads\/2024\/01\/hasani-fidan-780x439-1.jpg","type":"image\/jpeg"}],"author":"M M","twitter_card":"summary_large_image","twitter_misc":{"Written by":"M M","Est. reading time":"2 minuta"},"schema":{"@context":"https:\/\/schema.org","@graph":[{"@type":"Article","@id":"https:\/\/permbledhja.com\/sq\/turqia-njeh-lejet-shqiptare-te-automjeteve\/#article","isPartOf":{"@id":"https:\/\/permbledhja.com\/sq\/turqia-njeh-lejet-shqiptare-te-automjeteve\/"},"author":{"name":"M M","@id":"https:\/\/permbledhja.com\/#\/schema\/person\/d23f13f59b5722643933d6780783acf3"},"headline":"Turqia njeh lejet shqiptare t\u00eb automjeteve","datePublished":"2024-01-29T18:03:09+00:00","dateModified":"2024-01-29T18:03:09+00:00","mainEntityOfPage":{"@id":"https:\/\/permbledhja.com\/sq\/turqia-njeh-lejet-shqiptare-te-automjeteve\/"},"wordCount":330,"publisher":{"@id":"https:\/\/permbledhja.com\/#organization"},"keywords":["Turqia"],"articleSection":["Lajme"],"inLanguage":"sq"},{"@type":"WebPage","@id":"https:\/\/permbledhja.com\/sq\/turqia-njeh-lejet-shqiptare-te-automjeteve\/","url":"https:\/\/permbledhja.com\/sq\/turqia-njeh-lejet-shqiptare-te-automjeteve\/","name":"Turqia njeh lejet shqiptare t\u00eb automjeteve","isPartOf":{"@id":"https:\/\/permbledhja.com\/#website"},"datePublished":"2024-01-29T18:03:09+00:00","dateModified":"2024-01-29T18:03:09+00:00","breadcrumb":{"@id":"https:\/\/permbledhja.com\/sq\/turqia-njeh-lejet-shqiptare-te-automjeteve\/#breadcrumb"},"inLanguage":"sq","potentialAction":[{"@type":"ReadAction","target":["https:\/\/permbledhja.com\/sq\/turqia-njeh-lejet-shqiptare-te-automjeteve\/"]}]},{"@type":"BreadcrumbList","@id":"https:\/\/permbledhja.com\/sq\/turqia-njeh-lejet-shqiptare-te-automjeteve\/#breadcrumb","itemListElement":[{"@type":"ListItem","position":1,"name":"Ballina","item":"https:\/\/permbledhja.com\/sq\/"},{"@type":"ListItem","position":2,"name":"Turqia njeh lejet shqiptare t\u00eb automjeteve"}]},{"@type":"WebSite","@id":"https:\/\/permbledhja.com\/#website","url":"https:\/\/permbledhja.com\/","name":"Ve\u00e7 artikuj p\u00ebrmbledh\u00ebs","description":"","publisher":{"@id":"https:\/\/permbledhja.com\/#organization"},"potentialAction":[{"@type":"SearchAction","target":{"@type":"EntryPoint","urlTemplate":"https:\/\/permbledhja.com\/?s={search_term_string}"},"query-input":"required name=search_term_string"}],"inLanguage":"sq"},{"@type":"Organization","@id":"https:\/\/permbledhja.com\/#organization","name":"MK Media & Pr","url":"https:\/\/permbledhja.com\/","logo":{"@type":"ImageObject","inLanguage":"sq","@id":"https:\/\/permbledhja.com\/#\/schema\/logo\/image\/","url":"https:\/\/permbledhja.com\/wp-content\/uploads\/2021\/12\/07-Press-Logo.jpg","contentUrl":"https:\/\/permbledhja.com\/wp-content\/uploads\/2021\/12\/07-Press-Logo.jpg","width":512,"height":512,"caption":"MK Media & Pr"},"image":{"@id":"https:\/\/permbledhja.com\/#\/schema\/logo\/image\/"},"sameAs":["https:\/\/www.facebook.com\/press07\/"]},{"@type":"Person","@id":"https:\/\/permbledhja.com\/#\/schema\/person\/d23f13f59b5722643933d6780783acf3","name":"M M","image":{"@type":"ImageObject","inLanguage":"sq","@id":"https:\/\/permbledhja.com\/#\/schema\/person\/image\/","url":"https:\/\/secure.gravatar.com\/avatar\/e2835a76ca7c31a2416b2d51c4ec9a8f?s=96&d=mm&r=g","contentUrl":"https:\/\/secure.gravatar.com\/avatar\/e2835a76ca7c31a2416b2d51c4ec9a8f?s=96&d=mm&r=g","caption":"M M"},"sameAs":["http:\/\/MM"],"url":"https:\/\/permbledhja.com\/sq\/author\/muhamet\/"}]}},"_links":{"self":[{"href":"https:\/\/permbledhja.com\/sq\/wp-json\/wp\/v2\/posts\/45175"}],"collection":[{"href":"https:\/\/permbledhja.com\/sq\/wp-json\/wp\/v2\/posts"}],"about":[{"href":"https:\/\/permbledhja.com\/sq\/wp-json\/wp\/v2\/types\/post"}],"author":[{"embeddable":true,"href":"https:\/\/permbledhja.com\/sq\/wp-json\/wp\/v2\/users\/2"}],"replies":[{"embeddable":true,"href":"https:\/\/permbledhja.com\/sq\/wp-json\/wp\/v2\/comments?post=45175"}],"version-history":[{"count":1,"href":"https:\/\/permbledhja.com\/sq\/wp-json\/wp\/v2\/posts\/45175\/revisions"}],"predecessor-version":[{"id":45178,"href":"https:\/\/permbledhja.com\/sq\/wp-json\/wp\/v2\/posts\/45175\/revisions\/45178"}],"wp:featuredmedia":[{"embeddable":true,"href":"https:\/\/permbledhja.com\/sq\/wp-json\/wp\/v2\/media\/45177"}],"wp:attachment":[{"href":"https:\/\/permbledhja.com\/sq\/wp-json\/wp\/v2\/media?parent=45175"}],"wp:term":[{"taxonomy":"category","embeddable":true,"href":"https:\/\/permbledhja.com\/sq\/wp-json\/wp\/v2\/categories?post=45175"},{"taxonomy":"post_tag","embeddable":true,"href":"https:\/\/permbledhja.com\/sq\/wp-json\/wp\/v2\/tags?post=45175"}],"curies":[{"name":"wp","href":"https:\/\/api.w.org\/{rel}","templated":true}]}}