{"id":45169,"date":"2024-01-29T17:47:37","date_gmt":"2024-01-29T17:47:37","guid":{"rendered":"https:\/\/permbledhja.com\/?p=45169"},"modified":"2024-01-29T17:47:37","modified_gmt":"2024-01-29T17:47:37","slug":"obrien-mesazhe-kosoves-e-serbise-te-zbatohet-asociacioni-koordinim-per-dinarin","status":"publish","type":"post","link":"https:\/\/permbledhja.com\/sq\/obrien-mesazhe-kosoves-e-serbise-te-zbatohet-asociacioni-koordinim-per-dinarin\/","title":{"rendered":"O\u2019Brien mesazhe Kosov\u00ebs e Serbis\u00eb: T\u00eb zbatohet Asociacioni \u2013 koordinim p\u00ebr dinarin"},"content":{"rendered":"<h3>Ndihm\u00ebssekretari amerikan i Shtetit p\u00ebr Europ\u00ebn dhe Euroazin\u00eb, James O\u2019Brien i ka mir\u00ebpritur vizitat q\u00eb emisari i Bashkimit Europian p\u00ebr dialogun, Miroslav Laj\u00e7ak po i b\u00ebn n\u00eb Beograd dhe Prishtin\u00eb, m\u00eb sakt\u00eb takimin q\u00eb e pati sot me presidentin serb, Aleksandar Vu\u00e7iq dhe nes\u00ebr me kryeministrin e Kosov\u00ebs, Albin Kurti.<\/h3>\n<p>O\u2019Brien shkroi n\u00eb \u201cX\u201d se SHBA e mb\u00ebshtet fuqish\u00ebm dialogun, duke theksuar nevoj\u00ebn p\u00ebr zbatimin e plot\u00eb t\u00eb marr\u00ebveshjeve, \u201cduke p\u00ebrfshir\u00eb Asociacionin\u201d. Ai ka k\u00ebrkuar q\u00eb t\u00eb ecet p\u00ebrpara me zgjedhjet lokale n\u00eb veri t\u00eb Kosov\u00ebs dhe ka k\u00ebrkuar koordinim p\u00ebrpara se t\u00eb hyj\u00eb n\u00eb fuqi rregullorja e re e Bank\u00ebs Qendrore t\u00eb Kosov\u00ebs q\u00eb ndalon transaksionet me dinar\u00eb serb\u00eb.<\/p>\n<p>\u201cMb\u00ebshtetje e fort\u00eb e SHBA-s\u00eb p\u00ebr Dialogun e leht\u00ebsuar nga BE-ja. Nevoj\u00eb p\u00ebr zbatimin e plot\u00eb t\u00eb marr\u00ebveshjeve, duke p\u00ebrfshir\u00eb Asociacionin. Zgjedhjet e reja lokale n\u00eb veri t\u00eb Kosov\u00ebs duhet t\u00eb shkojn\u00eb p\u00ebrpara; koordinimi p\u00ebrpara zbatimit t\u00eb rregulloreve t\u00eb reja t\u00eb monedh\u00ebs\u201d, ka shkruar O\u2019Brien<\/p>\n","protected":false},"excerpt":{"rendered":"<p>Ndihm\u00ebssekretari amerikan i Shtetit p\u00ebr Europ\u00ebn dhe Euroazin\u00eb, James O\u2019Brien i ka mir\u00ebpritur vizitat q\u00eb emisari i Bashkimit Europian p\u00ebr dialogun, Miroslav Laj\u00e7ak po i b\u00ebn n\u00eb Beograd dhe Prishtin\u00eb, m\u00eb sakt\u00eb takimin q\u00eb e pati sot me presidentin serb, Aleksandar Vu\u00e7iq dhe nes\u00ebr me kryeministrin e Kosov\u00ebs, Albin Kurti. O\u2019Brien shkroi n\u00eb \u201cX\u201d se [&hellip;]<\/p>\n","protected":false},"author":2,"featured_media":45171,"comment_status":"closed","ping_status":"closed","sticky":false,"template":"","format":"standard","meta":{"_monsterinsights_skip_tracking":false,"_monsterinsights_sitenote_active":false,"_monsterinsights_sitenote_note":"","_monsterinsights_sitenote_category":0,"_uf_show_specific_survey":0,"_uf_disable_surveys":false,"footnotes":""},"categories":[2645],"tags":[2900],"yoast_head":"<!-- This site is optimized with the Yoast SEO plugin v21.5 - https:\/\/yoast.com\/wordpress\/plugins\/seo\/ -->\n<title>O\u2019Brien mesazhe Kosov\u00ebs e Serbis\u00eb: T\u00eb zbatohet Asociacioni \u2013 koordinim p\u00ebr dinarin<\/title>\n<meta name=\"robots\" content=\"index, follow, max-snippet:-1, max-image-preview:large, max-video-preview:-1\" \/>\n<link rel=\"canonical\" href=\"https:\/\/permbledhja.com\/sq\/obrien-mesazhe-kosoves-e-serbise-te-zbatohet-asociacioni-koordinim-per-dinarin\/\" \/>\n<meta property=\"og:locale\" content=\"sq_AL\" \/>\n<meta property=\"og:type\" content=\"article\" \/>\n<meta property=\"og:title\" content=\"O\u2019Brien mesazhe Kosov\u00ebs e Serbis\u00eb: T\u00eb zbatohet Asociacioni \u2013 koordinim p\u00ebr dinarin\" \/>\n<meta property=\"og:description\" content=\"Ndihm\u00ebssekretari amerikan i Shtetit p\u00ebr Europ\u00ebn dhe Euroazin\u00eb, James O\u2019Brien i ka mir\u00ebpritur vizitat q\u00eb emisari i Bashkimit Europian p\u00ebr dialogun, Miroslav Laj\u00e7ak po i b\u00ebn n\u00eb Beograd dhe Prishtin\u00eb, m\u00eb sakt\u00eb takimin q\u00eb e pati sot me presidentin serb, Aleksandar Vu\u00e7iq dhe nes\u00ebr me kryeministrin e Kosov\u00ebs, Albin Kurti. O\u2019Brien shkroi n\u00eb \u201cX\u201d se [&hellip;]\" \/>\n<meta property=\"og:url\" content=\"https:\/\/permbledhja.com\/sq\/obrien-mesazhe-kosoves-e-serbise-te-zbatohet-asociacioni-koordinim-per-dinarin\/\" \/>\n<meta property=\"og:site_name\" content=\"Ve\u00e7 artikuj p\u00ebrmbledh\u00ebs\" \/>\n<meta property=\"article:publisher\" content=\"https:\/\/www.facebook.com\/press07\/\" \/>\n<meta property=\"article:published_time\" content=\"2024-01-29T17:47:37+00:00\" \/>\n<meta property=\"og:image\" content=\"https:\/\/permbledhja.com\/wp-content\/uploads\/2024\/01\/1112174033_0_0_3072_1728_1920x0_80_0_0_00d96d3b2788c9643649ee70ba3c3293.jpg\" \/>\n\t<meta property=\"og:image:width\" content=\"1920\" \/>\n\t<meta property=\"og:image:height\" content=\"1080\" \/>\n\t<meta property=\"og:image:type\" content=\"image\/jpeg\" \/>\n<meta name=\"author\" content=\"M M\" \/>\n<meta name=\"twitter:card\" content=\"summary_large_image\" \/>\n<meta name=\"twitter:label1\" content=\"Written by\" \/>\n\t<meta name=\"twitter:data1\" content=\"M M\" \/>\n\t<meta name=\"twitter:label2\" content=\"Est. reading time\" \/>\n\t<meta name=\"twitter:data2\" content=\"1 minut\u00eb\" \/>\n<script type=\"application\/ld+json\" class=\"yoast-schema-graph\">{\"@context\":\"https:\/\/schema.org\",\"@graph\":[{\"@type\":\"Article\",\"@id\":\"https:\/\/permbledhja.com\/obrien-mesazhe-kosoves-e-serbise-te-zbatohet-asociacioni-koordinim-per-dinarin\/#article\",\"isPartOf\":{\"@id\":\"https:\/\/permbledhja.com\/obrien-mesazhe-kosoves-e-serbise-te-zbatohet-asociacioni-koordinim-per-dinarin\/\"},\"author\":{\"name\":\"M M\",\"@id\":\"https:\/\/permbledhja.com\/#\/schema\/person\/d23f13f59b5722643933d6780783acf3\"},\"headline\":\"O\u2019Brien mesazhe Kosov\u00ebs e Serbis\u00eb: T\u00eb zbatohet Asociacioni \u2013 koordinim p\u00ebr dinarin\",\"datePublished\":\"2024-01-29T17:47:37+00:00\",\"dateModified\":\"2024-01-29T17:47:37+00:00\",\"mainEntityOfPage\":{\"@id\":\"https:\/\/permbledhja.com\/obrien-mesazhe-kosoves-e-serbise-te-zbatohet-asociacioni-koordinim-per-dinarin\/\"},\"wordCount\":205,\"publisher\":{\"@id\":\"https:\/\/permbledhja.com\/#organization\"},\"keywords\":[\"James O'Brein\"],\"articleSection\":[\"T\u00eb r\u00ebnd\u00ebsishme\"],\"inLanguage\":\"sq\"},{\"@type\":\"WebPage\",\"@id\":\"https:\/\/permbledhja.com\/obrien-mesazhe-kosoves-e-serbise-te-zbatohet-asociacioni-koordinim-per-dinarin\/\",\"url\":\"https:\/\/permbledhja.com\/obrien-mesazhe-kosoves-e-serbise-te-zbatohet-asociacioni-koordinim-per-dinarin\/\",\"name\":\"O\u2019Brien mesazhe Kosov\u00ebs e Serbis\u00eb: T\u00eb zbatohet Asociacioni \u2013 koordinim p\u00ebr dinarin\",\"isPartOf\":{\"@id\":\"https:\/\/permbledhja.com\/#website\"},\"datePublished\":\"2024-01-29T17:47:37+00:00\",\"dateModified\":\"2024-01-29T17:47:37+00:00\",\"breadcrumb\":{\"@id\":\"https:\/\/permbledhja.com\/obrien-mesazhe-kosoves-e-serbise-te-zbatohet-asociacioni-koordinim-per-dinarin\/#breadcrumb\"},\"inLanguage\":\"sq\",\"potentialAction\":[{\"@type\":\"ReadAction\",\"target\":[\"https:\/\/permbledhja.com\/obrien-mesazhe-kosoves-e-serbise-te-zbatohet-asociacioni-koordinim-per-dinarin\/\"]}]},{\"@type\":\"BreadcrumbList\",\"@id\":\"https:\/\/permbledhja.com\/obrien-mesazhe-kosoves-e-serbise-te-zbatohet-asociacioni-koordinim-per-dinarin\/#breadcrumb\",\"itemListElement\":[{\"@type\":\"ListItem\",\"position\":1,\"name\":\"Ballina\",\"item\":\"https:\/\/permbledhja.com\/sq\/\"},{\"@type\":\"ListItem\",\"position\":2,\"name\":\"O\u2019Brien mesazhe Kosov\u00ebs e Serbis\u00eb: T\u00eb zbatohet Asociacioni \u2013 koordinim p\u00ebr dinarin\"}]},{\"@type\":\"WebSite\",\"@id\":\"https:\/\/permbledhja.com\/#website\",\"url\":\"https:\/\/permbledhja.com\/\",\"name\":\"Ve\u00e7 artikuj p\u00ebrmbledh\u00ebs\",\"description\":\"\",\"publisher\":{\"@id\":\"https:\/\/permbledhja.com\/#organization\"},\"potentialAction\":[{\"@type\":\"SearchAction\",\"target\":{\"@type\":\"EntryPoint\",\"urlTemplate\":\"https:\/\/permbledhja.com\/?s={search_term_string}\"},\"query-input\":\"required name=search_term_string\"}],\"inLanguage\":\"sq\"},{\"@type\":\"Organization\",\"@id\":\"https:\/\/permbledhja.com\/#organization\",\"name\":\"MK Media & Pr\",\"url\":\"https:\/\/permbledhja.com\/\",\"logo\":{\"@type\":\"ImageObject\",\"inLanguage\":\"sq\",\"@id\":\"https:\/\/permbledhja.com\/#\/schema\/logo\/image\/\",\"url\":\"https:\/\/permbledhja.com\/wp-content\/uploads\/2021\/12\/07-Press-Logo.jpg\",\"contentUrl\":\"https:\/\/permbledhja.com\/wp-content\/uploads\/2021\/12\/07-Press-Logo.jpg\",\"width\":512,\"height\":512,\"caption\":\"MK Media & Pr\"},\"image\":{\"@id\":\"https:\/\/permbledhja.com\/#\/schema\/logo\/image\/\"},\"sameAs\":[\"https:\/\/www.facebook.com\/press07\/\"]},{\"@type\":\"Person\",\"@id\":\"https:\/\/permbledhja.com\/#\/schema\/person\/d23f13f59b5722643933d6780783acf3\",\"name\":\"M M\",\"image\":{\"@type\":\"ImageObject\",\"inLanguage\":\"sq\",\"@id\":\"https:\/\/permbledhja.com\/#\/schema\/person\/image\/\",\"url\":\"https:\/\/secure.gravatar.com\/avatar\/e2835a76ca7c31a2416b2d51c4ec9a8f?s=96&d=mm&r=g\",\"contentUrl\":\"https:\/\/secure.gravatar.com\/avatar\/e2835a76ca7c31a2416b2d51c4ec9a8f?s=96&d=mm&r=g\",\"caption\":\"M M\"},\"sameAs\":[\"http:\/\/MM\"],\"url\":\"https:\/\/permbledhja.com\/sq\/author\/muhamet\/\"}]}<\/script>\n<!-- \/ Yoast SEO plugin. -->","yoast_head_json":{"title":"O\u2019Brien mesazhe Kosov\u00ebs e Serbis\u00eb: T\u00eb zbatohet Asociacioni \u2013 koordinim p\u00ebr dinarin","robots":{"index":"index","follow":"follow","max-snippet":"max-snippet:-1","max-image-preview":"max-image-preview:large","max-video-preview":"max-video-preview:-1"},"canonical":"https:\/\/permbledhja.com\/sq\/obrien-mesazhe-kosoves-e-serbise-te-zbatohet-asociacioni-koordinim-per-dinarin\/","og_locale":"sq_AL","og_type":"article","og_title":"O\u2019Brien mesazhe Kosov\u00ebs e Serbis\u00eb: T\u00eb zbatohet Asociacioni \u2013 koordinim p\u00ebr dinarin","og_description":"Ndihm\u00ebssekretari amerikan i Shtetit p\u00ebr Europ\u00ebn dhe Euroazin\u00eb, James O\u2019Brien i ka mir\u00ebpritur vizitat q\u00eb emisari i Bashkimit Europian p\u00ebr dialogun, Miroslav Laj\u00e7ak po i b\u00ebn n\u00eb Beograd dhe Prishtin\u00eb, m\u00eb sakt\u00eb takimin q\u00eb e pati sot me presidentin serb, Aleksandar Vu\u00e7iq dhe nes\u00ebr me kryeministrin e Kosov\u00ebs, Albin Kurti. O\u2019Brien shkroi n\u00eb \u201cX\u201d se [&hellip;]","og_url":"https:\/\/permbledhja.com\/sq\/obrien-mesazhe-kosoves-e-serbise-te-zbatohet-asociacioni-koordinim-per-dinarin\/","og_site_name":"Ve\u00e7 artikuj p\u00ebrmbledh\u00ebs","article_publisher":"https:\/\/www.facebook.com\/press07\/","article_published_time":"2024-01-29T17:47:37+00:00","og_image":[{"width":1920,"height":1080,"url":"https:\/\/permbledhja.com\/wp-content\/uploads\/2024\/01\/1112174033_0_0_3072_1728_1920x0_80_0_0_00d96d3b2788c9643649ee70ba3c3293.jpg","type":"image\/jpeg"}],"author":"M M","twitter_card":"summary_large_image","twitter_misc":{"Written by":"M M","Est. reading time":"1 minut\u00eb"},"schema":{"@context":"https:\/\/schema.org","@graph":[{"@type":"Article","@id":"https:\/\/permbledhja.com\/obrien-mesazhe-kosoves-e-serbise-te-zbatohet-asociacioni-koordinim-per-dinarin\/#article","isPartOf":{"@id":"https:\/\/permbledhja.com\/obrien-mesazhe-kosoves-e-serbise-te-zbatohet-asociacioni-koordinim-per-dinarin\/"},"author":{"name":"M M","@id":"https:\/\/permbledhja.com\/#\/schema\/person\/d23f13f59b5722643933d6780783acf3"},"headline":"O\u2019Brien mesazhe Kosov\u00ebs e Serbis\u00eb: T\u00eb zbatohet Asociacioni \u2013 koordinim p\u00ebr dinarin","datePublished":"2024-01-29T17:47:37+00:00","dateModified":"2024-01-29T17:47:37+00:00","mainEntityOfPage":{"@id":"https:\/\/permbledhja.com\/obrien-mesazhe-kosoves-e-serbise-te-zbatohet-asociacioni-koordinim-per-dinarin\/"},"wordCount":205,"publisher":{"@id":"https:\/\/permbledhja.com\/#organization"},"keywords":["James O'Brein"],"articleSection":["T\u00eb r\u00ebnd\u00ebsishme"],"inLanguage":"sq"},{"@type":"WebPage","@id":"https:\/\/permbledhja.com\/obrien-mesazhe-kosoves-e-serbise-te-zbatohet-asociacioni-koordinim-per-dinarin\/","url":"https:\/\/permbledhja.com\/obrien-mesazhe-kosoves-e-serbise-te-zbatohet-asociacioni-koordinim-per-dinarin\/","name":"O\u2019Brien mesazhe Kosov\u00ebs e Serbis\u00eb: T\u00eb zbatohet Asociacioni \u2013 koordinim p\u00ebr dinarin","isPartOf":{"@id":"https:\/\/permbledhja.com\/#website"},"datePublished":"2024-01-29T17:47:37+00:00","dateModified":"2024-01-29T17:47:37+00:00","breadcrumb":{"@id":"https:\/\/permbledhja.com\/obrien-mesazhe-kosoves-e-serbise-te-zbatohet-asociacioni-koordinim-per-dinarin\/#breadcrumb"},"inLanguage":"sq","potentialAction":[{"@type":"ReadAction","target":["https:\/\/permbledhja.com\/obrien-mesazhe-kosoves-e-serbise-te-zbatohet-asociacioni-koordinim-per-dinarin\/"]}]},{"@type":"BreadcrumbList","@id":"https:\/\/permbledhja.com\/obrien-mesazhe-kosoves-e-serbise-te-zbatohet-asociacioni-koordinim-per-dinarin\/#breadcrumb","itemListElement":[{"@type":"ListItem","position":1,"name":"Ballina","item":"https:\/\/permbledhja.com\/sq\/"},{"@type":"ListItem","position":2,"name":"O\u2019Brien mesazhe Kosov\u00ebs e Serbis\u00eb: T\u00eb zbatohet Asociacioni \u2013 koordinim p\u00ebr dinarin"}]},{"@type":"WebSite","@id":"https:\/\/permbledhja.com\/#website","url":"https:\/\/permbledhja.com\/","name":"Ve\u00e7 artikuj p\u00ebrmbledh\u00ebs","description":"","publisher":{"@id":"https:\/\/permbledhja.com\/#organization"},"potentialAction":[{"@type":"SearchAction","target":{"@type":"EntryPoint","urlTemplate":"https:\/\/permbledhja.com\/?s={search_term_string}"},"query-input":"required name=search_term_string"}],"inLanguage":"sq"},{"@type":"Organization","@id":"https:\/\/permbledhja.com\/#organization","name":"MK Media & Pr","url":"https:\/\/permbledhja.com\/","logo":{"@type":"ImageObject","inLanguage":"sq","@id":"https:\/\/permbledhja.com\/#\/schema\/logo\/image\/","url":"https:\/\/permbledhja.com\/wp-content\/uploads\/2021\/12\/07-Press-Logo.jpg","contentUrl":"https:\/\/permbledhja.com\/wp-content\/uploads\/2021\/12\/07-Press-Logo.jpg","width":512,"height":512,"caption":"MK Media & Pr"},"image":{"@id":"https:\/\/permbledhja.com\/#\/schema\/logo\/image\/"},"sameAs":["https:\/\/www.facebook.com\/press07\/"]},{"@type":"Person","@id":"https:\/\/permbledhja.com\/#\/schema\/person\/d23f13f59b5722643933d6780783acf3","name":"M M","image":{"@type":"ImageObject","inLanguage":"sq","@id":"https:\/\/permbledhja.com\/#\/schema\/person\/image\/","url":"https:\/\/secure.gravatar.com\/avatar\/e2835a76ca7c31a2416b2d51c4ec9a8f?s=96&d=mm&r=g","contentUrl":"https:\/\/secure.gravatar.com\/avatar\/e2835a76ca7c31a2416b2d51c4ec9a8f?s=96&d=mm&r=g","caption":"M M"},"sameAs":["http:\/\/MM"],"url":"https:\/\/permbledhja.com\/sq\/author\/muhamet\/"}]}},"_links":{"self":[{"href":"https:\/\/permbledhja.com\/sq\/wp-json\/wp\/v2\/posts\/45169"}],"collection":[{"href":"https:\/\/permbledhja.com\/sq\/wp-json\/wp\/v2\/posts"}],"about":[{"href":"https:\/\/permbledhja.com\/sq\/wp-json\/wp\/v2\/types\/post"}],"author":[{"embeddable":true,"href":"https:\/\/permbledhja.com\/sq\/wp-json\/wp\/v2\/users\/2"}],"replies":[{"embeddable":true,"href":"https:\/\/permbledhja.com\/sq\/wp-json\/wp\/v2\/comments?post=45169"}],"version-history":[{"count":1,"href":"https:\/\/permbledhja.com\/sq\/wp-json\/wp\/v2\/posts\/45169\/revisions"}],"predecessor-version":[{"id":45172,"href":"https:\/\/permbledhja.com\/sq\/wp-json\/wp\/v2\/posts\/45169\/revisions\/45172"}],"wp:featuredmedia":[{"embeddable":true,"href":"https:\/\/permbledhja.com\/sq\/wp-json\/wp\/v2\/media\/45171"}],"wp:attachment":[{"href":"https:\/\/permbledhja.com\/sq\/wp-json\/wp\/v2\/media?parent=45169"}],"wp:term":[{"taxonomy":"category","embeddable":true,"href":"https:\/\/permbledhja.com\/sq\/wp-json\/wp\/v2\/categories?post=45169"},{"taxonomy":"post_tag","embeddable":true,"href":"https:\/\/permbledhja.com\/sq\/wp-json\/wp\/v2\/tags?post=45169"}],"curies":[{"name":"wp","href":"https:\/\/api.w.org\/{rel}","templated":true}]}}