{"id":45158,"date":"2024-01-29T16:36:06","date_gmt":"2024-01-29T16:36:06","guid":{"rendered":"https:\/\/permbledhja.com\/?p=45158"},"modified":"2024-01-29T16:36:06","modified_gmt":"2024-01-29T16:36:06","slug":"abdixhiku-ne-takim-lamtumires-me-abbottin-i-dhuron-nje-helmete-ilire","status":"publish","type":"post","link":"https:\/\/permbledhja.com\/sq\/abdixhiku-ne-takim-lamtumires-me-abbottin-i-dhuron-nje-helmete-ilire\/","title":{"rendered":"Abdixhiku n\u00eb takim lamtumir\u00ebs me Abbottin, i dhuron nj\u00eb helmet\u00eb ilire"},"content":{"rendered":"<h3>Kryetari i Lidhjes Demokratike t\u00eb Kosov\u00ebs, Lumir Abdixhiku ka pritur sot n\u00eb takim ambasadorin britanik, Nick Abbott.<\/h3>\n<p>Abdixhiku i dhuroi Abbott nj\u00eb helmet\u00eb ilire, me q\u00ebllim q\u00eb ta mbaj\u00eb si rikujtim nga Kosova si dhe rikujtim t\u00eb bashk\u00ebpunimit t\u00eb ngusht\u00eb q\u00eb kishim me Lidhjen Demokratike.<\/p>\n<p>K\u00ebshtu ka b\u00ebr\u00eb t\u00eb ditur Abdixhiku n\u00eb nj\u00eb postim n\u00eb llogarin\u00eb e tij zyrtare n\u00eb Facebook, p\u00ebrcjell Klankosova.tv.<\/p>\n<p>\u201cAmbasadorin britanik, Nick Abbott e prita n\u00eb takimin lamtumir\u00ebs, n\u00eb Selin\u00eb Qendrore t\u00eb LDK-s\u00eb\u201d.<\/p>\n<p>\u201cI dhurova nj\u00eb helmet\u00eb ilire, q\u00eb ta mbaj\u00eb si rikujtim Kosove e rikujtim t\u00eb bashk\u00ebpunimit t\u00eb ngusht\u00eb q\u00eb kishim me Lidhjen Demokratike. Me ambasadorin britanik dhe familjen e tij, p\u00ebrve\u00e7 relacioneve zyrtare kam pasur nderin t\u00eb zhvilloj\u00eb dhe miq\u00ebsi t\u00eb ve\u00e7ant\u00eb. Ishte gjithnj\u00eb i matur dhe i ndjesh\u00ebm; ishte gjithnj\u00eb i p\u00ebrkushtuar p\u00ebr \u00e7do angazhim tonin\u201d, ka shkruar Abdixhiku.<\/p>\n<p>Kryetari i LDK-s\u00eb b\u00ebri t\u00eb ditur se Abbottin e fal\u00ebnderoi p\u00ebr nj\u00eb s\u00ebr\u00eb \u00e7\u00ebshtjes, ku Mbret\u00ebria e Bashkuar tregoi mb\u00ebshtetje p\u00ebr Kosov\u00ebn.<\/p>\n<p>\u201cE fal\u00ebnderova p\u00ebr pun\u00ebn e tij kat\u00ebr vje\u00e7are n\u00eb Kosov\u00eb. Si nj\u00eb diplomat me p\u00ebrvoj\u00eb e si nj\u00eb mik i madh i vendit, ai mir\u00ebmbajti relacionet mes shteteve tona me plot kujdes e vullnet t\u00eb mir\u00eb. Shfryt\u00ebzova rastin dhe ta fal\u00ebnderoj\u00eb n\u00eb ve\u00e7anti p\u00ebr deklarat\u00ebn e Sekretarit, Cameron gjat\u00eb vizit\u00ebs s\u00eb tij n\u00eb Kosov\u00eb, si garanc\u00eb p\u00ebr Republik\u00ebn ton\u00eb, t\u00eb lir\u00eb e sovrane. Mb\u00ebshtetja e Mbret\u00ebris\u00eb s\u00eb Bashkuar \u00ebsht\u00eb shtyll\u00eb e siguris\u00eb son\u00eb komb\u00ebtare. P\u00ebr k\u00ebt\u00eb, populli i Kosov\u00ebs, do t\u00eb jet\u00eb mir\u00ebnjoh\u00ebs gjithnj\u00eb!\u201d, shkroi Abdixhiku.<\/p>\n","protected":false},"excerpt":{"rendered":"<p>Kryetari i Lidhjes Demokratike t\u00eb Kosov\u00ebs, Lumir Abdixhiku ka pritur sot n\u00eb takim ambasadorin britanik, Nick Abbott. Abdixhiku i dhuroi Abbott nj\u00eb helmet\u00eb ilire, me q\u00ebllim q\u00eb ta mbaj\u00eb si rikujtim nga Kosova si dhe rikujtim t\u00eb bashk\u00ebpunimit t\u00eb ngusht\u00eb q\u00eb kishim me Lidhjen Demokratike. K\u00ebshtu ka b\u00ebr\u00eb t\u00eb ditur Abdixhiku n\u00eb nj\u00eb postim n\u00eb [&hellip;]<\/p>\n","protected":false},"author":2,"featured_media":45159,"comment_status":"closed","ping_status":"closed","sticky":false,"template":"","format":"standard","meta":{"_monsterinsights_skip_tracking":false,"_monsterinsights_sitenote_active":false,"_monsterinsights_sitenote_note":"","_monsterinsights_sitenote_category":0,"_uf_show_specific_survey":0,"_uf_disable_surveys":false,"footnotes":""},"categories":[15],"tags":[427],"yoast_head":"<!-- This site is optimized with the Yoast SEO plugin v21.5 - https:\/\/yoast.com\/wordpress\/plugins\/seo\/ -->\n<title>Abdixhiku n\u00eb takim lamtumir\u00ebs me Abbottin, i dhuron nj\u00eb helmet\u00eb ilire<\/title>\n<meta name=\"robots\" content=\"index, follow, max-snippet:-1, max-image-preview:large, max-video-preview:-1\" \/>\n<link rel=\"canonical\" href=\"https:\/\/permbledhja.com\/sq\/abdixhiku-ne-takim-lamtumires-me-abbottin-i-dhuron-nje-helmete-ilire\/\" \/>\n<meta property=\"og:locale\" content=\"sq_AL\" \/>\n<meta property=\"og:type\" content=\"article\" \/>\n<meta property=\"og:title\" content=\"Abdixhiku n\u00eb takim lamtumir\u00ebs me Abbottin, i dhuron nj\u00eb helmet\u00eb ilire\" \/>\n<meta property=\"og:description\" content=\"Kryetari i Lidhjes Demokratike t\u00eb Kosov\u00ebs, Lumir Abdixhiku ka pritur sot n\u00eb takim ambasadorin britanik, Nick Abbott. Abdixhiku i dhuroi Abbott nj\u00eb helmet\u00eb ilire, me q\u00ebllim q\u00eb ta mbaj\u00eb si rikujtim nga Kosova si dhe rikujtim t\u00eb bashk\u00ebpunimit t\u00eb ngusht\u00eb q\u00eb kishim me Lidhjen Demokratike. K\u00ebshtu ka b\u00ebr\u00eb t\u00eb ditur Abdixhiku n\u00eb nj\u00eb postim n\u00eb [&hellip;]\" \/>\n<meta property=\"og:url\" content=\"https:\/\/permbledhja.com\/sq\/abdixhiku-ne-takim-lamtumires-me-abbottin-i-dhuron-nje-helmete-ilire\/\" \/>\n<meta property=\"og:site_name\" content=\"Ve\u00e7 artikuj p\u00ebrmbledh\u00ebs\" \/>\n<meta property=\"article:publisher\" content=\"https:\/\/www.facebook.com\/press07\/\" \/>\n<meta property=\"article:published_time\" content=\"2024-01-29T16:36:06+00:00\" \/>\n<meta property=\"og:image\" content=\"https:\/\/permbledhja.com\/wp-content\/uploads\/2024\/01\/Lumir-Abdixhiku-dhe-Nick-Abbot.jpg\" \/>\n\t<meta property=\"og:image:width\" content=\"948\" \/>\n\t<meta property=\"og:image:height\" content=\"793\" \/>\n\t<meta property=\"og:image:type\" content=\"image\/jpeg\" \/>\n<meta name=\"author\" content=\"M M\" \/>\n<meta name=\"twitter:card\" content=\"summary_large_image\" \/>\n<meta name=\"twitter:label1\" content=\"Written by\" \/>\n\t<meta name=\"twitter:data1\" content=\"M M\" \/>\n\t<meta name=\"twitter:label2\" content=\"Est. reading time\" \/>\n\t<meta name=\"twitter:data2\" content=\"2 minuta\" \/>\n<script type=\"application\/ld+json\" class=\"yoast-schema-graph\">{\"@context\":\"https:\/\/schema.org\",\"@graph\":[{\"@type\":\"Article\",\"@id\":\"https:\/\/permbledhja.com\/abdixhiku-ne-takim-lamtumires-me-abbottin-i-dhuron-nje-helmete-ilire\/#article\",\"isPartOf\":{\"@id\":\"https:\/\/permbledhja.com\/abdixhiku-ne-takim-lamtumires-me-abbottin-i-dhuron-nje-helmete-ilire\/\"},\"author\":{\"name\":\"M M\",\"@id\":\"https:\/\/permbledhja.com\/#\/schema\/person\/d23f13f59b5722643933d6780783acf3\"},\"headline\":\"Abdixhiku n\u00eb takim lamtumir\u00ebs me Abbottin, i dhuron nj\u00eb helmet\u00eb ilire\",\"datePublished\":\"2024-01-29T16:36:06+00:00\",\"dateModified\":\"2024-01-29T16:36:06+00:00\",\"mainEntityOfPage\":{\"@id\":\"https:\/\/permbledhja.com\/abdixhiku-ne-takim-lamtumires-me-abbottin-i-dhuron-nje-helmete-ilire\/\"},\"wordCount\":302,\"publisher\":{\"@id\":\"https:\/\/permbledhja.com\/#organization\"},\"keywords\":[\"Lumir Abdixhiku\"],\"articleSection\":[\"Lajme\"],\"inLanguage\":\"sq\"},{\"@type\":\"WebPage\",\"@id\":\"https:\/\/permbledhja.com\/abdixhiku-ne-takim-lamtumires-me-abbottin-i-dhuron-nje-helmete-ilire\/\",\"url\":\"https:\/\/permbledhja.com\/abdixhiku-ne-takim-lamtumires-me-abbottin-i-dhuron-nje-helmete-ilire\/\",\"name\":\"Abdixhiku n\u00eb takim lamtumir\u00ebs me Abbottin, i dhuron nj\u00eb helmet\u00eb ilire\",\"isPartOf\":{\"@id\":\"https:\/\/permbledhja.com\/#website\"},\"datePublished\":\"2024-01-29T16:36:06+00:00\",\"dateModified\":\"2024-01-29T16:36:06+00:00\",\"breadcrumb\":{\"@id\":\"https:\/\/permbledhja.com\/abdixhiku-ne-takim-lamtumires-me-abbottin-i-dhuron-nje-helmete-ilire\/#breadcrumb\"},\"inLanguage\":\"sq\",\"potentialAction\":[{\"@type\":\"ReadAction\",\"target\":[\"https:\/\/permbledhja.com\/abdixhiku-ne-takim-lamtumires-me-abbottin-i-dhuron-nje-helmete-ilire\/\"]}]},{\"@type\":\"BreadcrumbList\",\"@id\":\"https:\/\/permbledhja.com\/abdixhiku-ne-takim-lamtumires-me-abbottin-i-dhuron-nje-helmete-ilire\/#breadcrumb\",\"itemListElement\":[{\"@type\":\"ListItem\",\"position\":1,\"name\":\"Ballina\",\"item\":\"https:\/\/permbledhja.com\/sq\/\"},{\"@type\":\"ListItem\",\"position\":2,\"name\":\"Abdixhiku n\u00eb takim lamtumir\u00ebs me Abbottin, i dhuron nj\u00eb helmet\u00eb ilire\"}]},{\"@type\":\"WebSite\",\"@id\":\"https:\/\/permbledhja.com\/#website\",\"url\":\"https:\/\/permbledhja.com\/\",\"name\":\"Ve\u00e7 artikuj p\u00ebrmbledh\u00ebs\",\"description\":\"\",\"publisher\":{\"@id\":\"https:\/\/permbledhja.com\/#organization\"},\"potentialAction\":[{\"@type\":\"SearchAction\",\"target\":{\"@type\":\"EntryPoint\",\"urlTemplate\":\"https:\/\/permbledhja.com\/?s={search_term_string}\"},\"query-input\":\"required name=search_term_string\"}],\"inLanguage\":\"sq\"},{\"@type\":\"Organization\",\"@id\":\"https:\/\/permbledhja.com\/#organization\",\"name\":\"MK Media & Pr\",\"url\":\"https:\/\/permbledhja.com\/\",\"logo\":{\"@type\":\"ImageObject\",\"inLanguage\":\"sq\",\"@id\":\"https:\/\/permbledhja.com\/#\/schema\/logo\/image\/\",\"url\":\"https:\/\/permbledhja.com\/wp-content\/uploads\/2021\/12\/07-Press-Logo.jpg\",\"contentUrl\":\"https:\/\/permbledhja.com\/wp-content\/uploads\/2021\/12\/07-Press-Logo.jpg\",\"width\":512,\"height\":512,\"caption\":\"MK Media & Pr\"},\"image\":{\"@id\":\"https:\/\/permbledhja.com\/#\/schema\/logo\/image\/\"},\"sameAs\":[\"https:\/\/www.facebook.com\/press07\/\"]},{\"@type\":\"Person\",\"@id\":\"https:\/\/permbledhja.com\/#\/schema\/person\/d23f13f59b5722643933d6780783acf3\",\"name\":\"M M\",\"image\":{\"@type\":\"ImageObject\",\"inLanguage\":\"sq\",\"@id\":\"https:\/\/permbledhja.com\/#\/schema\/person\/image\/\",\"url\":\"https:\/\/secure.gravatar.com\/avatar\/e2835a76ca7c31a2416b2d51c4ec9a8f?s=96&d=mm&r=g\",\"contentUrl\":\"https:\/\/secure.gravatar.com\/avatar\/e2835a76ca7c31a2416b2d51c4ec9a8f?s=96&d=mm&r=g\",\"caption\":\"M M\"},\"sameAs\":[\"http:\/\/MM\"],\"url\":\"https:\/\/permbledhja.com\/sq\/author\/muhamet\/\"}]}<\/script>\n<!-- \/ Yoast SEO plugin. -->","yoast_head_json":{"title":"Abdixhiku n\u00eb takim lamtumir\u00ebs me Abbottin, i dhuron nj\u00eb helmet\u00eb ilire","robots":{"index":"index","follow":"follow","max-snippet":"max-snippet:-1","max-image-preview":"max-image-preview:large","max-video-preview":"max-video-preview:-1"},"canonical":"https:\/\/permbledhja.com\/sq\/abdixhiku-ne-takim-lamtumires-me-abbottin-i-dhuron-nje-helmete-ilire\/","og_locale":"sq_AL","og_type":"article","og_title":"Abdixhiku n\u00eb takim lamtumir\u00ebs me Abbottin, i dhuron nj\u00eb helmet\u00eb ilire","og_description":"Kryetari i Lidhjes Demokratike t\u00eb Kosov\u00ebs, Lumir Abdixhiku ka pritur sot n\u00eb takim ambasadorin britanik, Nick Abbott. Abdixhiku i dhuroi Abbott nj\u00eb helmet\u00eb ilire, me q\u00ebllim q\u00eb ta mbaj\u00eb si rikujtim nga Kosova si dhe rikujtim t\u00eb bashk\u00ebpunimit t\u00eb ngusht\u00eb q\u00eb kishim me Lidhjen Demokratike. K\u00ebshtu ka b\u00ebr\u00eb t\u00eb ditur Abdixhiku n\u00eb nj\u00eb postim n\u00eb [&hellip;]","og_url":"https:\/\/permbledhja.com\/sq\/abdixhiku-ne-takim-lamtumires-me-abbottin-i-dhuron-nje-helmete-ilire\/","og_site_name":"Ve\u00e7 artikuj p\u00ebrmbledh\u00ebs","article_publisher":"https:\/\/www.facebook.com\/press07\/","article_published_time":"2024-01-29T16:36:06+00:00","og_image":[{"width":948,"height":793,"url":"https:\/\/permbledhja.com\/wp-content\/uploads\/2024\/01\/Lumir-Abdixhiku-dhe-Nick-Abbot.jpg","type":"image\/jpeg"}],"author":"M M","twitter_card":"summary_large_image","twitter_misc":{"Written by":"M M","Est. reading time":"2 minuta"},"schema":{"@context":"https:\/\/schema.org","@graph":[{"@type":"Article","@id":"https:\/\/permbledhja.com\/abdixhiku-ne-takim-lamtumires-me-abbottin-i-dhuron-nje-helmete-ilire\/#article","isPartOf":{"@id":"https:\/\/permbledhja.com\/abdixhiku-ne-takim-lamtumires-me-abbottin-i-dhuron-nje-helmete-ilire\/"},"author":{"name":"M M","@id":"https:\/\/permbledhja.com\/#\/schema\/person\/d23f13f59b5722643933d6780783acf3"},"headline":"Abdixhiku n\u00eb takim lamtumir\u00ebs me Abbottin, i dhuron nj\u00eb helmet\u00eb ilire","datePublished":"2024-01-29T16:36:06+00:00","dateModified":"2024-01-29T16:36:06+00:00","mainEntityOfPage":{"@id":"https:\/\/permbledhja.com\/abdixhiku-ne-takim-lamtumires-me-abbottin-i-dhuron-nje-helmete-ilire\/"},"wordCount":302,"publisher":{"@id":"https:\/\/permbledhja.com\/#organization"},"keywords":["Lumir Abdixhiku"],"articleSection":["Lajme"],"inLanguage":"sq"},{"@type":"WebPage","@id":"https:\/\/permbledhja.com\/abdixhiku-ne-takim-lamtumires-me-abbottin-i-dhuron-nje-helmete-ilire\/","url":"https:\/\/permbledhja.com\/abdixhiku-ne-takim-lamtumires-me-abbottin-i-dhuron-nje-helmete-ilire\/","name":"Abdixhiku n\u00eb takim lamtumir\u00ebs me Abbottin, i dhuron nj\u00eb helmet\u00eb ilire","isPartOf":{"@id":"https:\/\/permbledhja.com\/#website"},"datePublished":"2024-01-29T16:36:06+00:00","dateModified":"2024-01-29T16:36:06+00:00","breadcrumb":{"@id":"https:\/\/permbledhja.com\/abdixhiku-ne-takim-lamtumires-me-abbottin-i-dhuron-nje-helmete-ilire\/#breadcrumb"},"inLanguage":"sq","potentialAction":[{"@type":"ReadAction","target":["https:\/\/permbledhja.com\/abdixhiku-ne-takim-lamtumires-me-abbottin-i-dhuron-nje-helmete-ilire\/"]}]},{"@type":"BreadcrumbList","@id":"https:\/\/permbledhja.com\/abdixhiku-ne-takim-lamtumires-me-abbottin-i-dhuron-nje-helmete-ilire\/#breadcrumb","itemListElement":[{"@type":"ListItem","position":1,"name":"Ballina","item":"https:\/\/permbledhja.com\/sq\/"},{"@type":"ListItem","position":2,"name":"Abdixhiku n\u00eb takim lamtumir\u00ebs me Abbottin, i dhuron nj\u00eb helmet\u00eb ilire"}]},{"@type":"WebSite","@id":"https:\/\/permbledhja.com\/#website","url":"https:\/\/permbledhja.com\/","name":"Ve\u00e7 artikuj p\u00ebrmbledh\u00ebs","description":"","publisher":{"@id":"https:\/\/permbledhja.com\/#organization"},"potentialAction":[{"@type":"SearchAction","target":{"@type":"EntryPoint","urlTemplate":"https:\/\/permbledhja.com\/?s={search_term_string}"},"query-input":"required name=search_term_string"}],"inLanguage":"sq"},{"@type":"Organization","@id":"https:\/\/permbledhja.com\/#organization","name":"MK Media & Pr","url":"https:\/\/permbledhja.com\/","logo":{"@type":"ImageObject","inLanguage":"sq","@id":"https:\/\/permbledhja.com\/#\/schema\/logo\/image\/","url":"https:\/\/permbledhja.com\/wp-content\/uploads\/2021\/12\/07-Press-Logo.jpg","contentUrl":"https:\/\/permbledhja.com\/wp-content\/uploads\/2021\/12\/07-Press-Logo.jpg","width":512,"height":512,"caption":"MK Media & Pr"},"image":{"@id":"https:\/\/permbledhja.com\/#\/schema\/logo\/image\/"},"sameAs":["https:\/\/www.facebook.com\/press07\/"]},{"@type":"Person","@id":"https:\/\/permbledhja.com\/#\/schema\/person\/d23f13f59b5722643933d6780783acf3","name":"M M","image":{"@type":"ImageObject","inLanguage":"sq","@id":"https:\/\/permbledhja.com\/#\/schema\/person\/image\/","url":"https:\/\/secure.gravatar.com\/avatar\/e2835a76ca7c31a2416b2d51c4ec9a8f?s=96&d=mm&r=g","contentUrl":"https:\/\/secure.gravatar.com\/avatar\/e2835a76ca7c31a2416b2d51c4ec9a8f?s=96&d=mm&r=g","caption":"M M"},"sameAs":["http:\/\/MM"],"url":"https:\/\/permbledhja.com\/sq\/author\/muhamet\/"}]}},"_links":{"self":[{"href":"https:\/\/permbledhja.com\/sq\/wp-json\/wp\/v2\/posts\/45158"}],"collection":[{"href":"https:\/\/permbledhja.com\/sq\/wp-json\/wp\/v2\/posts"}],"about":[{"href":"https:\/\/permbledhja.com\/sq\/wp-json\/wp\/v2\/types\/post"}],"author":[{"embeddable":true,"href":"https:\/\/permbledhja.com\/sq\/wp-json\/wp\/v2\/users\/2"}],"replies":[{"embeddable":true,"href":"https:\/\/permbledhja.com\/sq\/wp-json\/wp\/v2\/comments?post=45158"}],"version-history":[{"count":1,"href":"https:\/\/permbledhja.com\/sq\/wp-json\/wp\/v2\/posts\/45158\/revisions"}],"predecessor-version":[{"id":45160,"href":"https:\/\/permbledhja.com\/sq\/wp-json\/wp\/v2\/posts\/45158\/revisions\/45160"}],"wp:featuredmedia":[{"embeddable":true,"href":"https:\/\/permbledhja.com\/sq\/wp-json\/wp\/v2\/media\/45159"}],"wp:attachment":[{"href":"https:\/\/permbledhja.com\/sq\/wp-json\/wp\/v2\/media?parent=45158"}],"wp:term":[{"taxonomy":"category","embeddable":true,"href":"https:\/\/permbledhja.com\/sq\/wp-json\/wp\/v2\/categories?post=45158"},{"taxonomy":"post_tag","embeddable":true,"href":"https:\/\/permbledhja.com\/sq\/wp-json\/wp\/v2\/tags?post=45158"}],"curies":[{"name":"wp","href":"https:\/\/api.w.org\/{rel}","templated":true}]}}