{"id":45155,"date":"2024-01-29T16:33:26","date_gmt":"2024-01-29T16:33:26","guid":{"rendered":"https:\/\/permbledhja.com\/?p=45155"},"modified":"2024-01-29T16:33:26","modified_gmt":"2024-01-29T16:33:26","slug":"izraeli-pajtohet-ua-heq-vizat-kosovareve-thote-presidentja-osmani","status":"publish","type":"post","link":"https:\/\/permbledhja.com\/sq\/izraeli-pajtohet-ua-heq-vizat-kosovareve-thote-presidentja-osmani\/","title":{"rendered":"Izraeli pajtohet, ua heq vizat kosovar\u00ebve thot\u00eb presidentja Osmani"},"content":{"rendered":"<h3>Presidentja e Republik\u00ebs s\u00eb Kosov\u00ebs, Vjosa Osmani, ka pritur n\u00eb takim ambasadoren e Shtetit t\u00eb Izraelit n\u00eb Republik\u00ebn e Kosov\u00ebs, Tamar Ziv.<\/h3>\n<p>Sipas komunikat\u00ebs s\u00eb zyr\u00ebs s\u00eb presidenc\u00ebs, n\u00eb k\u00ebt\u00eb takim u diskutua p\u00ebr bashk\u00ebpunimin n\u00eb mes t\u00eb dy shteteve, si dhe p\u00ebr marr\u00ebveshjet nd\u00ebrshtet\u00ebrore n\u00eb fusha t\u00eb ndryshme t\u00eb cilat pritet t\u00eb n\u00ebnshkruhen s\u00eb shpejti, p\u00ebrcjell Klankosova.tv.<\/p>\n<p>Ambasadorja izraelite ka njoftuar Osmanin se qeveria izraelite ka shprehur pajtueshm\u00ebrin\u00eb p\u00ebr miratimin e marr\u00ebveshjes p\u00ebr heqjen e vizave p\u00ebr qytetar\u00ebt e Kosov\u00ebs.<\/p>\n<p>\u201cAmbasadorja Ziv e njoftoi Presidenten Osmani se pas k\u00ebrkes\u00ebs s\u00eb Presidentes drejtuar institucioneve t\u00eb Izraelit, qeveria e Izraelit ka shprehur pajtueshm\u00ebrin\u00eb p\u00ebr miratimin e marr\u00ebveshjes p\u00ebr heqjen e vizave p\u00ebr qytetar\u00ebt e Kosov\u00ebs\u201d.<\/p>\n<p>N\u00eb k\u00ebt\u00eb drejtim, t\u00eb dy ministrit\u00eb p\u00ebrkat\u00ebse do t\u00eb vazhdojn\u00eb me procedurat e n\u00ebnshkrimit t\u00eb marr\u00ebveshjes dhe qytetar\u00ebt do t\u00eb njoftohen sapo vendimi t\u00eb hyj\u00eb n\u00eb fuqi. P\u00ebrmes k\u00ebsaj marr\u00ebveshje, qytetar\u00ebve t\u00eb Kosov\u00ebs do t\u2019u mund\u00ebsohet udh\u00ebtimi pa viza n\u00eb Izrael p\u00ebr q\u00ebllime turistike.<\/p>\n<p>Osmani e fal\u00ebnderoi ambasadoren Ziv p\u00ebr k\u00ebt\u00eb vendim, si zhvillim pozitiv i cili do t\u2019i hap\u00eb rrug\u00eb bashk\u00ebpunimit m\u00eb t\u00eb thelluar n\u00eb mes t\u00eb dy vendeve.<\/p>\n<p>Tutje, me rastin e p\u00ebrvjetorit t\u00eb Dit\u00ebs s\u00eb Kujtimit t\u00eb viktimave t\u00eb Holokaustit, Osmani p\u00ebrs\u00ebriti se Kosova kujton miliona njer\u00ebz t\u00eb pafajsh\u00ebm t\u00eb humbur n\u00eb nj\u00eb nga kapitujt m\u00eb t\u00eb err\u00ebt t\u00eb historis\u00eb s\u00eb njer\u00ebzimit, dhe se kjo dit\u00eb sh\u00ebrben si rikujtim p\u00ebr pasojat shkat\u00ebrruese q\u00eb rrjedhin nga urrejtja dhe paragjykimi.<\/p>\n<p>Ziv e informoi p\u00ebr situat\u00ebn e siguris\u00eb n\u00eb Izrael, nd\u00ebrsa Osmani e informoi ambasadoren p\u00ebr zhvillimet e fundit n\u00eb\u00a0vend\u00a0dhe\u00a0rajon.<\/p>\n","protected":false},"excerpt":{"rendered":"<p>Presidentja e Republik\u00ebs s\u00eb Kosov\u00ebs, Vjosa Osmani, ka pritur n\u00eb takim ambasadoren e Shtetit t\u00eb Izraelit n\u00eb Republik\u00ebn e Kosov\u00ebs, Tamar Ziv. Sipas komunikat\u00ebs s\u00eb zyr\u00ebs s\u00eb presidenc\u00ebs, n\u00eb k\u00ebt\u00eb takim u diskutua p\u00ebr bashk\u00ebpunimin n\u00eb mes t\u00eb dy shteteve, si dhe p\u00ebr marr\u00ebveshjet nd\u00ebrshtet\u00ebrore n\u00eb fusha t\u00eb ndryshme t\u00eb cilat pritet t\u00eb n\u00ebnshkruhen s\u00eb [&hellip;]<\/p>\n","protected":false},"author":2,"featured_media":45156,"comment_status":"closed","ping_status":"closed","sticky":false,"template":"","format":"standard","meta":{"_monsterinsights_skip_tracking":false,"_monsterinsights_sitenote_active":false,"_monsterinsights_sitenote_note":"","_monsterinsights_sitenote_category":0,"_uf_show_specific_survey":0,"_uf_disable_surveys":false,"footnotes":""},"categories":[2645],"tags":[163],"yoast_head":"<!-- This site is optimized with the Yoast SEO plugin v21.5 - https:\/\/yoast.com\/wordpress\/plugins\/seo\/ -->\n<title>Izraeli pajtohet, ua heq vizat kosovar\u00ebve thot\u00eb presidentja Osmani<\/title>\n<meta name=\"robots\" content=\"index, follow, max-snippet:-1, max-image-preview:large, max-video-preview:-1\" \/>\n<link rel=\"canonical\" href=\"https:\/\/permbledhja.com\/sq\/izraeli-pajtohet-ua-heq-vizat-kosovareve-thote-presidentja-osmani\/\" \/>\n<meta property=\"og:locale\" content=\"sq_AL\" \/>\n<meta property=\"og:type\" content=\"article\" \/>\n<meta property=\"og:title\" content=\"Izraeli pajtohet, ua heq vizat kosovar\u00ebve thot\u00eb presidentja Osmani\" \/>\n<meta property=\"og:description\" content=\"Presidentja e Republik\u00ebs s\u00eb Kosov\u00ebs, Vjosa Osmani, ka pritur n\u00eb takim ambasadoren e Shtetit t\u00eb Izraelit n\u00eb Republik\u00ebn e Kosov\u00ebs, Tamar Ziv. Sipas komunikat\u00ebs s\u00eb zyr\u00ebs s\u00eb presidenc\u00ebs, n\u00eb k\u00ebt\u00eb takim u diskutua p\u00ebr bashk\u00ebpunimin n\u00eb mes t\u00eb dy shteteve, si dhe p\u00ebr marr\u00ebveshjet nd\u00ebrshtet\u00ebrore n\u00eb fusha t\u00eb ndryshme t\u00eb cilat pritet t\u00eb n\u00ebnshkruhen s\u00eb [&hellip;]\" \/>\n<meta property=\"og:url\" content=\"https:\/\/permbledhja.com\/sq\/izraeli-pajtohet-ua-heq-vizat-kosovareve-thote-presidentja-osmani\/\" \/>\n<meta property=\"og:site_name\" content=\"Ve\u00e7 artikuj p\u00ebrmbledh\u00ebs\" \/>\n<meta property=\"article:publisher\" content=\"https:\/\/www.facebook.com\/press07\/\" \/>\n<meta property=\"article:published_time\" content=\"2024-01-29T16:33:26+00:00\" \/>\n<meta property=\"og:image\" content=\"https:\/\/permbledhja.com\/wp-content\/uploads\/2024\/01\/Presidentja-e-Kosoves-Vjosa-Osmani-dhe-ambasadorja-izraelite-Tamar-Ziv.jpg\" \/>\n\t<meta property=\"og:image:width\" content=\"1172\" \/>\n\t<meta property=\"og:image:height\" content=\"705\" \/>\n\t<meta property=\"og:image:type\" content=\"image\/jpeg\" \/>\n<meta name=\"author\" content=\"M M\" \/>\n<meta name=\"twitter:card\" content=\"summary_large_image\" \/>\n<meta name=\"twitter:label1\" content=\"Written by\" \/>\n\t<meta name=\"twitter:data1\" content=\"M M\" \/>\n\t<meta name=\"twitter:label2\" content=\"Est. reading time\" \/>\n\t<meta name=\"twitter:data2\" content=\"2 minuta\" \/>\n<script type=\"application\/ld+json\" class=\"yoast-schema-graph\">{\"@context\":\"https:\/\/schema.org\",\"@graph\":[{\"@type\":\"Article\",\"@id\":\"https:\/\/permbledhja.com\/sq\/izraeli-pajtohet-ua-heq-vizat-kosovareve-thote-presidentja-osmani\/#article\",\"isPartOf\":{\"@id\":\"https:\/\/permbledhja.com\/sq\/izraeli-pajtohet-ua-heq-vizat-kosovareve-thote-presidentja-osmani\/\"},\"author\":{\"name\":\"M M\",\"@id\":\"https:\/\/permbledhja.com\/#\/schema\/person\/d23f13f59b5722643933d6780783acf3\"},\"headline\":\"Izraeli pajtohet, ua heq vizat kosovar\u00ebve thot\u00eb presidentja Osmani\",\"datePublished\":\"2024-01-29T16:33:26+00:00\",\"dateModified\":\"2024-01-29T16:33:26+00:00\",\"mainEntityOfPage\":{\"@id\":\"https:\/\/permbledhja.com\/sq\/izraeli-pajtohet-ua-heq-vizat-kosovareve-thote-presidentja-osmani\/\"},\"wordCount\":336,\"publisher\":{\"@id\":\"https:\/\/permbledhja.com\/#organization\"},\"keywords\":[\"Vjosa Osmani\"],\"articleSection\":[\"T\u00eb r\u00ebnd\u00ebsishme\"],\"inLanguage\":\"sq\"},{\"@type\":\"WebPage\",\"@id\":\"https:\/\/permbledhja.com\/sq\/izraeli-pajtohet-ua-heq-vizat-kosovareve-thote-presidentja-osmani\/\",\"url\":\"https:\/\/permbledhja.com\/sq\/izraeli-pajtohet-ua-heq-vizat-kosovareve-thote-presidentja-osmani\/\",\"name\":\"Izraeli pajtohet, ua heq vizat kosovar\u00ebve thot\u00eb presidentja Osmani\",\"isPartOf\":{\"@id\":\"https:\/\/permbledhja.com\/#website\"},\"datePublished\":\"2024-01-29T16:33:26+00:00\",\"dateModified\":\"2024-01-29T16:33:26+00:00\",\"breadcrumb\":{\"@id\":\"https:\/\/permbledhja.com\/sq\/izraeli-pajtohet-ua-heq-vizat-kosovareve-thote-presidentja-osmani\/#breadcrumb\"},\"inLanguage\":\"sq\",\"potentialAction\":[{\"@type\":\"ReadAction\",\"target\":[\"https:\/\/permbledhja.com\/sq\/izraeli-pajtohet-ua-heq-vizat-kosovareve-thote-presidentja-osmani\/\"]}]},{\"@type\":\"BreadcrumbList\",\"@id\":\"https:\/\/permbledhja.com\/sq\/izraeli-pajtohet-ua-heq-vizat-kosovareve-thote-presidentja-osmani\/#breadcrumb\",\"itemListElement\":[{\"@type\":\"ListItem\",\"position\":1,\"name\":\"Ballina\",\"item\":\"https:\/\/permbledhja.com\/sq\/\"},{\"@type\":\"ListItem\",\"position\":2,\"name\":\"Izraeli pajtohet, ua heq vizat kosovar\u00ebve thot\u00eb presidentja Osmani\"}]},{\"@type\":\"WebSite\",\"@id\":\"https:\/\/permbledhja.com\/#website\",\"url\":\"https:\/\/permbledhja.com\/\",\"name\":\"Ve\u00e7 artikuj p\u00ebrmbledh\u00ebs\",\"description\":\"\",\"publisher\":{\"@id\":\"https:\/\/permbledhja.com\/#organization\"},\"potentialAction\":[{\"@type\":\"SearchAction\",\"target\":{\"@type\":\"EntryPoint\",\"urlTemplate\":\"https:\/\/permbledhja.com\/?s={search_term_string}\"},\"query-input\":\"required name=search_term_string\"}],\"inLanguage\":\"sq\"},{\"@type\":\"Organization\",\"@id\":\"https:\/\/permbledhja.com\/#organization\",\"name\":\"MK Media & Pr\",\"url\":\"https:\/\/permbledhja.com\/\",\"logo\":{\"@type\":\"ImageObject\",\"inLanguage\":\"sq\",\"@id\":\"https:\/\/permbledhja.com\/#\/schema\/logo\/image\/\",\"url\":\"https:\/\/permbledhja.com\/wp-content\/uploads\/2021\/12\/07-Press-Logo.jpg\",\"contentUrl\":\"https:\/\/permbledhja.com\/wp-content\/uploads\/2021\/12\/07-Press-Logo.jpg\",\"width\":512,\"height\":512,\"caption\":\"MK Media & Pr\"},\"image\":{\"@id\":\"https:\/\/permbledhja.com\/#\/schema\/logo\/image\/\"},\"sameAs\":[\"https:\/\/www.facebook.com\/press07\/\"]},{\"@type\":\"Person\",\"@id\":\"https:\/\/permbledhja.com\/#\/schema\/person\/d23f13f59b5722643933d6780783acf3\",\"name\":\"M M\",\"image\":{\"@type\":\"ImageObject\",\"inLanguage\":\"sq\",\"@id\":\"https:\/\/permbledhja.com\/#\/schema\/person\/image\/\",\"url\":\"https:\/\/secure.gravatar.com\/avatar\/e2835a76ca7c31a2416b2d51c4ec9a8f?s=96&d=mm&r=g\",\"contentUrl\":\"https:\/\/secure.gravatar.com\/avatar\/e2835a76ca7c31a2416b2d51c4ec9a8f?s=96&d=mm&r=g\",\"caption\":\"M M\"},\"sameAs\":[\"http:\/\/MM\"],\"url\":\"https:\/\/permbledhja.com\/sq\/author\/muhamet\/\"}]}<\/script>\n<!-- \/ Yoast SEO plugin. -->","yoast_head_json":{"title":"Izraeli pajtohet, ua heq vizat kosovar\u00ebve thot\u00eb presidentja Osmani","robots":{"index":"index","follow":"follow","max-snippet":"max-snippet:-1","max-image-preview":"max-image-preview:large","max-video-preview":"max-video-preview:-1"},"canonical":"https:\/\/permbledhja.com\/sq\/izraeli-pajtohet-ua-heq-vizat-kosovareve-thote-presidentja-osmani\/","og_locale":"sq_AL","og_type":"article","og_title":"Izraeli pajtohet, ua heq vizat kosovar\u00ebve thot\u00eb presidentja Osmani","og_description":"Presidentja e Republik\u00ebs s\u00eb Kosov\u00ebs, Vjosa Osmani, ka pritur n\u00eb takim ambasadoren e Shtetit t\u00eb Izraelit n\u00eb Republik\u00ebn e Kosov\u00ebs, Tamar Ziv. Sipas komunikat\u00ebs s\u00eb zyr\u00ebs s\u00eb presidenc\u00ebs, n\u00eb k\u00ebt\u00eb takim u diskutua p\u00ebr bashk\u00ebpunimin n\u00eb mes t\u00eb dy shteteve, si dhe p\u00ebr marr\u00ebveshjet nd\u00ebrshtet\u00ebrore n\u00eb fusha t\u00eb ndryshme t\u00eb cilat pritet t\u00eb n\u00ebnshkruhen s\u00eb [&hellip;]","og_url":"https:\/\/permbledhja.com\/sq\/izraeli-pajtohet-ua-heq-vizat-kosovareve-thote-presidentja-osmani\/","og_site_name":"Ve\u00e7 artikuj p\u00ebrmbledh\u00ebs","article_publisher":"https:\/\/www.facebook.com\/press07\/","article_published_time":"2024-01-29T16:33:26+00:00","og_image":[{"width":1172,"height":705,"url":"https:\/\/permbledhja.com\/wp-content\/uploads\/2024\/01\/Presidentja-e-Kosoves-Vjosa-Osmani-dhe-ambasadorja-izraelite-Tamar-Ziv.jpg","type":"image\/jpeg"}],"author":"M M","twitter_card":"summary_large_image","twitter_misc":{"Written by":"M M","Est. reading time":"2 minuta"},"schema":{"@context":"https:\/\/schema.org","@graph":[{"@type":"Article","@id":"https:\/\/permbledhja.com\/sq\/izraeli-pajtohet-ua-heq-vizat-kosovareve-thote-presidentja-osmani\/#article","isPartOf":{"@id":"https:\/\/permbledhja.com\/sq\/izraeli-pajtohet-ua-heq-vizat-kosovareve-thote-presidentja-osmani\/"},"author":{"name":"M M","@id":"https:\/\/permbledhja.com\/#\/schema\/person\/d23f13f59b5722643933d6780783acf3"},"headline":"Izraeli pajtohet, ua heq vizat kosovar\u00ebve thot\u00eb presidentja Osmani","datePublished":"2024-01-29T16:33:26+00:00","dateModified":"2024-01-29T16:33:26+00:00","mainEntityOfPage":{"@id":"https:\/\/permbledhja.com\/sq\/izraeli-pajtohet-ua-heq-vizat-kosovareve-thote-presidentja-osmani\/"},"wordCount":336,"publisher":{"@id":"https:\/\/permbledhja.com\/#organization"},"keywords":["Vjosa Osmani"],"articleSection":["T\u00eb r\u00ebnd\u00ebsishme"],"inLanguage":"sq"},{"@type":"WebPage","@id":"https:\/\/permbledhja.com\/sq\/izraeli-pajtohet-ua-heq-vizat-kosovareve-thote-presidentja-osmani\/","url":"https:\/\/permbledhja.com\/sq\/izraeli-pajtohet-ua-heq-vizat-kosovareve-thote-presidentja-osmani\/","name":"Izraeli pajtohet, ua heq vizat kosovar\u00ebve thot\u00eb presidentja Osmani","isPartOf":{"@id":"https:\/\/permbledhja.com\/#website"},"datePublished":"2024-01-29T16:33:26+00:00","dateModified":"2024-01-29T16:33:26+00:00","breadcrumb":{"@id":"https:\/\/permbledhja.com\/sq\/izraeli-pajtohet-ua-heq-vizat-kosovareve-thote-presidentja-osmani\/#breadcrumb"},"inLanguage":"sq","potentialAction":[{"@type":"ReadAction","target":["https:\/\/permbledhja.com\/sq\/izraeli-pajtohet-ua-heq-vizat-kosovareve-thote-presidentja-osmani\/"]}]},{"@type":"BreadcrumbList","@id":"https:\/\/permbledhja.com\/sq\/izraeli-pajtohet-ua-heq-vizat-kosovareve-thote-presidentja-osmani\/#breadcrumb","itemListElement":[{"@type":"ListItem","position":1,"name":"Ballina","item":"https:\/\/permbledhja.com\/sq\/"},{"@type":"ListItem","position":2,"name":"Izraeli pajtohet, ua heq vizat kosovar\u00ebve thot\u00eb presidentja Osmani"}]},{"@type":"WebSite","@id":"https:\/\/permbledhja.com\/#website","url":"https:\/\/permbledhja.com\/","name":"Ve\u00e7 artikuj p\u00ebrmbledh\u00ebs","description":"","publisher":{"@id":"https:\/\/permbledhja.com\/#organization"},"potentialAction":[{"@type":"SearchAction","target":{"@type":"EntryPoint","urlTemplate":"https:\/\/permbledhja.com\/?s={search_term_string}"},"query-input":"required name=search_term_string"}],"inLanguage":"sq"},{"@type":"Organization","@id":"https:\/\/permbledhja.com\/#organization","name":"MK Media & Pr","url":"https:\/\/permbledhja.com\/","logo":{"@type":"ImageObject","inLanguage":"sq","@id":"https:\/\/permbledhja.com\/#\/schema\/logo\/image\/","url":"https:\/\/permbledhja.com\/wp-content\/uploads\/2021\/12\/07-Press-Logo.jpg","contentUrl":"https:\/\/permbledhja.com\/wp-content\/uploads\/2021\/12\/07-Press-Logo.jpg","width":512,"height":512,"caption":"MK Media & Pr"},"image":{"@id":"https:\/\/permbledhja.com\/#\/schema\/logo\/image\/"},"sameAs":["https:\/\/www.facebook.com\/press07\/"]},{"@type":"Person","@id":"https:\/\/permbledhja.com\/#\/schema\/person\/d23f13f59b5722643933d6780783acf3","name":"M M","image":{"@type":"ImageObject","inLanguage":"sq","@id":"https:\/\/permbledhja.com\/#\/schema\/person\/image\/","url":"https:\/\/secure.gravatar.com\/avatar\/e2835a76ca7c31a2416b2d51c4ec9a8f?s=96&d=mm&r=g","contentUrl":"https:\/\/secure.gravatar.com\/avatar\/e2835a76ca7c31a2416b2d51c4ec9a8f?s=96&d=mm&r=g","caption":"M M"},"sameAs":["http:\/\/MM"],"url":"https:\/\/permbledhja.com\/sq\/author\/muhamet\/"}]}},"_links":{"self":[{"href":"https:\/\/permbledhja.com\/sq\/wp-json\/wp\/v2\/posts\/45155"}],"collection":[{"href":"https:\/\/permbledhja.com\/sq\/wp-json\/wp\/v2\/posts"}],"about":[{"href":"https:\/\/permbledhja.com\/sq\/wp-json\/wp\/v2\/types\/post"}],"author":[{"embeddable":true,"href":"https:\/\/permbledhja.com\/sq\/wp-json\/wp\/v2\/users\/2"}],"replies":[{"embeddable":true,"href":"https:\/\/permbledhja.com\/sq\/wp-json\/wp\/v2\/comments?post=45155"}],"version-history":[{"count":1,"href":"https:\/\/permbledhja.com\/sq\/wp-json\/wp\/v2\/posts\/45155\/revisions"}],"predecessor-version":[{"id":45157,"href":"https:\/\/permbledhja.com\/sq\/wp-json\/wp\/v2\/posts\/45155\/revisions\/45157"}],"wp:featuredmedia":[{"embeddable":true,"href":"https:\/\/permbledhja.com\/sq\/wp-json\/wp\/v2\/media\/45156"}],"wp:attachment":[{"href":"https:\/\/permbledhja.com\/sq\/wp-json\/wp\/v2\/media?parent=45155"}],"wp:term":[{"taxonomy":"category","embeddable":true,"href":"https:\/\/permbledhja.com\/sq\/wp-json\/wp\/v2\/categories?post=45155"},{"taxonomy":"post_tag","embeddable":true,"href":"https:\/\/permbledhja.com\/sq\/wp-json\/wp\/v2\/tags?post=45155"}],"curies":[{"name":"wp","href":"https:\/\/api.w.org\/{rel}","templated":true}]}}