{"id":45152,"date":"2024-01-29T16:12:15","date_gmt":"2024-01-29T16:12:15","guid":{"rendered":"https:\/\/permbledhja.com\/?p=45152"},"modified":"2024-01-29T16:12:15","modified_gmt":"2024-01-29T16:12:15","slug":"ndalimi-i-dinarit-serb-be-jemi-te-shqetesuar-per-pasojat-e-vendimit","status":"publish","type":"post","link":"https:\/\/permbledhja.com\/sq\/ndalimi-i-dinarit-serb-be-jemi-te-shqetesuar-per-pasojat-e-vendimit\/","title":{"rendered":"Ndalimi i dinarit serb, BE: Jemi t\u00eb shqet\u00ebsuar p\u00ebr pasojat e vendimit"},"content":{"rendered":"<h3>Z\u00ebdh\u00ebn\u00ebsi i BE-s\u00eb, Peter Stano, tha se BE-ja \u00ebsht\u00eb shum\u00eb e shqet\u00ebsuar p\u00ebr heqjen e dinarit n\u00eb Kosov\u00eb dhe ndikimin q\u00eb do t\u00eb ket\u00eb dhe ka n\u00eb komunitetet me shumic\u00eb serbe.<\/h3>\n<p>\u201cKjo na shqet\u00ebson gjithnj\u00eb e m\u00eb shum\u00eb, ndikimi q\u00eb do t\u00eb ket\u00eb vendimi n\u00eb komunat me shumic\u00eb serbe n\u00eb Kosov\u00eb, dhe ve\u00e7an\u00ebrisht n\u00eb shkollat \u200b\u200bapo spitalet p\u00ebr t\u00eb cilat nuk ka nj\u00eb proces alternativ t\u00eb q\u00ebndruesh\u00ebm\u201d, tha Stano n\u00eb nj\u00eb konferenc\u00eb t\u00eb rregullt n\u00eb Bruksel.<\/p>\n<p>Ai vler\u00ebsoi se vendimi p\u00ebr shfuqizimin e dinarit do t\u00eb ket\u00eb ndikim t\u00eb drejtp\u00ebrdrejt\u00eb n\u00eb jet\u00ebn e p\u00ebrditshme t\u00eb shumic\u00ebs d\u00ebrrmuese t\u00eb popullat\u00ebs serbe, t\u00eb cil\u00ebt marrin pagesa apo ndihm\u00eb financiare n\u00eb monedh\u00ebn serbe.<\/p>\n<p>\u201cDuke marr\u00eb parasysh pasojat e mundshme t\u00eb k\u00ebtij vendimi n\u00eb procesin e normalizimit t\u00eb marr\u00ebdh\u00ebnieve nd\u00ebrmjet Kosov\u00ebs dhe Serbis\u00eb, presim q\u00eb t\u00eb merren parasysh t\u00eb gjitha aspektet q\u00eb kan\u00eb t\u00eb b\u00ebjn\u00eb me komunitetin serb n\u00eb Kosov\u00eb, n\u00eb p\u00ebrputhje me dialogun e udh\u00ebhequr nga BE-ja\u201d.<\/p>\n<p>\u201cK\u00ebrkojm\u00eb q\u00eb t\u00eb p\u00ebrcaktohet nj\u00eb periudh\u00eb mjaft e gjat\u00eb tranzitore, p\u00ebr t\u00eb b\u00ebr\u00eb t\u00eb mundur gjetjen e nj\u00eb zgjidhjeje p\u00ebr k\u00ebt\u00eb problem specifik p\u00ebrmes negociatave\u201d, tha Stano.<\/p>\n<p>Bordi i Bank\u00ebs Qendrore t\u00eb Kosov\u00ebs dit\u00eb m\u00eb par\u00eb ka miratuar rregulloren e re p\u00ebr Operacionet me Parat\u00eb e Gatshme, e cila do t\u00eb hyj\u00eb n\u00eb fuqi q\u00eb nga 1 shkurti.<\/p>\n<p>Sipas k\u00ebsaj rregulloreje, valuta e vetme q\u00eb lejohet t\u00eb p\u00ebrdoret p\u00ebr kryerje t\u00eb transaksioneve t\u00eb pagesave me para t\u00eb gatshme dhe n\u00eb sistemin e pagesave n\u00eb Kosov\u00eb, \u00ebsht\u00eb Euro.<\/p>\n<p>\u201cValuta e vetme e lejuar t\u00eb p\u00ebrdoret p\u00ebr kryerjen e transaksioneve t\u00eb pagesave me para t\u00eb gatshme dhe n\u00eb sistemin e pagesave n\u00eb Republik\u00ebn e Kosov\u00ebs \u00ebsht\u00eb euro, si valut\u00eb e vetme edhe n\u00eb kuptim t\u00eb Nenit 11 t\u00eb Kushtetut\u00ebs s\u00eb Republik\u00ebs s\u00eb Kosov\u00ebs dhe Neneve 16, 17 dhe 18 t\u00eb Ligjit Nr. 03\/L-209 p\u00ebr Bank\u00ebn Qendrore t\u00eb Republik\u00ebs s\u00eb Kosov\u00ebs\u201d, thuhet n\u00eb rregullore.<\/p>\n<p>Nd\u00ebrkaq, sa i p\u00ebrket valutave tjera, BQK ka vendosur q\u00eb t\u00eb p\u00ebrdoren \u201cvet\u00ebm si vlera p\u00ebr ruajtje n\u00eb form\u00eb fizike apo n\u00eb llogarite bankare n\u00eb valuta jo euro, p\u00ebr kryerjen e pagesave nd\u00ebrkomb\u00ebtare n\u00eb valuta jo euro dhe p\u00ebr aktivitetet e k\u00ebmbimit valutor\u201d.<\/p>\n<p>Duke e p\u00ebrmendur Euron si valut\u00eb t\u00eb vetme, Kosova me gjas\u00eb p\u00ebrjashton edhe dinarin si valut\u00eb p\u00ebr kryerjen e pagesave me para t\u00eb gatshme dhe n\u00eb sistemin e pagesave q\u00eb p\u00ebrdoret n\u00eb mjediset serbe pand\u00ebrprer\u00eb edhe pse nga viti 2002 Kosova ka adoptuar euron si valut\u00eb t\u00eb saj<\/p>\n","protected":false},"excerpt":{"rendered":"<p>Z\u00ebdh\u00ebn\u00ebsi i BE-s\u00eb, Peter Stano, tha se BE-ja \u00ebsht\u00eb shum\u00eb e shqet\u00ebsuar p\u00ebr heqjen e dinarit n\u00eb Kosov\u00eb dhe ndikimin q\u00eb do t\u00eb ket\u00eb dhe ka n\u00eb komunitetet me shumic\u00eb serbe. \u201cKjo na shqet\u00ebson gjithnj\u00eb e m\u00eb shum\u00eb, ndikimi q\u00eb do t\u00eb ket\u00eb vendimi n\u00eb komunat me shumic\u00eb serbe n\u00eb Kosov\u00eb, dhe ve\u00e7an\u00ebrisht n\u00eb shkollat [&hellip;]<\/p>\n","protected":false},"author":2,"featured_media":45153,"comment_status":"closed","ping_status":"closed","sticky":false,"template":"","format":"standard","meta":{"_monsterinsights_skip_tracking":false,"_monsterinsights_sitenote_active":false,"_monsterinsights_sitenote_note":"","_monsterinsights_sitenote_category":0,"_uf_show_specific_survey":0,"_uf_disable_surveys":false,"footnotes":""},"categories":[1146],"tags":[487],"yoast_head":"<!-- This site is optimized with the Yoast SEO plugin v21.5 - https:\/\/yoast.com\/wordpress\/plugins\/seo\/ -->\n<title>Ndalimi i dinarit serb, BE: Jemi t\u00eb shqet\u00ebsuar p\u00ebr pasojat e vendimit<\/title>\n<meta name=\"robots\" content=\"index, follow, max-snippet:-1, max-image-preview:large, max-video-preview:-1\" \/>\n<link rel=\"canonical\" href=\"https:\/\/permbledhja.com\/sq\/ndalimi-i-dinarit-serb-be-jemi-te-shqetesuar-per-pasojat-e-vendimit\/\" \/>\n<meta property=\"og:locale\" content=\"sq_AL\" \/>\n<meta property=\"og:type\" content=\"article\" \/>\n<meta property=\"og:title\" content=\"Ndalimi i dinarit serb, BE: Jemi t\u00eb shqet\u00ebsuar p\u00ebr pasojat e vendimit\" \/>\n<meta property=\"og:description\" content=\"Z\u00ebdh\u00ebn\u00ebsi i BE-s\u00eb, Peter Stano, tha se BE-ja \u00ebsht\u00eb shum\u00eb e shqet\u00ebsuar p\u00ebr heqjen e dinarit n\u00eb Kosov\u00eb dhe ndikimin q\u00eb do t\u00eb ket\u00eb dhe ka n\u00eb komunitetet me shumic\u00eb serbe. \u201cKjo na shqet\u00ebson gjithnj\u00eb e m\u00eb shum\u00eb, ndikimi q\u00eb do t\u00eb ket\u00eb vendimi n\u00eb komunat me shumic\u00eb serbe n\u00eb Kosov\u00eb, dhe ve\u00e7an\u00ebrisht n\u00eb shkollat [&hellip;]\" \/>\n<meta property=\"og:url\" content=\"https:\/\/permbledhja.com\/sq\/ndalimi-i-dinarit-serb-be-jemi-te-shqetesuar-per-pasojat-e-vendimit\/\" \/>\n<meta property=\"og:site_name\" content=\"Ve\u00e7 artikuj p\u00ebrmbledh\u00ebs\" \/>\n<meta property=\"article:publisher\" content=\"https:\/\/www.facebook.com\/press07\/\" \/>\n<meta property=\"article:published_time\" content=\"2024-01-29T16:12:15+00:00\" \/>\n<meta property=\"og:image\" content=\"https:\/\/permbledhja.com\/wp-content\/uploads\/2024\/01\/bashkimi-evropian-ua-ndalon-hyrjen-edhe-serbise-dhe-malit-te-zi-960x538-1.jpg\" \/>\n\t<meta property=\"og:image:width\" content=\"960\" \/>\n\t<meta property=\"og:image:height\" content=\"538\" \/>\n\t<meta property=\"og:image:type\" content=\"image\/jpeg\" \/>\n<meta name=\"author\" content=\"M M\" \/>\n<meta name=\"twitter:card\" content=\"summary_large_image\" \/>\n<meta name=\"twitter:label1\" content=\"Written by\" \/>\n\t<meta name=\"twitter:data1\" content=\"M M\" \/>\n\t<meta name=\"twitter:label2\" content=\"Est. reading time\" \/>\n\t<meta name=\"twitter:data2\" content=\"3 minuta\" \/>\n<script type=\"application\/ld+json\" class=\"yoast-schema-graph\">{\"@context\":\"https:\/\/schema.org\",\"@graph\":[{\"@type\":\"Article\",\"@id\":\"https:\/\/permbledhja.com\/ndalimi-i-dinarit-serb-be-jemi-te-shqetesuar-per-pasojat-e-vendimit\/#article\",\"isPartOf\":{\"@id\":\"https:\/\/permbledhja.com\/ndalimi-i-dinarit-serb-be-jemi-te-shqetesuar-per-pasojat-e-vendimit\/\"},\"author\":{\"name\":\"M M\",\"@id\":\"https:\/\/permbledhja.com\/#\/schema\/person\/d23f13f59b5722643933d6780783acf3\"},\"headline\":\"Ndalimi i dinarit serb, BE: Jemi t\u00eb shqet\u00ebsuar p\u00ebr pasojat e vendimit\",\"datePublished\":\"2024-01-29T16:12:15+00:00\",\"dateModified\":\"2024-01-29T16:12:15+00:00\",\"mainEntityOfPage\":{\"@id\":\"https:\/\/permbledhja.com\/ndalimi-i-dinarit-serb-be-jemi-te-shqetesuar-per-pasojat-e-vendimit\/\"},\"wordCount\":472,\"publisher\":{\"@id\":\"https:\/\/permbledhja.com\/#organization\"},\"keywords\":[\"BE\"],\"articleSection\":[\"Kryesoret\"],\"inLanguage\":\"sq\"},{\"@type\":\"WebPage\",\"@id\":\"https:\/\/permbledhja.com\/ndalimi-i-dinarit-serb-be-jemi-te-shqetesuar-per-pasojat-e-vendimit\/\",\"url\":\"https:\/\/permbledhja.com\/ndalimi-i-dinarit-serb-be-jemi-te-shqetesuar-per-pasojat-e-vendimit\/\",\"name\":\"Ndalimi i dinarit serb, BE: Jemi t\u00eb shqet\u00ebsuar p\u00ebr pasojat e vendimit\",\"isPartOf\":{\"@id\":\"https:\/\/permbledhja.com\/#website\"},\"datePublished\":\"2024-01-29T16:12:15+00:00\",\"dateModified\":\"2024-01-29T16:12:15+00:00\",\"breadcrumb\":{\"@id\":\"https:\/\/permbledhja.com\/ndalimi-i-dinarit-serb-be-jemi-te-shqetesuar-per-pasojat-e-vendimit\/#breadcrumb\"},\"inLanguage\":\"sq\",\"potentialAction\":[{\"@type\":\"ReadAction\",\"target\":[\"https:\/\/permbledhja.com\/ndalimi-i-dinarit-serb-be-jemi-te-shqetesuar-per-pasojat-e-vendimit\/\"]}]},{\"@type\":\"BreadcrumbList\",\"@id\":\"https:\/\/permbledhja.com\/ndalimi-i-dinarit-serb-be-jemi-te-shqetesuar-per-pasojat-e-vendimit\/#breadcrumb\",\"itemListElement\":[{\"@type\":\"ListItem\",\"position\":1,\"name\":\"Ballina\",\"item\":\"https:\/\/permbledhja.com\/sq\/\"},{\"@type\":\"ListItem\",\"position\":2,\"name\":\"Ndalimi i dinarit serb, BE: Jemi t\u00eb shqet\u00ebsuar p\u00ebr pasojat e vendimit\"}]},{\"@type\":\"WebSite\",\"@id\":\"https:\/\/permbledhja.com\/#website\",\"url\":\"https:\/\/permbledhja.com\/\",\"name\":\"Ve\u00e7 artikuj p\u00ebrmbledh\u00ebs\",\"description\":\"\",\"publisher\":{\"@id\":\"https:\/\/permbledhja.com\/#organization\"},\"potentialAction\":[{\"@type\":\"SearchAction\",\"target\":{\"@type\":\"EntryPoint\",\"urlTemplate\":\"https:\/\/permbledhja.com\/?s={search_term_string}\"},\"query-input\":\"required name=search_term_string\"}],\"inLanguage\":\"sq\"},{\"@type\":\"Organization\",\"@id\":\"https:\/\/permbledhja.com\/#organization\",\"name\":\"MK Media & Pr\",\"url\":\"https:\/\/permbledhja.com\/\",\"logo\":{\"@type\":\"ImageObject\",\"inLanguage\":\"sq\",\"@id\":\"https:\/\/permbledhja.com\/#\/schema\/logo\/image\/\",\"url\":\"https:\/\/permbledhja.com\/wp-content\/uploads\/2021\/12\/07-Press-Logo.jpg\",\"contentUrl\":\"https:\/\/permbledhja.com\/wp-content\/uploads\/2021\/12\/07-Press-Logo.jpg\",\"width\":512,\"height\":512,\"caption\":\"MK Media & Pr\"},\"image\":{\"@id\":\"https:\/\/permbledhja.com\/#\/schema\/logo\/image\/\"},\"sameAs\":[\"https:\/\/www.facebook.com\/press07\/\"]},{\"@type\":\"Person\",\"@id\":\"https:\/\/permbledhja.com\/#\/schema\/person\/d23f13f59b5722643933d6780783acf3\",\"name\":\"M M\",\"image\":{\"@type\":\"ImageObject\",\"inLanguage\":\"sq\",\"@id\":\"https:\/\/permbledhja.com\/#\/schema\/person\/image\/\",\"url\":\"https:\/\/secure.gravatar.com\/avatar\/e2835a76ca7c31a2416b2d51c4ec9a8f?s=96&d=mm&r=g\",\"contentUrl\":\"https:\/\/secure.gravatar.com\/avatar\/e2835a76ca7c31a2416b2d51c4ec9a8f?s=96&d=mm&r=g\",\"caption\":\"M M\"},\"sameAs\":[\"http:\/\/MM\"],\"url\":\"https:\/\/permbledhja.com\/sq\/author\/muhamet\/\"}]}<\/script>\n<!-- \/ Yoast SEO plugin. -->","yoast_head_json":{"title":"Ndalimi i dinarit serb, BE: Jemi t\u00eb shqet\u00ebsuar p\u00ebr pasojat e vendimit","robots":{"index":"index","follow":"follow","max-snippet":"max-snippet:-1","max-image-preview":"max-image-preview:large","max-video-preview":"max-video-preview:-1"},"canonical":"https:\/\/permbledhja.com\/sq\/ndalimi-i-dinarit-serb-be-jemi-te-shqetesuar-per-pasojat-e-vendimit\/","og_locale":"sq_AL","og_type":"article","og_title":"Ndalimi i dinarit serb, BE: Jemi t\u00eb shqet\u00ebsuar p\u00ebr pasojat e vendimit","og_description":"Z\u00ebdh\u00ebn\u00ebsi i BE-s\u00eb, Peter Stano, tha se BE-ja \u00ebsht\u00eb shum\u00eb e shqet\u00ebsuar p\u00ebr heqjen e dinarit n\u00eb Kosov\u00eb dhe ndikimin q\u00eb do t\u00eb ket\u00eb dhe ka n\u00eb komunitetet me shumic\u00eb serbe. \u201cKjo na shqet\u00ebson gjithnj\u00eb e m\u00eb shum\u00eb, ndikimi q\u00eb do t\u00eb ket\u00eb vendimi n\u00eb komunat me shumic\u00eb serbe n\u00eb Kosov\u00eb, dhe ve\u00e7an\u00ebrisht n\u00eb shkollat [&hellip;]","og_url":"https:\/\/permbledhja.com\/sq\/ndalimi-i-dinarit-serb-be-jemi-te-shqetesuar-per-pasojat-e-vendimit\/","og_site_name":"Ve\u00e7 artikuj p\u00ebrmbledh\u00ebs","article_publisher":"https:\/\/www.facebook.com\/press07\/","article_published_time":"2024-01-29T16:12:15+00:00","og_image":[{"width":960,"height":538,"url":"https:\/\/permbledhja.com\/wp-content\/uploads\/2024\/01\/bashkimi-evropian-ua-ndalon-hyrjen-edhe-serbise-dhe-malit-te-zi-960x538-1.jpg","type":"image\/jpeg"}],"author":"M M","twitter_card":"summary_large_image","twitter_misc":{"Written by":"M M","Est. reading time":"3 minuta"},"schema":{"@context":"https:\/\/schema.org","@graph":[{"@type":"Article","@id":"https:\/\/permbledhja.com\/ndalimi-i-dinarit-serb-be-jemi-te-shqetesuar-per-pasojat-e-vendimit\/#article","isPartOf":{"@id":"https:\/\/permbledhja.com\/ndalimi-i-dinarit-serb-be-jemi-te-shqetesuar-per-pasojat-e-vendimit\/"},"author":{"name":"M M","@id":"https:\/\/permbledhja.com\/#\/schema\/person\/d23f13f59b5722643933d6780783acf3"},"headline":"Ndalimi i dinarit serb, BE: Jemi t\u00eb shqet\u00ebsuar p\u00ebr pasojat e vendimit","datePublished":"2024-01-29T16:12:15+00:00","dateModified":"2024-01-29T16:12:15+00:00","mainEntityOfPage":{"@id":"https:\/\/permbledhja.com\/ndalimi-i-dinarit-serb-be-jemi-te-shqetesuar-per-pasojat-e-vendimit\/"},"wordCount":472,"publisher":{"@id":"https:\/\/permbledhja.com\/#organization"},"keywords":["BE"],"articleSection":["Kryesoret"],"inLanguage":"sq"},{"@type":"WebPage","@id":"https:\/\/permbledhja.com\/ndalimi-i-dinarit-serb-be-jemi-te-shqetesuar-per-pasojat-e-vendimit\/","url":"https:\/\/permbledhja.com\/ndalimi-i-dinarit-serb-be-jemi-te-shqetesuar-per-pasojat-e-vendimit\/","name":"Ndalimi i dinarit serb, BE: Jemi t\u00eb shqet\u00ebsuar p\u00ebr pasojat e vendimit","isPartOf":{"@id":"https:\/\/permbledhja.com\/#website"},"datePublished":"2024-01-29T16:12:15+00:00","dateModified":"2024-01-29T16:12:15+00:00","breadcrumb":{"@id":"https:\/\/permbledhja.com\/ndalimi-i-dinarit-serb-be-jemi-te-shqetesuar-per-pasojat-e-vendimit\/#breadcrumb"},"inLanguage":"sq","potentialAction":[{"@type":"ReadAction","target":["https:\/\/permbledhja.com\/ndalimi-i-dinarit-serb-be-jemi-te-shqetesuar-per-pasojat-e-vendimit\/"]}]},{"@type":"BreadcrumbList","@id":"https:\/\/permbledhja.com\/ndalimi-i-dinarit-serb-be-jemi-te-shqetesuar-per-pasojat-e-vendimit\/#breadcrumb","itemListElement":[{"@type":"ListItem","position":1,"name":"Ballina","item":"https:\/\/permbledhja.com\/sq\/"},{"@type":"ListItem","position":2,"name":"Ndalimi i dinarit serb, BE: Jemi t\u00eb shqet\u00ebsuar p\u00ebr pasojat e vendimit"}]},{"@type":"WebSite","@id":"https:\/\/permbledhja.com\/#website","url":"https:\/\/permbledhja.com\/","name":"Ve\u00e7 artikuj p\u00ebrmbledh\u00ebs","description":"","publisher":{"@id":"https:\/\/permbledhja.com\/#organization"},"potentialAction":[{"@type":"SearchAction","target":{"@type":"EntryPoint","urlTemplate":"https:\/\/permbledhja.com\/?s={search_term_string}"},"query-input":"required name=search_term_string"}],"inLanguage":"sq"},{"@type":"Organization","@id":"https:\/\/permbledhja.com\/#organization","name":"MK Media & Pr","url":"https:\/\/permbledhja.com\/","logo":{"@type":"ImageObject","inLanguage":"sq","@id":"https:\/\/permbledhja.com\/#\/schema\/logo\/image\/","url":"https:\/\/permbledhja.com\/wp-content\/uploads\/2021\/12\/07-Press-Logo.jpg","contentUrl":"https:\/\/permbledhja.com\/wp-content\/uploads\/2021\/12\/07-Press-Logo.jpg","width":512,"height":512,"caption":"MK Media & Pr"},"image":{"@id":"https:\/\/permbledhja.com\/#\/schema\/logo\/image\/"},"sameAs":["https:\/\/www.facebook.com\/press07\/"]},{"@type":"Person","@id":"https:\/\/permbledhja.com\/#\/schema\/person\/d23f13f59b5722643933d6780783acf3","name":"M M","image":{"@type":"ImageObject","inLanguage":"sq","@id":"https:\/\/permbledhja.com\/#\/schema\/person\/image\/","url":"https:\/\/secure.gravatar.com\/avatar\/e2835a76ca7c31a2416b2d51c4ec9a8f?s=96&d=mm&r=g","contentUrl":"https:\/\/secure.gravatar.com\/avatar\/e2835a76ca7c31a2416b2d51c4ec9a8f?s=96&d=mm&r=g","caption":"M M"},"sameAs":["http:\/\/MM"],"url":"https:\/\/permbledhja.com\/sq\/author\/muhamet\/"}]}},"_links":{"self":[{"href":"https:\/\/permbledhja.com\/sq\/wp-json\/wp\/v2\/posts\/45152"}],"collection":[{"href":"https:\/\/permbledhja.com\/sq\/wp-json\/wp\/v2\/posts"}],"about":[{"href":"https:\/\/permbledhja.com\/sq\/wp-json\/wp\/v2\/types\/post"}],"author":[{"embeddable":true,"href":"https:\/\/permbledhja.com\/sq\/wp-json\/wp\/v2\/users\/2"}],"replies":[{"embeddable":true,"href":"https:\/\/permbledhja.com\/sq\/wp-json\/wp\/v2\/comments?post=45152"}],"version-history":[{"count":1,"href":"https:\/\/permbledhja.com\/sq\/wp-json\/wp\/v2\/posts\/45152\/revisions"}],"predecessor-version":[{"id":45154,"href":"https:\/\/permbledhja.com\/sq\/wp-json\/wp\/v2\/posts\/45152\/revisions\/45154"}],"wp:featuredmedia":[{"embeddable":true,"href":"https:\/\/permbledhja.com\/sq\/wp-json\/wp\/v2\/media\/45153"}],"wp:attachment":[{"href":"https:\/\/permbledhja.com\/sq\/wp-json\/wp\/v2\/media?parent=45152"}],"wp:term":[{"taxonomy":"category","embeddable":true,"href":"https:\/\/permbledhja.com\/sq\/wp-json\/wp\/v2\/categories?post=45152"},{"taxonomy":"post_tag","embeddable":true,"href":"https:\/\/permbledhja.com\/sq\/wp-json\/wp\/v2\/tags?post=45152"}],"curies":[{"name":"wp","href":"https:\/\/api.w.org\/{rel}","templated":true}]}}