{"id":45144,"date":"2024-01-29T15:34:01","date_gmt":"2024-01-29T15:34:01","guid":{"rendered":"https:\/\/permbledhja.com\/?p=45144"},"modified":"2024-01-29T15:34:01","modified_gmt":"2024-01-29T15:34:01","slug":"lajcak-takohet-me-vuciqin-folem-rreth-hapave-te-ardhshem-per-normalizimin-e-marredhenieve-me-kosoven","status":"publish","type":"post","link":"https:\/\/permbledhja.com\/sq\/lajcak-takohet-me-vuciqin-folem-rreth-hapave-te-ardhshem-per-normalizimin-e-marredhenieve-me-kosoven\/","title":{"rendered":"Laj\u00e7ak takohet me Vu\u00e7iqin: Fol\u00ebm rreth hapave t\u00eb ardhsh\u00ebm p\u00ebr normalizimin e marr\u00ebdh\u00ebnieve me Kosov\u00ebn"},"content":{"rendered":"<h3>Emisari Special i Bashkimit Evropian n\u00eb dialogun Kosov\u00eb-Serbi, Miroslav Laj\u00e7ak, po q\u00ebndron p\u00ebr nj\u00eb vizit\u00eb zyrtare n\u00eb Beograd, ku u takua me presidentin e Serbis\u00eb Aleksandar Vu\u00e7iq.<\/h3>\n<p>Laj\u00e7ak pas takimit tha se me Vu\u00e7iqin, fol\u00ebn rreth normalizimit t\u00eb marr\u00ebdh\u00ebnieve midis Kosov\u00ebs dhe Serbis\u00eb.<\/p>\n<p>Ai theksoi se po ashtu s\u00eb bashku b\u00ebn\u00eb edhe nj\u00eb bilanc mbi situat\u00ebn aktuale n\u00eb dialog.<\/p>\n<p>\u201cN\u00eb diskutimin ton\u00eb, u fokusuam n\u00eb perspektiv\u00ebn strategjike p\u00ebr vitin 2024, b\u00ebm\u00eb nj\u00eb bilanc mbi situat\u00ebn aktuale n\u00eb dialog dhe fol\u00ebm p\u00ebr hapat e ardhsh\u00ebm n\u00eb normalizimin e marr\u00ebdh\u00ebnieve me Kosov\u00ebn\u201d, shkroi Laj\u00e7ak.<\/p>\n<p>Miroslav Laj\u00e7ak, nes\u00ebr do t\u00eb vij n\u00eb Kosov\u00eb ku do t\u00eb takohet me krer\u00ebt shtet\u00ebror.<\/p>\n","protected":false},"excerpt":{"rendered":"<p>Emisari Special i Bashkimit Evropian n\u00eb dialogun Kosov\u00eb-Serbi, Miroslav Laj\u00e7ak, po q\u00ebndron p\u00ebr nj\u00eb vizit\u00eb zyrtare n\u00eb Beograd, ku u takua me presidentin e Serbis\u00eb Aleksandar Vu\u00e7iq. Laj\u00e7ak pas takimit tha se me Vu\u00e7iqin, fol\u00ebn rreth normalizimit t\u00eb marr\u00ebdh\u00ebnieve midis Kosov\u00ebs dhe Serbis\u00eb. Ai theksoi se po ashtu s\u00eb bashku b\u00ebn\u00eb edhe nj\u00eb bilanc mbi [&hellip;]<\/p>\n","protected":false},"author":2,"featured_media":45145,"comment_status":"closed","ping_status":"closed","sticky":false,"template":"","format":"standard","meta":{"_monsterinsights_skip_tracking":false,"_monsterinsights_sitenote_active":false,"_monsterinsights_sitenote_note":"","_monsterinsights_sitenote_category":0,"_uf_show_specific_survey":0,"_uf_disable_surveys":false,"footnotes":""},"categories":[2645],"tags":[658,1354],"yoast_head":"<!-- This site is optimized with the Yoast SEO plugin v21.5 - https:\/\/yoast.com\/wordpress\/plugins\/seo\/ -->\n<title>Laj\u00e7ak takohet me Vu\u00e7iqin: Fol\u00ebm rreth hapave t\u00eb ardhsh\u00ebm p\u00ebr normalizimin e marr\u00ebdh\u00ebnieve me Kosov\u00ebn<\/title>\n<meta name=\"robots\" content=\"index, follow, max-snippet:-1, max-image-preview:large, max-video-preview:-1\" \/>\n<link rel=\"canonical\" href=\"https:\/\/permbledhja.com\/sq\/lajcak-takohet-me-vuciqin-folem-rreth-hapave-te-ardhshem-per-normalizimin-e-marredhenieve-me-kosoven\/\" \/>\n<meta property=\"og:locale\" content=\"sq_AL\" \/>\n<meta property=\"og:type\" content=\"article\" \/>\n<meta property=\"og:title\" content=\"Laj\u00e7ak takohet me Vu\u00e7iqin: Fol\u00ebm rreth hapave t\u00eb ardhsh\u00ebm p\u00ebr normalizimin e marr\u00ebdh\u00ebnieve me Kosov\u00ebn\" \/>\n<meta property=\"og:description\" content=\"Emisari Special i Bashkimit Evropian n\u00eb dialogun Kosov\u00eb-Serbi, Miroslav Laj\u00e7ak, po q\u00ebndron p\u00ebr nj\u00eb vizit\u00eb zyrtare n\u00eb Beograd, ku u takua me presidentin e Serbis\u00eb Aleksandar Vu\u00e7iq. Laj\u00e7ak pas takimit tha se me Vu\u00e7iqin, fol\u00ebn rreth normalizimit t\u00eb marr\u00ebdh\u00ebnieve midis Kosov\u00ebs dhe Serbis\u00eb. Ai theksoi se po ashtu s\u00eb bashku b\u00ebn\u00eb edhe nj\u00eb bilanc mbi [&hellip;]\" \/>\n<meta property=\"og:url\" content=\"https:\/\/permbledhja.com\/sq\/lajcak-takohet-me-vuciqin-folem-rreth-hapave-te-ardhshem-per-normalizimin-e-marredhenieve-me-kosoven\/\" \/>\n<meta property=\"og:site_name\" content=\"Ve\u00e7 artikuj p\u00ebrmbledh\u00ebs\" \/>\n<meta property=\"article:publisher\" content=\"https:\/\/www.facebook.com\/press07\/\" \/>\n<meta property=\"article:published_time\" content=\"2024-01-29T15:34:01+00:00\" \/>\n<meta property=\"og:image\" content=\"https:\/\/permbledhja.com\/wp-content\/uploads\/2024\/01\/Miroslav-Lajcak-Aleksandar-Vuciq.jpg\" \/>\n\t<meta property=\"og:image:width\" content=\"885\" \/>\n\t<meta property=\"og:image:height\" content=\"611\" \/>\n\t<meta property=\"og:image:type\" content=\"image\/jpeg\" \/>\n<meta name=\"author\" content=\"M M\" \/>\n<meta name=\"twitter:card\" content=\"summary_large_image\" \/>\n<meta name=\"twitter:label1\" content=\"Written by\" \/>\n\t<meta name=\"twitter:data1\" content=\"M M\" \/>\n\t<meta name=\"twitter:label2\" content=\"Est. reading time\" \/>\n\t<meta name=\"twitter:data2\" content=\"1 minut\u00eb\" \/>\n<script type=\"application\/ld+json\" class=\"yoast-schema-graph\">{\"@context\":\"https:\/\/schema.org\",\"@graph\":[{\"@type\":\"Article\",\"@id\":\"https:\/\/permbledhja.com\/lajcak-takohet-me-vuciqin-folem-rreth-hapave-te-ardhshem-per-normalizimin-e-marredhenieve-me-kosoven\/#article\",\"isPartOf\":{\"@id\":\"https:\/\/permbledhja.com\/lajcak-takohet-me-vuciqin-folem-rreth-hapave-te-ardhshem-per-normalizimin-e-marredhenieve-me-kosoven\/\"},\"author\":{\"name\":\"M M\",\"@id\":\"https:\/\/permbledhja.com\/#\/schema\/person\/d23f13f59b5722643933d6780783acf3\"},\"headline\":\"Laj\u00e7ak takohet me Vu\u00e7iqin: Fol\u00ebm rreth hapave t\u00eb ardhsh\u00ebm p\u00ebr normalizimin e marr\u00ebdh\u00ebnieve me Kosov\u00ebn\",\"datePublished\":\"2024-01-29T15:34:01+00:00\",\"dateModified\":\"2024-01-29T15:34:01+00:00\",\"mainEntityOfPage\":{\"@id\":\"https:\/\/permbledhja.com\/lajcak-takohet-me-vuciqin-folem-rreth-hapave-te-ardhshem-per-normalizimin-e-marredhenieve-me-kosoven\/\"},\"wordCount\":157,\"publisher\":{\"@id\":\"https:\/\/permbledhja.com\/#organization\"},\"keywords\":[\"Aleksandar Vu\u00e7iq\",\"Miroslav Laj\u00e7ak\"],\"articleSection\":[\"T\u00eb r\u00ebnd\u00ebsishme\"],\"inLanguage\":\"sq\"},{\"@type\":\"WebPage\",\"@id\":\"https:\/\/permbledhja.com\/lajcak-takohet-me-vuciqin-folem-rreth-hapave-te-ardhshem-per-normalizimin-e-marredhenieve-me-kosoven\/\",\"url\":\"https:\/\/permbledhja.com\/lajcak-takohet-me-vuciqin-folem-rreth-hapave-te-ardhshem-per-normalizimin-e-marredhenieve-me-kosoven\/\",\"name\":\"Laj\u00e7ak takohet me Vu\u00e7iqin: Fol\u00ebm rreth hapave t\u00eb ardhsh\u00ebm p\u00ebr normalizimin e marr\u00ebdh\u00ebnieve me Kosov\u00ebn\",\"isPartOf\":{\"@id\":\"https:\/\/permbledhja.com\/#website\"},\"datePublished\":\"2024-01-29T15:34:01+00:00\",\"dateModified\":\"2024-01-29T15:34:01+00:00\",\"breadcrumb\":{\"@id\":\"https:\/\/permbledhja.com\/lajcak-takohet-me-vuciqin-folem-rreth-hapave-te-ardhshem-per-normalizimin-e-marredhenieve-me-kosoven\/#breadcrumb\"},\"inLanguage\":\"sq\",\"potentialAction\":[{\"@type\":\"ReadAction\",\"target\":[\"https:\/\/permbledhja.com\/lajcak-takohet-me-vuciqin-folem-rreth-hapave-te-ardhshem-per-normalizimin-e-marredhenieve-me-kosoven\/\"]}]},{\"@type\":\"BreadcrumbList\",\"@id\":\"https:\/\/permbledhja.com\/lajcak-takohet-me-vuciqin-folem-rreth-hapave-te-ardhshem-per-normalizimin-e-marredhenieve-me-kosoven\/#breadcrumb\",\"itemListElement\":[{\"@type\":\"ListItem\",\"position\":1,\"name\":\"Ballina\",\"item\":\"https:\/\/permbledhja.com\/sq\/\"},{\"@type\":\"ListItem\",\"position\":2,\"name\":\"Laj\u00e7ak takohet me Vu\u00e7iqin: Fol\u00ebm rreth hapave t\u00eb ardhsh\u00ebm p\u00ebr normalizimin e marr\u00ebdh\u00ebnieve me Kosov\u00ebn\"}]},{\"@type\":\"WebSite\",\"@id\":\"https:\/\/permbledhja.com\/#website\",\"url\":\"https:\/\/permbledhja.com\/\",\"name\":\"Ve\u00e7 artikuj p\u00ebrmbledh\u00ebs\",\"description\":\"\",\"publisher\":{\"@id\":\"https:\/\/permbledhja.com\/#organization\"},\"potentialAction\":[{\"@type\":\"SearchAction\",\"target\":{\"@type\":\"EntryPoint\",\"urlTemplate\":\"https:\/\/permbledhja.com\/?s={search_term_string}\"},\"query-input\":\"required name=search_term_string\"}],\"inLanguage\":\"sq\"},{\"@type\":\"Organization\",\"@id\":\"https:\/\/permbledhja.com\/#organization\",\"name\":\"MK Media & Pr\",\"url\":\"https:\/\/permbledhja.com\/\",\"logo\":{\"@type\":\"ImageObject\",\"inLanguage\":\"sq\",\"@id\":\"https:\/\/permbledhja.com\/#\/schema\/logo\/image\/\",\"url\":\"https:\/\/permbledhja.com\/wp-content\/uploads\/2021\/12\/07-Press-Logo.jpg\",\"contentUrl\":\"https:\/\/permbledhja.com\/wp-content\/uploads\/2021\/12\/07-Press-Logo.jpg\",\"width\":512,\"height\":512,\"caption\":\"MK Media & Pr\"},\"image\":{\"@id\":\"https:\/\/permbledhja.com\/#\/schema\/logo\/image\/\"},\"sameAs\":[\"https:\/\/www.facebook.com\/press07\/\"]},{\"@type\":\"Person\",\"@id\":\"https:\/\/permbledhja.com\/#\/schema\/person\/d23f13f59b5722643933d6780783acf3\",\"name\":\"M M\",\"image\":{\"@type\":\"ImageObject\",\"inLanguage\":\"sq\",\"@id\":\"https:\/\/permbledhja.com\/#\/schema\/person\/image\/\",\"url\":\"https:\/\/secure.gravatar.com\/avatar\/e2835a76ca7c31a2416b2d51c4ec9a8f?s=96&d=mm&r=g\",\"contentUrl\":\"https:\/\/secure.gravatar.com\/avatar\/e2835a76ca7c31a2416b2d51c4ec9a8f?s=96&d=mm&r=g\",\"caption\":\"M M\"},\"sameAs\":[\"http:\/\/MM\"],\"url\":\"https:\/\/permbledhja.com\/sq\/author\/muhamet\/\"}]}<\/script>\n<!-- \/ Yoast SEO plugin. -->","yoast_head_json":{"title":"Laj\u00e7ak takohet me Vu\u00e7iqin: Fol\u00ebm rreth hapave t\u00eb ardhsh\u00ebm p\u00ebr normalizimin e marr\u00ebdh\u00ebnieve me Kosov\u00ebn","robots":{"index":"index","follow":"follow","max-snippet":"max-snippet:-1","max-image-preview":"max-image-preview:large","max-video-preview":"max-video-preview:-1"},"canonical":"https:\/\/permbledhja.com\/sq\/lajcak-takohet-me-vuciqin-folem-rreth-hapave-te-ardhshem-per-normalizimin-e-marredhenieve-me-kosoven\/","og_locale":"sq_AL","og_type":"article","og_title":"Laj\u00e7ak takohet me Vu\u00e7iqin: Fol\u00ebm rreth hapave t\u00eb ardhsh\u00ebm p\u00ebr normalizimin e marr\u00ebdh\u00ebnieve me Kosov\u00ebn","og_description":"Emisari Special i Bashkimit Evropian n\u00eb dialogun Kosov\u00eb-Serbi, Miroslav Laj\u00e7ak, po q\u00ebndron p\u00ebr nj\u00eb vizit\u00eb zyrtare n\u00eb Beograd, ku u takua me presidentin e Serbis\u00eb Aleksandar Vu\u00e7iq. Laj\u00e7ak pas takimit tha se me Vu\u00e7iqin, fol\u00ebn rreth normalizimit t\u00eb marr\u00ebdh\u00ebnieve midis Kosov\u00ebs dhe Serbis\u00eb. Ai theksoi se po ashtu s\u00eb bashku b\u00ebn\u00eb edhe nj\u00eb bilanc mbi [&hellip;]","og_url":"https:\/\/permbledhja.com\/sq\/lajcak-takohet-me-vuciqin-folem-rreth-hapave-te-ardhshem-per-normalizimin-e-marredhenieve-me-kosoven\/","og_site_name":"Ve\u00e7 artikuj p\u00ebrmbledh\u00ebs","article_publisher":"https:\/\/www.facebook.com\/press07\/","article_published_time":"2024-01-29T15:34:01+00:00","og_image":[{"width":885,"height":611,"url":"https:\/\/permbledhja.com\/wp-content\/uploads\/2024\/01\/Miroslav-Lajcak-Aleksandar-Vuciq.jpg","type":"image\/jpeg"}],"author":"M M","twitter_card":"summary_large_image","twitter_misc":{"Written by":"M M","Est. reading time":"1 minut\u00eb"},"schema":{"@context":"https:\/\/schema.org","@graph":[{"@type":"Article","@id":"https:\/\/permbledhja.com\/lajcak-takohet-me-vuciqin-folem-rreth-hapave-te-ardhshem-per-normalizimin-e-marredhenieve-me-kosoven\/#article","isPartOf":{"@id":"https:\/\/permbledhja.com\/lajcak-takohet-me-vuciqin-folem-rreth-hapave-te-ardhshem-per-normalizimin-e-marredhenieve-me-kosoven\/"},"author":{"name":"M M","@id":"https:\/\/permbledhja.com\/#\/schema\/person\/d23f13f59b5722643933d6780783acf3"},"headline":"Laj\u00e7ak takohet me Vu\u00e7iqin: Fol\u00ebm rreth hapave t\u00eb ardhsh\u00ebm p\u00ebr normalizimin e marr\u00ebdh\u00ebnieve me Kosov\u00ebn","datePublished":"2024-01-29T15:34:01+00:00","dateModified":"2024-01-29T15:34:01+00:00","mainEntityOfPage":{"@id":"https:\/\/permbledhja.com\/lajcak-takohet-me-vuciqin-folem-rreth-hapave-te-ardhshem-per-normalizimin-e-marredhenieve-me-kosoven\/"},"wordCount":157,"publisher":{"@id":"https:\/\/permbledhja.com\/#organization"},"keywords":["Aleksandar Vu\u00e7iq","Miroslav Laj\u00e7ak"],"articleSection":["T\u00eb r\u00ebnd\u00ebsishme"],"inLanguage":"sq"},{"@type":"WebPage","@id":"https:\/\/permbledhja.com\/lajcak-takohet-me-vuciqin-folem-rreth-hapave-te-ardhshem-per-normalizimin-e-marredhenieve-me-kosoven\/","url":"https:\/\/permbledhja.com\/lajcak-takohet-me-vuciqin-folem-rreth-hapave-te-ardhshem-per-normalizimin-e-marredhenieve-me-kosoven\/","name":"Laj\u00e7ak takohet me Vu\u00e7iqin: Fol\u00ebm rreth hapave t\u00eb ardhsh\u00ebm p\u00ebr normalizimin e marr\u00ebdh\u00ebnieve me Kosov\u00ebn","isPartOf":{"@id":"https:\/\/permbledhja.com\/#website"},"datePublished":"2024-01-29T15:34:01+00:00","dateModified":"2024-01-29T15:34:01+00:00","breadcrumb":{"@id":"https:\/\/permbledhja.com\/lajcak-takohet-me-vuciqin-folem-rreth-hapave-te-ardhshem-per-normalizimin-e-marredhenieve-me-kosoven\/#breadcrumb"},"inLanguage":"sq","potentialAction":[{"@type":"ReadAction","target":["https:\/\/permbledhja.com\/lajcak-takohet-me-vuciqin-folem-rreth-hapave-te-ardhshem-per-normalizimin-e-marredhenieve-me-kosoven\/"]}]},{"@type":"BreadcrumbList","@id":"https:\/\/permbledhja.com\/lajcak-takohet-me-vuciqin-folem-rreth-hapave-te-ardhshem-per-normalizimin-e-marredhenieve-me-kosoven\/#breadcrumb","itemListElement":[{"@type":"ListItem","position":1,"name":"Ballina","item":"https:\/\/permbledhja.com\/sq\/"},{"@type":"ListItem","position":2,"name":"Laj\u00e7ak takohet me Vu\u00e7iqin: Fol\u00ebm rreth hapave t\u00eb ardhsh\u00ebm p\u00ebr normalizimin e marr\u00ebdh\u00ebnieve me Kosov\u00ebn"}]},{"@type":"WebSite","@id":"https:\/\/permbledhja.com\/#website","url":"https:\/\/permbledhja.com\/","name":"Ve\u00e7 artikuj p\u00ebrmbledh\u00ebs","description":"","publisher":{"@id":"https:\/\/permbledhja.com\/#organization"},"potentialAction":[{"@type":"SearchAction","target":{"@type":"EntryPoint","urlTemplate":"https:\/\/permbledhja.com\/?s={search_term_string}"},"query-input":"required name=search_term_string"}],"inLanguage":"sq"},{"@type":"Organization","@id":"https:\/\/permbledhja.com\/#organization","name":"MK Media & Pr","url":"https:\/\/permbledhja.com\/","logo":{"@type":"ImageObject","inLanguage":"sq","@id":"https:\/\/permbledhja.com\/#\/schema\/logo\/image\/","url":"https:\/\/permbledhja.com\/wp-content\/uploads\/2021\/12\/07-Press-Logo.jpg","contentUrl":"https:\/\/permbledhja.com\/wp-content\/uploads\/2021\/12\/07-Press-Logo.jpg","width":512,"height":512,"caption":"MK Media & Pr"},"image":{"@id":"https:\/\/permbledhja.com\/#\/schema\/logo\/image\/"},"sameAs":["https:\/\/www.facebook.com\/press07\/"]},{"@type":"Person","@id":"https:\/\/permbledhja.com\/#\/schema\/person\/d23f13f59b5722643933d6780783acf3","name":"M M","image":{"@type":"ImageObject","inLanguage":"sq","@id":"https:\/\/permbledhja.com\/#\/schema\/person\/image\/","url":"https:\/\/secure.gravatar.com\/avatar\/e2835a76ca7c31a2416b2d51c4ec9a8f?s=96&d=mm&r=g","contentUrl":"https:\/\/secure.gravatar.com\/avatar\/e2835a76ca7c31a2416b2d51c4ec9a8f?s=96&d=mm&r=g","caption":"M M"},"sameAs":["http:\/\/MM"],"url":"https:\/\/permbledhja.com\/sq\/author\/muhamet\/"}]}},"_links":{"self":[{"href":"https:\/\/permbledhja.com\/sq\/wp-json\/wp\/v2\/posts\/45144"}],"collection":[{"href":"https:\/\/permbledhja.com\/sq\/wp-json\/wp\/v2\/posts"}],"about":[{"href":"https:\/\/permbledhja.com\/sq\/wp-json\/wp\/v2\/types\/post"}],"author":[{"embeddable":true,"href":"https:\/\/permbledhja.com\/sq\/wp-json\/wp\/v2\/users\/2"}],"replies":[{"embeddable":true,"href":"https:\/\/permbledhja.com\/sq\/wp-json\/wp\/v2\/comments?post=45144"}],"version-history":[{"count":1,"href":"https:\/\/permbledhja.com\/sq\/wp-json\/wp\/v2\/posts\/45144\/revisions"}],"predecessor-version":[{"id":45146,"href":"https:\/\/permbledhja.com\/sq\/wp-json\/wp\/v2\/posts\/45144\/revisions\/45146"}],"wp:featuredmedia":[{"embeddable":true,"href":"https:\/\/permbledhja.com\/sq\/wp-json\/wp\/v2\/media\/45145"}],"wp:attachment":[{"href":"https:\/\/permbledhja.com\/sq\/wp-json\/wp\/v2\/media?parent=45144"}],"wp:term":[{"taxonomy":"category","embeddable":true,"href":"https:\/\/permbledhja.com\/sq\/wp-json\/wp\/v2\/categories?post=45144"},{"taxonomy":"post_tag","embeddable":true,"href":"https:\/\/permbledhja.com\/sq\/wp-json\/wp\/v2\/tags?post=45144"}],"curies":[{"name":"wp","href":"https:\/\/api.w.org\/{rel}","templated":true}]}}