{"id":45138,"date":"2024-01-29T15:11:55","date_gmt":"2024-01-29T15:11:55","guid":{"rendered":"https:\/\/permbledhja.com\/?p=45138"},"modified":"2024-01-29T15:11:55","modified_gmt":"2024-01-29T15:11:55","slug":"policia-kerkon-ndihmen-e-qytetareve-per-kapjen-e-nje-personi-dyshohet-per-vepren-penale-mashtrim","status":"publish","type":"post","link":"https:\/\/permbledhja.com\/sq\/policia-kerkon-ndihmen-e-qytetareve-per-kapjen-e-nje-personi-dyshohet-per-vepren-penale-mashtrim\/","title":{"rendered":"Policia k\u00ebrkon ndihm\u00ebn e qytetar\u00ebve p\u00ebr kapjen e nj\u00eb personi, dyshohet p\u00ebr vepr\u00ebn penale \u2018\u2019mashtrim\u2019\u2019"},"content":{"rendered":"<h3>Policia e Kosov\u00ebs ka nj\u00eb thirrje p\u00ebr qytetar\u00ebt.<\/h3>\n<p>M\u00eb sakt\u00ebsisht Drejtoria Rajonale e Policis\u00eb n\u00eb Prizren-Sektori i Hetimeve t\u00eb Stacionit Policor, me autorizim t\u00eb Prokuroris\u00eb Themelore n\u00eb Prizren, me q\u00ebllim t\u00eb identifikimit dhe t\u00eb lokalizimit t\u00eb tij ka l\u00ebshuar k\u00ebrkes\u00eb p\u00ebr bashk\u00ebpunim me qytetar\u00ebt.<\/p>\n<p>Personi po k\u00ebrkohet p\u00ebr vepr\u00ebn penale \u201cMashtrim\u201d e cila ka ndodhur m\u00eb 11.01.2024 n\u00eb rrug\u00ebn \u201cMursel Osmanaj\u201d\u00a0 n\u00eb Prizren.<\/p>\n<p>Po ashtu sipas njoftimit \u00ebsht\u00eb b\u00ebr\u00eb e ditur sePolicia e Kosov\u00ebs k\u00ebrkon nga qytetar\u00ebt e Republik\u00ebs s\u00eb Kosov\u00ebs q\u00eb kushdo q\u00eb ka informacion p\u00ebr vendndodhjen e personit\u00a0 t\u00eb k\u00ebrkuar n\u00eb foton e bashkangjitur, t\u00eb lajm\u00ebroj\u00eb Policin\u00eb e Kosov\u00ebs apo t\u00eb lajm\u00ebrohet n\u00eb stacionin m\u00eb t\u00eb af\u00ebrt policor<\/p>\n","protected":false},"excerpt":{"rendered":"<p>Policia e Kosov\u00ebs ka nj\u00eb thirrje p\u00ebr qytetar\u00ebt. M\u00eb sakt\u00ebsisht Drejtoria Rajonale e Policis\u00eb n\u00eb Prizren-Sektori i Hetimeve t\u00eb Stacionit Policor, me autorizim t\u00eb Prokuroris\u00eb Themelore n\u00eb Prizren, me q\u00ebllim t\u00eb identifikimit dhe t\u00eb lokalizimit t\u00eb tij ka l\u00ebshuar k\u00ebrkes\u00eb p\u00ebr bashk\u00ebpunim me qytetar\u00ebt. Personi po k\u00ebrkohet p\u00ebr vepr\u00ebn penale \u201cMashtrim\u201d e cila ka ndodhur [&hellip;]<\/p>\n","protected":false},"author":2,"featured_media":45139,"comment_status":"closed","ping_status":"closed","sticky":false,"template":"","format":"standard","meta":{"_monsterinsights_skip_tracking":false,"_monsterinsights_sitenote_active":false,"_monsterinsights_sitenote_note":"","_monsterinsights_sitenote_category":0,"_uf_show_specific_survey":0,"_uf_disable_surveys":false,"footnotes":""},"categories":[15],"tags":[102],"yoast_head":"<!-- This site is optimized with the Yoast SEO plugin v21.5 - https:\/\/yoast.com\/wordpress\/plugins\/seo\/ -->\n<title>Policia k\u00ebrkon ndihm\u00ebn e qytetar\u00ebve p\u00ebr kapjen e nj\u00eb personi, dyshohet p\u00ebr vepr\u00ebn penale \u2018\u2019mashtrim\u2019\u2019<\/title>\n<meta name=\"robots\" content=\"index, follow, max-snippet:-1, max-image-preview:large, max-video-preview:-1\" \/>\n<link rel=\"canonical\" href=\"https:\/\/permbledhja.com\/sq\/policia-kerkon-ndihmen-e-qytetareve-per-kapjen-e-nje-personi-dyshohet-per-vepren-penale-mashtrim\/\" \/>\n<meta property=\"og:locale\" content=\"sq_AL\" \/>\n<meta property=\"og:type\" content=\"article\" \/>\n<meta property=\"og:title\" content=\"Policia k\u00ebrkon ndihm\u00ebn e qytetar\u00ebve p\u00ebr kapjen e nj\u00eb personi, dyshohet p\u00ebr vepr\u00ebn penale \u2018\u2019mashtrim\u2019\u2019\" \/>\n<meta property=\"og:description\" content=\"Policia e Kosov\u00ebs ka nj\u00eb thirrje p\u00ebr qytetar\u00ebt. M\u00eb sakt\u00ebsisht Drejtoria Rajonale e Policis\u00eb n\u00eb Prizren-Sektori i Hetimeve t\u00eb Stacionit Policor, me autorizim t\u00eb Prokuroris\u00eb Themelore n\u00eb Prizren, me q\u00ebllim t\u00eb identifikimit dhe t\u00eb lokalizimit t\u00eb tij ka l\u00ebshuar k\u00ebrkes\u00eb p\u00ebr bashk\u00ebpunim me qytetar\u00ebt. Personi po k\u00ebrkohet p\u00ebr vepr\u00ebn penale \u201cMashtrim\u201d e cila ka ndodhur [&hellip;]\" \/>\n<meta property=\"og:url\" content=\"https:\/\/permbledhja.com\/sq\/policia-kerkon-ndihmen-e-qytetareve-per-kapjen-e-nje-personi-dyshohet-per-vepren-penale-mashtrim\/\" \/>\n<meta property=\"og:site_name\" content=\"Ve\u00e7 artikuj p\u00ebrmbledh\u00ebs\" \/>\n<meta property=\"article:publisher\" content=\"https:\/\/www.facebook.com\/press07\/\" \/>\n<meta property=\"article:published_time\" content=\"2024-01-29T15:11:55+00:00\" \/>\n<meta property=\"og:image\" content=\"https:\/\/permbledhja.com\/wp-content\/uploads\/2024\/01\/Screenshot_2-16.png\" \/>\n\t<meta property=\"og:image:width\" content=\"669\" \/>\n\t<meta property=\"og:image:height\" content=\"597\" \/>\n\t<meta property=\"og:image:type\" content=\"image\/png\" \/>\n<meta name=\"author\" content=\"M M\" \/>\n<meta name=\"twitter:card\" content=\"summary_large_image\" \/>\n<meta name=\"twitter:label1\" content=\"Written by\" \/>\n\t<meta name=\"twitter:data1\" content=\"M M\" \/>\n\t<meta name=\"twitter:label2\" content=\"Est. reading time\" \/>\n\t<meta name=\"twitter:data2\" content=\"1 minut\u00eb\" \/>\n<script type=\"application\/ld+json\" class=\"yoast-schema-graph\">{\"@context\":\"https:\/\/schema.org\",\"@graph\":[{\"@type\":\"Article\",\"@id\":\"https:\/\/permbledhja.com\/policia-kerkon-ndihmen-e-qytetareve-per-kapjen-e-nje-personi-dyshohet-per-vepren-penale-mashtrim\/#article\",\"isPartOf\":{\"@id\":\"https:\/\/permbledhja.com\/policia-kerkon-ndihmen-e-qytetareve-per-kapjen-e-nje-personi-dyshohet-per-vepren-penale-mashtrim\/\"},\"author\":{\"name\":\"M M\",\"@id\":\"https:\/\/permbledhja.com\/#\/schema\/person\/d23f13f59b5722643933d6780783acf3\"},\"headline\":\"Policia k\u00ebrkon ndihm\u00ebn e qytetar\u00ebve p\u00ebr kapjen e nj\u00eb personi, dyshohet p\u00ebr vepr\u00ebn penale \u2018\u2019mashtrim\u2019\u2019\",\"datePublished\":\"2024-01-29T15:11:55+00:00\",\"dateModified\":\"2024-01-29T15:11:55+00:00\",\"mainEntityOfPage\":{\"@id\":\"https:\/\/permbledhja.com\/policia-kerkon-ndihmen-e-qytetareve-per-kapjen-e-nje-personi-dyshohet-per-vepren-penale-mashtrim\/\"},\"wordCount\":156,\"publisher\":{\"@id\":\"https:\/\/permbledhja.com\/#organization\"},\"keywords\":[\"Policia e Kosov\u00ebs\"],\"articleSection\":[\"Lajme\"],\"inLanguage\":\"sq\"},{\"@type\":\"WebPage\",\"@id\":\"https:\/\/permbledhja.com\/policia-kerkon-ndihmen-e-qytetareve-per-kapjen-e-nje-personi-dyshohet-per-vepren-penale-mashtrim\/\",\"url\":\"https:\/\/permbledhja.com\/policia-kerkon-ndihmen-e-qytetareve-per-kapjen-e-nje-personi-dyshohet-per-vepren-penale-mashtrim\/\",\"name\":\"Policia k\u00ebrkon ndihm\u00ebn e qytetar\u00ebve p\u00ebr kapjen e nj\u00eb personi, dyshohet p\u00ebr vepr\u00ebn penale \u2018\u2019mashtrim\u2019\u2019\",\"isPartOf\":{\"@id\":\"https:\/\/permbledhja.com\/#website\"},\"datePublished\":\"2024-01-29T15:11:55+00:00\",\"dateModified\":\"2024-01-29T15:11:55+00:00\",\"breadcrumb\":{\"@id\":\"https:\/\/permbledhja.com\/policia-kerkon-ndihmen-e-qytetareve-per-kapjen-e-nje-personi-dyshohet-per-vepren-penale-mashtrim\/#breadcrumb\"},\"inLanguage\":\"sq\",\"potentialAction\":[{\"@type\":\"ReadAction\",\"target\":[\"https:\/\/permbledhja.com\/policia-kerkon-ndihmen-e-qytetareve-per-kapjen-e-nje-personi-dyshohet-per-vepren-penale-mashtrim\/\"]}]},{\"@type\":\"BreadcrumbList\",\"@id\":\"https:\/\/permbledhja.com\/policia-kerkon-ndihmen-e-qytetareve-per-kapjen-e-nje-personi-dyshohet-per-vepren-penale-mashtrim\/#breadcrumb\",\"itemListElement\":[{\"@type\":\"ListItem\",\"position\":1,\"name\":\"Ballina\",\"item\":\"https:\/\/permbledhja.com\/sq\/\"},{\"@type\":\"ListItem\",\"position\":2,\"name\":\"Policia k\u00ebrkon ndihm\u00ebn e qytetar\u00ebve p\u00ebr kapjen e nj\u00eb personi, dyshohet p\u00ebr vepr\u00ebn penale \u2018\u2019mashtrim\u2019\u2019\"}]},{\"@type\":\"WebSite\",\"@id\":\"https:\/\/permbledhja.com\/#website\",\"url\":\"https:\/\/permbledhja.com\/\",\"name\":\"Ve\u00e7 artikuj p\u00ebrmbledh\u00ebs\",\"description\":\"\",\"publisher\":{\"@id\":\"https:\/\/permbledhja.com\/#organization\"},\"potentialAction\":[{\"@type\":\"SearchAction\",\"target\":{\"@type\":\"EntryPoint\",\"urlTemplate\":\"https:\/\/permbledhja.com\/?s={search_term_string}\"},\"query-input\":\"required name=search_term_string\"}],\"inLanguage\":\"sq\"},{\"@type\":\"Organization\",\"@id\":\"https:\/\/permbledhja.com\/#organization\",\"name\":\"MK Media & Pr\",\"url\":\"https:\/\/permbledhja.com\/\",\"logo\":{\"@type\":\"ImageObject\",\"inLanguage\":\"sq\",\"@id\":\"https:\/\/permbledhja.com\/#\/schema\/logo\/image\/\",\"url\":\"https:\/\/permbledhja.com\/wp-content\/uploads\/2021\/12\/07-Press-Logo.jpg\",\"contentUrl\":\"https:\/\/permbledhja.com\/wp-content\/uploads\/2021\/12\/07-Press-Logo.jpg\",\"width\":512,\"height\":512,\"caption\":\"MK Media & Pr\"},\"image\":{\"@id\":\"https:\/\/permbledhja.com\/#\/schema\/logo\/image\/\"},\"sameAs\":[\"https:\/\/www.facebook.com\/press07\/\"]},{\"@type\":\"Person\",\"@id\":\"https:\/\/permbledhja.com\/#\/schema\/person\/d23f13f59b5722643933d6780783acf3\",\"name\":\"M M\",\"image\":{\"@type\":\"ImageObject\",\"inLanguage\":\"sq\",\"@id\":\"https:\/\/permbledhja.com\/#\/schema\/person\/image\/\",\"url\":\"https:\/\/secure.gravatar.com\/avatar\/e2835a76ca7c31a2416b2d51c4ec9a8f?s=96&d=mm&r=g\",\"contentUrl\":\"https:\/\/secure.gravatar.com\/avatar\/e2835a76ca7c31a2416b2d51c4ec9a8f?s=96&d=mm&r=g\",\"caption\":\"M M\"},\"sameAs\":[\"http:\/\/MM\"],\"url\":\"https:\/\/permbledhja.com\/sq\/author\/muhamet\/\"}]}<\/script>\n<!-- \/ Yoast SEO plugin. -->","yoast_head_json":{"title":"Policia k\u00ebrkon ndihm\u00ebn e qytetar\u00ebve p\u00ebr kapjen e nj\u00eb personi, dyshohet p\u00ebr vepr\u00ebn penale \u2018\u2019mashtrim\u2019\u2019","robots":{"index":"index","follow":"follow","max-snippet":"max-snippet:-1","max-image-preview":"max-image-preview:large","max-video-preview":"max-video-preview:-1"},"canonical":"https:\/\/permbledhja.com\/sq\/policia-kerkon-ndihmen-e-qytetareve-per-kapjen-e-nje-personi-dyshohet-per-vepren-penale-mashtrim\/","og_locale":"sq_AL","og_type":"article","og_title":"Policia k\u00ebrkon ndihm\u00ebn e qytetar\u00ebve p\u00ebr kapjen e nj\u00eb personi, dyshohet p\u00ebr vepr\u00ebn penale \u2018\u2019mashtrim\u2019\u2019","og_description":"Policia e Kosov\u00ebs ka nj\u00eb thirrje p\u00ebr qytetar\u00ebt. M\u00eb sakt\u00ebsisht Drejtoria Rajonale e Policis\u00eb n\u00eb Prizren-Sektori i Hetimeve t\u00eb Stacionit Policor, me autorizim t\u00eb Prokuroris\u00eb Themelore n\u00eb Prizren, me q\u00ebllim t\u00eb identifikimit dhe t\u00eb lokalizimit t\u00eb tij ka l\u00ebshuar k\u00ebrkes\u00eb p\u00ebr bashk\u00ebpunim me qytetar\u00ebt. Personi po k\u00ebrkohet p\u00ebr vepr\u00ebn penale \u201cMashtrim\u201d e cila ka ndodhur [&hellip;]","og_url":"https:\/\/permbledhja.com\/sq\/policia-kerkon-ndihmen-e-qytetareve-per-kapjen-e-nje-personi-dyshohet-per-vepren-penale-mashtrim\/","og_site_name":"Ve\u00e7 artikuj p\u00ebrmbledh\u00ebs","article_publisher":"https:\/\/www.facebook.com\/press07\/","article_published_time":"2024-01-29T15:11:55+00:00","og_image":[{"width":669,"height":597,"url":"https:\/\/permbledhja.com\/wp-content\/uploads\/2024\/01\/Screenshot_2-16.png","type":"image\/png"}],"author":"M M","twitter_card":"summary_large_image","twitter_misc":{"Written by":"M M","Est. reading time":"1 minut\u00eb"},"schema":{"@context":"https:\/\/schema.org","@graph":[{"@type":"Article","@id":"https:\/\/permbledhja.com\/policia-kerkon-ndihmen-e-qytetareve-per-kapjen-e-nje-personi-dyshohet-per-vepren-penale-mashtrim\/#article","isPartOf":{"@id":"https:\/\/permbledhja.com\/policia-kerkon-ndihmen-e-qytetareve-per-kapjen-e-nje-personi-dyshohet-per-vepren-penale-mashtrim\/"},"author":{"name":"M M","@id":"https:\/\/permbledhja.com\/#\/schema\/person\/d23f13f59b5722643933d6780783acf3"},"headline":"Policia k\u00ebrkon ndihm\u00ebn e qytetar\u00ebve p\u00ebr kapjen e nj\u00eb personi, dyshohet p\u00ebr vepr\u00ebn penale \u2018\u2019mashtrim\u2019\u2019","datePublished":"2024-01-29T15:11:55+00:00","dateModified":"2024-01-29T15:11:55+00:00","mainEntityOfPage":{"@id":"https:\/\/permbledhja.com\/policia-kerkon-ndihmen-e-qytetareve-per-kapjen-e-nje-personi-dyshohet-per-vepren-penale-mashtrim\/"},"wordCount":156,"publisher":{"@id":"https:\/\/permbledhja.com\/#organization"},"keywords":["Policia e Kosov\u00ebs"],"articleSection":["Lajme"],"inLanguage":"sq"},{"@type":"WebPage","@id":"https:\/\/permbledhja.com\/policia-kerkon-ndihmen-e-qytetareve-per-kapjen-e-nje-personi-dyshohet-per-vepren-penale-mashtrim\/","url":"https:\/\/permbledhja.com\/policia-kerkon-ndihmen-e-qytetareve-per-kapjen-e-nje-personi-dyshohet-per-vepren-penale-mashtrim\/","name":"Policia k\u00ebrkon ndihm\u00ebn e qytetar\u00ebve p\u00ebr kapjen e nj\u00eb personi, dyshohet p\u00ebr vepr\u00ebn penale \u2018\u2019mashtrim\u2019\u2019","isPartOf":{"@id":"https:\/\/permbledhja.com\/#website"},"datePublished":"2024-01-29T15:11:55+00:00","dateModified":"2024-01-29T15:11:55+00:00","breadcrumb":{"@id":"https:\/\/permbledhja.com\/policia-kerkon-ndihmen-e-qytetareve-per-kapjen-e-nje-personi-dyshohet-per-vepren-penale-mashtrim\/#breadcrumb"},"inLanguage":"sq","potentialAction":[{"@type":"ReadAction","target":["https:\/\/permbledhja.com\/policia-kerkon-ndihmen-e-qytetareve-per-kapjen-e-nje-personi-dyshohet-per-vepren-penale-mashtrim\/"]}]},{"@type":"BreadcrumbList","@id":"https:\/\/permbledhja.com\/policia-kerkon-ndihmen-e-qytetareve-per-kapjen-e-nje-personi-dyshohet-per-vepren-penale-mashtrim\/#breadcrumb","itemListElement":[{"@type":"ListItem","position":1,"name":"Ballina","item":"https:\/\/permbledhja.com\/sq\/"},{"@type":"ListItem","position":2,"name":"Policia k\u00ebrkon ndihm\u00ebn e qytetar\u00ebve p\u00ebr kapjen e nj\u00eb personi, dyshohet p\u00ebr vepr\u00ebn penale \u2018\u2019mashtrim\u2019\u2019"}]},{"@type":"WebSite","@id":"https:\/\/permbledhja.com\/#website","url":"https:\/\/permbledhja.com\/","name":"Ve\u00e7 artikuj p\u00ebrmbledh\u00ebs","description":"","publisher":{"@id":"https:\/\/permbledhja.com\/#organization"},"potentialAction":[{"@type":"SearchAction","target":{"@type":"EntryPoint","urlTemplate":"https:\/\/permbledhja.com\/?s={search_term_string}"},"query-input":"required name=search_term_string"}],"inLanguage":"sq"},{"@type":"Organization","@id":"https:\/\/permbledhja.com\/#organization","name":"MK Media & Pr","url":"https:\/\/permbledhja.com\/","logo":{"@type":"ImageObject","inLanguage":"sq","@id":"https:\/\/permbledhja.com\/#\/schema\/logo\/image\/","url":"https:\/\/permbledhja.com\/wp-content\/uploads\/2021\/12\/07-Press-Logo.jpg","contentUrl":"https:\/\/permbledhja.com\/wp-content\/uploads\/2021\/12\/07-Press-Logo.jpg","width":512,"height":512,"caption":"MK Media & Pr"},"image":{"@id":"https:\/\/permbledhja.com\/#\/schema\/logo\/image\/"},"sameAs":["https:\/\/www.facebook.com\/press07\/"]},{"@type":"Person","@id":"https:\/\/permbledhja.com\/#\/schema\/person\/d23f13f59b5722643933d6780783acf3","name":"M M","image":{"@type":"ImageObject","inLanguage":"sq","@id":"https:\/\/permbledhja.com\/#\/schema\/person\/image\/","url":"https:\/\/secure.gravatar.com\/avatar\/e2835a76ca7c31a2416b2d51c4ec9a8f?s=96&d=mm&r=g","contentUrl":"https:\/\/secure.gravatar.com\/avatar\/e2835a76ca7c31a2416b2d51c4ec9a8f?s=96&d=mm&r=g","caption":"M M"},"sameAs":["http:\/\/MM"],"url":"https:\/\/permbledhja.com\/sq\/author\/muhamet\/"}]}},"_links":{"self":[{"href":"https:\/\/permbledhja.com\/sq\/wp-json\/wp\/v2\/posts\/45138"}],"collection":[{"href":"https:\/\/permbledhja.com\/sq\/wp-json\/wp\/v2\/posts"}],"about":[{"href":"https:\/\/permbledhja.com\/sq\/wp-json\/wp\/v2\/types\/post"}],"author":[{"embeddable":true,"href":"https:\/\/permbledhja.com\/sq\/wp-json\/wp\/v2\/users\/2"}],"replies":[{"embeddable":true,"href":"https:\/\/permbledhja.com\/sq\/wp-json\/wp\/v2\/comments?post=45138"}],"version-history":[{"count":1,"href":"https:\/\/permbledhja.com\/sq\/wp-json\/wp\/v2\/posts\/45138\/revisions"}],"predecessor-version":[{"id":45140,"href":"https:\/\/permbledhja.com\/sq\/wp-json\/wp\/v2\/posts\/45138\/revisions\/45140"}],"wp:featuredmedia":[{"embeddable":true,"href":"https:\/\/permbledhja.com\/sq\/wp-json\/wp\/v2\/media\/45139"}],"wp:attachment":[{"href":"https:\/\/permbledhja.com\/sq\/wp-json\/wp\/v2\/media?parent=45138"}],"wp:term":[{"taxonomy":"category","embeddable":true,"href":"https:\/\/permbledhja.com\/sq\/wp-json\/wp\/v2\/categories?post=45138"},{"taxonomy":"post_tag","embeddable":true,"href":"https:\/\/permbledhja.com\/sq\/wp-json\/wp\/v2\/tags?post=45138"}],"curies":[{"name":"wp","href":"https:\/\/api.w.org\/{rel}","templated":true}]}}