{"id":45131,"date":"2024-01-29T14:57:51","date_gmt":"2024-01-29T14:57:51","guid":{"rendered":"https:\/\/permbledhja.com\/?p=45131"},"modified":"2024-01-29T14:58:10","modified_gmt":"2024-01-29T14:58:10","slug":"kqz-nis-procesin-e-verifikimit-te-nenshkrimeve-per-peticionin-ne-veri","status":"publish","type":"post","link":"https:\/\/permbledhja.com\/sq\/kqz-nis-procesin-e-verifikimit-te-nenshkrimeve-per-peticionin-ne-veri\/","title":{"rendered":"KQZ nis procesin e verifikimit t\u00eb n\u00ebnshkrimeve p\u00ebr peticionin n\u00eb Veri"},"content":{"rendered":"<h3>Z\u00ebdh\u00ebn\u00ebsi i KQZ\u2019s\u00eb, Valmir Elezi, ka th\u00ebn\u00eb p\u00ebr Express se ka filluar procesin e verifikimit t\u00eb n\u00ebnshkrimeve t\u00eb mbledhura n\u00eb peticionin e organizuar n\u00eb kat\u00ebr komunat n\u00eb Veri.<\/h3>\n<p>Ai ka shtuar se ky proces do t\u00eb marr\u00eb koh\u00eb, pasi t\u00eb dh\u00ebnat jan\u00eb mbledhur n\u00eb format fizik.<\/p>\n<p>\u201cKomisioni Qendror i Zgjedhjeve ka filluar procesin e verifikimit t\u00eb n\u00ebnshkrimeve t\u00eb mbledhura n\u00eb peticionin e organizuar n\u00eb komunat: Mitrovic\u00eb e Veriut, Zve\u00e7an, Leposaviq dhe Zubin Potok. KQZ, n\u00eb p\u00ebrputhje me legjislacionin n\u00eb fuqi, do t\u00eb verifikoj\u00eb k\u00ebto lista me n\u00ebnshkrime, pra n\u00ebse personat q\u00eb kan\u00eb n\u00ebnshkruar jan\u00eb qytetar\u00eb me t\u00eb drejt\u00eb vote n\u00eb komun\u00ebn p\u00ebrkat\u00ebse. Sigurisht se ky proces do t\u00eb na marr\u00eb koh\u00eb pasi t\u00eb dh\u00ebnat q\u00eb i kemi pranuar jan\u00eb t\u00eb mbledhura n\u00eb format fizik, andaj nuk mund t\u00eb jap ndonj\u00eb dat\u00eb t\u00eb sakt\u00eb, por pas p\u00ebrfundimit t\u00eb tij, do t\u00eb njoftojm\u00eb Ministrin\u00eb, Kryesuesit e Kuvendeve Komunale, Kryetar\u00ebt e Komunave dhe Grupet Nism\u00ebtare. Natyrisht se p\u00ebrgjigja e KQZ-s\u00eb do t\u00eb b\u00ebhet edhe publike\u201d, ka th\u00ebn\u00eb Elezi.<\/p>\n","protected":false},"excerpt":{"rendered":"<p>Z\u00ebdh\u00ebn\u00ebsi i KQZ\u2019s\u00eb, Valmir Elezi, ka th\u00ebn\u00eb p\u00ebr Express se ka filluar procesin e verifikimit t\u00eb n\u00ebnshkrimeve t\u00eb mbledhura n\u00eb peticionin e organizuar n\u00eb kat\u00ebr komunat n\u00eb Veri. Ai ka shtuar se ky proces do t\u00eb marr\u00eb koh\u00eb, pasi t\u00eb dh\u00ebnat jan\u00eb mbledhur n\u00eb format fizik. \u201cKomisioni Qendror i Zgjedhjeve ka filluar procesin e verifikimit [&hellip;]<\/p>\n","protected":false},"author":5,"featured_media":45132,"comment_status":"closed","ping_status":"closed","sticky":false,"template":"","format":"standard","meta":{"_monsterinsights_skip_tracking":false,"_monsterinsights_sitenote_active":false,"_monsterinsights_sitenote_note":"","_monsterinsights_sitenote_category":0,"_uf_show_specific_survey":0,"_uf_disable_surveys":false,"footnotes":""},"categories":[2645],"tags":[],"yoast_head":"<!-- This site is optimized with the Yoast SEO plugin v21.5 - https:\/\/yoast.com\/wordpress\/plugins\/seo\/ -->\n<title>KQZ nis procesin e verifikimit t\u00eb n\u00ebnshkrimeve p\u00ebr peticionin n\u00eb Veri<\/title>\n<meta name=\"robots\" content=\"index, follow, max-snippet:-1, max-image-preview:large, max-video-preview:-1\" \/>\n<link rel=\"canonical\" href=\"https:\/\/permbledhja.com\/sq\/kqz-nis-procesin-e-verifikimit-te-nenshkrimeve-per-peticionin-ne-veri\/\" \/>\n<meta property=\"og:locale\" content=\"sq_AL\" \/>\n<meta property=\"og:type\" content=\"article\" \/>\n<meta property=\"og:title\" content=\"KQZ nis procesin e verifikimit t\u00eb n\u00ebnshkrimeve p\u00ebr peticionin n\u00eb Veri\" \/>\n<meta property=\"og:description\" content=\"Z\u00ebdh\u00ebn\u00ebsi i KQZ\u2019s\u00eb, Valmir Elezi, ka th\u00ebn\u00eb p\u00ebr Express se ka filluar procesin e verifikimit t\u00eb n\u00ebnshkrimeve t\u00eb mbledhura n\u00eb peticionin e organizuar n\u00eb kat\u00ebr komunat n\u00eb Veri. Ai ka shtuar se ky proces do t\u00eb marr\u00eb koh\u00eb, pasi t\u00eb dh\u00ebnat jan\u00eb mbledhur n\u00eb format fizik. \u201cKomisioni Qendror i Zgjedhjeve ka filluar procesin e verifikimit [&hellip;]\" \/>\n<meta property=\"og:url\" content=\"https:\/\/permbledhja.com\/sq\/kqz-nis-procesin-e-verifikimit-te-nenshkrimeve-per-peticionin-ne-veri\/\" \/>\n<meta property=\"og:site_name\" content=\"Ve\u00e7 artikuj p\u00ebrmbledh\u00ebs\" \/>\n<meta property=\"article:publisher\" content=\"https:\/\/www.facebook.com\/press07\/\" \/>\n<meta property=\"article:published_time\" content=\"2024-01-29T14:57:51+00:00\" \/>\n<meta property=\"article:modified_time\" content=\"2024-01-29T14:58:10+00:00\" \/>\n<meta property=\"og:image\" content=\"https:\/\/permbledhja.com\/wp-content\/uploads\/2024\/01\/kqz-1.png\" \/>\n\t<meta property=\"og:image:width\" content=\"752\" \/>\n\t<meta property=\"og:image:height\" content=\"440\" \/>\n\t<meta property=\"og:image:type\" content=\"image\/png\" \/>\n<meta name=\"author\" content=\"DL\" \/>\n<meta name=\"twitter:card\" content=\"summary_large_image\" \/>\n<meta name=\"twitter:label1\" content=\"Written by\" \/>\n\t<meta name=\"twitter:data1\" content=\"DL\" \/>\n\t<meta name=\"twitter:label2\" content=\"Est. reading time\" \/>\n\t<meta name=\"twitter:data2\" content=\"1 minut\u00eb\" \/>\n<script type=\"application\/ld+json\" class=\"yoast-schema-graph\">{\"@context\":\"https:\/\/schema.org\",\"@graph\":[{\"@type\":\"Article\",\"@id\":\"https:\/\/permbledhja.com\/sq\/kqz-nis-procesin-e-verifikimit-te-nenshkrimeve-per-peticionin-ne-veri\/#article\",\"isPartOf\":{\"@id\":\"https:\/\/permbledhja.com\/sq\/kqz-nis-procesin-e-verifikimit-te-nenshkrimeve-per-peticionin-ne-veri\/\"},\"author\":{\"name\":\"DL\",\"@id\":\"https:\/\/permbledhja.com\/#\/schema\/person\/9c54260cbc4c6f792cb100550491638c\"},\"headline\":\"KQZ nis procesin e verifikimit t\u00eb n\u00ebnshkrimeve p\u00ebr peticionin n\u00eb Veri\",\"datePublished\":\"2024-01-29T14:57:51+00:00\",\"dateModified\":\"2024-01-29T14:58:10+00:00\",\"mainEntityOfPage\":{\"@id\":\"https:\/\/permbledhja.com\/sq\/kqz-nis-procesin-e-verifikimit-te-nenshkrimeve-per-peticionin-ne-veri\/\"},\"wordCount\":204,\"publisher\":{\"@id\":\"https:\/\/permbledhja.com\/#organization\"},\"articleSection\":[\"T\u00eb r\u00ebnd\u00ebsishme\"],\"inLanguage\":\"sq\"},{\"@type\":\"WebPage\",\"@id\":\"https:\/\/permbledhja.com\/sq\/kqz-nis-procesin-e-verifikimit-te-nenshkrimeve-per-peticionin-ne-veri\/\",\"url\":\"https:\/\/permbledhja.com\/sq\/kqz-nis-procesin-e-verifikimit-te-nenshkrimeve-per-peticionin-ne-veri\/\",\"name\":\"KQZ nis procesin e verifikimit t\u00eb n\u00ebnshkrimeve p\u00ebr peticionin n\u00eb Veri\",\"isPartOf\":{\"@id\":\"https:\/\/permbledhja.com\/#website\"},\"datePublished\":\"2024-01-29T14:57:51+00:00\",\"dateModified\":\"2024-01-29T14:58:10+00:00\",\"breadcrumb\":{\"@id\":\"https:\/\/permbledhja.com\/sq\/kqz-nis-procesin-e-verifikimit-te-nenshkrimeve-per-peticionin-ne-veri\/#breadcrumb\"},\"inLanguage\":\"sq\",\"potentialAction\":[{\"@type\":\"ReadAction\",\"target\":[\"https:\/\/permbledhja.com\/sq\/kqz-nis-procesin-e-verifikimit-te-nenshkrimeve-per-peticionin-ne-veri\/\"]}]},{\"@type\":\"BreadcrumbList\",\"@id\":\"https:\/\/permbledhja.com\/sq\/kqz-nis-procesin-e-verifikimit-te-nenshkrimeve-per-peticionin-ne-veri\/#breadcrumb\",\"itemListElement\":[{\"@type\":\"ListItem\",\"position\":1,\"name\":\"Ballina\",\"item\":\"https:\/\/permbledhja.com\/sq\/\"},{\"@type\":\"ListItem\",\"position\":2,\"name\":\"KQZ nis procesin e verifikimit t\u00eb n\u00ebnshkrimeve p\u00ebr peticionin n\u00eb Veri\"}]},{\"@type\":\"WebSite\",\"@id\":\"https:\/\/permbledhja.com\/#website\",\"url\":\"https:\/\/permbledhja.com\/\",\"name\":\"Ve\u00e7 artikuj p\u00ebrmbledh\u00ebs\",\"description\":\"\",\"publisher\":{\"@id\":\"https:\/\/permbledhja.com\/#organization\"},\"potentialAction\":[{\"@type\":\"SearchAction\",\"target\":{\"@type\":\"EntryPoint\",\"urlTemplate\":\"https:\/\/permbledhja.com\/?s={search_term_string}\"},\"query-input\":\"required name=search_term_string\"}],\"inLanguage\":\"sq\"},{\"@type\":\"Organization\",\"@id\":\"https:\/\/permbledhja.com\/#organization\",\"name\":\"MK Media & Pr\",\"url\":\"https:\/\/permbledhja.com\/\",\"logo\":{\"@type\":\"ImageObject\",\"inLanguage\":\"sq\",\"@id\":\"https:\/\/permbledhja.com\/#\/schema\/logo\/image\/\",\"url\":\"https:\/\/permbledhja.com\/wp-content\/uploads\/2021\/12\/07-Press-Logo.jpg\",\"contentUrl\":\"https:\/\/permbledhja.com\/wp-content\/uploads\/2021\/12\/07-Press-Logo.jpg\",\"width\":512,\"height\":512,\"caption\":\"MK Media & Pr\"},\"image\":{\"@id\":\"https:\/\/permbledhja.com\/#\/schema\/logo\/image\/\"},\"sameAs\":[\"https:\/\/www.facebook.com\/press07\/\"]},{\"@type\":\"Person\",\"@id\":\"https:\/\/permbledhja.com\/#\/schema\/person\/9c54260cbc4c6f792cb100550491638c\",\"name\":\"DL\",\"image\":{\"@type\":\"ImageObject\",\"inLanguage\":\"sq\",\"@id\":\"https:\/\/permbledhja.com\/#\/schema\/person\/image\/\",\"url\":\"https:\/\/secure.gravatar.com\/avatar\/94503eb28d4c4b2005a5c8753e35fc80?s=96&d=mm&r=g\",\"contentUrl\":\"https:\/\/secure.gravatar.com\/avatar\/94503eb28d4c4b2005a5c8753e35fc80?s=96&d=mm&r=g\",\"caption\":\"DL\"},\"url\":\"https:\/\/permbledhja.com\/sq\/author\/dl\/\"}]}<\/script>\n<!-- \/ Yoast SEO plugin. -->","yoast_head_json":{"title":"KQZ nis procesin e verifikimit t\u00eb n\u00ebnshkrimeve p\u00ebr peticionin n\u00eb Veri","robots":{"index":"index","follow":"follow","max-snippet":"max-snippet:-1","max-image-preview":"max-image-preview:large","max-video-preview":"max-video-preview:-1"},"canonical":"https:\/\/permbledhja.com\/sq\/kqz-nis-procesin-e-verifikimit-te-nenshkrimeve-per-peticionin-ne-veri\/","og_locale":"sq_AL","og_type":"article","og_title":"KQZ nis procesin e verifikimit t\u00eb n\u00ebnshkrimeve p\u00ebr peticionin n\u00eb Veri","og_description":"Z\u00ebdh\u00ebn\u00ebsi i KQZ\u2019s\u00eb, Valmir Elezi, ka th\u00ebn\u00eb p\u00ebr Express se ka filluar procesin e verifikimit t\u00eb n\u00ebnshkrimeve t\u00eb mbledhura n\u00eb peticionin e organizuar n\u00eb kat\u00ebr komunat n\u00eb Veri. Ai ka shtuar se ky proces do t\u00eb marr\u00eb koh\u00eb, pasi t\u00eb dh\u00ebnat jan\u00eb mbledhur n\u00eb format fizik. \u201cKomisioni Qendror i Zgjedhjeve ka filluar procesin e verifikimit [&hellip;]","og_url":"https:\/\/permbledhja.com\/sq\/kqz-nis-procesin-e-verifikimit-te-nenshkrimeve-per-peticionin-ne-veri\/","og_site_name":"Ve\u00e7 artikuj p\u00ebrmbledh\u00ebs","article_publisher":"https:\/\/www.facebook.com\/press07\/","article_published_time":"2024-01-29T14:57:51+00:00","article_modified_time":"2024-01-29T14:58:10+00:00","og_image":[{"width":752,"height":440,"url":"https:\/\/permbledhja.com\/wp-content\/uploads\/2024\/01\/kqz-1.png","type":"image\/png"}],"author":"DL","twitter_card":"summary_large_image","twitter_misc":{"Written by":"DL","Est. reading time":"1 minut\u00eb"},"schema":{"@context":"https:\/\/schema.org","@graph":[{"@type":"Article","@id":"https:\/\/permbledhja.com\/sq\/kqz-nis-procesin-e-verifikimit-te-nenshkrimeve-per-peticionin-ne-veri\/#article","isPartOf":{"@id":"https:\/\/permbledhja.com\/sq\/kqz-nis-procesin-e-verifikimit-te-nenshkrimeve-per-peticionin-ne-veri\/"},"author":{"name":"DL","@id":"https:\/\/permbledhja.com\/#\/schema\/person\/9c54260cbc4c6f792cb100550491638c"},"headline":"KQZ nis procesin e verifikimit t\u00eb n\u00ebnshkrimeve p\u00ebr peticionin n\u00eb Veri","datePublished":"2024-01-29T14:57:51+00:00","dateModified":"2024-01-29T14:58:10+00:00","mainEntityOfPage":{"@id":"https:\/\/permbledhja.com\/sq\/kqz-nis-procesin-e-verifikimit-te-nenshkrimeve-per-peticionin-ne-veri\/"},"wordCount":204,"publisher":{"@id":"https:\/\/permbledhja.com\/#organization"},"articleSection":["T\u00eb r\u00ebnd\u00ebsishme"],"inLanguage":"sq"},{"@type":"WebPage","@id":"https:\/\/permbledhja.com\/sq\/kqz-nis-procesin-e-verifikimit-te-nenshkrimeve-per-peticionin-ne-veri\/","url":"https:\/\/permbledhja.com\/sq\/kqz-nis-procesin-e-verifikimit-te-nenshkrimeve-per-peticionin-ne-veri\/","name":"KQZ nis procesin e verifikimit t\u00eb n\u00ebnshkrimeve p\u00ebr peticionin n\u00eb Veri","isPartOf":{"@id":"https:\/\/permbledhja.com\/#website"},"datePublished":"2024-01-29T14:57:51+00:00","dateModified":"2024-01-29T14:58:10+00:00","breadcrumb":{"@id":"https:\/\/permbledhja.com\/sq\/kqz-nis-procesin-e-verifikimit-te-nenshkrimeve-per-peticionin-ne-veri\/#breadcrumb"},"inLanguage":"sq","potentialAction":[{"@type":"ReadAction","target":["https:\/\/permbledhja.com\/sq\/kqz-nis-procesin-e-verifikimit-te-nenshkrimeve-per-peticionin-ne-veri\/"]}]},{"@type":"BreadcrumbList","@id":"https:\/\/permbledhja.com\/sq\/kqz-nis-procesin-e-verifikimit-te-nenshkrimeve-per-peticionin-ne-veri\/#breadcrumb","itemListElement":[{"@type":"ListItem","position":1,"name":"Ballina","item":"https:\/\/permbledhja.com\/sq\/"},{"@type":"ListItem","position":2,"name":"KQZ nis procesin e verifikimit t\u00eb n\u00ebnshkrimeve p\u00ebr peticionin n\u00eb Veri"}]},{"@type":"WebSite","@id":"https:\/\/permbledhja.com\/#website","url":"https:\/\/permbledhja.com\/","name":"Ve\u00e7 artikuj p\u00ebrmbledh\u00ebs","description":"","publisher":{"@id":"https:\/\/permbledhja.com\/#organization"},"potentialAction":[{"@type":"SearchAction","target":{"@type":"EntryPoint","urlTemplate":"https:\/\/permbledhja.com\/?s={search_term_string}"},"query-input":"required name=search_term_string"}],"inLanguage":"sq"},{"@type":"Organization","@id":"https:\/\/permbledhja.com\/#organization","name":"MK Media & Pr","url":"https:\/\/permbledhja.com\/","logo":{"@type":"ImageObject","inLanguage":"sq","@id":"https:\/\/permbledhja.com\/#\/schema\/logo\/image\/","url":"https:\/\/permbledhja.com\/wp-content\/uploads\/2021\/12\/07-Press-Logo.jpg","contentUrl":"https:\/\/permbledhja.com\/wp-content\/uploads\/2021\/12\/07-Press-Logo.jpg","width":512,"height":512,"caption":"MK Media & Pr"},"image":{"@id":"https:\/\/permbledhja.com\/#\/schema\/logo\/image\/"},"sameAs":["https:\/\/www.facebook.com\/press07\/"]},{"@type":"Person","@id":"https:\/\/permbledhja.com\/#\/schema\/person\/9c54260cbc4c6f792cb100550491638c","name":"DL","image":{"@type":"ImageObject","inLanguage":"sq","@id":"https:\/\/permbledhja.com\/#\/schema\/person\/image\/","url":"https:\/\/secure.gravatar.com\/avatar\/94503eb28d4c4b2005a5c8753e35fc80?s=96&d=mm&r=g","contentUrl":"https:\/\/secure.gravatar.com\/avatar\/94503eb28d4c4b2005a5c8753e35fc80?s=96&d=mm&r=g","caption":"DL"},"url":"https:\/\/permbledhja.com\/sq\/author\/dl\/"}]}},"_links":{"self":[{"href":"https:\/\/permbledhja.com\/sq\/wp-json\/wp\/v2\/posts\/45131"}],"collection":[{"href":"https:\/\/permbledhja.com\/sq\/wp-json\/wp\/v2\/posts"}],"about":[{"href":"https:\/\/permbledhja.com\/sq\/wp-json\/wp\/v2\/types\/post"}],"author":[{"embeddable":true,"href":"https:\/\/permbledhja.com\/sq\/wp-json\/wp\/v2\/users\/5"}],"replies":[{"embeddable":true,"href":"https:\/\/permbledhja.com\/sq\/wp-json\/wp\/v2\/comments?post=45131"}],"version-history":[{"count":1,"href":"https:\/\/permbledhja.com\/sq\/wp-json\/wp\/v2\/posts\/45131\/revisions"}],"predecessor-version":[{"id":45136,"href":"https:\/\/permbledhja.com\/sq\/wp-json\/wp\/v2\/posts\/45131\/revisions\/45136"}],"wp:featuredmedia":[{"embeddable":true,"href":"https:\/\/permbledhja.com\/sq\/wp-json\/wp\/v2\/media\/45132"}],"wp:attachment":[{"href":"https:\/\/permbledhja.com\/sq\/wp-json\/wp\/v2\/media?parent=45131"}],"wp:term":[{"taxonomy":"category","embeddable":true,"href":"https:\/\/permbledhja.com\/sq\/wp-json\/wp\/v2\/categories?post=45131"},{"taxonomy":"post_tag","embeddable":true,"href":"https:\/\/permbledhja.com\/sq\/wp-json\/wp\/v2\/tags?post=45131"}],"curies":[{"name":"wp","href":"https:\/\/api.w.org\/{rel}","templated":true}]}}