{"id":45128,"date":"2024-01-29T14:44:21","date_gmt":"2024-01-29T14:44:21","guid":{"rendered":"https:\/\/permbledhja.com\/?p=45128"},"modified":"2024-01-29T14:44:21","modified_gmt":"2024-01-29T14:44:21","slug":"humolli-me-deklarate-te-forte-kurti-qeveria-dhe-shumica-ne-kuvend-jane-ne-ndikim-te-radojciqit","status":"publish","type":"post","link":"https:\/\/permbledhja.com\/sq\/humolli-me-deklarate-te-forte-kurti-qeveria-dhe-shumica-ne-kuvend-jane-ne-ndikim-te-radojciqit\/","title":{"rendered":"Humolli me deklarat\u00eb t\u00eb fort\u00eb: Kurti, Qeveria dhe shumica n\u00eb Kuvend jan\u00eb n\u00eb ndikim t\u00eb Radoj\u00e7iqit"},"content":{"rendered":"<h3>Ish-deputeti i VV\u2019s\u00eb, Fatmir Humolli thot\u00eb se kryeministri i Kosov\u00ebs duhet ta zbatoj\u00eb Kushtetut\u00ebn.<\/h3>\n<p>Humolli ka folur rreth \u00e7\u00ebshtjes s\u00eb dinarit q\u00eb kryeministrit iu k\u00ebrkua nga shtetet e QUINT-it ta pezulloj\u00eb.<\/p>\n<p>\u201cDinari \u00ebsht\u00eb mjet pagese i shtetit serb, nuk \u00ebsht\u00eb mjet i pages\u00ebs s\u00eb shtetit t\u00eb Kosov\u00ebs. Kryeministri duhet t\u00eb zbatoj\u00eb Kushtetut\u00ebn\u201d, tha Humolli.<\/p>\n<p>Humolli thot\u00eb p\u00ebrs\u00ebri se qeveritar\u00ebt jan\u00eb n\u00eb ndikim t\u00eb Radojqiqit, teksa \u00e7\u00ebshtjen e dinarit e quan loj\u00eb t\u00eb kryeministrit Kurti.<\/p>\n<p>\u201cKryeministri, Qeveria dhe shumica n\u00eb Kuvend nuk duhet ta d\u00ebgjojn\u00eb Radoj\u00e7iqin, kan\u00eb r\u00ebn\u00eb n\u00eb ndikimin e k\u00ebtij t\u00eb fundit me rastin e votimit t\u00eb buxhetit p\u00ebr veteran\u00ebt e luft\u00ebs dhe sigurimin e institucioneve t\u00eb siguris\u00eb\u201d, tha Humolli.<\/p>\n<p>\u201cKjo \u00ebsht\u00eb minim i siguris\u00eb s\u00eb vendit. Politika serbe punon dhe i ka urdh\u00ebruar q\u00eb t\u00eb demotivohet kushdo q\u00eb punon n\u00eb interes t\u00eb Kosov\u00ebs. P\u00ebr k\u00ebt\u00eb besoj se loja me dinar \u00ebsht\u00eb m\u00eb shum\u00eb p\u00ebr t\u00eb treguar patriotiz\u00ebm fallc t\u00eb Qeveris\u00eb\u201d, shtoi Humolli<\/p>\n","protected":false},"excerpt":{"rendered":"<p>Ish-deputeti i VV\u2019s\u00eb, Fatmir Humolli thot\u00eb se kryeministri i Kosov\u00ebs duhet ta zbatoj\u00eb Kushtetut\u00ebn. Humolli ka folur rreth \u00e7\u00ebshtjes s\u00eb dinarit q\u00eb kryeministrit iu k\u00ebrkua nga shtetet e QUINT-it ta pezulloj\u00eb. \u201cDinari \u00ebsht\u00eb mjet pagese i shtetit serb, nuk \u00ebsht\u00eb mjet i pages\u00ebs s\u00eb shtetit t\u00eb Kosov\u00ebs. Kryeministri duhet t\u00eb zbatoj\u00eb Kushtetut\u00ebn\u201d, tha Humolli. Humolli [&hellip;]<\/p>\n","protected":false},"author":5,"featured_media":45129,"comment_status":"closed","ping_status":"closed","sticky":false,"template":"","format":"standard","meta":{"_monsterinsights_skip_tracking":false,"_monsterinsights_sitenote_active":false,"_monsterinsights_sitenote_note":"","_monsterinsights_sitenote_category":0,"_uf_show_specific_survey":0,"_uf_disable_surveys":false,"footnotes":""},"categories":[15],"tags":[],"yoast_head":"<!-- This site is optimized with the Yoast SEO plugin v21.5 - https:\/\/yoast.com\/wordpress\/plugins\/seo\/ -->\n<title>Humolli me deklarat\u00eb t\u00eb fort\u00eb: Kurti, Qeveria dhe shumica n\u00eb Kuvend jan\u00eb n\u00eb ndikim t\u00eb Radoj\u00e7iqit<\/title>\n<meta name=\"robots\" content=\"index, follow, max-snippet:-1, max-image-preview:large, max-video-preview:-1\" \/>\n<link rel=\"canonical\" href=\"https:\/\/permbledhja.com\/sq\/humolli-me-deklarate-te-forte-kurti-qeveria-dhe-shumica-ne-kuvend-jane-ne-ndikim-te-radojciqit\/\" \/>\n<meta property=\"og:locale\" content=\"sq_AL\" \/>\n<meta property=\"og:type\" content=\"article\" \/>\n<meta property=\"og:title\" content=\"Humolli me deklarat\u00eb t\u00eb fort\u00eb: Kurti, Qeveria dhe shumica n\u00eb Kuvend jan\u00eb n\u00eb ndikim t\u00eb Radoj\u00e7iqit\" \/>\n<meta property=\"og:description\" content=\"Ish-deputeti i VV\u2019s\u00eb, Fatmir Humolli thot\u00eb se kryeministri i Kosov\u00ebs duhet ta zbatoj\u00eb Kushtetut\u00ebn. Humolli ka folur rreth \u00e7\u00ebshtjes s\u00eb dinarit q\u00eb kryeministrit iu k\u00ebrkua nga shtetet e QUINT-it ta pezulloj\u00eb. \u201cDinari \u00ebsht\u00eb mjet pagese i shtetit serb, nuk \u00ebsht\u00eb mjet i pages\u00ebs s\u00eb shtetit t\u00eb Kosov\u00ebs. Kryeministri duhet t\u00eb zbatoj\u00eb Kushtetut\u00ebn\u201d, tha Humolli. Humolli [&hellip;]\" \/>\n<meta property=\"og:url\" content=\"https:\/\/permbledhja.com\/sq\/humolli-me-deklarate-te-forte-kurti-qeveria-dhe-shumica-ne-kuvend-jane-ne-ndikim-te-radojciqit\/\" \/>\n<meta property=\"og:site_name\" content=\"Ve\u00e7 artikuj p\u00ebrmbledh\u00ebs\" \/>\n<meta property=\"article:publisher\" content=\"https:\/\/www.facebook.com\/press07\/\" \/>\n<meta property=\"article:published_time\" content=\"2024-01-29T14:44:21+00:00\" \/>\n<meta property=\"og:image\" content=\"https:\/\/permbledhja.com\/wp-content\/uploads\/2024\/01\/humolll.jpg\" \/>\n\t<meta property=\"og:image:width\" content=\"600\" \/>\n\t<meta property=\"og:image:height\" content=\"360\" \/>\n\t<meta property=\"og:image:type\" content=\"image\/jpeg\" \/>\n<meta name=\"author\" content=\"DL\" \/>\n<meta name=\"twitter:card\" content=\"summary_large_image\" \/>\n<meta name=\"twitter:label1\" content=\"Written by\" \/>\n\t<meta name=\"twitter:data1\" content=\"DL\" \/>\n\t<meta name=\"twitter:label2\" content=\"Est. reading time\" \/>\n\t<meta name=\"twitter:data2\" content=\"1 minut\u00eb\" \/>\n<script type=\"application\/ld+json\" class=\"yoast-schema-graph\">{\"@context\":\"https:\/\/schema.org\",\"@graph\":[{\"@type\":\"Article\",\"@id\":\"https:\/\/permbledhja.com\/humolli-me-deklarate-te-forte-kurti-qeveria-dhe-shumica-ne-kuvend-jane-ne-ndikim-te-radojciqit\/#article\",\"isPartOf\":{\"@id\":\"https:\/\/permbledhja.com\/humolli-me-deklarate-te-forte-kurti-qeveria-dhe-shumica-ne-kuvend-jane-ne-ndikim-te-radojciqit\/\"},\"author\":{\"name\":\"DL\",\"@id\":\"https:\/\/permbledhja.com\/#\/schema\/person\/9c54260cbc4c6f792cb100550491638c\"},\"headline\":\"Humolli me deklarat\u00eb t\u00eb fort\u00eb: Kurti, Qeveria dhe shumica n\u00eb Kuvend jan\u00eb n\u00eb ndikim t\u00eb Radoj\u00e7iqit\",\"datePublished\":\"2024-01-29T14:44:21+00:00\",\"dateModified\":\"2024-01-29T14:44:21+00:00\",\"mainEntityOfPage\":{\"@id\":\"https:\/\/permbledhja.com\/humolli-me-deklarate-te-forte-kurti-qeveria-dhe-shumica-ne-kuvend-jane-ne-ndikim-te-radojciqit\/\"},\"wordCount\":194,\"publisher\":{\"@id\":\"https:\/\/permbledhja.com\/#organization\"},\"articleSection\":[\"Lajme\"],\"inLanguage\":\"sq\"},{\"@type\":\"WebPage\",\"@id\":\"https:\/\/permbledhja.com\/humolli-me-deklarate-te-forte-kurti-qeveria-dhe-shumica-ne-kuvend-jane-ne-ndikim-te-radojciqit\/\",\"url\":\"https:\/\/permbledhja.com\/humolli-me-deklarate-te-forte-kurti-qeveria-dhe-shumica-ne-kuvend-jane-ne-ndikim-te-radojciqit\/\",\"name\":\"Humolli me deklarat\u00eb t\u00eb fort\u00eb: Kurti, Qeveria dhe shumica n\u00eb Kuvend jan\u00eb n\u00eb ndikim t\u00eb Radoj\u00e7iqit\",\"isPartOf\":{\"@id\":\"https:\/\/permbledhja.com\/#website\"},\"datePublished\":\"2024-01-29T14:44:21+00:00\",\"dateModified\":\"2024-01-29T14:44:21+00:00\",\"breadcrumb\":{\"@id\":\"https:\/\/permbledhja.com\/humolli-me-deklarate-te-forte-kurti-qeveria-dhe-shumica-ne-kuvend-jane-ne-ndikim-te-radojciqit\/#breadcrumb\"},\"inLanguage\":\"sq\",\"potentialAction\":[{\"@type\":\"ReadAction\",\"target\":[\"https:\/\/permbledhja.com\/humolli-me-deklarate-te-forte-kurti-qeveria-dhe-shumica-ne-kuvend-jane-ne-ndikim-te-radojciqit\/\"]}]},{\"@type\":\"BreadcrumbList\",\"@id\":\"https:\/\/permbledhja.com\/humolli-me-deklarate-te-forte-kurti-qeveria-dhe-shumica-ne-kuvend-jane-ne-ndikim-te-radojciqit\/#breadcrumb\",\"itemListElement\":[{\"@type\":\"ListItem\",\"position\":1,\"name\":\"Ballina\",\"item\":\"https:\/\/permbledhja.com\/sq\/\"},{\"@type\":\"ListItem\",\"position\":2,\"name\":\"Humolli me deklarat\u00eb t\u00eb fort\u00eb: Kurti, Qeveria dhe shumica n\u00eb Kuvend jan\u00eb n\u00eb ndikim t\u00eb Radoj\u00e7iqit\"}]},{\"@type\":\"WebSite\",\"@id\":\"https:\/\/permbledhja.com\/#website\",\"url\":\"https:\/\/permbledhja.com\/\",\"name\":\"Ve\u00e7 artikuj p\u00ebrmbledh\u00ebs\",\"description\":\"\",\"publisher\":{\"@id\":\"https:\/\/permbledhja.com\/#organization\"},\"potentialAction\":[{\"@type\":\"SearchAction\",\"target\":{\"@type\":\"EntryPoint\",\"urlTemplate\":\"https:\/\/permbledhja.com\/?s={search_term_string}\"},\"query-input\":\"required name=search_term_string\"}],\"inLanguage\":\"sq\"},{\"@type\":\"Organization\",\"@id\":\"https:\/\/permbledhja.com\/#organization\",\"name\":\"MK Media & Pr\",\"url\":\"https:\/\/permbledhja.com\/\",\"logo\":{\"@type\":\"ImageObject\",\"inLanguage\":\"sq\",\"@id\":\"https:\/\/permbledhja.com\/#\/schema\/logo\/image\/\",\"url\":\"https:\/\/permbledhja.com\/wp-content\/uploads\/2021\/12\/07-Press-Logo.jpg\",\"contentUrl\":\"https:\/\/permbledhja.com\/wp-content\/uploads\/2021\/12\/07-Press-Logo.jpg\",\"width\":512,\"height\":512,\"caption\":\"MK Media & Pr\"},\"image\":{\"@id\":\"https:\/\/permbledhja.com\/#\/schema\/logo\/image\/\"},\"sameAs\":[\"https:\/\/www.facebook.com\/press07\/\"]},{\"@type\":\"Person\",\"@id\":\"https:\/\/permbledhja.com\/#\/schema\/person\/9c54260cbc4c6f792cb100550491638c\",\"name\":\"DL\",\"image\":{\"@type\":\"ImageObject\",\"inLanguage\":\"sq\",\"@id\":\"https:\/\/permbledhja.com\/#\/schema\/person\/image\/\",\"url\":\"https:\/\/secure.gravatar.com\/avatar\/94503eb28d4c4b2005a5c8753e35fc80?s=96&d=mm&r=g\",\"contentUrl\":\"https:\/\/secure.gravatar.com\/avatar\/94503eb28d4c4b2005a5c8753e35fc80?s=96&d=mm&r=g\",\"caption\":\"DL\"},\"url\":\"https:\/\/permbledhja.com\/sq\/author\/dl\/\"}]}<\/script>\n<!-- \/ Yoast SEO plugin. -->","yoast_head_json":{"title":"Humolli me deklarat\u00eb t\u00eb fort\u00eb: Kurti, Qeveria dhe shumica n\u00eb Kuvend jan\u00eb n\u00eb ndikim t\u00eb Radoj\u00e7iqit","robots":{"index":"index","follow":"follow","max-snippet":"max-snippet:-1","max-image-preview":"max-image-preview:large","max-video-preview":"max-video-preview:-1"},"canonical":"https:\/\/permbledhja.com\/sq\/humolli-me-deklarate-te-forte-kurti-qeveria-dhe-shumica-ne-kuvend-jane-ne-ndikim-te-radojciqit\/","og_locale":"sq_AL","og_type":"article","og_title":"Humolli me deklarat\u00eb t\u00eb fort\u00eb: Kurti, Qeveria dhe shumica n\u00eb Kuvend jan\u00eb n\u00eb ndikim t\u00eb Radoj\u00e7iqit","og_description":"Ish-deputeti i VV\u2019s\u00eb, Fatmir Humolli thot\u00eb se kryeministri i Kosov\u00ebs duhet ta zbatoj\u00eb Kushtetut\u00ebn. Humolli ka folur rreth \u00e7\u00ebshtjes s\u00eb dinarit q\u00eb kryeministrit iu k\u00ebrkua nga shtetet e QUINT-it ta pezulloj\u00eb. \u201cDinari \u00ebsht\u00eb mjet pagese i shtetit serb, nuk \u00ebsht\u00eb mjet i pages\u00ebs s\u00eb shtetit t\u00eb Kosov\u00ebs. Kryeministri duhet t\u00eb zbatoj\u00eb Kushtetut\u00ebn\u201d, tha Humolli. Humolli [&hellip;]","og_url":"https:\/\/permbledhja.com\/sq\/humolli-me-deklarate-te-forte-kurti-qeveria-dhe-shumica-ne-kuvend-jane-ne-ndikim-te-radojciqit\/","og_site_name":"Ve\u00e7 artikuj p\u00ebrmbledh\u00ebs","article_publisher":"https:\/\/www.facebook.com\/press07\/","article_published_time":"2024-01-29T14:44:21+00:00","og_image":[{"width":600,"height":360,"url":"https:\/\/permbledhja.com\/wp-content\/uploads\/2024\/01\/humolll.jpg","type":"image\/jpeg"}],"author":"DL","twitter_card":"summary_large_image","twitter_misc":{"Written by":"DL","Est. reading time":"1 minut\u00eb"},"schema":{"@context":"https:\/\/schema.org","@graph":[{"@type":"Article","@id":"https:\/\/permbledhja.com\/humolli-me-deklarate-te-forte-kurti-qeveria-dhe-shumica-ne-kuvend-jane-ne-ndikim-te-radojciqit\/#article","isPartOf":{"@id":"https:\/\/permbledhja.com\/humolli-me-deklarate-te-forte-kurti-qeveria-dhe-shumica-ne-kuvend-jane-ne-ndikim-te-radojciqit\/"},"author":{"name":"DL","@id":"https:\/\/permbledhja.com\/#\/schema\/person\/9c54260cbc4c6f792cb100550491638c"},"headline":"Humolli me deklarat\u00eb t\u00eb fort\u00eb: Kurti, Qeveria dhe shumica n\u00eb Kuvend jan\u00eb n\u00eb ndikim t\u00eb Radoj\u00e7iqit","datePublished":"2024-01-29T14:44:21+00:00","dateModified":"2024-01-29T14:44:21+00:00","mainEntityOfPage":{"@id":"https:\/\/permbledhja.com\/humolli-me-deklarate-te-forte-kurti-qeveria-dhe-shumica-ne-kuvend-jane-ne-ndikim-te-radojciqit\/"},"wordCount":194,"publisher":{"@id":"https:\/\/permbledhja.com\/#organization"},"articleSection":["Lajme"],"inLanguage":"sq"},{"@type":"WebPage","@id":"https:\/\/permbledhja.com\/humolli-me-deklarate-te-forte-kurti-qeveria-dhe-shumica-ne-kuvend-jane-ne-ndikim-te-radojciqit\/","url":"https:\/\/permbledhja.com\/humolli-me-deklarate-te-forte-kurti-qeveria-dhe-shumica-ne-kuvend-jane-ne-ndikim-te-radojciqit\/","name":"Humolli me deklarat\u00eb t\u00eb fort\u00eb: Kurti, Qeveria dhe shumica n\u00eb Kuvend jan\u00eb n\u00eb ndikim t\u00eb Radoj\u00e7iqit","isPartOf":{"@id":"https:\/\/permbledhja.com\/#website"},"datePublished":"2024-01-29T14:44:21+00:00","dateModified":"2024-01-29T14:44:21+00:00","breadcrumb":{"@id":"https:\/\/permbledhja.com\/humolli-me-deklarate-te-forte-kurti-qeveria-dhe-shumica-ne-kuvend-jane-ne-ndikim-te-radojciqit\/#breadcrumb"},"inLanguage":"sq","potentialAction":[{"@type":"ReadAction","target":["https:\/\/permbledhja.com\/humolli-me-deklarate-te-forte-kurti-qeveria-dhe-shumica-ne-kuvend-jane-ne-ndikim-te-radojciqit\/"]}]},{"@type":"BreadcrumbList","@id":"https:\/\/permbledhja.com\/humolli-me-deklarate-te-forte-kurti-qeveria-dhe-shumica-ne-kuvend-jane-ne-ndikim-te-radojciqit\/#breadcrumb","itemListElement":[{"@type":"ListItem","position":1,"name":"Ballina","item":"https:\/\/permbledhja.com\/sq\/"},{"@type":"ListItem","position":2,"name":"Humolli me deklarat\u00eb t\u00eb fort\u00eb: Kurti, Qeveria dhe shumica n\u00eb Kuvend jan\u00eb n\u00eb ndikim t\u00eb Radoj\u00e7iqit"}]},{"@type":"WebSite","@id":"https:\/\/permbledhja.com\/#website","url":"https:\/\/permbledhja.com\/","name":"Ve\u00e7 artikuj p\u00ebrmbledh\u00ebs","description":"","publisher":{"@id":"https:\/\/permbledhja.com\/#organization"},"potentialAction":[{"@type":"SearchAction","target":{"@type":"EntryPoint","urlTemplate":"https:\/\/permbledhja.com\/?s={search_term_string}"},"query-input":"required name=search_term_string"}],"inLanguage":"sq"},{"@type":"Organization","@id":"https:\/\/permbledhja.com\/#organization","name":"MK Media & Pr","url":"https:\/\/permbledhja.com\/","logo":{"@type":"ImageObject","inLanguage":"sq","@id":"https:\/\/permbledhja.com\/#\/schema\/logo\/image\/","url":"https:\/\/permbledhja.com\/wp-content\/uploads\/2021\/12\/07-Press-Logo.jpg","contentUrl":"https:\/\/permbledhja.com\/wp-content\/uploads\/2021\/12\/07-Press-Logo.jpg","width":512,"height":512,"caption":"MK Media & Pr"},"image":{"@id":"https:\/\/permbledhja.com\/#\/schema\/logo\/image\/"},"sameAs":["https:\/\/www.facebook.com\/press07\/"]},{"@type":"Person","@id":"https:\/\/permbledhja.com\/#\/schema\/person\/9c54260cbc4c6f792cb100550491638c","name":"DL","image":{"@type":"ImageObject","inLanguage":"sq","@id":"https:\/\/permbledhja.com\/#\/schema\/person\/image\/","url":"https:\/\/secure.gravatar.com\/avatar\/94503eb28d4c4b2005a5c8753e35fc80?s=96&d=mm&r=g","contentUrl":"https:\/\/secure.gravatar.com\/avatar\/94503eb28d4c4b2005a5c8753e35fc80?s=96&d=mm&r=g","caption":"DL"},"url":"https:\/\/permbledhja.com\/sq\/author\/dl\/"}]}},"_links":{"self":[{"href":"https:\/\/permbledhja.com\/sq\/wp-json\/wp\/v2\/posts\/45128"}],"collection":[{"href":"https:\/\/permbledhja.com\/sq\/wp-json\/wp\/v2\/posts"}],"about":[{"href":"https:\/\/permbledhja.com\/sq\/wp-json\/wp\/v2\/types\/post"}],"author":[{"embeddable":true,"href":"https:\/\/permbledhja.com\/sq\/wp-json\/wp\/v2\/users\/5"}],"replies":[{"embeddable":true,"href":"https:\/\/permbledhja.com\/sq\/wp-json\/wp\/v2\/comments?post=45128"}],"version-history":[{"count":1,"href":"https:\/\/permbledhja.com\/sq\/wp-json\/wp\/v2\/posts\/45128\/revisions"}],"predecessor-version":[{"id":45130,"href":"https:\/\/permbledhja.com\/sq\/wp-json\/wp\/v2\/posts\/45128\/revisions\/45130"}],"wp:featuredmedia":[{"embeddable":true,"href":"https:\/\/permbledhja.com\/sq\/wp-json\/wp\/v2\/media\/45129"}],"wp:attachment":[{"href":"https:\/\/permbledhja.com\/sq\/wp-json\/wp\/v2\/media?parent=45128"}],"wp:term":[{"taxonomy":"category","embeddable":true,"href":"https:\/\/permbledhja.com\/sq\/wp-json\/wp\/v2\/categories?post=45128"},{"taxonomy":"post_tag","embeddable":true,"href":"https:\/\/permbledhja.com\/sq\/wp-json\/wp\/v2\/tags?post=45128"}],"curies":[{"name":"wp","href":"https:\/\/api.w.org\/{rel}","templated":true}]}}