{"id":45115,"date":"2024-01-29T13:58:02","date_gmt":"2024-01-29T13:58:02","guid":{"rendered":"https:\/\/permbledhja.com\/?p=45115"},"modified":"2024-01-29T13:58:02","modified_gmt":"2024-01-29T13:58:02","slug":"nenshkruhet-nje-marreveshjeje-ushtarake-mes-kosoves-dhe-turqise-maqedonci-tregon-detajet","status":"publish","type":"post","link":"https:\/\/permbledhja.com\/sq\/nenshkruhet-nje-marreveshjeje-ushtarake-mes-kosoves-dhe-turqise-maqedonci-tregon-detajet\/","title":{"rendered":"N\u00ebnshkruhet nj\u00eb marr\u00ebveshjeje ushtarake mes Kosov\u00ebs dhe Turqis\u00eb, Maqedonci tregon detajet"},"content":{"rendered":"<h3>Ministri i Mbrojtjes, Ejup Maqedonci ka njoftuar se Kosova tashm\u00eb ka n\u00ebnshkruar nj\u00eb marr\u00ebveshje ushtarake korniz\u00eb me Turqin\u00eb.<\/h3>\n<p>Pas takimit me ministrin turk t\u00eb Mbrojtjes Komb\u00ebtare, Yasar Guler, me t\u00eb cilin n\u00ebnshkruan marr\u00ebveshjen \u201cp\u00ebr ta thelluar bashk\u00ebpunimin ushtarak n\u00eb shum\u00eb drejtime\u201d.<\/p>\n<p>\u201cShk\u00ebmbimi i personelit ushtarak, shkollimet, trajnimet e p\u00ebrbashk\u00ebta, investimi n\u00eb industrin\u00eb e mbrojtjes si dhe trajtimi sh\u00ebndet\u00ebsor i pjes\u00ebtar\u00ebve t\u00eb FSK-s\u00eb n\u00eb Turkiye ishin disa nga \u00e7\u00ebshtjet t\u00eb cilat i diskutuam, e q\u00eb p\u00ebrmes marr\u00ebveshjes s\u00eb n\u00ebnshkruar i hapim rrug\u00eb procesit p\u00ebr realizimin e tyre.<\/p>\n<p>Krahas lidhjes kulturore nd\u00ebrmjet dy shteteve tona, tashm\u00eb ekziston nj\u00eb bashk\u00ebpunim i ngusht\u00eb n\u00eb aspektin ushtarak, me q\u00ebllim q\u00eb s\u00eb bashku t\u2019i kontribuojm\u00eb ruajtjes s\u00eb paqes dhe stabilitetit n\u00eb rajon dhe m\u00eb gjer\u00eb.\u201d\u00a0\u2013 ka shkruar ministri.<\/p>\n<p>Ky n\u00ebnshkrim vjen pak dit\u00eb pasi Qeveria votoi propozim-vendimin p\u00ebr t\u2019i k\u00ebrkuar presidentes Vjosa Osmani q\u00eb ta jap\u00eb autorizimin p\u00ebr k\u00ebt\u00eb marr\u00ebveshje.<\/p>\n<p><img loading=\"lazy\" decoding=\"async\" class=\"alignnone  wp-image-45117\" src=\"https:\/\/permbledhja.com\/wp-content\/uploads\/2024\/01\/1-300x150.jpg\" alt=\"\" width=\"296\" height=\"148\" srcset=\"https:\/\/permbledhja.com\/wp-content\/uploads\/2024\/01\/1-300x150.jpg 300w, https:\/\/permbledhja.com\/wp-content\/uploads\/2024\/01\/1-1024x512.jpg 1024w, https:\/\/permbledhja.com\/wp-content\/uploads\/2024\/01\/1-768x384.jpg 768w, https:\/\/permbledhja.com\/wp-content\/uploads\/2024\/01\/1-18x9.jpg 18w, https:\/\/permbledhja.com\/wp-content\/uploads\/2024\/01\/1.jpg 1140w\" sizes=\"(max-width: 296px) 100vw, 296px\" \/>\u00a0 \u00a0 \u00a0 \u00a0 <img loading=\"lazy\" decoding=\"async\" class=\"alignnone  wp-image-45118\" src=\"https:\/\/permbledhja.com\/wp-content\/uploads\/2024\/01\/2-300x200.jpg\" alt=\"\" width=\"257\" height=\"171\" srcset=\"https:\/\/permbledhja.com\/wp-content\/uploads\/2024\/01\/2-300x200.jpg 300w, https:\/\/permbledhja.com\/wp-content\/uploads\/2024\/01\/2-18x12.jpg 18w, https:\/\/permbledhja.com\/wp-content\/uploads\/2024\/01\/2-360x240.jpg 360w, https:\/\/permbledhja.com\/wp-content\/uploads\/2024\/01\/2.jpg 768w\" sizes=\"(max-width: 257px) 100vw, 257px\" \/><\/p>\n<p><img loading=\"lazy\" decoding=\"async\" class=\"alignnone  wp-image-45119\" src=\"https:\/\/permbledhja.com\/wp-content\/uploads\/2024\/01\/3-300x200.jpg\" alt=\"\" width=\"300\" height=\"200\" srcset=\"https:\/\/permbledhja.com\/wp-content\/uploads\/2024\/01\/3-300x200.jpg 300w, https:\/\/permbledhja.com\/wp-content\/uploads\/2024\/01\/3-18x12.jpg 18w, https:\/\/permbledhja.com\/wp-content\/uploads\/2024\/01\/3-360x240.jpg 360w, https:\/\/permbledhja.com\/wp-content\/uploads\/2024\/01\/3.jpg 600w\" sizes=\"(max-width: 300px) 100vw, 300px\" \/>\u00a0 \u00a0 \u00a0 \u00a0<img loading=\"lazy\" decoding=\"async\" class=\"alignnone  wp-image-45120\" src=\"https:\/\/permbledhja.com\/wp-content\/uploads\/2024\/01\/4-300x200.jpg\" alt=\"\" width=\"291\" height=\"194\" srcset=\"https:\/\/permbledhja.com\/wp-content\/uploads\/2024\/01\/4-300x200.jpg 300w, https:\/\/permbledhja.com\/wp-content\/uploads\/2024\/01\/4-1024x682.jpg 1024w, https:\/\/permbledhja.com\/wp-content\/uploads\/2024\/01\/4-768x512.jpg 768w, https:\/\/permbledhja.com\/wp-content\/uploads\/2024\/01\/4-1536x1023.jpg 1536w, https:\/\/permbledhja.com\/wp-content\/uploads\/2024\/01\/4-18x12.jpg 18w, https:\/\/permbledhja.com\/wp-content\/uploads\/2024\/01\/4-360x240.jpg 360w, https:\/\/permbledhja.com\/wp-content\/uploads\/2024\/01\/4.jpg 1600w\" sizes=\"(max-width: 291px) 100vw, 291px\" \/><\/p>\n","protected":false},"excerpt":{"rendered":"<p>Ministri i Mbrojtjes, Ejup Maqedonci ka njoftuar se Kosova tashm\u00eb ka n\u00ebnshkruar nj\u00eb marr\u00ebveshje ushtarake korniz\u00eb me Turqin\u00eb. Pas takimit me ministrin turk t\u00eb Mbrojtjes Komb\u00ebtare, Yasar Guler, me t\u00eb cilin n\u00ebnshkruan marr\u00ebveshjen \u201cp\u00ebr ta thelluar bashk\u00ebpunimin ushtarak n\u00eb shum\u00eb drejtime\u201d. \u201cShk\u00ebmbimi i personelit ushtarak, shkollimet, trajnimet e p\u00ebrbashk\u00ebta, investimi n\u00eb industrin\u00eb e mbrojtjes si [&hellip;]<\/p>\n","protected":false},"author":5,"featured_media":45116,"comment_status":"closed","ping_status":"closed","sticky":false,"template":"","format":"standard","meta":{"_monsterinsights_skip_tracking":false,"_monsterinsights_sitenote_active":false,"_monsterinsights_sitenote_note":"","_monsterinsights_sitenote_category":0,"_uf_show_specific_survey":0,"_uf_disable_surveys":false,"footnotes":""},"categories":[2645],"tags":[],"yoast_head":"<!-- This site is optimized with the Yoast SEO plugin v21.5 - https:\/\/yoast.com\/wordpress\/plugins\/seo\/ -->\n<title>N\u00ebnshkruhet nj\u00eb marr\u00ebveshjeje ushtarake mes Kosov\u00ebs dhe Turqis\u00eb, Maqedonci tregon detajet<\/title>\n<meta name=\"robots\" content=\"index, follow, max-snippet:-1, max-image-preview:large, max-video-preview:-1\" \/>\n<link rel=\"canonical\" href=\"https:\/\/permbledhja.com\/sq\/nenshkruhet-nje-marreveshjeje-ushtarake-mes-kosoves-dhe-turqise-maqedonci-tregon-detajet\/\" \/>\n<meta property=\"og:locale\" content=\"sq_AL\" \/>\n<meta property=\"og:type\" content=\"article\" \/>\n<meta property=\"og:title\" content=\"N\u00ebnshkruhet nj\u00eb marr\u00ebveshjeje ushtarake mes Kosov\u00ebs dhe Turqis\u00eb, Maqedonci tregon detajet\" \/>\n<meta property=\"og:description\" content=\"Ministri i Mbrojtjes, Ejup Maqedonci ka njoftuar se Kosova tashm\u00eb ka n\u00ebnshkruar nj\u00eb marr\u00ebveshje ushtarake korniz\u00eb me Turqin\u00eb. Pas takimit me ministrin turk t\u00eb Mbrojtjes Komb\u00ebtare, Yasar Guler, me t\u00eb cilin n\u00ebnshkruan marr\u00ebveshjen \u201cp\u00ebr ta thelluar bashk\u00ebpunimin ushtarak n\u00eb shum\u00eb drejtime\u201d. \u201cShk\u00ebmbimi i personelit ushtarak, shkollimet, trajnimet e p\u00ebrbashk\u00ebta, investimi n\u00eb industrin\u00eb e mbrojtjes si [&hellip;]\" \/>\n<meta property=\"og:url\" content=\"https:\/\/permbledhja.com\/sq\/nenshkruhet-nje-marreveshjeje-ushtarake-mes-kosoves-dhe-turqise-maqedonci-tregon-detajet\/\" \/>\n<meta property=\"og:site_name\" content=\"Ve\u00e7 artikuj p\u00ebrmbledh\u00ebs\" \/>\n<meta property=\"article:publisher\" content=\"https:\/\/www.facebook.com\/press07\/\" \/>\n<meta property=\"article:published_time\" content=\"2024-01-29T13:58:02+00:00\" \/>\n<meta property=\"og:image\" content=\"https:\/\/permbledhja.com\/wp-content\/uploads\/2024\/01\/mrrv.jpg\" \/>\n\t<meta property=\"og:image:width\" content=\"960\" \/>\n\t<meta property=\"og:image:height\" content=\"640\" \/>\n\t<meta property=\"og:image:type\" content=\"image\/jpeg\" \/>\n<meta name=\"author\" content=\"DL\" \/>\n<meta name=\"twitter:card\" content=\"summary_large_image\" \/>\n<meta name=\"twitter:label1\" content=\"Written by\" \/>\n\t<meta name=\"twitter:data1\" content=\"DL\" \/>\n\t<meta name=\"twitter:label2\" content=\"Est. reading time\" \/>\n\t<meta name=\"twitter:data2\" content=\"2 minuta\" \/>\n<script type=\"application\/ld+json\" class=\"yoast-schema-graph\">{\"@context\":\"https:\/\/schema.org\",\"@graph\":[{\"@type\":\"Article\",\"@id\":\"https:\/\/permbledhja.com\/nenshkruhet-nje-marreveshjeje-ushtarake-mes-kosoves-dhe-turqise-maqedonci-tregon-detajet\/#article\",\"isPartOf\":{\"@id\":\"https:\/\/permbledhja.com\/nenshkruhet-nje-marreveshjeje-ushtarake-mes-kosoves-dhe-turqise-maqedonci-tregon-detajet\/\"},\"author\":{\"name\":\"DL\",\"@id\":\"https:\/\/permbledhja.com\/#\/schema\/person\/9c54260cbc4c6f792cb100550491638c\"},\"headline\":\"N\u00ebnshkruhet nj\u00eb marr\u00ebveshjeje ushtarake mes Kosov\u00ebs dhe Turqis\u00eb, Maqedonci tregon detajet\",\"datePublished\":\"2024-01-29T13:58:02+00:00\",\"dateModified\":\"2024-01-29T13:58:02+00:00\",\"mainEntityOfPage\":{\"@id\":\"https:\/\/permbledhja.com\/nenshkruhet-nje-marreveshjeje-ushtarake-mes-kosoves-dhe-turqise-maqedonci-tregon-detajet\/\"},\"wordCount\":187,\"publisher\":{\"@id\":\"https:\/\/permbledhja.com\/#organization\"},\"articleSection\":[\"T\u00eb r\u00ebnd\u00ebsishme\"],\"inLanguage\":\"sq\"},{\"@type\":\"WebPage\",\"@id\":\"https:\/\/permbledhja.com\/nenshkruhet-nje-marreveshjeje-ushtarake-mes-kosoves-dhe-turqise-maqedonci-tregon-detajet\/\",\"url\":\"https:\/\/permbledhja.com\/nenshkruhet-nje-marreveshjeje-ushtarake-mes-kosoves-dhe-turqise-maqedonci-tregon-detajet\/\",\"name\":\"N\u00ebnshkruhet nj\u00eb marr\u00ebveshjeje ushtarake mes Kosov\u00ebs dhe Turqis\u00eb, Maqedonci tregon detajet\",\"isPartOf\":{\"@id\":\"https:\/\/permbledhja.com\/#website\"},\"datePublished\":\"2024-01-29T13:58:02+00:00\",\"dateModified\":\"2024-01-29T13:58:02+00:00\",\"breadcrumb\":{\"@id\":\"https:\/\/permbledhja.com\/nenshkruhet-nje-marreveshjeje-ushtarake-mes-kosoves-dhe-turqise-maqedonci-tregon-detajet\/#breadcrumb\"},\"inLanguage\":\"sq\",\"potentialAction\":[{\"@type\":\"ReadAction\",\"target\":[\"https:\/\/permbledhja.com\/nenshkruhet-nje-marreveshjeje-ushtarake-mes-kosoves-dhe-turqise-maqedonci-tregon-detajet\/\"]}]},{\"@type\":\"BreadcrumbList\",\"@id\":\"https:\/\/permbledhja.com\/nenshkruhet-nje-marreveshjeje-ushtarake-mes-kosoves-dhe-turqise-maqedonci-tregon-detajet\/#breadcrumb\",\"itemListElement\":[{\"@type\":\"ListItem\",\"position\":1,\"name\":\"Ballina\",\"item\":\"https:\/\/permbledhja.com\/sq\/\"},{\"@type\":\"ListItem\",\"position\":2,\"name\":\"N\u00ebnshkruhet nj\u00eb marr\u00ebveshjeje ushtarake mes Kosov\u00ebs dhe Turqis\u00eb, Maqedonci tregon detajet\"}]},{\"@type\":\"WebSite\",\"@id\":\"https:\/\/permbledhja.com\/#website\",\"url\":\"https:\/\/permbledhja.com\/\",\"name\":\"Ve\u00e7 artikuj p\u00ebrmbledh\u00ebs\",\"description\":\"\",\"publisher\":{\"@id\":\"https:\/\/permbledhja.com\/#organization\"},\"potentialAction\":[{\"@type\":\"SearchAction\",\"target\":{\"@type\":\"EntryPoint\",\"urlTemplate\":\"https:\/\/permbledhja.com\/?s={search_term_string}\"},\"query-input\":\"required name=search_term_string\"}],\"inLanguage\":\"sq\"},{\"@type\":\"Organization\",\"@id\":\"https:\/\/permbledhja.com\/#organization\",\"name\":\"MK Media & Pr\",\"url\":\"https:\/\/permbledhja.com\/\",\"logo\":{\"@type\":\"ImageObject\",\"inLanguage\":\"sq\",\"@id\":\"https:\/\/permbledhja.com\/#\/schema\/logo\/image\/\",\"url\":\"https:\/\/permbledhja.com\/wp-content\/uploads\/2021\/12\/07-Press-Logo.jpg\",\"contentUrl\":\"https:\/\/permbledhja.com\/wp-content\/uploads\/2021\/12\/07-Press-Logo.jpg\",\"width\":512,\"height\":512,\"caption\":\"MK Media & Pr\"},\"image\":{\"@id\":\"https:\/\/permbledhja.com\/#\/schema\/logo\/image\/\"},\"sameAs\":[\"https:\/\/www.facebook.com\/press07\/\"]},{\"@type\":\"Person\",\"@id\":\"https:\/\/permbledhja.com\/#\/schema\/person\/9c54260cbc4c6f792cb100550491638c\",\"name\":\"DL\",\"image\":{\"@type\":\"ImageObject\",\"inLanguage\":\"sq\",\"@id\":\"https:\/\/permbledhja.com\/#\/schema\/person\/image\/\",\"url\":\"https:\/\/secure.gravatar.com\/avatar\/94503eb28d4c4b2005a5c8753e35fc80?s=96&d=mm&r=g\",\"contentUrl\":\"https:\/\/secure.gravatar.com\/avatar\/94503eb28d4c4b2005a5c8753e35fc80?s=96&d=mm&r=g\",\"caption\":\"DL\"},\"url\":\"https:\/\/permbledhja.com\/sq\/author\/dl\/\"}]}<\/script>\n<!-- \/ Yoast SEO plugin. -->","yoast_head_json":{"title":"N\u00ebnshkruhet nj\u00eb marr\u00ebveshjeje ushtarake mes Kosov\u00ebs dhe Turqis\u00eb, Maqedonci tregon detajet","robots":{"index":"index","follow":"follow","max-snippet":"max-snippet:-1","max-image-preview":"max-image-preview:large","max-video-preview":"max-video-preview:-1"},"canonical":"https:\/\/permbledhja.com\/sq\/nenshkruhet-nje-marreveshjeje-ushtarake-mes-kosoves-dhe-turqise-maqedonci-tregon-detajet\/","og_locale":"sq_AL","og_type":"article","og_title":"N\u00ebnshkruhet nj\u00eb marr\u00ebveshjeje ushtarake mes Kosov\u00ebs dhe Turqis\u00eb, Maqedonci tregon detajet","og_description":"Ministri i Mbrojtjes, Ejup Maqedonci ka njoftuar se Kosova tashm\u00eb ka n\u00ebnshkruar nj\u00eb marr\u00ebveshje ushtarake korniz\u00eb me Turqin\u00eb. Pas takimit me ministrin turk t\u00eb Mbrojtjes Komb\u00ebtare, Yasar Guler, me t\u00eb cilin n\u00ebnshkruan marr\u00ebveshjen \u201cp\u00ebr ta thelluar bashk\u00ebpunimin ushtarak n\u00eb shum\u00eb drejtime\u201d. \u201cShk\u00ebmbimi i personelit ushtarak, shkollimet, trajnimet e p\u00ebrbashk\u00ebta, investimi n\u00eb industrin\u00eb e mbrojtjes si [&hellip;]","og_url":"https:\/\/permbledhja.com\/sq\/nenshkruhet-nje-marreveshjeje-ushtarake-mes-kosoves-dhe-turqise-maqedonci-tregon-detajet\/","og_site_name":"Ve\u00e7 artikuj p\u00ebrmbledh\u00ebs","article_publisher":"https:\/\/www.facebook.com\/press07\/","article_published_time":"2024-01-29T13:58:02+00:00","og_image":[{"width":960,"height":640,"url":"https:\/\/permbledhja.com\/wp-content\/uploads\/2024\/01\/mrrv.jpg","type":"image\/jpeg"}],"author":"DL","twitter_card":"summary_large_image","twitter_misc":{"Written by":"DL","Est. reading time":"2 minuta"},"schema":{"@context":"https:\/\/schema.org","@graph":[{"@type":"Article","@id":"https:\/\/permbledhja.com\/nenshkruhet-nje-marreveshjeje-ushtarake-mes-kosoves-dhe-turqise-maqedonci-tregon-detajet\/#article","isPartOf":{"@id":"https:\/\/permbledhja.com\/nenshkruhet-nje-marreveshjeje-ushtarake-mes-kosoves-dhe-turqise-maqedonci-tregon-detajet\/"},"author":{"name":"DL","@id":"https:\/\/permbledhja.com\/#\/schema\/person\/9c54260cbc4c6f792cb100550491638c"},"headline":"N\u00ebnshkruhet nj\u00eb marr\u00ebveshjeje ushtarake mes Kosov\u00ebs dhe Turqis\u00eb, Maqedonci tregon detajet","datePublished":"2024-01-29T13:58:02+00:00","dateModified":"2024-01-29T13:58:02+00:00","mainEntityOfPage":{"@id":"https:\/\/permbledhja.com\/nenshkruhet-nje-marreveshjeje-ushtarake-mes-kosoves-dhe-turqise-maqedonci-tregon-detajet\/"},"wordCount":187,"publisher":{"@id":"https:\/\/permbledhja.com\/#organization"},"articleSection":["T\u00eb r\u00ebnd\u00ebsishme"],"inLanguage":"sq"},{"@type":"WebPage","@id":"https:\/\/permbledhja.com\/nenshkruhet-nje-marreveshjeje-ushtarake-mes-kosoves-dhe-turqise-maqedonci-tregon-detajet\/","url":"https:\/\/permbledhja.com\/nenshkruhet-nje-marreveshjeje-ushtarake-mes-kosoves-dhe-turqise-maqedonci-tregon-detajet\/","name":"N\u00ebnshkruhet nj\u00eb marr\u00ebveshjeje ushtarake mes Kosov\u00ebs dhe Turqis\u00eb, Maqedonci tregon detajet","isPartOf":{"@id":"https:\/\/permbledhja.com\/#website"},"datePublished":"2024-01-29T13:58:02+00:00","dateModified":"2024-01-29T13:58:02+00:00","breadcrumb":{"@id":"https:\/\/permbledhja.com\/nenshkruhet-nje-marreveshjeje-ushtarake-mes-kosoves-dhe-turqise-maqedonci-tregon-detajet\/#breadcrumb"},"inLanguage":"sq","potentialAction":[{"@type":"ReadAction","target":["https:\/\/permbledhja.com\/nenshkruhet-nje-marreveshjeje-ushtarake-mes-kosoves-dhe-turqise-maqedonci-tregon-detajet\/"]}]},{"@type":"BreadcrumbList","@id":"https:\/\/permbledhja.com\/nenshkruhet-nje-marreveshjeje-ushtarake-mes-kosoves-dhe-turqise-maqedonci-tregon-detajet\/#breadcrumb","itemListElement":[{"@type":"ListItem","position":1,"name":"Ballina","item":"https:\/\/permbledhja.com\/sq\/"},{"@type":"ListItem","position":2,"name":"N\u00ebnshkruhet nj\u00eb marr\u00ebveshjeje ushtarake mes Kosov\u00ebs dhe Turqis\u00eb, Maqedonci tregon detajet"}]},{"@type":"WebSite","@id":"https:\/\/permbledhja.com\/#website","url":"https:\/\/permbledhja.com\/","name":"Ve\u00e7 artikuj p\u00ebrmbledh\u00ebs","description":"","publisher":{"@id":"https:\/\/permbledhja.com\/#organization"},"potentialAction":[{"@type":"SearchAction","target":{"@type":"EntryPoint","urlTemplate":"https:\/\/permbledhja.com\/?s={search_term_string}"},"query-input":"required name=search_term_string"}],"inLanguage":"sq"},{"@type":"Organization","@id":"https:\/\/permbledhja.com\/#organization","name":"MK Media & Pr","url":"https:\/\/permbledhja.com\/","logo":{"@type":"ImageObject","inLanguage":"sq","@id":"https:\/\/permbledhja.com\/#\/schema\/logo\/image\/","url":"https:\/\/permbledhja.com\/wp-content\/uploads\/2021\/12\/07-Press-Logo.jpg","contentUrl":"https:\/\/permbledhja.com\/wp-content\/uploads\/2021\/12\/07-Press-Logo.jpg","width":512,"height":512,"caption":"MK Media & Pr"},"image":{"@id":"https:\/\/permbledhja.com\/#\/schema\/logo\/image\/"},"sameAs":["https:\/\/www.facebook.com\/press07\/"]},{"@type":"Person","@id":"https:\/\/permbledhja.com\/#\/schema\/person\/9c54260cbc4c6f792cb100550491638c","name":"DL","image":{"@type":"ImageObject","inLanguage":"sq","@id":"https:\/\/permbledhja.com\/#\/schema\/person\/image\/","url":"https:\/\/secure.gravatar.com\/avatar\/94503eb28d4c4b2005a5c8753e35fc80?s=96&d=mm&r=g","contentUrl":"https:\/\/secure.gravatar.com\/avatar\/94503eb28d4c4b2005a5c8753e35fc80?s=96&d=mm&r=g","caption":"DL"},"url":"https:\/\/permbledhja.com\/sq\/author\/dl\/"}]}},"_links":{"self":[{"href":"https:\/\/permbledhja.com\/sq\/wp-json\/wp\/v2\/posts\/45115"}],"collection":[{"href":"https:\/\/permbledhja.com\/sq\/wp-json\/wp\/v2\/posts"}],"about":[{"href":"https:\/\/permbledhja.com\/sq\/wp-json\/wp\/v2\/types\/post"}],"author":[{"embeddable":true,"href":"https:\/\/permbledhja.com\/sq\/wp-json\/wp\/v2\/users\/5"}],"replies":[{"embeddable":true,"href":"https:\/\/permbledhja.com\/sq\/wp-json\/wp\/v2\/comments?post=45115"}],"version-history":[{"count":1,"href":"https:\/\/permbledhja.com\/sq\/wp-json\/wp\/v2\/posts\/45115\/revisions"}],"predecessor-version":[{"id":45121,"href":"https:\/\/permbledhja.com\/sq\/wp-json\/wp\/v2\/posts\/45115\/revisions\/45121"}],"wp:featuredmedia":[{"embeddable":true,"href":"https:\/\/permbledhja.com\/sq\/wp-json\/wp\/v2\/media\/45116"}],"wp:attachment":[{"href":"https:\/\/permbledhja.com\/sq\/wp-json\/wp\/v2\/media?parent=45115"}],"wp:term":[{"taxonomy":"category","embeddable":true,"href":"https:\/\/permbledhja.com\/sq\/wp-json\/wp\/v2\/categories?post=45115"},{"taxonomy":"post_tag","embeddable":true,"href":"https:\/\/permbledhja.com\/sq\/wp-json\/wp\/v2\/tags?post=45115"}],"curies":[{"name":"wp","href":"https:\/\/api.w.org\/{rel}","templated":true}]}}