{"id":45112,"date":"2024-01-29T13:42:38","date_gmt":"2024-01-29T13:42:38","guid":{"rendered":"https:\/\/permbledhja.com\/?p=45112"},"modified":"2024-01-29T13:42:38","modified_gmt":"2024-01-29T13:42:38","slug":"brukseli-kerkon-periudhe-tranzicioni-per-ceshtjen-e-dinarit-dhe-zgjidhje-me-negociata","status":"publish","type":"post","link":"https:\/\/permbledhja.com\/sq\/brukseli-kerkon-periudhe-tranzicioni-per-ceshtjen-e-dinarit-dhe-zgjidhje-me-negociata\/","title":{"rendered":"Brukseli k\u00ebrkon periudh\u00eb tranzicioni p\u00ebr \u00e7\u00ebshtjen e dinarit dhe zgjidhje me negociata"},"content":{"rendered":"<h3>Bashkimi Evropian i ka b\u00ebr\u00eb thirrje Kosov\u00ebs q\u00eb n\u00eb kuad\u00ebr t\u00eb procesit t\u00eb dialogut q\u00eb ajo e b\u00ebn\u00eb me Serbin\u00eb, t\u00eb gjindet edhe zgjidhja p\u00ebr \u00e7\u00ebshtjen e p\u00ebrdorimit t\u00eb dinarit serb n\u00eb Kosov\u00eb, q\u00eb sipas nj\u00eb rregulloreje t\u00eb Bank\u00ebs Q\u00ebndrore t\u00eb Kosov\u00ebs, nga 1 shkurti, p\u00ebrdorimi i k\u00ebsaj kjo valute ndalohet n\u00eb territorin e Republik\u00ebs s\u00eb Kosov\u00ebs.<\/h3>\n<p>\u201cNe natyrisht kemi marr\u00eb sh\u00ebnime p\u00ebr k\u00ebt\u00eb, dhe po ashtu kemi marr\u00eb sh\u00ebnime\u00a0p\u00ebr pasojat q\u00eb ky vendim ka dhe do t\u00eb ket\u00eb n\u00eb komunitetin serb. Kjo ngreh shqet\u00ebsime, pik\u00ebrisht p\u00ebr impaktin q\u00eb do ta ket\u00eb n\u00eb komunitetin serb, sidomos n\u00eb shkolla dhe spitale, p\u00ebr t\u00eb cilat nuk ka proces alternativ i qassh\u00ebm p\u00ebr momentin\u201d.<\/p>\n<p>\u201cKjo rregullore do ket\u00eb ndikim direkt n\u00eb jet\u00ebt e p\u00ebrditshme t\u00eb shumic\u00ebs s\u00eb komunitetit t\u00eb serb\u00ebve t\u00eb Kosov\u00ebs, q\u00eb marrin pag\u00eb apo asistenc\u00eb financiare nga Serbia, n\u00eb dinar serb\u00eb. Pra duke i pas parasysh pasojat potenciale t\u00eb k\u00ebsaj rregulloreje n\u00eb procesin e normalizimit t\u00eb marr\u00ebdh\u00ebnieve mes Kosov\u00ebs dhe Serbis\u00eb, ne presim q\u00eb aspektet q\u00eb prekin komunitetin serb\u00eb n\u00eb Kosov\u00eb, do t\u00eb adresohen n\u00eb kuad\u00ebr t\u00eb kroniz\u00ebs s\u00eb dialogur t\u00eb leht\u00ebsuar nga BE-ja. Ne th\u00ebrr\u00ebsim p\u00ebr nj\u00eb periudh\u00eb t\u00eb duhur t\u00eb tranzicionit q\u00eb lejon gjetjen e nj\u00eb zgjidhje t\u00eb negociuar, n\u00eb k\u00ebt\u00eb \u00e7\u00ebshtje specifike\u201dtha z\u00ebdh\u00ebn\u00ebsi p\u00ebr politik\u00eb t\u00eb jashtme i BE-s\u00eb, Peter Stano, gjat\u00eb nj\u00eb konference t\u00eb h\u00ebn\u00ebn n\u00eb Bruksel.<\/p>\n<p>Ndryshe, \u00e7\u00ebshtja e dinarit pritet t\u00eb jet\u00eb kryetem\u00eb e diskutimeve q\u00eb do t\u2019i ket\u00eb t\u00eb h\u00ebn\u00ebn n\u00eb Beograd e t\u00eb mart\u00ebn n\u00eb Prishtin\u00eb, p\u00ebrfaq\u00ebsuesi special i BE-s\u00eb, p\u00ebr dialogun Kosov\u00eb-Serbi, Miroslav Laj\u00e7ak.<\/p>\n","protected":false},"excerpt":{"rendered":"<p>Bashkimi Evropian i ka b\u00ebr\u00eb thirrje Kosov\u00ebs q\u00eb n\u00eb kuad\u00ebr t\u00eb procesit t\u00eb dialogut q\u00eb ajo e b\u00ebn\u00eb me Serbin\u00eb, t\u00eb gjindet edhe zgjidhja p\u00ebr \u00e7\u00ebshtjen e p\u00ebrdorimit t\u00eb dinarit serb n\u00eb Kosov\u00eb, q\u00eb sipas nj\u00eb rregulloreje t\u00eb Bank\u00ebs Q\u00ebndrore t\u00eb Kosov\u00ebs, nga 1 shkurti, p\u00ebrdorimi i k\u00ebsaj kjo valute ndalohet n\u00eb territorin e Republik\u00ebs [&hellip;]<\/p>\n","protected":false},"author":5,"featured_media":45113,"comment_status":"closed","ping_status":"closed","sticky":false,"template":"","format":"standard","meta":{"_monsterinsights_skip_tracking":false,"_monsterinsights_sitenote_active":false,"_monsterinsights_sitenote_note":"","_monsterinsights_sitenote_category":0,"_uf_show_specific_survey":0,"_uf_disable_surveys":false,"footnotes":""},"categories":[1146],"tags":[],"yoast_head":"<!-- This site is optimized with the Yoast SEO plugin v21.5 - https:\/\/yoast.com\/wordpress\/plugins\/seo\/ -->\n<title>Brukseli k\u00ebrkon periudh\u00eb tranzicioni p\u00ebr \u00e7\u00ebshtjen e dinarit dhe zgjidhje me negociata<\/title>\n<meta name=\"robots\" content=\"index, follow, max-snippet:-1, max-image-preview:large, max-video-preview:-1\" \/>\n<link rel=\"canonical\" href=\"https:\/\/permbledhja.com\/sq\/brukseli-kerkon-periudhe-tranzicioni-per-ceshtjen-e-dinarit-dhe-zgjidhje-me-negociata\/\" \/>\n<meta property=\"og:locale\" content=\"sq_AL\" \/>\n<meta property=\"og:type\" content=\"article\" \/>\n<meta property=\"og:title\" content=\"Brukseli k\u00ebrkon periudh\u00eb tranzicioni p\u00ebr \u00e7\u00ebshtjen e dinarit dhe zgjidhje me negociata\" \/>\n<meta property=\"og:description\" content=\"Bashkimi Evropian i ka b\u00ebr\u00eb thirrje Kosov\u00ebs q\u00eb n\u00eb kuad\u00ebr t\u00eb procesit t\u00eb dialogut q\u00eb ajo e b\u00ebn\u00eb me Serbin\u00eb, t\u00eb gjindet edhe zgjidhja p\u00ebr \u00e7\u00ebshtjen e p\u00ebrdorimit t\u00eb dinarit serb n\u00eb Kosov\u00eb, q\u00eb sipas nj\u00eb rregulloreje t\u00eb Bank\u00ebs Q\u00ebndrore t\u00eb Kosov\u00ebs, nga 1 shkurti, p\u00ebrdorimi i k\u00ebsaj kjo valute ndalohet n\u00eb territorin e Republik\u00ebs [&hellip;]\" \/>\n<meta property=\"og:url\" content=\"https:\/\/permbledhja.com\/sq\/brukseli-kerkon-periudhe-tranzicioni-per-ceshtjen-e-dinarit-dhe-zgjidhje-me-negociata\/\" \/>\n<meta property=\"og:site_name\" content=\"Ve\u00e7 artikuj p\u00ebrmbledh\u00ebs\" \/>\n<meta property=\"article:publisher\" content=\"https:\/\/www.facebook.com\/press07\/\" \/>\n<meta property=\"article:published_time\" content=\"2024-01-29T13:42:38+00:00\" \/>\n<meta property=\"og:image\" content=\"https:\/\/permbledhja.com\/wp-content\/uploads\/2024\/01\/trio.jpg\" \/>\n\t<meta property=\"og:image:width\" content=\"600\" \/>\n\t<meta property=\"og:image:height\" content=\"360\" \/>\n\t<meta property=\"og:image:type\" content=\"image\/jpeg\" \/>\n<meta name=\"author\" content=\"DL\" \/>\n<meta name=\"twitter:card\" content=\"summary_large_image\" \/>\n<meta name=\"twitter:label1\" content=\"Written by\" \/>\n\t<meta name=\"twitter:data1\" content=\"DL\" \/>\n\t<meta name=\"twitter:label2\" content=\"Est. reading time\" \/>\n\t<meta name=\"twitter:data2\" content=\"2 minuta\" \/>\n<script type=\"application\/ld+json\" class=\"yoast-schema-graph\">{\"@context\":\"https:\/\/schema.org\",\"@graph\":[{\"@type\":\"Article\",\"@id\":\"https:\/\/permbledhja.com\/brukseli-kerkon-periudhe-tranzicioni-per-ceshtjen-e-dinarit-dhe-zgjidhje-me-negociata\/#article\",\"isPartOf\":{\"@id\":\"https:\/\/permbledhja.com\/brukseli-kerkon-periudhe-tranzicioni-per-ceshtjen-e-dinarit-dhe-zgjidhje-me-negociata\/\"},\"author\":{\"name\":\"DL\",\"@id\":\"https:\/\/permbledhja.com\/#\/schema\/person\/9c54260cbc4c6f792cb100550491638c\"},\"headline\":\"Brukseli k\u00ebrkon periudh\u00eb tranzicioni p\u00ebr \u00e7\u00ebshtjen e dinarit dhe zgjidhje me negociata\",\"datePublished\":\"2024-01-29T13:42:38+00:00\",\"dateModified\":\"2024-01-29T13:42:38+00:00\",\"mainEntityOfPage\":{\"@id\":\"https:\/\/permbledhja.com\/brukseli-kerkon-periudhe-tranzicioni-per-ceshtjen-e-dinarit-dhe-zgjidhje-me-negociata\/\"},\"wordCount\":322,\"publisher\":{\"@id\":\"https:\/\/permbledhja.com\/#organization\"},\"articleSection\":[\"Kryesoret\"],\"inLanguage\":\"sq\"},{\"@type\":\"WebPage\",\"@id\":\"https:\/\/permbledhja.com\/brukseli-kerkon-periudhe-tranzicioni-per-ceshtjen-e-dinarit-dhe-zgjidhje-me-negociata\/\",\"url\":\"https:\/\/permbledhja.com\/brukseli-kerkon-periudhe-tranzicioni-per-ceshtjen-e-dinarit-dhe-zgjidhje-me-negociata\/\",\"name\":\"Brukseli k\u00ebrkon periudh\u00eb tranzicioni p\u00ebr \u00e7\u00ebshtjen e dinarit dhe zgjidhje me negociata\",\"isPartOf\":{\"@id\":\"https:\/\/permbledhja.com\/#website\"},\"datePublished\":\"2024-01-29T13:42:38+00:00\",\"dateModified\":\"2024-01-29T13:42:38+00:00\",\"breadcrumb\":{\"@id\":\"https:\/\/permbledhja.com\/brukseli-kerkon-periudhe-tranzicioni-per-ceshtjen-e-dinarit-dhe-zgjidhje-me-negociata\/#breadcrumb\"},\"inLanguage\":\"sq\",\"potentialAction\":[{\"@type\":\"ReadAction\",\"target\":[\"https:\/\/permbledhja.com\/brukseli-kerkon-periudhe-tranzicioni-per-ceshtjen-e-dinarit-dhe-zgjidhje-me-negociata\/\"]}]},{\"@type\":\"BreadcrumbList\",\"@id\":\"https:\/\/permbledhja.com\/brukseli-kerkon-periudhe-tranzicioni-per-ceshtjen-e-dinarit-dhe-zgjidhje-me-negociata\/#breadcrumb\",\"itemListElement\":[{\"@type\":\"ListItem\",\"position\":1,\"name\":\"Ballina\",\"item\":\"https:\/\/permbledhja.com\/sq\/\"},{\"@type\":\"ListItem\",\"position\":2,\"name\":\"Brukseli k\u00ebrkon periudh\u00eb tranzicioni p\u00ebr \u00e7\u00ebshtjen e dinarit dhe zgjidhje me negociata\"}]},{\"@type\":\"WebSite\",\"@id\":\"https:\/\/permbledhja.com\/#website\",\"url\":\"https:\/\/permbledhja.com\/\",\"name\":\"Ve\u00e7 artikuj p\u00ebrmbledh\u00ebs\",\"description\":\"\",\"publisher\":{\"@id\":\"https:\/\/permbledhja.com\/#organization\"},\"potentialAction\":[{\"@type\":\"SearchAction\",\"target\":{\"@type\":\"EntryPoint\",\"urlTemplate\":\"https:\/\/permbledhja.com\/?s={search_term_string}\"},\"query-input\":\"required name=search_term_string\"}],\"inLanguage\":\"sq\"},{\"@type\":\"Organization\",\"@id\":\"https:\/\/permbledhja.com\/#organization\",\"name\":\"MK Media & Pr\",\"url\":\"https:\/\/permbledhja.com\/\",\"logo\":{\"@type\":\"ImageObject\",\"inLanguage\":\"sq\",\"@id\":\"https:\/\/permbledhja.com\/#\/schema\/logo\/image\/\",\"url\":\"https:\/\/permbledhja.com\/wp-content\/uploads\/2021\/12\/07-Press-Logo.jpg\",\"contentUrl\":\"https:\/\/permbledhja.com\/wp-content\/uploads\/2021\/12\/07-Press-Logo.jpg\",\"width\":512,\"height\":512,\"caption\":\"MK Media & Pr\"},\"image\":{\"@id\":\"https:\/\/permbledhja.com\/#\/schema\/logo\/image\/\"},\"sameAs\":[\"https:\/\/www.facebook.com\/press07\/\"]},{\"@type\":\"Person\",\"@id\":\"https:\/\/permbledhja.com\/#\/schema\/person\/9c54260cbc4c6f792cb100550491638c\",\"name\":\"DL\",\"image\":{\"@type\":\"ImageObject\",\"inLanguage\":\"sq\",\"@id\":\"https:\/\/permbledhja.com\/#\/schema\/person\/image\/\",\"url\":\"https:\/\/secure.gravatar.com\/avatar\/94503eb28d4c4b2005a5c8753e35fc80?s=96&d=mm&r=g\",\"contentUrl\":\"https:\/\/secure.gravatar.com\/avatar\/94503eb28d4c4b2005a5c8753e35fc80?s=96&d=mm&r=g\",\"caption\":\"DL\"},\"url\":\"https:\/\/permbledhja.com\/sq\/author\/dl\/\"}]}<\/script>\n<!-- \/ Yoast SEO plugin. -->","yoast_head_json":{"title":"Brukseli k\u00ebrkon periudh\u00eb tranzicioni p\u00ebr \u00e7\u00ebshtjen e dinarit dhe zgjidhje me negociata","robots":{"index":"index","follow":"follow","max-snippet":"max-snippet:-1","max-image-preview":"max-image-preview:large","max-video-preview":"max-video-preview:-1"},"canonical":"https:\/\/permbledhja.com\/sq\/brukseli-kerkon-periudhe-tranzicioni-per-ceshtjen-e-dinarit-dhe-zgjidhje-me-negociata\/","og_locale":"sq_AL","og_type":"article","og_title":"Brukseli k\u00ebrkon periudh\u00eb tranzicioni p\u00ebr \u00e7\u00ebshtjen e dinarit dhe zgjidhje me negociata","og_description":"Bashkimi Evropian i ka b\u00ebr\u00eb thirrje Kosov\u00ebs q\u00eb n\u00eb kuad\u00ebr t\u00eb procesit t\u00eb dialogut q\u00eb ajo e b\u00ebn\u00eb me Serbin\u00eb, t\u00eb gjindet edhe zgjidhja p\u00ebr \u00e7\u00ebshtjen e p\u00ebrdorimit t\u00eb dinarit serb n\u00eb Kosov\u00eb, q\u00eb sipas nj\u00eb rregulloreje t\u00eb Bank\u00ebs Q\u00ebndrore t\u00eb Kosov\u00ebs, nga 1 shkurti, p\u00ebrdorimi i k\u00ebsaj kjo valute ndalohet n\u00eb territorin e Republik\u00ebs [&hellip;]","og_url":"https:\/\/permbledhja.com\/sq\/brukseli-kerkon-periudhe-tranzicioni-per-ceshtjen-e-dinarit-dhe-zgjidhje-me-negociata\/","og_site_name":"Ve\u00e7 artikuj p\u00ebrmbledh\u00ebs","article_publisher":"https:\/\/www.facebook.com\/press07\/","article_published_time":"2024-01-29T13:42:38+00:00","og_image":[{"width":600,"height":360,"url":"https:\/\/permbledhja.com\/wp-content\/uploads\/2024\/01\/trio.jpg","type":"image\/jpeg"}],"author":"DL","twitter_card":"summary_large_image","twitter_misc":{"Written by":"DL","Est. reading time":"2 minuta"},"schema":{"@context":"https:\/\/schema.org","@graph":[{"@type":"Article","@id":"https:\/\/permbledhja.com\/brukseli-kerkon-periudhe-tranzicioni-per-ceshtjen-e-dinarit-dhe-zgjidhje-me-negociata\/#article","isPartOf":{"@id":"https:\/\/permbledhja.com\/brukseli-kerkon-periudhe-tranzicioni-per-ceshtjen-e-dinarit-dhe-zgjidhje-me-negociata\/"},"author":{"name":"DL","@id":"https:\/\/permbledhja.com\/#\/schema\/person\/9c54260cbc4c6f792cb100550491638c"},"headline":"Brukseli k\u00ebrkon periudh\u00eb tranzicioni p\u00ebr \u00e7\u00ebshtjen e dinarit dhe zgjidhje me negociata","datePublished":"2024-01-29T13:42:38+00:00","dateModified":"2024-01-29T13:42:38+00:00","mainEntityOfPage":{"@id":"https:\/\/permbledhja.com\/brukseli-kerkon-periudhe-tranzicioni-per-ceshtjen-e-dinarit-dhe-zgjidhje-me-negociata\/"},"wordCount":322,"publisher":{"@id":"https:\/\/permbledhja.com\/#organization"},"articleSection":["Kryesoret"],"inLanguage":"sq"},{"@type":"WebPage","@id":"https:\/\/permbledhja.com\/brukseli-kerkon-periudhe-tranzicioni-per-ceshtjen-e-dinarit-dhe-zgjidhje-me-negociata\/","url":"https:\/\/permbledhja.com\/brukseli-kerkon-periudhe-tranzicioni-per-ceshtjen-e-dinarit-dhe-zgjidhje-me-negociata\/","name":"Brukseli k\u00ebrkon periudh\u00eb tranzicioni p\u00ebr \u00e7\u00ebshtjen e dinarit dhe zgjidhje me negociata","isPartOf":{"@id":"https:\/\/permbledhja.com\/#website"},"datePublished":"2024-01-29T13:42:38+00:00","dateModified":"2024-01-29T13:42:38+00:00","breadcrumb":{"@id":"https:\/\/permbledhja.com\/brukseli-kerkon-periudhe-tranzicioni-per-ceshtjen-e-dinarit-dhe-zgjidhje-me-negociata\/#breadcrumb"},"inLanguage":"sq","potentialAction":[{"@type":"ReadAction","target":["https:\/\/permbledhja.com\/brukseli-kerkon-periudhe-tranzicioni-per-ceshtjen-e-dinarit-dhe-zgjidhje-me-negociata\/"]}]},{"@type":"BreadcrumbList","@id":"https:\/\/permbledhja.com\/brukseli-kerkon-periudhe-tranzicioni-per-ceshtjen-e-dinarit-dhe-zgjidhje-me-negociata\/#breadcrumb","itemListElement":[{"@type":"ListItem","position":1,"name":"Ballina","item":"https:\/\/permbledhja.com\/sq\/"},{"@type":"ListItem","position":2,"name":"Brukseli k\u00ebrkon periudh\u00eb tranzicioni p\u00ebr \u00e7\u00ebshtjen e dinarit dhe zgjidhje me negociata"}]},{"@type":"WebSite","@id":"https:\/\/permbledhja.com\/#website","url":"https:\/\/permbledhja.com\/","name":"Ve\u00e7 artikuj p\u00ebrmbledh\u00ebs","description":"","publisher":{"@id":"https:\/\/permbledhja.com\/#organization"},"potentialAction":[{"@type":"SearchAction","target":{"@type":"EntryPoint","urlTemplate":"https:\/\/permbledhja.com\/?s={search_term_string}"},"query-input":"required name=search_term_string"}],"inLanguage":"sq"},{"@type":"Organization","@id":"https:\/\/permbledhja.com\/#organization","name":"MK Media & Pr","url":"https:\/\/permbledhja.com\/","logo":{"@type":"ImageObject","inLanguage":"sq","@id":"https:\/\/permbledhja.com\/#\/schema\/logo\/image\/","url":"https:\/\/permbledhja.com\/wp-content\/uploads\/2021\/12\/07-Press-Logo.jpg","contentUrl":"https:\/\/permbledhja.com\/wp-content\/uploads\/2021\/12\/07-Press-Logo.jpg","width":512,"height":512,"caption":"MK Media & Pr"},"image":{"@id":"https:\/\/permbledhja.com\/#\/schema\/logo\/image\/"},"sameAs":["https:\/\/www.facebook.com\/press07\/"]},{"@type":"Person","@id":"https:\/\/permbledhja.com\/#\/schema\/person\/9c54260cbc4c6f792cb100550491638c","name":"DL","image":{"@type":"ImageObject","inLanguage":"sq","@id":"https:\/\/permbledhja.com\/#\/schema\/person\/image\/","url":"https:\/\/secure.gravatar.com\/avatar\/94503eb28d4c4b2005a5c8753e35fc80?s=96&d=mm&r=g","contentUrl":"https:\/\/secure.gravatar.com\/avatar\/94503eb28d4c4b2005a5c8753e35fc80?s=96&d=mm&r=g","caption":"DL"},"url":"https:\/\/permbledhja.com\/sq\/author\/dl\/"}]}},"_links":{"self":[{"href":"https:\/\/permbledhja.com\/sq\/wp-json\/wp\/v2\/posts\/45112"}],"collection":[{"href":"https:\/\/permbledhja.com\/sq\/wp-json\/wp\/v2\/posts"}],"about":[{"href":"https:\/\/permbledhja.com\/sq\/wp-json\/wp\/v2\/types\/post"}],"author":[{"embeddable":true,"href":"https:\/\/permbledhja.com\/sq\/wp-json\/wp\/v2\/users\/5"}],"replies":[{"embeddable":true,"href":"https:\/\/permbledhja.com\/sq\/wp-json\/wp\/v2\/comments?post=45112"}],"version-history":[{"count":1,"href":"https:\/\/permbledhja.com\/sq\/wp-json\/wp\/v2\/posts\/45112\/revisions"}],"predecessor-version":[{"id":45114,"href":"https:\/\/permbledhja.com\/sq\/wp-json\/wp\/v2\/posts\/45112\/revisions\/45114"}],"wp:featuredmedia":[{"embeddable":true,"href":"https:\/\/permbledhja.com\/sq\/wp-json\/wp\/v2\/media\/45113"}],"wp:attachment":[{"href":"https:\/\/permbledhja.com\/sq\/wp-json\/wp\/v2\/media?parent=45112"}],"wp:term":[{"taxonomy":"category","embeddable":true,"href":"https:\/\/permbledhja.com\/sq\/wp-json\/wp\/v2\/categories?post=45112"},{"taxonomy":"post_tag","embeddable":true,"href":"https:\/\/permbledhja.com\/sq\/wp-json\/wp\/v2\/tags?post=45112"}],"curies":[{"name":"wp","href":"https:\/\/api.w.org\/{rel}","templated":true}]}}