{"id":45057,"date":"2024-01-29T08:03:14","date_gmt":"2024-01-29T08:03:14","guid":{"rendered":"https:\/\/permbledhja.com\/?p=45057"},"modified":"2024-01-29T08:03:14","modified_gmt":"2024-01-29T08:03:14","slug":"bajqinovci-skeni-pare-ende-asgje-nga-perparim-rama","status":"publish","type":"post","link":"https:\/\/permbledhja.com\/sq\/bajqinovci-skeni-pare-ende-asgje-nga-perparim-rama\/","title":{"rendered":"Bajqinovci: S\u2019keni par\u00eb ende asgj\u00eb nga P\u00ebrparim Rama"},"content":{"rendered":"<h3 style=\"box-sizing: border-box; margin-bottom: 15px; font-size: 15px; line-height: 26px; letter-spacing: -0.2px; font-family: Raleway-Regular, sans-serif; color: #212529;\">Deputeti i L\u00ebvizja Vet\u00ebvendosje, Mefail Bajqinovci, p\u00ebrmes nj\u00eb video ka reaguar p\u00ebr shk\u00ebmbimin e toka, ku ka shtuar se s\u2019keni par\u00eb ende asgj\u00eb nga P\u00ebrparim Rama.<\/h3>\n<p style=\"box-sizing: border-box; margin-bottom: 15px; font-size: 15px; line-height: 26px; letter-spacing: -0.2px; font-family: Raleway-Regular, sans-serif; color: #212529;\">Bajqinovci, ka th\u00ebn\u00eb se k\u00ebmbyer rreth 20 hektar\u00eb t\u00eb tok\u00ebs s\u00eb Prishtin\u00ebs sikur t\u00eb ishin prona t\u00eb tyre.<\/p>\n<p style=\"box-sizing: border-box; margin-bottom: 15px; font-size: 15px; line-height: 26px; letter-spacing: -0.2px; font-family: Raleway-Regular, sans-serif; color: #212529;\">Nd\u00ebrsa ai, ka k\u00ebrkuar nga prokuroria t\u00eb zbarkoj\u00eb sa m\u00eb shpejt\u00eb n\u00eb kryeqytet.<\/p>\n<p style=\"box-sizing: border-box; margin-bottom: 15px; font-size: 15px; line-height: 26px; letter-spacing: -0.2px; font-family: Raleway-Regular, sans-serif; color: #212529;\">\u201c\u2026P\u00ebrparim rama dhe brezi i rrug\u00ebs s\u00eb re ka k\u00ebmbyer rreth 20 hektar\u00eb t\u00eb tok\u00ebs s\u00eb Prishtin\u00ebs sikur t\u00eb ishin prona t\u00eb tyre. Ky \u00ebsht\u00eb vet\u00ebm fillimi. Ky kryetar pritet t\u00eb \u2018qpij\u00eb\u2019 edhe prona t\u00eb tjera komunale n\u00eb nd\u00ebrrmarje publike.<\/p>\n<p><span style=\"color: #212529; font-family: Raleway-Regular, sans-serif; font-size: 15px; letter-spacing: -0.2px;\">Pra kjo \u00ebsht\u00eb politika e Rrug\u00ebs s\u00eb Re ndaj kryeqytetit, nuk ka asnj\u00eb projekt zhvillimor p\u00ebr tre vite me rradh\u00eb n\u00eb \u2018Kodr\u00ebn e Trimave\u2019, \u2018Kolonica\u2019, \u2018Dodona\u2019, \u2018Tasiqe\u2019, \u2018Tophane\u2019, \u2018Mati 1\u2019 edhe shum\u00eb lagje dhe fshatra t\u00eb tjer\u00eb t\u00eb Prishtin\u00ebs. Prokuroria duhet t\u00eb zbarkoj\u00eb sa m\u00eb shpejt\u00eb n\u00eb komun\u00ebn e Prishtin\u00ebs, ende asgj\u00eb nuk keni pa\u201d, ka th\u00ebn\u00eb Bajqinovci.<\/span><\/p>\n<p>&nbsp;<\/p>\n","protected":false},"excerpt":{"rendered":"<p>Deputeti i L\u00ebvizja Vet\u00ebvendosje, Mefail Bajqinovci, p\u00ebrmes nj\u00eb video ka reaguar p\u00ebr shk\u00ebmbimin e toka, ku ka shtuar se s\u2019keni par\u00eb ende asgj\u00eb nga P\u00ebrparim Rama. Bajqinovci, ka th\u00ebn\u00eb se k\u00ebmbyer rreth 20 hektar\u00eb t\u00eb tok\u00ebs s\u00eb Prishtin\u00ebs sikur t\u00eb ishin prona t\u00eb tyre. Nd\u00ebrsa ai, ka k\u00ebrkuar nga prokuroria t\u00eb zbarkoj\u00eb sa m\u00eb shpejt\u00eb [&hellip;]<\/p>\n","protected":false},"author":5,"featured_media":45058,"comment_status":"closed","ping_status":"closed","sticky":false,"template":"","format":"standard","meta":{"_monsterinsights_skip_tracking":false,"_monsterinsights_sitenote_active":false,"_monsterinsights_sitenote_note":"","_monsterinsights_sitenote_category":0,"_uf_show_specific_survey":0,"_uf_disable_surveys":false,"footnotes":""},"categories":[15],"tags":[],"yoast_head":"<!-- This site is optimized with the Yoast SEO plugin v21.5 - https:\/\/yoast.com\/wordpress\/plugins\/seo\/ -->\n<title>Bajqinovci: S\u2019keni par\u00eb ende asgj\u00eb nga P\u00ebrparim Rama<\/title>\n<meta name=\"robots\" content=\"index, follow, max-snippet:-1, max-image-preview:large, max-video-preview:-1\" \/>\n<link rel=\"canonical\" href=\"https:\/\/permbledhja.com\/sq\/bajqinovci-skeni-pare-ende-asgje-nga-perparim-rama\/\" \/>\n<meta property=\"og:locale\" content=\"sq_AL\" \/>\n<meta property=\"og:type\" content=\"article\" \/>\n<meta property=\"og:title\" content=\"Bajqinovci: S\u2019keni par\u00eb ende asgj\u00eb nga P\u00ebrparim Rama\" \/>\n<meta property=\"og:description\" content=\"Deputeti i L\u00ebvizja Vet\u00ebvendosje, Mefail Bajqinovci, p\u00ebrmes nj\u00eb video ka reaguar p\u00ebr shk\u00ebmbimin e toka, ku ka shtuar se s\u2019keni par\u00eb ende asgj\u00eb nga P\u00ebrparim Rama. Bajqinovci, ka th\u00ebn\u00eb se k\u00ebmbyer rreth 20 hektar\u00eb t\u00eb tok\u00ebs s\u00eb Prishtin\u00ebs sikur t\u00eb ishin prona t\u00eb tyre. Nd\u00ebrsa ai, ka k\u00ebrkuar nga prokuroria t\u00eb zbarkoj\u00eb sa m\u00eb shpejt\u00eb [&hellip;]\" \/>\n<meta property=\"og:url\" content=\"https:\/\/permbledhja.com\/sq\/bajqinovci-skeni-pare-ende-asgje-nga-perparim-rama\/\" \/>\n<meta property=\"og:site_name\" content=\"Ve\u00e7 artikuj p\u00ebrmbledh\u00ebs\" \/>\n<meta property=\"article:publisher\" content=\"https:\/\/www.facebook.com\/press07\/\" \/>\n<meta property=\"article:published_time\" content=\"2024-01-29T08:03:14+00:00\" \/>\n<meta property=\"og:image\" content=\"https:\/\/permbledhja.com\/wp-content\/uploads\/2024\/01\/Screenshot_20240129-084932_Chrome.jpg\" \/>\n\t<meta property=\"og:image:width\" content=\"951\" \/>\n\t<meta property=\"og:image:height\" content=\"583\" \/>\n\t<meta property=\"og:image:type\" content=\"image\/jpeg\" \/>\n<meta name=\"author\" content=\"DL\" \/>\n<meta name=\"twitter:card\" content=\"summary_large_image\" \/>\n<meta name=\"twitter:label1\" content=\"Written by\" \/>\n\t<meta name=\"twitter:data1\" content=\"DL\" \/>\n\t<meta name=\"twitter:label2\" content=\"Est. reading time\" \/>\n\t<meta name=\"twitter:data2\" content=\"1 minut\u00eb\" \/>\n<script type=\"application\/ld+json\" class=\"yoast-schema-graph\">{\"@context\":\"https:\/\/schema.org\",\"@graph\":[{\"@type\":\"Article\",\"@id\":\"https:\/\/permbledhja.com\/bajqinovci-skeni-pare-ende-asgje-nga-perparim-rama\/#article\",\"isPartOf\":{\"@id\":\"https:\/\/permbledhja.com\/bajqinovci-skeni-pare-ende-asgje-nga-perparim-rama\/\"},\"author\":{\"name\":\"DL\",\"@id\":\"https:\/\/permbledhja.com\/#\/schema\/person\/9c54260cbc4c6f792cb100550491638c\"},\"headline\":\"Bajqinovci: S\u2019keni par\u00eb ende asgj\u00eb nga P\u00ebrparim Rama\",\"datePublished\":\"2024-01-29T08:03:14+00:00\",\"dateModified\":\"2024-01-29T08:03:14+00:00\",\"mainEntityOfPage\":{\"@id\":\"https:\/\/permbledhja.com\/bajqinovci-skeni-pare-ende-asgje-nga-perparim-rama\/\"},\"wordCount\":190,\"publisher\":{\"@id\":\"https:\/\/permbledhja.com\/#organization\"},\"articleSection\":[\"Lajme\"],\"inLanguage\":\"sq\"},{\"@type\":\"WebPage\",\"@id\":\"https:\/\/permbledhja.com\/bajqinovci-skeni-pare-ende-asgje-nga-perparim-rama\/\",\"url\":\"https:\/\/permbledhja.com\/bajqinovci-skeni-pare-ende-asgje-nga-perparim-rama\/\",\"name\":\"Bajqinovci: S\u2019keni par\u00eb ende asgj\u00eb nga P\u00ebrparim Rama\",\"isPartOf\":{\"@id\":\"https:\/\/permbledhja.com\/#website\"},\"datePublished\":\"2024-01-29T08:03:14+00:00\",\"dateModified\":\"2024-01-29T08:03:14+00:00\",\"breadcrumb\":{\"@id\":\"https:\/\/permbledhja.com\/bajqinovci-skeni-pare-ende-asgje-nga-perparim-rama\/#breadcrumb\"},\"inLanguage\":\"sq\",\"potentialAction\":[{\"@type\":\"ReadAction\",\"target\":[\"https:\/\/permbledhja.com\/bajqinovci-skeni-pare-ende-asgje-nga-perparim-rama\/\"]}]},{\"@type\":\"BreadcrumbList\",\"@id\":\"https:\/\/permbledhja.com\/bajqinovci-skeni-pare-ende-asgje-nga-perparim-rama\/#breadcrumb\",\"itemListElement\":[{\"@type\":\"ListItem\",\"position\":1,\"name\":\"Ballina\",\"item\":\"https:\/\/permbledhja.com\/sq\/\"},{\"@type\":\"ListItem\",\"position\":2,\"name\":\"Bajqinovci: S\u2019keni par\u00eb ende asgj\u00eb nga P\u00ebrparim Rama\"}]},{\"@type\":\"WebSite\",\"@id\":\"https:\/\/permbledhja.com\/#website\",\"url\":\"https:\/\/permbledhja.com\/\",\"name\":\"Ve\u00e7 artikuj p\u00ebrmbledh\u00ebs\",\"description\":\"\",\"publisher\":{\"@id\":\"https:\/\/permbledhja.com\/#organization\"},\"potentialAction\":[{\"@type\":\"SearchAction\",\"target\":{\"@type\":\"EntryPoint\",\"urlTemplate\":\"https:\/\/permbledhja.com\/?s={search_term_string}\"},\"query-input\":\"required name=search_term_string\"}],\"inLanguage\":\"sq\"},{\"@type\":\"Organization\",\"@id\":\"https:\/\/permbledhja.com\/#organization\",\"name\":\"MK Media & Pr\",\"url\":\"https:\/\/permbledhja.com\/\",\"logo\":{\"@type\":\"ImageObject\",\"inLanguage\":\"sq\",\"@id\":\"https:\/\/permbledhja.com\/#\/schema\/logo\/image\/\",\"url\":\"https:\/\/permbledhja.com\/wp-content\/uploads\/2021\/12\/07-Press-Logo.jpg\",\"contentUrl\":\"https:\/\/permbledhja.com\/wp-content\/uploads\/2021\/12\/07-Press-Logo.jpg\",\"width\":512,\"height\":512,\"caption\":\"MK Media & Pr\"},\"image\":{\"@id\":\"https:\/\/permbledhja.com\/#\/schema\/logo\/image\/\"},\"sameAs\":[\"https:\/\/www.facebook.com\/press07\/\"]},{\"@type\":\"Person\",\"@id\":\"https:\/\/permbledhja.com\/#\/schema\/person\/9c54260cbc4c6f792cb100550491638c\",\"name\":\"DL\",\"image\":{\"@type\":\"ImageObject\",\"inLanguage\":\"sq\",\"@id\":\"https:\/\/permbledhja.com\/#\/schema\/person\/image\/\",\"url\":\"https:\/\/secure.gravatar.com\/avatar\/94503eb28d4c4b2005a5c8753e35fc80?s=96&d=mm&r=g\",\"contentUrl\":\"https:\/\/secure.gravatar.com\/avatar\/94503eb28d4c4b2005a5c8753e35fc80?s=96&d=mm&r=g\",\"caption\":\"DL\"},\"url\":\"https:\/\/permbledhja.com\/sq\/author\/dl\/\"}]}<\/script>\n<!-- \/ Yoast SEO plugin. -->","yoast_head_json":{"title":"Bajqinovci: S\u2019keni par\u00eb ende asgj\u00eb nga P\u00ebrparim Rama","robots":{"index":"index","follow":"follow","max-snippet":"max-snippet:-1","max-image-preview":"max-image-preview:large","max-video-preview":"max-video-preview:-1"},"canonical":"https:\/\/permbledhja.com\/sq\/bajqinovci-skeni-pare-ende-asgje-nga-perparim-rama\/","og_locale":"sq_AL","og_type":"article","og_title":"Bajqinovci: S\u2019keni par\u00eb ende asgj\u00eb nga P\u00ebrparim Rama","og_description":"Deputeti i L\u00ebvizja Vet\u00ebvendosje, Mefail Bajqinovci, p\u00ebrmes nj\u00eb video ka reaguar p\u00ebr shk\u00ebmbimin e toka, ku ka shtuar se s\u2019keni par\u00eb ende asgj\u00eb nga P\u00ebrparim Rama. Bajqinovci, ka th\u00ebn\u00eb se k\u00ebmbyer rreth 20 hektar\u00eb t\u00eb tok\u00ebs s\u00eb Prishtin\u00ebs sikur t\u00eb ishin prona t\u00eb tyre. Nd\u00ebrsa ai, ka k\u00ebrkuar nga prokuroria t\u00eb zbarkoj\u00eb sa m\u00eb shpejt\u00eb [&hellip;]","og_url":"https:\/\/permbledhja.com\/sq\/bajqinovci-skeni-pare-ende-asgje-nga-perparim-rama\/","og_site_name":"Ve\u00e7 artikuj p\u00ebrmbledh\u00ebs","article_publisher":"https:\/\/www.facebook.com\/press07\/","article_published_time":"2024-01-29T08:03:14+00:00","og_image":[{"width":951,"height":583,"url":"https:\/\/permbledhja.com\/wp-content\/uploads\/2024\/01\/Screenshot_20240129-084932_Chrome.jpg","type":"image\/jpeg"}],"author":"DL","twitter_card":"summary_large_image","twitter_misc":{"Written by":"DL","Est. reading time":"1 minut\u00eb"},"schema":{"@context":"https:\/\/schema.org","@graph":[{"@type":"Article","@id":"https:\/\/permbledhja.com\/bajqinovci-skeni-pare-ende-asgje-nga-perparim-rama\/#article","isPartOf":{"@id":"https:\/\/permbledhja.com\/bajqinovci-skeni-pare-ende-asgje-nga-perparim-rama\/"},"author":{"name":"DL","@id":"https:\/\/permbledhja.com\/#\/schema\/person\/9c54260cbc4c6f792cb100550491638c"},"headline":"Bajqinovci: S\u2019keni par\u00eb ende asgj\u00eb nga P\u00ebrparim Rama","datePublished":"2024-01-29T08:03:14+00:00","dateModified":"2024-01-29T08:03:14+00:00","mainEntityOfPage":{"@id":"https:\/\/permbledhja.com\/bajqinovci-skeni-pare-ende-asgje-nga-perparim-rama\/"},"wordCount":190,"publisher":{"@id":"https:\/\/permbledhja.com\/#organization"},"articleSection":["Lajme"],"inLanguage":"sq"},{"@type":"WebPage","@id":"https:\/\/permbledhja.com\/bajqinovci-skeni-pare-ende-asgje-nga-perparim-rama\/","url":"https:\/\/permbledhja.com\/bajqinovci-skeni-pare-ende-asgje-nga-perparim-rama\/","name":"Bajqinovci: S\u2019keni par\u00eb ende asgj\u00eb nga P\u00ebrparim Rama","isPartOf":{"@id":"https:\/\/permbledhja.com\/#website"},"datePublished":"2024-01-29T08:03:14+00:00","dateModified":"2024-01-29T08:03:14+00:00","breadcrumb":{"@id":"https:\/\/permbledhja.com\/bajqinovci-skeni-pare-ende-asgje-nga-perparim-rama\/#breadcrumb"},"inLanguage":"sq","potentialAction":[{"@type":"ReadAction","target":["https:\/\/permbledhja.com\/bajqinovci-skeni-pare-ende-asgje-nga-perparim-rama\/"]}]},{"@type":"BreadcrumbList","@id":"https:\/\/permbledhja.com\/bajqinovci-skeni-pare-ende-asgje-nga-perparim-rama\/#breadcrumb","itemListElement":[{"@type":"ListItem","position":1,"name":"Ballina","item":"https:\/\/permbledhja.com\/sq\/"},{"@type":"ListItem","position":2,"name":"Bajqinovci: S\u2019keni par\u00eb ende asgj\u00eb nga P\u00ebrparim Rama"}]},{"@type":"WebSite","@id":"https:\/\/permbledhja.com\/#website","url":"https:\/\/permbledhja.com\/","name":"Ve\u00e7 artikuj p\u00ebrmbledh\u00ebs","description":"","publisher":{"@id":"https:\/\/permbledhja.com\/#organization"},"potentialAction":[{"@type":"SearchAction","target":{"@type":"EntryPoint","urlTemplate":"https:\/\/permbledhja.com\/?s={search_term_string}"},"query-input":"required name=search_term_string"}],"inLanguage":"sq"},{"@type":"Organization","@id":"https:\/\/permbledhja.com\/#organization","name":"MK Media & Pr","url":"https:\/\/permbledhja.com\/","logo":{"@type":"ImageObject","inLanguage":"sq","@id":"https:\/\/permbledhja.com\/#\/schema\/logo\/image\/","url":"https:\/\/permbledhja.com\/wp-content\/uploads\/2021\/12\/07-Press-Logo.jpg","contentUrl":"https:\/\/permbledhja.com\/wp-content\/uploads\/2021\/12\/07-Press-Logo.jpg","width":512,"height":512,"caption":"MK Media & Pr"},"image":{"@id":"https:\/\/permbledhja.com\/#\/schema\/logo\/image\/"},"sameAs":["https:\/\/www.facebook.com\/press07\/"]},{"@type":"Person","@id":"https:\/\/permbledhja.com\/#\/schema\/person\/9c54260cbc4c6f792cb100550491638c","name":"DL","image":{"@type":"ImageObject","inLanguage":"sq","@id":"https:\/\/permbledhja.com\/#\/schema\/person\/image\/","url":"https:\/\/secure.gravatar.com\/avatar\/94503eb28d4c4b2005a5c8753e35fc80?s=96&d=mm&r=g","contentUrl":"https:\/\/secure.gravatar.com\/avatar\/94503eb28d4c4b2005a5c8753e35fc80?s=96&d=mm&r=g","caption":"DL"},"url":"https:\/\/permbledhja.com\/sq\/author\/dl\/"}]}},"_links":{"self":[{"href":"https:\/\/permbledhja.com\/sq\/wp-json\/wp\/v2\/posts\/45057"}],"collection":[{"href":"https:\/\/permbledhja.com\/sq\/wp-json\/wp\/v2\/posts"}],"about":[{"href":"https:\/\/permbledhja.com\/sq\/wp-json\/wp\/v2\/types\/post"}],"author":[{"embeddable":true,"href":"https:\/\/permbledhja.com\/sq\/wp-json\/wp\/v2\/users\/5"}],"replies":[{"embeddable":true,"href":"https:\/\/permbledhja.com\/sq\/wp-json\/wp\/v2\/comments?post=45057"}],"version-history":[{"count":1,"href":"https:\/\/permbledhja.com\/sq\/wp-json\/wp\/v2\/posts\/45057\/revisions"}],"predecessor-version":[{"id":45059,"href":"https:\/\/permbledhja.com\/sq\/wp-json\/wp\/v2\/posts\/45057\/revisions\/45059"}],"wp:featuredmedia":[{"embeddable":true,"href":"https:\/\/permbledhja.com\/sq\/wp-json\/wp\/v2\/media\/45058"}],"wp:attachment":[{"href":"https:\/\/permbledhja.com\/sq\/wp-json\/wp\/v2\/media?parent=45057"}],"wp:term":[{"taxonomy":"category","embeddable":true,"href":"https:\/\/permbledhja.com\/sq\/wp-json\/wp\/v2\/categories?post=45057"},{"taxonomy":"post_tag","embeddable":true,"href":"https:\/\/permbledhja.com\/sq\/wp-json\/wp\/v2\/tags?post=45057"}],"curies":[{"name":"wp","href":"https:\/\/api.w.org\/{rel}","templated":true}]}}