{"id":45052,"date":"2024-01-29T07:28:05","date_gmt":"2024-01-29T07:28:05","guid":{"rendered":"https:\/\/permbledhja.com\/?p=45052"},"modified":"2024-01-29T07:28:05","modified_gmt":"2024-01-29T07:28:05","slug":"lajcak-sot-ne-beograd-neser-vjen-ne-prishtine","status":"publish","type":"post","link":"https:\/\/permbledhja.com\/sq\/lajcak-sot-ne-beograd-neser-vjen-ne-prishtine\/","title":{"rendered":"Laj\u00e7ak sot n\u00eb Beograd, nes\u00ebr vjen n\u00eb Prishtin\u00eb"},"content":{"rendered":"<h3 style=\"box-sizing: border-box; margin-bottom: 15px; font-size: 15px; line-height: 26px; letter-spacing: -0.2px; font-family: Raleway-Regular, sans-serif; color: #212529;\">I d\u00ebrguari i Bashkimit Evropian p\u00ebr dialogun nd\u00ebrmjet Kosov\u00ebs dhe Serbis\u00eb, Miroslav Laj\u00e7ak sot do t\u00eb shkoj\u00eb n\u00eb Beograd, nd\u00ebrsa nj\u00eb takim me presidentin serb, Aleksandar Vu\u00e7iq \u00ebsht\u00eb paralajm\u00ebruar p\u00ebr nes\u00ebr n\u00eb drek\u00eb.<\/h3>\n<p style=\"box-sizing: border-box; margin-bottom: 15px; font-size: 15px; line-height: 26px; letter-spacing: -0.2px; font-family: Raleway-Regular, sans-serif; color: #212529;\">Laj\u00e7ak do t\u00eb takohet me Vu\u00e7iqin sot n\u00eb ora 12:30.<\/p>\n<p style=\"box-sizing: border-box; margin-bottom: 15px; font-size: 15px; line-height: 26px; letter-spacing: -0.2px; font-family: Raleway-Regular, sans-serif; color: #212529;\">Presidenca serbe nuk konfirmoi se do t\u00eb ket\u00eb nj\u00eb konferenc\u00eb t\u00eb p\u00ebrbashk\u00ebt, por tha se pas takimit do t\u00eb d\u00ebrgohet nj\u00eb komunikat\u00eb p\u00ebr media.<\/p>\n<p style=\"box-sizing: border-box; margin-bottom: 15px; font-size: 15px; line-height: 26px; letter-spacing: -0.2px; font-family: Raleway-Regular, sans-serif; color: #212529;\">Gjithashtu nuk jan\u00eb b\u00ebr\u00eb t\u00eb ditura temat q\u00eb do t\u00eb diskutohen, ashtu si arsyeja e vizit\u00ebs.<\/p>\n","protected":false},"excerpt":{"rendered":"<p>I d\u00ebrguari i Bashkimit Evropian p\u00ebr dialogun nd\u00ebrmjet Kosov\u00ebs dhe Serbis\u00eb, Miroslav Laj\u00e7ak sot do t\u00eb shkoj\u00eb n\u00eb Beograd, nd\u00ebrsa nj\u00eb takim me presidentin serb, Aleksandar Vu\u00e7iq \u00ebsht\u00eb paralajm\u00ebruar p\u00ebr nes\u00ebr n\u00eb drek\u00eb. Laj\u00e7ak do t\u00eb takohet me Vu\u00e7iqin sot n\u00eb ora 12:30. Presidenca serbe nuk konfirmoi se do t\u00eb ket\u00eb nj\u00eb konferenc\u00eb t\u00eb p\u00ebrbashk\u00ebt, [&hellip;]<\/p>\n","protected":false},"author":5,"featured_media":33260,"comment_status":"closed","ping_status":"closed","sticky":false,"template":"","format":"standard","meta":{"_monsterinsights_skip_tracking":false,"_monsterinsights_sitenote_active":false,"_monsterinsights_sitenote_note":"","_monsterinsights_sitenote_category":0,"_uf_show_specific_survey":0,"_uf_disable_surveys":false,"footnotes":""},"categories":[1146],"tags":[],"yoast_head":"<!-- This site is optimized with the Yoast SEO plugin v21.5 - https:\/\/yoast.com\/wordpress\/plugins\/seo\/ -->\n<title>Laj\u00e7ak sot n\u00eb Beograd, nes\u00ebr vjen n\u00eb Prishtin\u00eb<\/title>\n<meta name=\"robots\" content=\"index, follow, max-snippet:-1, max-image-preview:large, max-video-preview:-1\" \/>\n<link rel=\"canonical\" href=\"https:\/\/permbledhja.com\/sq\/lajcak-sot-ne-beograd-neser-vjen-ne-prishtine\/\" \/>\n<meta property=\"og:locale\" content=\"sq_AL\" \/>\n<meta property=\"og:type\" content=\"article\" \/>\n<meta property=\"og:title\" content=\"Laj\u00e7ak sot n\u00eb Beograd, nes\u00ebr vjen n\u00eb Prishtin\u00eb\" \/>\n<meta property=\"og:description\" content=\"I d\u00ebrguari i Bashkimit Evropian p\u00ebr dialogun nd\u00ebrmjet Kosov\u00ebs dhe Serbis\u00eb, Miroslav Laj\u00e7ak sot do t\u00eb shkoj\u00eb n\u00eb Beograd, nd\u00ebrsa nj\u00eb takim me presidentin serb, Aleksandar Vu\u00e7iq \u00ebsht\u00eb paralajm\u00ebruar p\u00ebr nes\u00ebr n\u00eb drek\u00eb. Laj\u00e7ak do t\u00eb takohet me Vu\u00e7iqin sot n\u00eb ora 12:30. Presidenca serbe nuk konfirmoi se do t\u00eb ket\u00eb nj\u00eb konferenc\u00eb t\u00eb p\u00ebrbashk\u00ebt, [&hellip;]\" \/>\n<meta property=\"og:url\" content=\"https:\/\/permbledhja.com\/sq\/lajcak-sot-ne-beograd-neser-vjen-ne-prishtine\/\" \/>\n<meta property=\"og:site_name\" content=\"Ve\u00e7 artikuj p\u00ebrmbledh\u00ebs\" \/>\n<meta property=\"article:publisher\" content=\"https:\/\/www.facebook.com\/press07\/\" \/>\n<meta property=\"article:published_time\" content=\"2024-01-29T07:28:05+00:00\" \/>\n<meta property=\"og:image\" content=\"https:\/\/permbledhja.com\/wp-content\/uploads\/2023\/10\/lajcak.jpg\" \/>\n\t<meta property=\"og:image:width\" content=\"1024\" \/>\n\t<meta property=\"og:image:height\" content=\"578\" \/>\n\t<meta property=\"og:image:type\" content=\"image\/jpeg\" \/>\n<meta name=\"author\" content=\"DL\" \/>\n<meta name=\"twitter:card\" content=\"summary_large_image\" \/>\n<meta name=\"twitter:label1\" content=\"Written by\" \/>\n\t<meta name=\"twitter:data1\" content=\"DL\" \/>\n\t<meta name=\"twitter:label2\" content=\"Est. reading time\" \/>\n\t<meta name=\"twitter:data2\" content=\"1 minut\u00eb\" \/>\n<script type=\"application\/ld+json\" class=\"yoast-schema-graph\">{\"@context\":\"https:\/\/schema.org\",\"@graph\":[{\"@type\":\"Article\",\"@id\":\"https:\/\/permbledhja.com\/lajcak-sot-ne-beograd-neser-vjen-ne-prishtine\/#article\",\"isPartOf\":{\"@id\":\"https:\/\/permbledhja.com\/lajcak-sot-ne-beograd-neser-vjen-ne-prishtine\/\"},\"author\":{\"name\":\"DL\",\"@id\":\"https:\/\/permbledhja.com\/#\/schema\/person\/9c54260cbc4c6f792cb100550491638c\"},\"headline\":\"Laj\u00e7ak sot n\u00eb Beograd, nes\u00ebr vjen n\u00eb Prishtin\u00eb\",\"datePublished\":\"2024-01-29T07:28:05+00:00\",\"dateModified\":\"2024-01-29T07:28:05+00:00\",\"mainEntityOfPage\":{\"@id\":\"https:\/\/permbledhja.com\/lajcak-sot-ne-beograd-neser-vjen-ne-prishtine\/\"},\"wordCount\":110,\"publisher\":{\"@id\":\"https:\/\/permbledhja.com\/#organization\"},\"articleSection\":[\"Kryesoret\"],\"inLanguage\":\"sq\"},{\"@type\":\"WebPage\",\"@id\":\"https:\/\/permbledhja.com\/lajcak-sot-ne-beograd-neser-vjen-ne-prishtine\/\",\"url\":\"https:\/\/permbledhja.com\/lajcak-sot-ne-beograd-neser-vjen-ne-prishtine\/\",\"name\":\"Laj\u00e7ak sot n\u00eb Beograd, nes\u00ebr vjen n\u00eb Prishtin\u00eb\",\"isPartOf\":{\"@id\":\"https:\/\/permbledhja.com\/#website\"},\"datePublished\":\"2024-01-29T07:28:05+00:00\",\"dateModified\":\"2024-01-29T07:28:05+00:00\",\"breadcrumb\":{\"@id\":\"https:\/\/permbledhja.com\/lajcak-sot-ne-beograd-neser-vjen-ne-prishtine\/#breadcrumb\"},\"inLanguage\":\"sq\",\"potentialAction\":[{\"@type\":\"ReadAction\",\"target\":[\"https:\/\/permbledhja.com\/lajcak-sot-ne-beograd-neser-vjen-ne-prishtine\/\"]}]},{\"@type\":\"BreadcrumbList\",\"@id\":\"https:\/\/permbledhja.com\/lajcak-sot-ne-beograd-neser-vjen-ne-prishtine\/#breadcrumb\",\"itemListElement\":[{\"@type\":\"ListItem\",\"position\":1,\"name\":\"Ballina\",\"item\":\"https:\/\/permbledhja.com\/sq\/\"},{\"@type\":\"ListItem\",\"position\":2,\"name\":\"Laj\u00e7ak sot n\u00eb Beograd, nes\u00ebr vjen n\u00eb Prishtin\u00eb\"}]},{\"@type\":\"WebSite\",\"@id\":\"https:\/\/permbledhja.com\/#website\",\"url\":\"https:\/\/permbledhja.com\/\",\"name\":\"Ve\u00e7 artikuj p\u00ebrmbledh\u00ebs\",\"description\":\"\",\"publisher\":{\"@id\":\"https:\/\/permbledhja.com\/#organization\"},\"potentialAction\":[{\"@type\":\"SearchAction\",\"target\":{\"@type\":\"EntryPoint\",\"urlTemplate\":\"https:\/\/permbledhja.com\/?s={search_term_string}\"},\"query-input\":\"required name=search_term_string\"}],\"inLanguage\":\"sq\"},{\"@type\":\"Organization\",\"@id\":\"https:\/\/permbledhja.com\/#organization\",\"name\":\"MK Media & Pr\",\"url\":\"https:\/\/permbledhja.com\/\",\"logo\":{\"@type\":\"ImageObject\",\"inLanguage\":\"sq\",\"@id\":\"https:\/\/permbledhja.com\/#\/schema\/logo\/image\/\",\"url\":\"https:\/\/permbledhja.com\/wp-content\/uploads\/2021\/12\/07-Press-Logo.jpg\",\"contentUrl\":\"https:\/\/permbledhja.com\/wp-content\/uploads\/2021\/12\/07-Press-Logo.jpg\",\"width\":512,\"height\":512,\"caption\":\"MK Media & Pr\"},\"image\":{\"@id\":\"https:\/\/permbledhja.com\/#\/schema\/logo\/image\/\"},\"sameAs\":[\"https:\/\/www.facebook.com\/press07\/\"]},{\"@type\":\"Person\",\"@id\":\"https:\/\/permbledhja.com\/#\/schema\/person\/9c54260cbc4c6f792cb100550491638c\",\"name\":\"DL\",\"image\":{\"@type\":\"ImageObject\",\"inLanguage\":\"sq\",\"@id\":\"https:\/\/permbledhja.com\/#\/schema\/person\/image\/\",\"url\":\"https:\/\/secure.gravatar.com\/avatar\/94503eb28d4c4b2005a5c8753e35fc80?s=96&d=mm&r=g\",\"contentUrl\":\"https:\/\/secure.gravatar.com\/avatar\/94503eb28d4c4b2005a5c8753e35fc80?s=96&d=mm&r=g\",\"caption\":\"DL\"},\"url\":\"https:\/\/permbledhja.com\/sq\/author\/dl\/\"}]}<\/script>\n<!-- \/ Yoast SEO plugin. -->","yoast_head_json":{"title":"Laj\u00e7ak sot n\u00eb Beograd, nes\u00ebr vjen n\u00eb Prishtin\u00eb","robots":{"index":"index","follow":"follow","max-snippet":"max-snippet:-1","max-image-preview":"max-image-preview:large","max-video-preview":"max-video-preview:-1"},"canonical":"https:\/\/permbledhja.com\/sq\/lajcak-sot-ne-beograd-neser-vjen-ne-prishtine\/","og_locale":"sq_AL","og_type":"article","og_title":"Laj\u00e7ak sot n\u00eb Beograd, nes\u00ebr vjen n\u00eb Prishtin\u00eb","og_description":"I d\u00ebrguari i Bashkimit Evropian p\u00ebr dialogun nd\u00ebrmjet Kosov\u00ebs dhe Serbis\u00eb, Miroslav Laj\u00e7ak sot do t\u00eb shkoj\u00eb n\u00eb Beograd, nd\u00ebrsa nj\u00eb takim me presidentin serb, Aleksandar Vu\u00e7iq \u00ebsht\u00eb paralajm\u00ebruar p\u00ebr nes\u00ebr n\u00eb drek\u00eb. Laj\u00e7ak do t\u00eb takohet me Vu\u00e7iqin sot n\u00eb ora 12:30. Presidenca serbe nuk konfirmoi se do t\u00eb ket\u00eb nj\u00eb konferenc\u00eb t\u00eb p\u00ebrbashk\u00ebt, [&hellip;]","og_url":"https:\/\/permbledhja.com\/sq\/lajcak-sot-ne-beograd-neser-vjen-ne-prishtine\/","og_site_name":"Ve\u00e7 artikuj p\u00ebrmbledh\u00ebs","article_publisher":"https:\/\/www.facebook.com\/press07\/","article_published_time":"2024-01-29T07:28:05+00:00","og_image":[{"width":1024,"height":578,"url":"https:\/\/permbledhja.com\/wp-content\/uploads\/2023\/10\/lajcak.jpg","type":"image\/jpeg"}],"author":"DL","twitter_card":"summary_large_image","twitter_misc":{"Written by":"DL","Est. reading time":"1 minut\u00eb"},"schema":{"@context":"https:\/\/schema.org","@graph":[{"@type":"Article","@id":"https:\/\/permbledhja.com\/lajcak-sot-ne-beograd-neser-vjen-ne-prishtine\/#article","isPartOf":{"@id":"https:\/\/permbledhja.com\/lajcak-sot-ne-beograd-neser-vjen-ne-prishtine\/"},"author":{"name":"DL","@id":"https:\/\/permbledhja.com\/#\/schema\/person\/9c54260cbc4c6f792cb100550491638c"},"headline":"Laj\u00e7ak sot n\u00eb Beograd, nes\u00ebr vjen n\u00eb Prishtin\u00eb","datePublished":"2024-01-29T07:28:05+00:00","dateModified":"2024-01-29T07:28:05+00:00","mainEntityOfPage":{"@id":"https:\/\/permbledhja.com\/lajcak-sot-ne-beograd-neser-vjen-ne-prishtine\/"},"wordCount":110,"publisher":{"@id":"https:\/\/permbledhja.com\/#organization"},"articleSection":["Kryesoret"],"inLanguage":"sq"},{"@type":"WebPage","@id":"https:\/\/permbledhja.com\/lajcak-sot-ne-beograd-neser-vjen-ne-prishtine\/","url":"https:\/\/permbledhja.com\/lajcak-sot-ne-beograd-neser-vjen-ne-prishtine\/","name":"Laj\u00e7ak sot n\u00eb Beograd, nes\u00ebr vjen n\u00eb Prishtin\u00eb","isPartOf":{"@id":"https:\/\/permbledhja.com\/#website"},"datePublished":"2024-01-29T07:28:05+00:00","dateModified":"2024-01-29T07:28:05+00:00","breadcrumb":{"@id":"https:\/\/permbledhja.com\/lajcak-sot-ne-beograd-neser-vjen-ne-prishtine\/#breadcrumb"},"inLanguage":"sq","potentialAction":[{"@type":"ReadAction","target":["https:\/\/permbledhja.com\/lajcak-sot-ne-beograd-neser-vjen-ne-prishtine\/"]}]},{"@type":"BreadcrumbList","@id":"https:\/\/permbledhja.com\/lajcak-sot-ne-beograd-neser-vjen-ne-prishtine\/#breadcrumb","itemListElement":[{"@type":"ListItem","position":1,"name":"Ballina","item":"https:\/\/permbledhja.com\/sq\/"},{"@type":"ListItem","position":2,"name":"Laj\u00e7ak sot n\u00eb Beograd, nes\u00ebr vjen n\u00eb Prishtin\u00eb"}]},{"@type":"WebSite","@id":"https:\/\/permbledhja.com\/#website","url":"https:\/\/permbledhja.com\/","name":"Ve\u00e7 artikuj p\u00ebrmbledh\u00ebs","description":"","publisher":{"@id":"https:\/\/permbledhja.com\/#organization"},"potentialAction":[{"@type":"SearchAction","target":{"@type":"EntryPoint","urlTemplate":"https:\/\/permbledhja.com\/?s={search_term_string}"},"query-input":"required name=search_term_string"}],"inLanguage":"sq"},{"@type":"Organization","@id":"https:\/\/permbledhja.com\/#organization","name":"MK Media & Pr","url":"https:\/\/permbledhja.com\/","logo":{"@type":"ImageObject","inLanguage":"sq","@id":"https:\/\/permbledhja.com\/#\/schema\/logo\/image\/","url":"https:\/\/permbledhja.com\/wp-content\/uploads\/2021\/12\/07-Press-Logo.jpg","contentUrl":"https:\/\/permbledhja.com\/wp-content\/uploads\/2021\/12\/07-Press-Logo.jpg","width":512,"height":512,"caption":"MK Media & Pr"},"image":{"@id":"https:\/\/permbledhja.com\/#\/schema\/logo\/image\/"},"sameAs":["https:\/\/www.facebook.com\/press07\/"]},{"@type":"Person","@id":"https:\/\/permbledhja.com\/#\/schema\/person\/9c54260cbc4c6f792cb100550491638c","name":"DL","image":{"@type":"ImageObject","inLanguage":"sq","@id":"https:\/\/permbledhja.com\/#\/schema\/person\/image\/","url":"https:\/\/secure.gravatar.com\/avatar\/94503eb28d4c4b2005a5c8753e35fc80?s=96&d=mm&r=g","contentUrl":"https:\/\/secure.gravatar.com\/avatar\/94503eb28d4c4b2005a5c8753e35fc80?s=96&d=mm&r=g","caption":"DL"},"url":"https:\/\/permbledhja.com\/sq\/author\/dl\/"}]}},"_links":{"self":[{"href":"https:\/\/permbledhja.com\/sq\/wp-json\/wp\/v2\/posts\/45052"}],"collection":[{"href":"https:\/\/permbledhja.com\/sq\/wp-json\/wp\/v2\/posts"}],"about":[{"href":"https:\/\/permbledhja.com\/sq\/wp-json\/wp\/v2\/types\/post"}],"author":[{"embeddable":true,"href":"https:\/\/permbledhja.com\/sq\/wp-json\/wp\/v2\/users\/5"}],"replies":[{"embeddable":true,"href":"https:\/\/permbledhja.com\/sq\/wp-json\/wp\/v2\/comments?post=45052"}],"version-history":[{"count":1,"href":"https:\/\/permbledhja.com\/sq\/wp-json\/wp\/v2\/posts\/45052\/revisions"}],"predecessor-version":[{"id":45053,"href":"https:\/\/permbledhja.com\/sq\/wp-json\/wp\/v2\/posts\/45052\/revisions\/45053"}],"wp:featuredmedia":[{"embeddable":true,"href":"https:\/\/permbledhja.com\/sq\/wp-json\/wp\/v2\/media\/33260"}],"wp:attachment":[{"href":"https:\/\/permbledhja.com\/sq\/wp-json\/wp\/v2\/media?parent=45052"}],"wp:term":[{"taxonomy":"category","embeddable":true,"href":"https:\/\/permbledhja.com\/sq\/wp-json\/wp\/v2\/categories?post=45052"},{"taxonomy":"post_tag","embeddable":true,"href":"https:\/\/permbledhja.com\/sq\/wp-json\/wp\/v2\/tags?post=45052"}],"curies":[{"name":"wp","href":"https:\/\/api.w.org\/{rel}","templated":true}]}}