{"id":45030,"date":"2024-01-28T20:02:49","date_gmt":"2024-01-28T20:02:49","guid":{"rendered":"https:\/\/permbledhja.com\/?p=45030"},"modified":"2024-01-28T20:02:49","modified_gmt":"2024-01-28T20:02:49","slug":"ekspertet-masat-ndeshkuese-te-be-se-demtuan-shume-kosoven-ne-ekonomi-e-imazh","status":"publish","type":"post","link":"https:\/\/permbledhja.com\/sq\/ekspertet-masat-ndeshkuese-te-be-se-demtuan-shume-kosoven-ne-ekonomi-e-imazh\/","title":{"rendered":"Ekspert\u00ebt: Masat nd\u00ebshkuese t\u00eb BE-s\u00eb d\u00ebmtuan shum\u00eb Kosov\u00ebn n\u00eb ekonomi e imazh"},"content":{"rendered":"<h3>T\u00eb vendosura shtat\u00eb muaj m\u00eb par\u00eb p\u00ebr shkak t\u00eb tensioneve n\u00eb veri t\u00eb Kosov\u00ebs masat nd\u00ebshkuese t\u00eb Bashkimit Evropian sipas njoh\u00ebsve t\u00eb \u00e7\u00ebshtjeve politike dhe ekonomike, tashm\u00eb kan\u00eb shkaktuar mjaft d\u00ebme n\u00eb ekonomin\u00eb dhe imazhin e vendit.<\/h3>\n<p>Kryetari i Od\u00ebs Ekonomike t\u00eb Kosov\u00ebs, Lulzim Rafuna tha p\u00ebr Z\u00ebrin e Amerik\u00ebs se af\u00ebr 300 milion\u00eb euro \u00ebsht\u00eb vlera e projekteve t\u00eb pezulluara q\u00eb duhej t\u00eb financoheshin nga Bashkimi Evropian.<\/p>\n<p>\u201cT\u00eb gjitha k\u00ebto projekte kan\u00eb qen\u00eb t\u00eb parapara t\u00eb implemetohen si projekte kapitale q\u00eb kishin me shku drejtp\u00ebrdrejt n\u00eb t\u00eb mir\u00eb t\u00eb zhvillimit ekonomik por edhe t\u00eb ngritjes s\u00eb nj\u00eb mir\u00ebqenie sociale p\u00ebr qytetar\u00ebt e Kosov\u00ebs. E dyta \u00ebsht\u00eb pamund\u00ebsia e Kosov\u00ebs ose moslejimit t\u00eb Kosov\u00ebs q\u00eb t\u00eb p\u00ebrfitoj\u00eb prej fondeve t\u00eb ndryshme t\u00eb Bashkimit Evropian si\u00e7 ishte fondi p\u00ebr digjitalizim ku t\u00eb gjitha e vendet e rajonit mor\u00ebn pjes\u00eb kurse Kosova u p\u00ebrjashtua p\u00ebr shkak t\u00eb masave t\u00eb cilat i ka n\u00eb fuqi\u201d, tha Rafuna.<\/p>\n<p>Zoti Rafuna thot\u00eb se p\u00ebrve\u00e7 d\u00ebmeve ekonomike, masat nd\u00ebshkuese kan\u00eb transmetuar nj\u00eb mesazh jo t\u00eb mir\u00eb te investitor\u00ebt e huaj.<\/p>\n<p>Drejtoresha e Grupit p\u00ebr Studime Juridike dhe Politike, Arb\u00ebresha Loxha Stublla thot\u00eb se vazhdimi i m\u00ebtejsh\u00ebm i masave do t\u00eb ndikoj\u00eb n\u00eb perceptimin e vendeve tjera p\u00ebr Kosov\u00ebn.<\/p>\n<p>\u201cMundet me u konsideru q\u00eb pala jokonstruktive dhe e pabindur n\u00eb k\u00ebt\u00eb proces \u00ebsht\u00eb Kosova edhe jo shum\u00eb vendeve normale ju vendosen masa nga BE-ja q\u00eb na fut edhe neve n\u00eb nj\u00eb grup me vende t\u00eb cilat kan\u00eb b\u00ebr\u00eb shkelje t\u00eb m\u00ebdha ose kan\u00eb pasur qasje shum\u00eb joevropiane\u201d, tha Loxha Stublla.<\/p>\n<p>Masat nd\u00ebshkuese pasuan d\u00ebrgimin e kryetar\u00ebve t\u00eb komunave veriore n\u00eb zyrat e tyre me forca policore, mes protestave t\u00eb grupeve t\u00eb qytetar\u00ebve serb\u00eb q\u00eb bojkotuan zgjedhjet e prillit t\u00eb vitit t\u00eb kaluar.<\/p>\n<div id=\"quads-ad3876919\" class=\"quads-location quads-ad3876919 \"><\/div>\n<p>Bashkimi Evropian ka k\u00ebrkuar uljen e tensioneve n\u00eb veri t\u00eb vendit p\u00ebrmes nj\u00eb plani q\u00eb parasheh pezullimin e operacioneve policore n\u00eb veri, zhvendosjen e kryetar\u00ebve t\u00eb komunave n\u00eb zyra alternative dhe shpalljen e zgjedhjeve t\u00eb parakohshme me pjes\u00ebmarrje t\u00eb pakusht\u00ebzuar t\u00eb serb\u00ebve t\u00eb Kosov\u00ebs, n\u00eb m\u00ebnyr\u00eb q\u00eb t\u00eb pezullohen masat.<\/p>\n<p>Q\u00eb nga ajo koh\u00eb, qeveria th\u00ebn\u00eb se ka ulur numrin e zyrtar\u00ebve policor n\u00eb af\u00ebrsi t\u00eb nd\u00ebrtesave komunale, ka hartuar nj\u00eb dokument q\u00eb i mund\u00ebson p\u00ebrmes nj\u00eb peticioni shkarkimin e kryetar\u00ebve shqiptar\u00eb t\u00eb zgjedhur n\u00eb veri e q\u00eb kund\u00ebrshtohen nga serb\u00ebt.<\/p>\n<p>Udh\u00ebheq\u00ebsit e Kosov\u00ebs po i b\u00ebjn\u00eb thirrje Bashkimit Evropian q\u00eb t\u00eb hiqen masat nd\u00ebshkuese meq\u00eb si\u00e7 thuhet jan\u00eb p\u00ebrmbushur k\u00ebrkesat evropiane, nd\u00ebrsa po k\u00ebrkojn\u00eb q\u00eb rruga e integrimeve evropiane t\u00eb mos kusht\u00ebzohet me dialogun me Serbin\u00eb.<\/p>\n<p>\u201c\u00cbsht\u00eb nj\u00eb q\u00ebndrim i vendosur q\u00eb masat t\u00eb hiqen sa m\u00eb shpejt q\u00eb \u00ebsht\u00eb e mundur, por m\u00eb e r\u00ebnd\u00ebsishmja duhet t\u00eb jet\u00eb q\u00eb procesi i dialogut duhet t\u00eb ndahet nga procesi integrues i Kosov\u00ebs n\u00eb Bashkimi Evropian n\u00eb m\u00ebnyr\u00eb q\u00eb ne si vend t\u00eb p\u00ebrqendrohemi n\u00eb avancimin e aspirat\u00ebs p\u00ebr integrim\u201d, tha z\u00ebvend\u00ebskryeministri i Kosov\u00ebs, Besnik Bislimi.<\/p>\n<p>N\u00eb nj\u00eb deklarat\u00eb me her\u00ebt gjat\u00eb k\u00ebtij muaji Peter Stano tha se zyrtar\u00ebt evropian\u00eb po e v\u00ebzhgojm\u00eb situat\u00ebn me shum\u00eb v\u00ebmendje.<\/p>\n<p>\u201cNe po punojm\u00eb gjithashtu me partner\u00ebt p\u00ebr t\u2019i ndihmuar ata t\u00eb nd\u00ebrmarrin hapat e nevojsh\u00ebm p\u00ebr t\u00eb shtensionuar situar\u00ebn, p\u00ebr t\u00eb trajtuar problemet q\u00eb kontribuuan n\u00eb kriz\u00ebn e fundit dhe kur t\u00eb jen\u00eb nd\u00ebrmarr\u00eb hapa t\u00eb mjaftuesh\u00ebm pozitiv\u00eb, BE-ja do t\u00eb rishqyrtoj\u00eb masat e vendosura kund\u00ebr Kosov\u00ebs dhe t\u2019i heq\u00eb ato\u201d, tha z\u00ebdh\u00ebn\u00ebsi Stano.<\/p>\n<div>\n<p>Drejtoresha e Grupit p\u00ebr Studime Juridike dhe Politike, Arb\u00ebresha Loxha Stublla thot\u00eb se Kosova tashm\u00eb ka d\u00ebshmuar se po i trajton me seriozitet k\u00ebrkesat evropiane.<\/p>\n<p>\u201cP\u00ebr ne \u00ebsht\u00eb shum\u00eb e r\u00ebnd\u00ebsishme q\u00eb heqja e masave t\u00eb ndodh para se t\u00eb filloj\u00eb procesi zgjedhor n\u00eb Bashkimin Evropian sepse ndryshe do t\u00eb rrezikonim q\u00eb t\u00eb mbet\u00ebn masat n\u00eb fuqi deri sa t\u00eb p\u00ebrfundoj\u00eb procesi dhe gjithashtu e tregon nj\u00eb lloj p\u00ebrmir\u00ebsimi t\u00eb qasjes s\u00eb Bashkimi Evropian n\u00eb qoft\u00eb se nd\u00ebrmerr hapa pozitiv n\u00eb k\u00ebt\u00eb drejtim dhe tregon se \u00ebsht\u00eb duke i trajtu pal\u00ebt n\u00eb nj\u00eb qasje m\u00eb t\u00eb barabart\u00eb ose t\u00eb balancuar\u201d, tha Loxha Stublla.<\/p>\n<p>Zoti Rafuna thot\u00eb nd\u00ebrkaq se autoritetet n\u00eb Kosov\u00eb duhet t\u00eb punojn\u00eb ngusht\u00eb me autoritete evropiane p\u00ebr heqjen e masave nd\u00ebshkuese.<\/p>\n<p>\u201cK\u00ebrkesa jon\u00eb gjithmon\u00eb ka qen\u00eb p\u00ebr institucionet qendrore k\u00ebt\u00eb rast p\u00ebr qeverin\u00eb e Kosov\u00ebs por edhe parlamentin si mbik\u00ebqyr\u00ebs i qeveris\u00eb q\u00eb sa m\u00eb shpejt t\u2019i plot\u00ebsojn\u00eb kushtet q\u00eb t\u00eb hiqen k\u00ebto masa sepse nuk i meriton Kosova q\u00eb t\u2019i ket\u00eb. Jan\u00eb masa q\u00eb ndikojn\u00eb n\u00eb ngritje t\u00eb zhvillimit ekonomik dhe n\u00eb ngritje t\u00eb mir\u00ebqenies sociale q\u00eb n\u00eb fund t\u00eb fundit jan\u00eb qytetar\u00ebt e Kosov\u00ebs q\u00eb i v\u00ebrejn\u00eb pasojat e k\u00ebtyre masave\u201d, tha Rafuna.<\/p>\n<p>Masat nd\u00ebshkuese t\u00eb Bashkimit Evropian parashohin \u201cpezullimin e t\u00eb gjitha grupeve punuese p\u00ebr Marr\u00ebveshjen e Stabilizim Asociimit, pezullimin e financimit t\u00eb programeve t\u00eb Bashkimit Evropian, mosmiratimin e projekteve nga Fondi p\u00ebr Investime n\u00eb Ballkanin Per\u00ebndimor, si dhe pezullimin e takimeve n\u00eb nivele politike p\u00ebrve\u00e7 atyre q\u00eb lidhen me dialogun p\u00ebr normalizimin e marr\u00ebdh\u00ebnieve me Serbin\u00eb.<\/p>\n<\/div>\n","protected":false},"excerpt":{"rendered":"<p>T\u00eb vendosura shtat\u00eb muaj m\u00eb par\u00eb p\u00ebr shkak t\u00eb tensioneve n\u00eb veri t\u00eb Kosov\u00ebs masat nd\u00ebshkuese t\u00eb Bashkimit Evropian sipas njoh\u00ebsve t\u00eb \u00e7\u00ebshtjeve politike dhe ekonomike, tashm\u00eb kan\u00eb shkaktuar mjaft d\u00ebme n\u00eb ekonomin\u00eb dhe imazhin e vendit. Kryetari i Od\u00ebs Ekonomike t\u00eb Kosov\u00ebs, Lulzim Rafuna tha p\u00ebr Z\u00ebrin e Amerik\u00ebs se af\u00ebr 300 milion\u00eb euro [&hellip;]<\/p>\n","protected":false},"author":2,"featured_media":43703,"comment_status":"closed","ping_status":"closed","sticky":false,"template":"","format":"standard","meta":{"_monsterinsights_skip_tracking":false,"_monsterinsights_sitenote_active":false,"_monsterinsights_sitenote_note":"","_monsterinsights_sitenote_category":0,"_uf_show_specific_survey":0,"_uf_disable_surveys":false,"footnotes":""},"categories":[2645],"tags":[487],"yoast_head":"<!-- This site is optimized with the Yoast SEO plugin v21.5 - https:\/\/yoast.com\/wordpress\/plugins\/seo\/ -->\n<title>Ekspert\u00ebt: Masat nd\u00ebshkuese t\u00eb BE-s\u00eb d\u00ebmtuan shum\u00eb Kosov\u00ebn n\u00eb ekonomi e imazh<\/title>\n<meta name=\"robots\" content=\"index, follow, max-snippet:-1, max-image-preview:large, max-video-preview:-1\" \/>\n<link rel=\"canonical\" href=\"https:\/\/permbledhja.com\/sq\/ekspertet-masat-ndeshkuese-te-be-se-demtuan-shume-kosoven-ne-ekonomi-e-imazh\/\" \/>\n<meta property=\"og:locale\" content=\"sq_AL\" \/>\n<meta property=\"og:type\" content=\"article\" \/>\n<meta property=\"og:title\" content=\"Ekspert\u00ebt: Masat nd\u00ebshkuese t\u00eb BE-s\u00eb d\u00ebmtuan shum\u00eb Kosov\u00ebn n\u00eb ekonomi e imazh\" \/>\n<meta property=\"og:description\" content=\"T\u00eb vendosura shtat\u00eb muaj m\u00eb par\u00eb p\u00ebr shkak t\u00eb tensioneve n\u00eb veri t\u00eb Kosov\u00ebs masat nd\u00ebshkuese t\u00eb Bashkimit Evropian sipas njoh\u00ebsve t\u00eb \u00e7\u00ebshtjeve politike dhe ekonomike, tashm\u00eb kan\u00eb shkaktuar mjaft d\u00ebme n\u00eb ekonomin\u00eb dhe imazhin e vendit. Kryetari i Od\u00ebs Ekonomike t\u00eb Kosov\u00ebs, Lulzim Rafuna tha p\u00ebr Z\u00ebrin e Amerik\u00ebs se af\u00ebr 300 milion\u00eb euro [&hellip;]\" \/>\n<meta property=\"og:url\" content=\"https:\/\/permbledhja.com\/sq\/ekspertet-masat-ndeshkuese-te-be-se-demtuan-shume-kosoven-ne-ekonomi-e-imazh\/\" \/>\n<meta property=\"og:site_name\" content=\"Ve\u00e7 artikuj p\u00ebrmbledh\u00ebs\" \/>\n<meta property=\"article:publisher\" content=\"https:\/\/www.facebook.com\/press07\/\" \/>\n<meta property=\"article:published_time\" content=\"2024-01-28T20:02:49+00:00\" \/>\n<meta property=\"og:image\" content=\"https:\/\/permbledhja.com\/wp-content\/uploads\/2024\/01\/be.jpg\" \/>\n\t<meta property=\"og:image:width\" content=\"2500\" \/>\n\t<meta property=\"og:image:height\" content=\"1667\" \/>\n\t<meta property=\"og:image:type\" content=\"image\/jpeg\" \/>\n<meta name=\"author\" content=\"M M\" \/>\n<meta name=\"twitter:card\" content=\"summary_large_image\" \/>\n<meta name=\"twitter:label1\" content=\"Written by\" \/>\n\t<meta name=\"twitter:data1\" content=\"M M\" \/>\n\t<meta name=\"twitter:label2\" content=\"Est. reading time\" \/>\n\t<meta name=\"twitter:data2\" content=\"5 minuta\" \/>\n<script type=\"application\/ld+json\" class=\"yoast-schema-graph\">{\"@context\":\"https:\/\/schema.org\",\"@graph\":[{\"@type\":\"Article\",\"@id\":\"https:\/\/permbledhja.com\/ekspertet-masat-ndeshkuese-te-be-se-demtuan-shume-kosoven-ne-ekonomi-e-imazh\/#article\",\"isPartOf\":{\"@id\":\"https:\/\/permbledhja.com\/ekspertet-masat-ndeshkuese-te-be-se-demtuan-shume-kosoven-ne-ekonomi-e-imazh\/\"},\"author\":{\"name\":\"M M\",\"@id\":\"https:\/\/permbledhja.com\/#\/schema\/person\/d23f13f59b5722643933d6780783acf3\"},\"headline\":\"Ekspert\u00ebt: Masat nd\u00ebshkuese t\u00eb BE-s\u00eb d\u00ebmtuan shum\u00eb Kosov\u00ebn n\u00eb ekonomi e imazh\",\"datePublished\":\"2024-01-28T20:02:49+00:00\",\"dateModified\":\"2024-01-28T20:02:49+00:00\",\"mainEntityOfPage\":{\"@id\":\"https:\/\/permbledhja.com\/ekspertet-masat-ndeshkuese-te-be-se-demtuan-shume-kosoven-ne-ekonomi-e-imazh\/\"},\"wordCount\":957,\"publisher\":{\"@id\":\"https:\/\/permbledhja.com\/#organization\"},\"keywords\":[\"BE\"],\"articleSection\":[\"T\u00eb r\u00ebnd\u00ebsishme\"],\"inLanguage\":\"sq\"},{\"@type\":\"WebPage\",\"@id\":\"https:\/\/permbledhja.com\/ekspertet-masat-ndeshkuese-te-be-se-demtuan-shume-kosoven-ne-ekonomi-e-imazh\/\",\"url\":\"https:\/\/permbledhja.com\/ekspertet-masat-ndeshkuese-te-be-se-demtuan-shume-kosoven-ne-ekonomi-e-imazh\/\",\"name\":\"Ekspert\u00ebt: Masat nd\u00ebshkuese t\u00eb BE-s\u00eb d\u00ebmtuan shum\u00eb Kosov\u00ebn n\u00eb ekonomi e imazh\",\"isPartOf\":{\"@id\":\"https:\/\/permbledhja.com\/#website\"},\"datePublished\":\"2024-01-28T20:02:49+00:00\",\"dateModified\":\"2024-01-28T20:02:49+00:00\",\"breadcrumb\":{\"@id\":\"https:\/\/permbledhja.com\/ekspertet-masat-ndeshkuese-te-be-se-demtuan-shume-kosoven-ne-ekonomi-e-imazh\/#breadcrumb\"},\"inLanguage\":\"sq\",\"potentialAction\":[{\"@type\":\"ReadAction\",\"target\":[\"https:\/\/permbledhja.com\/ekspertet-masat-ndeshkuese-te-be-se-demtuan-shume-kosoven-ne-ekonomi-e-imazh\/\"]}]},{\"@type\":\"BreadcrumbList\",\"@id\":\"https:\/\/permbledhja.com\/ekspertet-masat-ndeshkuese-te-be-se-demtuan-shume-kosoven-ne-ekonomi-e-imazh\/#breadcrumb\",\"itemListElement\":[{\"@type\":\"ListItem\",\"position\":1,\"name\":\"Ballina\",\"item\":\"https:\/\/permbledhja.com\/sq\/\"},{\"@type\":\"ListItem\",\"position\":2,\"name\":\"Ekspert\u00ebt: Masat nd\u00ebshkuese t\u00eb BE-s\u00eb d\u00ebmtuan shum\u00eb Kosov\u00ebn n\u00eb ekonomi e imazh\"}]},{\"@type\":\"WebSite\",\"@id\":\"https:\/\/permbledhja.com\/#website\",\"url\":\"https:\/\/permbledhja.com\/\",\"name\":\"Ve\u00e7 artikuj p\u00ebrmbledh\u00ebs\",\"description\":\"\",\"publisher\":{\"@id\":\"https:\/\/permbledhja.com\/#organization\"},\"potentialAction\":[{\"@type\":\"SearchAction\",\"target\":{\"@type\":\"EntryPoint\",\"urlTemplate\":\"https:\/\/permbledhja.com\/?s={search_term_string}\"},\"query-input\":\"required name=search_term_string\"}],\"inLanguage\":\"sq\"},{\"@type\":\"Organization\",\"@id\":\"https:\/\/permbledhja.com\/#organization\",\"name\":\"MK Media & Pr\",\"url\":\"https:\/\/permbledhja.com\/\",\"logo\":{\"@type\":\"ImageObject\",\"inLanguage\":\"sq\",\"@id\":\"https:\/\/permbledhja.com\/#\/schema\/logo\/image\/\",\"url\":\"https:\/\/permbledhja.com\/wp-content\/uploads\/2021\/12\/07-Press-Logo.jpg\",\"contentUrl\":\"https:\/\/permbledhja.com\/wp-content\/uploads\/2021\/12\/07-Press-Logo.jpg\",\"width\":512,\"height\":512,\"caption\":\"MK Media & Pr\"},\"image\":{\"@id\":\"https:\/\/permbledhja.com\/#\/schema\/logo\/image\/\"},\"sameAs\":[\"https:\/\/www.facebook.com\/press07\/\"]},{\"@type\":\"Person\",\"@id\":\"https:\/\/permbledhja.com\/#\/schema\/person\/d23f13f59b5722643933d6780783acf3\",\"name\":\"M M\",\"image\":{\"@type\":\"ImageObject\",\"inLanguage\":\"sq\",\"@id\":\"https:\/\/permbledhja.com\/#\/schema\/person\/image\/\",\"url\":\"https:\/\/secure.gravatar.com\/avatar\/e2835a76ca7c31a2416b2d51c4ec9a8f?s=96&d=mm&r=g\",\"contentUrl\":\"https:\/\/secure.gravatar.com\/avatar\/e2835a76ca7c31a2416b2d51c4ec9a8f?s=96&d=mm&r=g\",\"caption\":\"M M\"},\"sameAs\":[\"http:\/\/MM\"],\"url\":\"https:\/\/permbledhja.com\/sq\/author\/muhamet\/\"}]}<\/script>\n<!-- \/ Yoast SEO plugin. -->","yoast_head_json":{"title":"Ekspert\u00ebt: Masat nd\u00ebshkuese t\u00eb BE-s\u00eb d\u00ebmtuan shum\u00eb Kosov\u00ebn n\u00eb ekonomi e imazh","robots":{"index":"index","follow":"follow","max-snippet":"max-snippet:-1","max-image-preview":"max-image-preview:large","max-video-preview":"max-video-preview:-1"},"canonical":"https:\/\/permbledhja.com\/sq\/ekspertet-masat-ndeshkuese-te-be-se-demtuan-shume-kosoven-ne-ekonomi-e-imazh\/","og_locale":"sq_AL","og_type":"article","og_title":"Ekspert\u00ebt: Masat nd\u00ebshkuese t\u00eb BE-s\u00eb d\u00ebmtuan shum\u00eb Kosov\u00ebn n\u00eb ekonomi e imazh","og_description":"T\u00eb vendosura shtat\u00eb muaj m\u00eb par\u00eb p\u00ebr shkak t\u00eb tensioneve n\u00eb veri t\u00eb Kosov\u00ebs masat nd\u00ebshkuese t\u00eb Bashkimit Evropian sipas njoh\u00ebsve t\u00eb \u00e7\u00ebshtjeve politike dhe ekonomike, tashm\u00eb kan\u00eb shkaktuar mjaft d\u00ebme n\u00eb ekonomin\u00eb dhe imazhin e vendit. Kryetari i Od\u00ebs Ekonomike t\u00eb Kosov\u00ebs, Lulzim Rafuna tha p\u00ebr Z\u00ebrin e Amerik\u00ebs se af\u00ebr 300 milion\u00eb euro [&hellip;]","og_url":"https:\/\/permbledhja.com\/sq\/ekspertet-masat-ndeshkuese-te-be-se-demtuan-shume-kosoven-ne-ekonomi-e-imazh\/","og_site_name":"Ve\u00e7 artikuj p\u00ebrmbledh\u00ebs","article_publisher":"https:\/\/www.facebook.com\/press07\/","article_published_time":"2024-01-28T20:02:49+00:00","og_image":[{"width":2500,"height":1667,"url":"https:\/\/permbledhja.com\/wp-content\/uploads\/2024\/01\/be.jpg","type":"image\/jpeg"}],"author":"M M","twitter_card":"summary_large_image","twitter_misc":{"Written by":"M M","Est. reading time":"5 minuta"},"schema":{"@context":"https:\/\/schema.org","@graph":[{"@type":"Article","@id":"https:\/\/permbledhja.com\/ekspertet-masat-ndeshkuese-te-be-se-demtuan-shume-kosoven-ne-ekonomi-e-imazh\/#article","isPartOf":{"@id":"https:\/\/permbledhja.com\/ekspertet-masat-ndeshkuese-te-be-se-demtuan-shume-kosoven-ne-ekonomi-e-imazh\/"},"author":{"name":"M M","@id":"https:\/\/permbledhja.com\/#\/schema\/person\/d23f13f59b5722643933d6780783acf3"},"headline":"Ekspert\u00ebt: Masat nd\u00ebshkuese t\u00eb BE-s\u00eb d\u00ebmtuan shum\u00eb Kosov\u00ebn n\u00eb ekonomi e imazh","datePublished":"2024-01-28T20:02:49+00:00","dateModified":"2024-01-28T20:02:49+00:00","mainEntityOfPage":{"@id":"https:\/\/permbledhja.com\/ekspertet-masat-ndeshkuese-te-be-se-demtuan-shume-kosoven-ne-ekonomi-e-imazh\/"},"wordCount":957,"publisher":{"@id":"https:\/\/permbledhja.com\/#organization"},"keywords":["BE"],"articleSection":["T\u00eb r\u00ebnd\u00ebsishme"],"inLanguage":"sq"},{"@type":"WebPage","@id":"https:\/\/permbledhja.com\/ekspertet-masat-ndeshkuese-te-be-se-demtuan-shume-kosoven-ne-ekonomi-e-imazh\/","url":"https:\/\/permbledhja.com\/ekspertet-masat-ndeshkuese-te-be-se-demtuan-shume-kosoven-ne-ekonomi-e-imazh\/","name":"Ekspert\u00ebt: Masat nd\u00ebshkuese t\u00eb BE-s\u00eb d\u00ebmtuan shum\u00eb Kosov\u00ebn n\u00eb ekonomi e imazh","isPartOf":{"@id":"https:\/\/permbledhja.com\/#website"},"datePublished":"2024-01-28T20:02:49+00:00","dateModified":"2024-01-28T20:02:49+00:00","breadcrumb":{"@id":"https:\/\/permbledhja.com\/ekspertet-masat-ndeshkuese-te-be-se-demtuan-shume-kosoven-ne-ekonomi-e-imazh\/#breadcrumb"},"inLanguage":"sq","potentialAction":[{"@type":"ReadAction","target":["https:\/\/permbledhja.com\/ekspertet-masat-ndeshkuese-te-be-se-demtuan-shume-kosoven-ne-ekonomi-e-imazh\/"]}]},{"@type":"BreadcrumbList","@id":"https:\/\/permbledhja.com\/ekspertet-masat-ndeshkuese-te-be-se-demtuan-shume-kosoven-ne-ekonomi-e-imazh\/#breadcrumb","itemListElement":[{"@type":"ListItem","position":1,"name":"Ballina","item":"https:\/\/permbledhja.com\/sq\/"},{"@type":"ListItem","position":2,"name":"Ekspert\u00ebt: Masat nd\u00ebshkuese t\u00eb BE-s\u00eb d\u00ebmtuan shum\u00eb Kosov\u00ebn n\u00eb ekonomi e imazh"}]},{"@type":"WebSite","@id":"https:\/\/permbledhja.com\/#website","url":"https:\/\/permbledhja.com\/","name":"Ve\u00e7 artikuj p\u00ebrmbledh\u00ebs","description":"","publisher":{"@id":"https:\/\/permbledhja.com\/#organization"},"potentialAction":[{"@type":"SearchAction","target":{"@type":"EntryPoint","urlTemplate":"https:\/\/permbledhja.com\/?s={search_term_string}"},"query-input":"required name=search_term_string"}],"inLanguage":"sq"},{"@type":"Organization","@id":"https:\/\/permbledhja.com\/#organization","name":"MK Media & Pr","url":"https:\/\/permbledhja.com\/","logo":{"@type":"ImageObject","inLanguage":"sq","@id":"https:\/\/permbledhja.com\/#\/schema\/logo\/image\/","url":"https:\/\/permbledhja.com\/wp-content\/uploads\/2021\/12\/07-Press-Logo.jpg","contentUrl":"https:\/\/permbledhja.com\/wp-content\/uploads\/2021\/12\/07-Press-Logo.jpg","width":512,"height":512,"caption":"MK Media & Pr"},"image":{"@id":"https:\/\/permbledhja.com\/#\/schema\/logo\/image\/"},"sameAs":["https:\/\/www.facebook.com\/press07\/"]},{"@type":"Person","@id":"https:\/\/permbledhja.com\/#\/schema\/person\/d23f13f59b5722643933d6780783acf3","name":"M M","image":{"@type":"ImageObject","inLanguage":"sq","@id":"https:\/\/permbledhja.com\/#\/schema\/person\/image\/","url":"https:\/\/secure.gravatar.com\/avatar\/e2835a76ca7c31a2416b2d51c4ec9a8f?s=96&d=mm&r=g","contentUrl":"https:\/\/secure.gravatar.com\/avatar\/e2835a76ca7c31a2416b2d51c4ec9a8f?s=96&d=mm&r=g","caption":"M M"},"sameAs":["http:\/\/MM"],"url":"https:\/\/permbledhja.com\/sq\/author\/muhamet\/"}]}},"_links":{"self":[{"href":"https:\/\/permbledhja.com\/sq\/wp-json\/wp\/v2\/posts\/45030"}],"collection":[{"href":"https:\/\/permbledhja.com\/sq\/wp-json\/wp\/v2\/posts"}],"about":[{"href":"https:\/\/permbledhja.com\/sq\/wp-json\/wp\/v2\/types\/post"}],"author":[{"embeddable":true,"href":"https:\/\/permbledhja.com\/sq\/wp-json\/wp\/v2\/users\/2"}],"replies":[{"embeddable":true,"href":"https:\/\/permbledhja.com\/sq\/wp-json\/wp\/v2\/comments?post=45030"}],"version-history":[{"count":1,"href":"https:\/\/permbledhja.com\/sq\/wp-json\/wp\/v2\/posts\/45030\/revisions"}],"predecessor-version":[{"id":45031,"href":"https:\/\/permbledhja.com\/sq\/wp-json\/wp\/v2\/posts\/45030\/revisions\/45031"}],"wp:featuredmedia":[{"embeddable":true,"href":"https:\/\/permbledhja.com\/sq\/wp-json\/wp\/v2\/media\/43703"}],"wp:attachment":[{"href":"https:\/\/permbledhja.com\/sq\/wp-json\/wp\/v2\/media?parent=45030"}],"wp:term":[{"taxonomy":"category","embeddable":true,"href":"https:\/\/permbledhja.com\/sq\/wp-json\/wp\/v2\/categories?post=45030"},{"taxonomy":"post_tag","embeddable":true,"href":"https:\/\/permbledhja.com\/sq\/wp-json\/wp\/v2\/tags?post=45030"}],"curies":[{"name":"wp","href":"https:\/\/api.w.org\/{rel}","templated":true}]}}