{"id":45025,"date":"2024-01-28T19:31:32","date_gmt":"2024-01-28T19:31:32","guid":{"rendered":"https:\/\/permbledhja.com\/?p=45025"},"modified":"2024-01-28T19:31:32","modified_gmt":"2024-01-28T19:31:32","slug":"lajcak-te-marten-ne-kosove-pritet-te-takohet-me-kurtin-e-bislimin","status":"publish","type":"post","link":"https:\/\/permbledhja.com\/sq\/lajcak-te-marten-ne-kosove-pritet-te-takohet-me-kurtin-e-bislimin\/","title":{"rendered":"Laj\u00e7ak t\u00eb mart\u00ebn n\u00eb Kosov\u00eb, pritet t\u00eb takohet me Kurtin e Bislimin"},"content":{"rendered":"<h3>I d\u00ebrguari i ve\u00e7ant\u00eb p\u00ebr dialogun mes Kosov\u00ebs e Serbis\u00eb, Mirolsav Laj\u00e7ak, do t\u00eb vizitoj\u00eb Prishtin\u00ebn t\u00eb mart\u00ebn m\u00eb 30 janar.<\/h3>\n<p>Laj\u00e7ak pritet t\u00eb takohet me p\u00ebrfaq\u00ebsuesit e institucioneve vendore, ndon\u00ebse akoma nuk ka konfirmim n\u00ebse do mbahet nj\u00eb takim n\u00eb mes t\u00eb tij dhe kryeministrit t\u00eb Kosov\u00ebs, Albin Kurtit.<\/p>\n<p>Nd\u00ebrkoh\u00eb, b\u00ebhet e ditur se tashm\u00eb \u00ebsht\u00eb konfirmuar mbajtja e takimit me z\u00ebvend\u00ebskryeministrin nj\u00ebkoh\u00ebsisht kryenegociatorin e Kosov\u00ebs, Besnik Bislimin, raporton RTK.<\/p>\n<p>Nj\u00eb dit\u00eb me her\u00ebt, p\u00ebrkat\u00ebsisht t\u00eb h\u00ebn\u00ebn m\u00eb 29 janar, Miroslav Laj\u00e7ak do ndalet fillimisht ne kryeqytetin serb, Beograd. Tashm\u00eb ka konfirmim zyrtar se ai atje do takohet me presidentin e Serbis\u00eb Aleksand\u00ebr Vu\u00e7iq.<\/p>\n","protected":false},"excerpt":{"rendered":"<p>I d\u00ebrguari i ve\u00e7ant\u00eb p\u00ebr dialogun mes Kosov\u00ebs e Serbis\u00eb, Mirolsav Laj\u00e7ak, do t\u00eb vizitoj\u00eb Prishtin\u00ebn t\u00eb mart\u00ebn m\u00eb 30 janar. Laj\u00e7ak pritet t\u00eb takohet me p\u00ebrfaq\u00ebsuesit e institucioneve vendore, ndon\u00ebse akoma nuk ka konfirmim n\u00ebse do mbahet nj\u00eb takim n\u00eb mes t\u00eb tij dhe kryeministrit t\u00eb Kosov\u00ebs, Albin Kurtit. Nd\u00ebrkoh\u00eb, b\u00ebhet e ditur se [&hellip;]<\/p>\n","protected":false},"author":2,"featured_media":35834,"comment_status":"closed","ping_status":"closed","sticky":false,"template":"","format":"standard","meta":{"_monsterinsights_skip_tracking":false,"_monsterinsights_sitenote_active":false,"_monsterinsights_sitenote_note":"","_monsterinsights_sitenote_category":0,"_uf_show_specific_survey":0,"_uf_disable_surveys":false,"footnotes":""},"categories":[1146],"tags":[1354],"yoast_head":"<!-- This site is optimized with the Yoast SEO plugin v21.5 - https:\/\/yoast.com\/wordpress\/plugins\/seo\/ -->\n<title>Laj\u00e7ak t\u00eb mart\u00ebn n\u00eb Kosov\u00eb, pritet t\u00eb takohet me Kurtin e Bislimin<\/title>\n<meta name=\"robots\" content=\"index, follow, max-snippet:-1, max-image-preview:large, max-video-preview:-1\" \/>\n<link rel=\"canonical\" href=\"https:\/\/permbledhja.com\/sq\/lajcak-te-marten-ne-kosove-pritet-te-takohet-me-kurtin-e-bislimin\/\" \/>\n<meta property=\"og:locale\" content=\"sq_AL\" \/>\n<meta property=\"og:type\" content=\"article\" \/>\n<meta property=\"og:title\" content=\"Laj\u00e7ak t\u00eb mart\u00ebn n\u00eb Kosov\u00eb, pritet t\u00eb takohet me Kurtin e Bislimin\" \/>\n<meta property=\"og:description\" content=\"I d\u00ebrguari i ve\u00e7ant\u00eb p\u00ebr dialogun mes Kosov\u00ebs e Serbis\u00eb, Mirolsav Laj\u00e7ak, do t\u00eb vizitoj\u00eb Prishtin\u00ebn t\u00eb mart\u00ebn m\u00eb 30 janar. Laj\u00e7ak pritet t\u00eb takohet me p\u00ebrfaq\u00ebsuesit e institucioneve vendore, ndon\u00ebse akoma nuk ka konfirmim n\u00ebse do mbahet nj\u00eb takim n\u00eb mes t\u00eb tij dhe kryeministrit t\u00eb Kosov\u00ebs, Albin Kurtit. Nd\u00ebrkoh\u00eb, b\u00ebhet e ditur se [&hellip;]\" \/>\n<meta property=\"og:url\" content=\"https:\/\/permbledhja.com\/sq\/lajcak-te-marten-ne-kosove-pritet-te-takohet-me-kurtin-e-bislimin\/\" \/>\n<meta property=\"og:site_name\" content=\"Ve\u00e7 artikuj p\u00ebrmbledh\u00ebs\" \/>\n<meta property=\"article:publisher\" content=\"https:\/\/www.facebook.com\/press07\/\" \/>\n<meta property=\"article:published_time\" content=\"2024-01-28T19:31:32+00:00\" \/>\n<meta property=\"og:image\" content=\"https:\/\/permbledhja.com\/wp-content\/uploads\/2023\/11\/miroslav-lajcak-1068x597-1.jpg\" \/>\n\t<meta property=\"og:image:width\" content=\"1068\" \/>\n\t<meta property=\"og:image:height\" content=\"597\" \/>\n\t<meta property=\"og:image:type\" content=\"image\/jpeg\" \/>\n<meta name=\"author\" content=\"M M\" \/>\n<meta name=\"twitter:card\" content=\"summary_large_image\" \/>\n<meta name=\"twitter:label1\" content=\"Written by\" \/>\n\t<meta name=\"twitter:data1\" content=\"M M\" \/>\n\t<meta name=\"twitter:label2\" content=\"Est. reading time\" \/>\n\t<meta name=\"twitter:data2\" content=\"1 minut\u00eb\" \/>\n<script type=\"application\/ld+json\" class=\"yoast-schema-graph\">{\"@context\":\"https:\/\/schema.org\",\"@graph\":[{\"@type\":\"Article\",\"@id\":\"https:\/\/permbledhja.com\/lajcak-te-marten-ne-kosove-pritet-te-takohet-me-kurtin-e-bislimin\/#article\",\"isPartOf\":{\"@id\":\"https:\/\/permbledhja.com\/lajcak-te-marten-ne-kosove-pritet-te-takohet-me-kurtin-e-bislimin\/\"},\"author\":{\"name\":\"M M\",\"@id\":\"https:\/\/permbledhja.com\/#\/schema\/person\/d23f13f59b5722643933d6780783acf3\"},\"headline\":\"Laj\u00e7ak t\u00eb mart\u00ebn n\u00eb Kosov\u00eb, pritet t\u00eb takohet me Kurtin e Bislimin\",\"datePublished\":\"2024-01-28T19:31:32+00:00\",\"dateModified\":\"2024-01-28T19:31:32+00:00\",\"mainEntityOfPage\":{\"@id\":\"https:\/\/permbledhja.com\/lajcak-te-marten-ne-kosove-pritet-te-takohet-me-kurtin-e-bislimin\/\"},\"wordCount\":145,\"publisher\":{\"@id\":\"https:\/\/permbledhja.com\/#organization\"},\"keywords\":[\"Miroslav Laj\u00e7ak\"],\"articleSection\":[\"Kryesoret\"],\"inLanguage\":\"sq\"},{\"@type\":\"WebPage\",\"@id\":\"https:\/\/permbledhja.com\/lajcak-te-marten-ne-kosove-pritet-te-takohet-me-kurtin-e-bislimin\/\",\"url\":\"https:\/\/permbledhja.com\/lajcak-te-marten-ne-kosove-pritet-te-takohet-me-kurtin-e-bislimin\/\",\"name\":\"Laj\u00e7ak t\u00eb mart\u00ebn n\u00eb Kosov\u00eb, pritet t\u00eb takohet me Kurtin e Bislimin\",\"isPartOf\":{\"@id\":\"https:\/\/permbledhja.com\/#website\"},\"datePublished\":\"2024-01-28T19:31:32+00:00\",\"dateModified\":\"2024-01-28T19:31:32+00:00\",\"breadcrumb\":{\"@id\":\"https:\/\/permbledhja.com\/lajcak-te-marten-ne-kosove-pritet-te-takohet-me-kurtin-e-bislimin\/#breadcrumb\"},\"inLanguage\":\"sq\",\"potentialAction\":[{\"@type\":\"ReadAction\",\"target\":[\"https:\/\/permbledhja.com\/lajcak-te-marten-ne-kosove-pritet-te-takohet-me-kurtin-e-bislimin\/\"]}]},{\"@type\":\"BreadcrumbList\",\"@id\":\"https:\/\/permbledhja.com\/lajcak-te-marten-ne-kosove-pritet-te-takohet-me-kurtin-e-bislimin\/#breadcrumb\",\"itemListElement\":[{\"@type\":\"ListItem\",\"position\":1,\"name\":\"Ballina\",\"item\":\"https:\/\/permbledhja.com\/sq\/\"},{\"@type\":\"ListItem\",\"position\":2,\"name\":\"Laj\u00e7ak t\u00eb mart\u00ebn n\u00eb Kosov\u00eb, pritet t\u00eb takohet me Kurtin e Bislimin\"}]},{\"@type\":\"WebSite\",\"@id\":\"https:\/\/permbledhja.com\/#website\",\"url\":\"https:\/\/permbledhja.com\/\",\"name\":\"Ve\u00e7 artikuj p\u00ebrmbledh\u00ebs\",\"description\":\"\",\"publisher\":{\"@id\":\"https:\/\/permbledhja.com\/#organization\"},\"potentialAction\":[{\"@type\":\"SearchAction\",\"target\":{\"@type\":\"EntryPoint\",\"urlTemplate\":\"https:\/\/permbledhja.com\/?s={search_term_string}\"},\"query-input\":\"required name=search_term_string\"}],\"inLanguage\":\"sq\"},{\"@type\":\"Organization\",\"@id\":\"https:\/\/permbledhja.com\/#organization\",\"name\":\"MK Media & Pr\",\"url\":\"https:\/\/permbledhja.com\/\",\"logo\":{\"@type\":\"ImageObject\",\"inLanguage\":\"sq\",\"@id\":\"https:\/\/permbledhja.com\/#\/schema\/logo\/image\/\",\"url\":\"https:\/\/permbledhja.com\/wp-content\/uploads\/2021\/12\/07-Press-Logo.jpg\",\"contentUrl\":\"https:\/\/permbledhja.com\/wp-content\/uploads\/2021\/12\/07-Press-Logo.jpg\",\"width\":512,\"height\":512,\"caption\":\"MK Media & Pr\"},\"image\":{\"@id\":\"https:\/\/permbledhja.com\/#\/schema\/logo\/image\/\"},\"sameAs\":[\"https:\/\/www.facebook.com\/press07\/\"]},{\"@type\":\"Person\",\"@id\":\"https:\/\/permbledhja.com\/#\/schema\/person\/d23f13f59b5722643933d6780783acf3\",\"name\":\"M M\",\"image\":{\"@type\":\"ImageObject\",\"inLanguage\":\"sq\",\"@id\":\"https:\/\/permbledhja.com\/#\/schema\/person\/image\/\",\"url\":\"https:\/\/secure.gravatar.com\/avatar\/e2835a76ca7c31a2416b2d51c4ec9a8f?s=96&d=mm&r=g\",\"contentUrl\":\"https:\/\/secure.gravatar.com\/avatar\/e2835a76ca7c31a2416b2d51c4ec9a8f?s=96&d=mm&r=g\",\"caption\":\"M M\"},\"sameAs\":[\"http:\/\/MM\"],\"url\":\"https:\/\/permbledhja.com\/sq\/author\/muhamet\/\"}]}<\/script>\n<!-- \/ Yoast SEO plugin. -->","yoast_head_json":{"title":"Laj\u00e7ak t\u00eb mart\u00ebn n\u00eb Kosov\u00eb, pritet t\u00eb takohet me Kurtin e Bislimin","robots":{"index":"index","follow":"follow","max-snippet":"max-snippet:-1","max-image-preview":"max-image-preview:large","max-video-preview":"max-video-preview:-1"},"canonical":"https:\/\/permbledhja.com\/sq\/lajcak-te-marten-ne-kosove-pritet-te-takohet-me-kurtin-e-bislimin\/","og_locale":"sq_AL","og_type":"article","og_title":"Laj\u00e7ak t\u00eb mart\u00ebn n\u00eb Kosov\u00eb, pritet t\u00eb takohet me Kurtin e Bislimin","og_description":"I d\u00ebrguari i ve\u00e7ant\u00eb p\u00ebr dialogun mes Kosov\u00ebs e Serbis\u00eb, Mirolsav Laj\u00e7ak, do t\u00eb vizitoj\u00eb Prishtin\u00ebn t\u00eb mart\u00ebn m\u00eb 30 janar. Laj\u00e7ak pritet t\u00eb takohet me p\u00ebrfaq\u00ebsuesit e institucioneve vendore, ndon\u00ebse akoma nuk ka konfirmim n\u00ebse do mbahet nj\u00eb takim n\u00eb mes t\u00eb tij dhe kryeministrit t\u00eb Kosov\u00ebs, Albin Kurtit. Nd\u00ebrkoh\u00eb, b\u00ebhet e ditur se [&hellip;]","og_url":"https:\/\/permbledhja.com\/sq\/lajcak-te-marten-ne-kosove-pritet-te-takohet-me-kurtin-e-bislimin\/","og_site_name":"Ve\u00e7 artikuj p\u00ebrmbledh\u00ebs","article_publisher":"https:\/\/www.facebook.com\/press07\/","article_published_time":"2024-01-28T19:31:32+00:00","og_image":[{"width":1068,"height":597,"url":"https:\/\/permbledhja.com\/wp-content\/uploads\/2023\/11\/miroslav-lajcak-1068x597-1.jpg","type":"image\/jpeg"}],"author":"M M","twitter_card":"summary_large_image","twitter_misc":{"Written by":"M M","Est. reading time":"1 minut\u00eb"},"schema":{"@context":"https:\/\/schema.org","@graph":[{"@type":"Article","@id":"https:\/\/permbledhja.com\/lajcak-te-marten-ne-kosove-pritet-te-takohet-me-kurtin-e-bislimin\/#article","isPartOf":{"@id":"https:\/\/permbledhja.com\/lajcak-te-marten-ne-kosove-pritet-te-takohet-me-kurtin-e-bislimin\/"},"author":{"name":"M M","@id":"https:\/\/permbledhja.com\/#\/schema\/person\/d23f13f59b5722643933d6780783acf3"},"headline":"Laj\u00e7ak t\u00eb mart\u00ebn n\u00eb Kosov\u00eb, pritet t\u00eb takohet me Kurtin e Bislimin","datePublished":"2024-01-28T19:31:32+00:00","dateModified":"2024-01-28T19:31:32+00:00","mainEntityOfPage":{"@id":"https:\/\/permbledhja.com\/lajcak-te-marten-ne-kosove-pritet-te-takohet-me-kurtin-e-bislimin\/"},"wordCount":145,"publisher":{"@id":"https:\/\/permbledhja.com\/#organization"},"keywords":["Miroslav Laj\u00e7ak"],"articleSection":["Kryesoret"],"inLanguage":"sq"},{"@type":"WebPage","@id":"https:\/\/permbledhja.com\/lajcak-te-marten-ne-kosove-pritet-te-takohet-me-kurtin-e-bislimin\/","url":"https:\/\/permbledhja.com\/lajcak-te-marten-ne-kosove-pritet-te-takohet-me-kurtin-e-bislimin\/","name":"Laj\u00e7ak t\u00eb mart\u00ebn n\u00eb Kosov\u00eb, pritet t\u00eb takohet me Kurtin e Bislimin","isPartOf":{"@id":"https:\/\/permbledhja.com\/#website"},"datePublished":"2024-01-28T19:31:32+00:00","dateModified":"2024-01-28T19:31:32+00:00","breadcrumb":{"@id":"https:\/\/permbledhja.com\/lajcak-te-marten-ne-kosove-pritet-te-takohet-me-kurtin-e-bislimin\/#breadcrumb"},"inLanguage":"sq","potentialAction":[{"@type":"ReadAction","target":["https:\/\/permbledhja.com\/lajcak-te-marten-ne-kosove-pritet-te-takohet-me-kurtin-e-bislimin\/"]}]},{"@type":"BreadcrumbList","@id":"https:\/\/permbledhja.com\/lajcak-te-marten-ne-kosove-pritet-te-takohet-me-kurtin-e-bislimin\/#breadcrumb","itemListElement":[{"@type":"ListItem","position":1,"name":"Ballina","item":"https:\/\/permbledhja.com\/sq\/"},{"@type":"ListItem","position":2,"name":"Laj\u00e7ak t\u00eb mart\u00ebn n\u00eb Kosov\u00eb, pritet t\u00eb takohet me Kurtin e Bislimin"}]},{"@type":"WebSite","@id":"https:\/\/permbledhja.com\/#website","url":"https:\/\/permbledhja.com\/","name":"Ve\u00e7 artikuj p\u00ebrmbledh\u00ebs","description":"","publisher":{"@id":"https:\/\/permbledhja.com\/#organization"},"potentialAction":[{"@type":"SearchAction","target":{"@type":"EntryPoint","urlTemplate":"https:\/\/permbledhja.com\/?s={search_term_string}"},"query-input":"required name=search_term_string"}],"inLanguage":"sq"},{"@type":"Organization","@id":"https:\/\/permbledhja.com\/#organization","name":"MK Media & Pr","url":"https:\/\/permbledhja.com\/","logo":{"@type":"ImageObject","inLanguage":"sq","@id":"https:\/\/permbledhja.com\/#\/schema\/logo\/image\/","url":"https:\/\/permbledhja.com\/wp-content\/uploads\/2021\/12\/07-Press-Logo.jpg","contentUrl":"https:\/\/permbledhja.com\/wp-content\/uploads\/2021\/12\/07-Press-Logo.jpg","width":512,"height":512,"caption":"MK Media & Pr"},"image":{"@id":"https:\/\/permbledhja.com\/#\/schema\/logo\/image\/"},"sameAs":["https:\/\/www.facebook.com\/press07\/"]},{"@type":"Person","@id":"https:\/\/permbledhja.com\/#\/schema\/person\/d23f13f59b5722643933d6780783acf3","name":"M M","image":{"@type":"ImageObject","inLanguage":"sq","@id":"https:\/\/permbledhja.com\/#\/schema\/person\/image\/","url":"https:\/\/secure.gravatar.com\/avatar\/e2835a76ca7c31a2416b2d51c4ec9a8f?s=96&d=mm&r=g","contentUrl":"https:\/\/secure.gravatar.com\/avatar\/e2835a76ca7c31a2416b2d51c4ec9a8f?s=96&d=mm&r=g","caption":"M M"},"sameAs":["http:\/\/MM"],"url":"https:\/\/permbledhja.com\/sq\/author\/muhamet\/"}]}},"_links":{"self":[{"href":"https:\/\/permbledhja.com\/sq\/wp-json\/wp\/v2\/posts\/45025"}],"collection":[{"href":"https:\/\/permbledhja.com\/sq\/wp-json\/wp\/v2\/posts"}],"about":[{"href":"https:\/\/permbledhja.com\/sq\/wp-json\/wp\/v2\/types\/post"}],"author":[{"embeddable":true,"href":"https:\/\/permbledhja.com\/sq\/wp-json\/wp\/v2\/users\/2"}],"replies":[{"embeddable":true,"href":"https:\/\/permbledhja.com\/sq\/wp-json\/wp\/v2\/comments?post=45025"}],"version-history":[{"count":1,"href":"https:\/\/permbledhja.com\/sq\/wp-json\/wp\/v2\/posts\/45025\/revisions"}],"predecessor-version":[{"id":45026,"href":"https:\/\/permbledhja.com\/sq\/wp-json\/wp\/v2\/posts\/45025\/revisions\/45026"}],"wp:featuredmedia":[{"embeddable":true,"href":"https:\/\/permbledhja.com\/sq\/wp-json\/wp\/v2\/media\/35834"}],"wp:attachment":[{"href":"https:\/\/permbledhja.com\/sq\/wp-json\/wp\/v2\/media?parent=45025"}],"wp:term":[{"taxonomy":"category","embeddable":true,"href":"https:\/\/permbledhja.com\/sq\/wp-json\/wp\/v2\/categories?post=45025"},{"taxonomy":"post_tag","embeddable":true,"href":"https:\/\/permbledhja.com\/sq\/wp-json\/wp\/v2\/tags?post=45025"}],"curies":[{"name":"wp","href":"https:\/\/api.w.org\/{rel}","templated":true}]}}