{"id":45002,"date":"2024-01-28T17:11:33","date_gmt":"2024-01-28T17:11:33","guid":{"rendered":"https:\/\/permbledhja.com\/?p=45002"},"modified":"2024-01-28T17:43:44","modified_gmt":"2024-01-28T17:43:44","slug":"raportohet-se-dy-autobuse-te-nje-kompanie-kosovare-jane-sulmuar-ne-serbi","status":"publish","type":"post","link":"https:\/\/permbledhja.com\/sq\/raportohet-se-dy-autobuse-te-nje-kompanie-kosovare-jane-sulmuar-ne-serbi\/","title":{"rendered":"Raportohet se dy autobus\u00eb t\u00eb nj\u00eb kompanie kosovare jan\u00eb sulmuar n\u00eb Serbi"},"content":{"rendered":"<h3>Dy autobus\u00eb t\u00eb nj\u00eb kompanie nga Kosova jan\u00eb sulmuar n\u00eb Serbi, p\u00ebrkat\u00ebsisht af\u00ebr Kurshumlis\u00eb.<\/h3>\n<p>Lajmin p\u00ebr Klankosova.tv e kan\u00eb konfirmuar nga vet\u00eb kompania \u201cFjolla Impex\u201d, ku than\u00eb se sulmet kan\u00eb ndodhur mbr\u00ebm\u00eb.<\/p>\n<p>\u201cDy autobus\u00eb jan\u00eb gjuajtur me gur\u00eb mbr\u00ebm\u00eb. Nj\u00ebri duke ardhur prej Serbis\u00eb dhe tjetri duke shkuar p\u00ebr Serbi. Ngjarja ka ndodhur af\u00ebr Kurshumlis\u00eb\u201d, than\u00eb nga kompania.<\/p>\n<p>Nd\u00ebrsa, sipas zyrtar\u00ebve t\u00eb kompanis\u00eb, nuk ka persona t\u00eb l\u00ebnduar nga k\u00ebto sulme por vet\u00ebm d\u00ebme materiale.<\/p>\n","protected":false},"excerpt":{"rendered":"<p>Dy autobus\u00eb t\u00eb nj\u00eb kompanie nga Kosova jan\u00eb sulmuar n\u00eb Serbi, p\u00ebrkat\u00ebsisht af\u00ebr Kurshumlis\u00eb. Lajmin p\u00ebr Klankosova.tv e kan\u00eb konfirmuar nga vet\u00eb kompania \u201cFjolla Impex\u201d, ku than\u00eb se sulmet kan\u00eb ndodhur mbr\u00ebm\u00eb. \u201cDy autobus\u00eb jan\u00eb gjuajtur me gur\u00eb mbr\u00ebm\u00eb. Nj\u00ebri duke ardhur prej Serbis\u00eb dhe tjetri duke shkuar p\u00ebr Serbi. Ngjarja ka ndodhur af\u00ebr Kurshumlis\u00eb\u201d, [&hellip;]<\/p>\n","protected":false},"author":2,"featured_media":45003,"comment_status":"closed","ping_status":"closed","sticky":false,"template":"","format":"standard","meta":{"_monsterinsights_skip_tracking":false,"_monsterinsights_sitenote_active":false,"_monsterinsights_sitenote_note":"","_monsterinsights_sitenote_category":0,"_uf_show_specific_survey":0,"_uf_disable_surveys":false,"footnotes":""},"categories":[1146],"tags":[1728],"yoast_head":"<!-- This site is optimized with the Yoast SEO plugin v21.5 - https:\/\/yoast.com\/wordpress\/plugins\/seo\/ -->\n<title>Raportohet se dy autobus\u00eb t\u00eb nj\u00eb kompanie kosovare jan\u00eb sulmuar n\u00eb Serbi<\/title>\n<meta name=\"robots\" content=\"index, follow, max-snippet:-1, max-image-preview:large, max-video-preview:-1\" \/>\n<link rel=\"canonical\" href=\"https:\/\/permbledhja.com\/sq\/raportohet-se-dy-autobuse-te-nje-kompanie-kosovare-jane-sulmuar-ne-serbi\/\" \/>\n<meta property=\"og:locale\" content=\"sq_AL\" \/>\n<meta property=\"og:type\" content=\"article\" \/>\n<meta property=\"og:title\" content=\"Raportohet se dy autobus\u00eb t\u00eb nj\u00eb kompanie kosovare jan\u00eb sulmuar n\u00eb Serbi\" \/>\n<meta property=\"og:description\" content=\"Dy autobus\u00eb t\u00eb nj\u00eb kompanie nga Kosova jan\u00eb sulmuar n\u00eb Serbi, p\u00ebrkat\u00ebsisht af\u00ebr Kurshumlis\u00eb. Lajmin p\u00ebr Klankosova.tv e kan\u00eb konfirmuar nga vet\u00eb kompania \u201cFjolla Impex\u201d, ku than\u00eb se sulmet kan\u00eb ndodhur mbr\u00ebm\u00eb. \u201cDy autobus\u00eb jan\u00eb gjuajtur me gur\u00eb mbr\u00ebm\u00eb. Nj\u00ebri duke ardhur prej Serbis\u00eb dhe tjetri duke shkuar p\u00ebr Serbi. Ngjarja ka ndodhur af\u00ebr Kurshumlis\u00eb\u201d, [&hellip;]\" \/>\n<meta property=\"og:url\" content=\"https:\/\/permbledhja.com\/sq\/raportohet-se-dy-autobuse-te-nje-kompanie-kosovare-jane-sulmuar-ne-serbi\/\" \/>\n<meta property=\"og:site_name\" content=\"Ve\u00e7 artikuj p\u00ebrmbledh\u00ebs\" \/>\n<meta property=\"article:publisher\" content=\"https:\/\/www.facebook.com\/press07\/\" \/>\n<meta property=\"article:published_time\" content=\"2024-01-28T17:11:33+00:00\" \/>\n<meta property=\"article:modified_time\" content=\"2024-01-28T17:43:44+00:00\" \/>\n<meta property=\"og:image\" content=\"https:\/\/permbledhja.com\/wp-content\/uploads\/2024\/01\/9A4CD3CC-FD1F-4C13-9019-2B866DACC1EB-780x440-6.jpg\" \/>\n\t<meta property=\"og:image:width\" content=\"780\" \/>\n\t<meta property=\"og:image:height\" content=\"440\" \/>\n\t<meta property=\"og:image:type\" content=\"image\/jpeg\" \/>\n<meta name=\"author\" content=\"M M\" \/>\n<meta name=\"twitter:card\" content=\"summary_large_image\" \/>\n<meta name=\"twitter:label1\" content=\"Written by\" \/>\n\t<meta name=\"twitter:data1\" content=\"M M\" \/>\n\t<meta name=\"twitter:label2\" content=\"Est. reading time\" \/>\n\t<meta name=\"twitter:data2\" content=\"1 minut\u00eb\" \/>\n<script type=\"application\/ld+json\" class=\"yoast-schema-graph\">{\"@context\":\"https:\/\/schema.org\",\"@graph\":[{\"@type\":\"Article\",\"@id\":\"https:\/\/permbledhja.com\/sq\/raportohet-se-dy-autobuse-te-nje-kompanie-kosovare-jane-sulmuar-ne-serbi\/#article\",\"isPartOf\":{\"@id\":\"https:\/\/permbledhja.com\/sq\/raportohet-se-dy-autobuse-te-nje-kompanie-kosovare-jane-sulmuar-ne-serbi\/\"},\"author\":{\"name\":\"M M\",\"@id\":\"https:\/\/permbledhja.com\/#\/schema\/person\/d23f13f59b5722643933d6780783acf3\"},\"headline\":\"Raportohet se dy autobus\u00eb t\u00eb nj\u00eb kompanie kosovare jan\u00eb sulmuar n\u00eb Serbi\",\"datePublished\":\"2024-01-28T17:11:33+00:00\",\"dateModified\":\"2024-01-28T17:43:44+00:00\",\"mainEntityOfPage\":{\"@id\":\"https:\/\/permbledhja.com\/sq\/raportohet-se-dy-autobuse-te-nje-kompanie-kosovare-jane-sulmuar-ne-serbi\/\"},\"wordCount\":103,\"publisher\":{\"@id\":\"https:\/\/permbledhja.com\/#organization\"},\"keywords\":[\"Autobus\u00eb\"],\"articleSection\":[\"Kryesoret\"],\"inLanguage\":\"sq\"},{\"@type\":\"WebPage\",\"@id\":\"https:\/\/permbledhja.com\/sq\/raportohet-se-dy-autobuse-te-nje-kompanie-kosovare-jane-sulmuar-ne-serbi\/\",\"url\":\"https:\/\/permbledhja.com\/sq\/raportohet-se-dy-autobuse-te-nje-kompanie-kosovare-jane-sulmuar-ne-serbi\/\",\"name\":\"Raportohet se dy autobus\u00eb t\u00eb nj\u00eb kompanie kosovare jan\u00eb sulmuar n\u00eb Serbi\",\"isPartOf\":{\"@id\":\"https:\/\/permbledhja.com\/#website\"},\"datePublished\":\"2024-01-28T17:11:33+00:00\",\"dateModified\":\"2024-01-28T17:43:44+00:00\",\"breadcrumb\":{\"@id\":\"https:\/\/permbledhja.com\/sq\/raportohet-se-dy-autobuse-te-nje-kompanie-kosovare-jane-sulmuar-ne-serbi\/#breadcrumb\"},\"inLanguage\":\"sq\",\"potentialAction\":[{\"@type\":\"ReadAction\",\"target\":[\"https:\/\/permbledhja.com\/sq\/raportohet-se-dy-autobuse-te-nje-kompanie-kosovare-jane-sulmuar-ne-serbi\/\"]}]},{\"@type\":\"BreadcrumbList\",\"@id\":\"https:\/\/permbledhja.com\/sq\/raportohet-se-dy-autobuse-te-nje-kompanie-kosovare-jane-sulmuar-ne-serbi\/#breadcrumb\",\"itemListElement\":[{\"@type\":\"ListItem\",\"position\":1,\"name\":\"Ballina\",\"item\":\"https:\/\/permbledhja.com\/sq\/\"},{\"@type\":\"ListItem\",\"position\":2,\"name\":\"Raportohet se dy autobus\u00eb t\u00eb nj\u00eb kompanie kosovare jan\u00eb sulmuar n\u00eb Serbi\"}]},{\"@type\":\"WebSite\",\"@id\":\"https:\/\/permbledhja.com\/#website\",\"url\":\"https:\/\/permbledhja.com\/\",\"name\":\"Ve\u00e7 artikuj p\u00ebrmbledh\u00ebs\",\"description\":\"\",\"publisher\":{\"@id\":\"https:\/\/permbledhja.com\/#organization\"},\"potentialAction\":[{\"@type\":\"SearchAction\",\"target\":{\"@type\":\"EntryPoint\",\"urlTemplate\":\"https:\/\/permbledhja.com\/?s={search_term_string}\"},\"query-input\":\"required name=search_term_string\"}],\"inLanguage\":\"sq\"},{\"@type\":\"Organization\",\"@id\":\"https:\/\/permbledhja.com\/#organization\",\"name\":\"MK Media & Pr\",\"url\":\"https:\/\/permbledhja.com\/\",\"logo\":{\"@type\":\"ImageObject\",\"inLanguage\":\"sq\",\"@id\":\"https:\/\/permbledhja.com\/#\/schema\/logo\/image\/\",\"url\":\"https:\/\/permbledhja.com\/wp-content\/uploads\/2021\/12\/07-Press-Logo.jpg\",\"contentUrl\":\"https:\/\/permbledhja.com\/wp-content\/uploads\/2021\/12\/07-Press-Logo.jpg\",\"width\":512,\"height\":512,\"caption\":\"MK Media & Pr\"},\"image\":{\"@id\":\"https:\/\/permbledhja.com\/#\/schema\/logo\/image\/\"},\"sameAs\":[\"https:\/\/www.facebook.com\/press07\/\"]},{\"@type\":\"Person\",\"@id\":\"https:\/\/permbledhja.com\/#\/schema\/person\/d23f13f59b5722643933d6780783acf3\",\"name\":\"M M\",\"image\":{\"@type\":\"ImageObject\",\"inLanguage\":\"sq\",\"@id\":\"https:\/\/permbledhja.com\/#\/schema\/person\/image\/\",\"url\":\"https:\/\/secure.gravatar.com\/avatar\/e2835a76ca7c31a2416b2d51c4ec9a8f?s=96&d=mm&r=g\",\"contentUrl\":\"https:\/\/secure.gravatar.com\/avatar\/e2835a76ca7c31a2416b2d51c4ec9a8f?s=96&d=mm&r=g\",\"caption\":\"M M\"},\"sameAs\":[\"http:\/\/MM\"],\"url\":\"https:\/\/permbledhja.com\/sq\/author\/muhamet\/\"}]}<\/script>\n<!-- \/ Yoast SEO plugin. -->","yoast_head_json":{"title":"Raportohet se dy autobus\u00eb t\u00eb nj\u00eb kompanie kosovare jan\u00eb sulmuar n\u00eb Serbi","robots":{"index":"index","follow":"follow","max-snippet":"max-snippet:-1","max-image-preview":"max-image-preview:large","max-video-preview":"max-video-preview:-1"},"canonical":"https:\/\/permbledhja.com\/sq\/raportohet-se-dy-autobuse-te-nje-kompanie-kosovare-jane-sulmuar-ne-serbi\/","og_locale":"sq_AL","og_type":"article","og_title":"Raportohet se dy autobus\u00eb t\u00eb nj\u00eb kompanie kosovare jan\u00eb sulmuar n\u00eb Serbi","og_description":"Dy autobus\u00eb t\u00eb nj\u00eb kompanie nga Kosova jan\u00eb sulmuar n\u00eb Serbi, p\u00ebrkat\u00ebsisht af\u00ebr Kurshumlis\u00eb. Lajmin p\u00ebr Klankosova.tv e kan\u00eb konfirmuar nga vet\u00eb kompania \u201cFjolla Impex\u201d, ku than\u00eb se sulmet kan\u00eb ndodhur mbr\u00ebm\u00eb. \u201cDy autobus\u00eb jan\u00eb gjuajtur me gur\u00eb mbr\u00ebm\u00eb. Nj\u00ebri duke ardhur prej Serbis\u00eb dhe tjetri duke shkuar p\u00ebr Serbi. Ngjarja ka ndodhur af\u00ebr Kurshumlis\u00eb\u201d, [&hellip;]","og_url":"https:\/\/permbledhja.com\/sq\/raportohet-se-dy-autobuse-te-nje-kompanie-kosovare-jane-sulmuar-ne-serbi\/","og_site_name":"Ve\u00e7 artikuj p\u00ebrmbledh\u00ebs","article_publisher":"https:\/\/www.facebook.com\/press07\/","article_published_time":"2024-01-28T17:11:33+00:00","article_modified_time":"2024-01-28T17:43:44+00:00","og_image":[{"width":780,"height":440,"url":"https:\/\/permbledhja.com\/wp-content\/uploads\/2024\/01\/9A4CD3CC-FD1F-4C13-9019-2B866DACC1EB-780x440-6.jpg","type":"image\/jpeg"}],"author":"M M","twitter_card":"summary_large_image","twitter_misc":{"Written by":"M M","Est. reading time":"1 minut\u00eb"},"schema":{"@context":"https:\/\/schema.org","@graph":[{"@type":"Article","@id":"https:\/\/permbledhja.com\/sq\/raportohet-se-dy-autobuse-te-nje-kompanie-kosovare-jane-sulmuar-ne-serbi\/#article","isPartOf":{"@id":"https:\/\/permbledhja.com\/sq\/raportohet-se-dy-autobuse-te-nje-kompanie-kosovare-jane-sulmuar-ne-serbi\/"},"author":{"name":"M M","@id":"https:\/\/permbledhja.com\/#\/schema\/person\/d23f13f59b5722643933d6780783acf3"},"headline":"Raportohet se dy autobus\u00eb t\u00eb nj\u00eb kompanie kosovare jan\u00eb sulmuar n\u00eb Serbi","datePublished":"2024-01-28T17:11:33+00:00","dateModified":"2024-01-28T17:43:44+00:00","mainEntityOfPage":{"@id":"https:\/\/permbledhja.com\/sq\/raportohet-se-dy-autobuse-te-nje-kompanie-kosovare-jane-sulmuar-ne-serbi\/"},"wordCount":103,"publisher":{"@id":"https:\/\/permbledhja.com\/#organization"},"keywords":["Autobus\u00eb"],"articleSection":["Kryesoret"],"inLanguage":"sq"},{"@type":"WebPage","@id":"https:\/\/permbledhja.com\/sq\/raportohet-se-dy-autobuse-te-nje-kompanie-kosovare-jane-sulmuar-ne-serbi\/","url":"https:\/\/permbledhja.com\/sq\/raportohet-se-dy-autobuse-te-nje-kompanie-kosovare-jane-sulmuar-ne-serbi\/","name":"Raportohet se dy autobus\u00eb t\u00eb nj\u00eb kompanie kosovare jan\u00eb sulmuar n\u00eb Serbi","isPartOf":{"@id":"https:\/\/permbledhja.com\/#website"},"datePublished":"2024-01-28T17:11:33+00:00","dateModified":"2024-01-28T17:43:44+00:00","breadcrumb":{"@id":"https:\/\/permbledhja.com\/sq\/raportohet-se-dy-autobuse-te-nje-kompanie-kosovare-jane-sulmuar-ne-serbi\/#breadcrumb"},"inLanguage":"sq","potentialAction":[{"@type":"ReadAction","target":["https:\/\/permbledhja.com\/sq\/raportohet-se-dy-autobuse-te-nje-kompanie-kosovare-jane-sulmuar-ne-serbi\/"]}]},{"@type":"BreadcrumbList","@id":"https:\/\/permbledhja.com\/sq\/raportohet-se-dy-autobuse-te-nje-kompanie-kosovare-jane-sulmuar-ne-serbi\/#breadcrumb","itemListElement":[{"@type":"ListItem","position":1,"name":"Ballina","item":"https:\/\/permbledhja.com\/sq\/"},{"@type":"ListItem","position":2,"name":"Raportohet se dy autobus\u00eb t\u00eb nj\u00eb kompanie kosovare jan\u00eb sulmuar n\u00eb Serbi"}]},{"@type":"WebSite","@id":"https:\/\/permbledhja.com\/#website","url":"https:\/\/permbledhja.com\/","name":"Ve\u00e7 artikuj p\u00ebrmbledh\u00ebs","description":"","publisher":{"@id":"https:\/\/permbledhja.com\/#organization"},"potentialAction":[{"@type":"SearchAction","target":{"@type":"EntryPoint","urlTemplate":"https:\/\/permbledhja.com\/?s={search_term_string}"},"query-input":"required name=search_term_string"}],"inLanguage":"sq"},{"@type":"Organization","@id":"https:\/\/permbledhja.com\/#organization","name":"MK Media & Pr","url":"https:\/\/permbledhja.com\/","logo":{"@type":"ImageObject","inLanguage":"sq","@id":"https:\/\/permbledhja.com\/#\/schema\/logo\/image\/","url":"https:\/\/permbledhja.com\/wp-content\/uploads\/2021\/12\/07-Press-Logo.jpg","contentUrl":"https:\/\/permbledhja.com\/wp-content\/uploads\/2021\/12\/07-Press-Logo.jpg","width":512,"height":512,"caption":"MK Media & Pr"},"image":{"@id":"https:\/\/permbledhja.com\/#\/schema\/logo\/image\/"},"sameAs":["https:\/\/www.facebook.com\/press07\/"]},{"@type":"Person","@id":"https:\/\/permbledhja.com\/#\/schema\/person\/d23f13f59b5722643933d6780783acf3","name":"M M","image":{"@type":"ImageObject","inLanguage":"sq","@id":"https:\/\/permbledhja.com\/#\/schema\/person\/image\/","url":"https:\/\/secure.gravatar.com\/avatar\/e2835a76ca7c31a2416b2d51c4ec9a8f?s=96&d=mm&r=g","contentUrl":"https:\/\/secure.gravatar.com\/avatar\/e2835a76ca7c31a2416b2d51c4ec9a8f?s=96&d=mm&r=g","caption":"M M"},"sameAs":["http:\/\/MM"],"url":"https:\/\/permbledhja.com\/sq\/author\/muhamet\/"}]}},"_links":{"self":[{"href":"https:\/\/permbledhja.com\/sq\/wp-json\/wp\/v2\/posts\/45002"}],"collection":[{"href":"https:\/\/permbledhja.com\/sq\/wp-json\/wp\/v2\/posts"}],"about":[{"href":"https:\/\/permbledhja.com\/sq\/wp-json\/wp\/v2\/types\/post"}],"author":[{"embeddable":true,"href":"https:\/\/permbledhja.com\/sq\/wp-json\/wp\/v2\/users\/2"}],"replies":[{"embeddable":true,"href":"https:\/\/permbledhja.com\/sq\/wp-json\/wp\/v2\/comments?post=45002"}],"version-history":[{"count":1,"href":"https:\/\/permbledhja.com\/sq\/wp-json\/wp\/v2\/posts\/45002\/revisions"}],"predecessor-version":[{"id":45004,"href":"https:\/\/permbledhja.com\/sq\/wp-json\/wp\/v2\/posts\/45002\/revisions\/45004"}],"wp:featuredmedia":[{"embeddable":true,"href":"https:\/\/permbledhja.com\/sq\/wp-json\/wp\/v2\/media\/45003"}],"wp:attachment":[{"href":"https:\/\/permbledhja.com\/sq\/wp-json\/wp\/v2\/media?parent=45002"}],"wp:term":[{"taxonomy":"category","embeddable":true,"href":"https:\/\/permbledhja.com\/sq\/wp-json\/wp\/v2\/categories?post=45002"},{"taxonomy":"post_tag","embeddable":true,"href":"https:\/\/permbledhja.com\/sq\/wp-json\/wp\/v2\/tags?post=45002"}],"curies":[{"name":"wp","href":"https:\/\/api.w.org\/{rel}","templated":true}]}}