{"id":44963,"date":"2024-01-28T14:48:41","date_gmt":"2024-01-28T14:48:41","guid":{"rendered":"https:\/\/permbledhja.com\/?p=44963"},"modified":"2024-01-28T14:48:41","modified_gmt":"2024-01-28T14:48:41","slug":"milloshoski-nuk-e-votuam-xhaferin-pasi-ka-shkelur-disa-here-rende-punen-e-kuvendit-te-maqedonise-se-veriut","status":"publish","type":"post","link":"https:\/\/permbledhja.com\/sq\/milloshoski-nuk-e-votuam-xhaferin-pasi-ka-shkelur-disa-here-rende-punen-e-kuvendit-te-maqedonise-se-veriut\/","title":{"rendered":"Milloshoski: Nuk e votuam Xhaferin pasi ka shkelur disa her\u00eb r\u00ebnd\u00eb pun\u00ebn e Kuvendit t\u00eb Maqedonis\u00eb s\u00eb Veriut"},"content":{"rendered":"<h3>Deputeti i VMRO-DPMNE-s\u00eb, Antoni Milloshoski, ka p\u00ebrmendur arsyet se pse nuk votuan pro zgjedhjes s\u00eb Talat Xhaferit si kryeminist\u00ebr i Maqedonis\u00eb s\u00eb Veriut.<\/h3>\n<p>\u201cNuk e votuam k\u00ebt\u00eb qeveri p\u00ebr tri arsyje, e para se \u00ebsht\u00eb nj\u00eb qeveri q\u00eb do t\u00eb udh\u00ebhiqet nga nj\u00eb kryeminist\u00ebr q\u00eb e ka shkelur disa her\u00eb pun\u00ebn e Kuvendit r\u00ebnd\u00eb\u201d.<\/p>\n<p>\u201cArsyeja e dyt\u00eb \u00ebsht\u00eb sepse \u00ebsht\u00eb nj\u00eb qeveri q\u00eb nuk do t\u00eb mund t\u00eb organizoj\u00eb zgjedhje demokratike, pasi q\u00eb nuk ua mund\u00ebson p\u00ebrfaq\u00ebsimin e tyre opozit\u00ebs shqiptare\u201d.<\/p>\n<p>\u201cArsyeja e tret\u00eb \u00ebsht\u00eb p\u00ebr shak se marr\u00ebveshja mes LSDM-s\u00eb dhe BDI-s\u00eb nuk \u00ebsht\u00eb n\u00eb interes t\u00eb qytetar\u00ebve por t\u00eb bizneseve t\u00eb tyre\u201d, ka th\u00ebn\u00eb Milloshoski p\u00ebr Klan Kosov\u00ebn.<\/p>\n","protected":false},"excerpt":{"rendered":"<p>Deputeti i VMRO-DPMNE-s\u00eb, Antoni Milloshoski, ka p\u00ebrmendur arsyet se pse nuk votuan pro zgjedhjes s\u00eb Talat Xhaferit si kryeminist\u00ebr i Maqedonis\u00eb s\u00eb Veriut. \u201cNuk e votuam k\u00ebt\u00eb qeveri p\u00ebr tri arsyje, e para se \u00ebsht\u00eb nj\u00eb qeveri q\u00eb do t\u00eb udh\u00ebhiqet nga nj\u00eb kryeminist\u00ebr q\u00eb e ka shkelur disa her\u00eb pun\u00ebn e Kuvendit r\u00ebnd\u00eb\u201d. \u201cArsyeja [&hellip;]<\/p>\n","protected":false},"author":5,"featured_media":44964,"comment_status":"closed","ping_status":"closed","sticky":false,"template":"","format":"standard","meta":{"_monsterinsights_skip_tracking":false,"_monsterinsights_sitenote_active":false,"_monsterinsights_sitenote_note":"","_monsterinsights_sitenote_category":0,"_uf_show_specific_survey":0,"_uf_disable_surveys":false,"footnotes":""},"categories":[15],"tags":[],"yoast_head":"<!-- This site is optimized with the Yoast SEO plugin v21.5 - https:\/\/yoast.com\/wordpress\/plugins\/seo\/ -->\n<title>Milloshoski: Nuk e votuam Xhaferin pasi ka shkelur disa her\u00eb r\u00ebnd\u00eb pun\u00ebn e Kuvendit t\u00eb Maqedonis\u00eb s\u00eb Veriut<\/title>\n<meta name=\"robots\" content=\"index, follow, max-snippet:-1, max-image-preview:large, max-video-preview:-1\" \/>\n<link rel=\"canonical\" href=\"https:\/\/permbledhja.com\/sq\/milloshoski-nuk-e-votuam-xhaferin-pasi-ka-shkelur-disa-here-rende-punen-e-kuvendit-te-maqedonise-se-veriut\/\" \/>\n<meta property=\"og:locale\" content=\"sq_AL\" \/>\n<meta property=\"og:type\" content=\"article\" \/>\n<meta property=\"og:title\" content=\"Milloshoski: Nuk e votuam Xhaferin pasi ka shkelur disa her\u00eb r\u00ebnd\u00eb pun\u00ebn e Kuvendit t\u00eb Maqedonis\u00eb s\u00eb Veriut\" \/>\n<meta property=\"og:description\" content=\"Deputeti i VMRO-DPMNE-s\u00eb, Antoni Milloshoski, ka p\u00ebrmendur arsyet se pse nuk votuan pro zgjedhjes s\u00eb Talat Xhaferit si kryeminist\u00ebr i Maqedonis\u00eb s\u00eb Veriut. \u201cNuk e votuam k\u00ebt\u00eb qeveri p\u00ebr tri arsyje, e para se \u00ebsht\u00eb nj\u00eb qeveri q\u00eb do t\u00eb udh\u00ebhiqet nga nj\u00eb kryeminist\u00ebr q\u00eb e ka shkelur disa her\u00eb pun\u00ebn e Kuvendit r\u00ebnd\u00eb\u201d. \u201cArsyeja [&hellip;]\" \/>\n<meta property=\"og:url\" content=\"https:\/\/permbledhja.com\/sq\/milloshoski-nuk-e-votuam-xhaferin-pasi-ka-shkelur-disa-here-rende-punen-e-kuvendit-te-maqedonise-se-veriut\/\" \/>\n<meta property=\"og:site_name\" content=\"Ve\u00e7 artikuj p\u00ebrmbledh\u00ebs\" \/>\n<meta property=\"article:publisher\" content=\"https:\/\/www.facebook.com\/press07\/\" \/>\n<meta property=\"article:published_time\" content=\"2024-01-28T14:48:41+00:00\" \/>\n<meta property=\"og:image\" content=\"https:\/\/permbledhja.com\/wp-content\/uploads\/2024\/01\/mill-e1706452288399.jpg\" \/>\n\t<meta property=\"og:image:width\" content=\"1295\" \/>\n\t<meta property=\"og:image:height\" content=\"689\" \/>\n\t<meta property=\"og:image:type\" content=\"image\/jpeg\" \/>\n<meta name=\"author\" content=\"DL\" \/>\n<meta name=\"twitter:card\" content=\"summary_large_image\" \/>\n<meta name=\"twitter:label1\" content=\"Written by\" \/>\n\t<meta name=\"twitter:data1\" content=\"DL\" \/>\n\t<meta name=\"twitter:label2\" content=\"Est. reading time\" \/>\n\t<meta name=\"twitter:data2\" content=\"1 minut\u00eb\" \/>\n<script type=\"application\/ld+json\" class=\"yoast-schema-graph\">{\"@context\":\"https:\/\/schema.org\",\"@graph\":[{\"@type\":\"Article\",\"@id\":\"https:\/\/permbledhja.com\/sq\/milloshoski-nuk-e-votuam-xhaferin-pasi-ka-shkelur-disa-here-rende-punen-e-kuvendit-te-maqedonise-se-veriut\/#article\",\"isPartOf\":{\"@id\":\"https:\/\/permbledhja.com\/sq\/milloshoski-nuk-e-votuam-xhaferin-pasi-ka-shkelur-disa-here-rende-punen-e-kuvendit-te-maqedonise-se-veriut\/\"},\"author\":{\"name\":\"DL\",\"@id\":\"https:\/\/permbledhja.com\/#\/schema\/person\/9c54260cbc4c6f792cb100550491638c\"},\"headline\":\"Milloshoski: Nuk e votuam Xhaferin pasi ka shkelur disa her\u00eb r\u00ebnd\u00eb pun\u00ebn e Kuvendit t\u00eb Maqedonis\u00eb s\u00eb Veriut\",\"datePublished\":\"2024-01-28T14:48:41+00:00\",\"dateModified\":\"2024-01-28T14:48:41+00:00\",\"mainEntityOfPage\":{\"@id\":\"https:\/\/permbledhja.com\/sq\/milloshoski-nuk-e-votuam-xhaferin-pasi-ka-shkelur-disa-here-rende-punen-e-kuvendit-te-maqedonise-se-veriut\/\"},\"wordCount\":148,\"publisher\":{\"@id\":\"https:\/\/permbledhja.com\/#organization\"},\"articleSection\":[\"Lajme\"],\"inLanguage\":\"sq\"},{\"@type\":\"WebPage\",\"@id\":\"https:\/\/permbledhja.com\/sq\/milloshoski-nuk-e-votuam-xhaferin-pasi-ka-shkelur-disa-here-rende-punen-e-kuvendit-te-maqedonise-se-veriut\/\",\"url\":\"https:\/\/permbledhja.com\/sq\/milloshoski-nuk-e-votuam-xhaferin-pasi-ka-shkelur-disa-here-rende-punen-e-kuvendit-te-maqedonise-se-veriut\/\",\"name\":\"Milloshoski: Nuk e votuam Xhaferin pasi ka shkelur disa her\u00eb r\u00ebnd\u00eb pun\u00ebn e Kuvendit t\u00eb Maqedonis\u00eb s\u00eb Veriut\",\"isPartOf\":{\"@id\":\"https:\/\/permbledhja.com\/#website\"},\"datePublished\":\"2024-01-28T14:48:41+00:00\",\"dateModified\":\"2024-01-28T14:48:41+00:00\",\"breadcrumb\":{\"@id\":\"https:\/\/permbledhja.com\/sq\/milloshoski-nuk-e-votuam-xhaferin-pasi-ka-shkelur-disa-here-rende-punen-e-kuvendit-te-maqedonise-se-veriut\/#breadcrumb\"},\"inLanguage\":\"sq\",\"potentialAction\":[{\"@type\":\"ReadAction\",\"target\":[\"https:\/\/permbledhja.com\/sq\/milloshoski-nuk-e-votuam-xhaferin-pasi-ka-shkelur-disa-here-rende-punen-e-kuvendit-te-maqedonise-se-veriut\/\"]}]},{\"@type\":\"BreadcrumbList\",\"@id\":\"https:\/\/permbledhja.com\/sq\/milloshoski-nuk-e-votuam-xhaferin-pasi-ka-shkelur-disa-here-rende-punen-e-kuvendit-te-maqedonise-se-veriut\/#breadcrumb\",\"itemListElement\":[{\"@type\":\"ListItem\",\"position\":1,\"name\":\"Ballina\",\"item\":\"https:\/\/permbledhja.com\/sq\/\"},{\"@type\":\"ListItem\",\"position\":2,\"name\":\"Milloshoski: Nuk e votuam Xhaferin pasi ka shkelur disa her\u00eb r\u00ebnd\u00eb pun\u00ebn e Kuvendit t\u00eb Maqedonis\u00eb s\u00eb Veriut\"}]},{\"@type\":\"WebSite\",\"@id\":\"https:\/\/permbledhja.com\/#website\",\"url\":\"https:\/\/permbledhja.com\/\",\"name\":\"Ve\u00e7 artikuj p\u00ebrmbledh\u00ebs\",\"description\":\"\",\"publisher\":{\"@id\":\"https:\/\/permbledhja.com\/#organization\"},\"potentialAction\":[{\"@type\":\"SearchAction\",\"target\":{\"@type\":\"EntryPoint\",\"urlTemplate\":\"https:\/\/permbledhja.com\/?s={search_term_string}\"},\"query-input\":\"required name=search_term_string\"}],\"inLanguage\":\"sq\"},{\"@type\":\"Organization\",\"@id\":\"https:\/\/permbledhja.com\/#organization\",\"name\":\"MK Media & Pr\",\"url\":\"https:\/\/permbledhja.com\/\",\"logo\":{\"@type\":\"ImageObject\",\"inLanguage\":\"sq\",\"@id\":\"https:\/\/permbledhja.com\/#\/schema\/logo\/image\/\",\"url\":\"https:\/\/permbledhja.com\/wp-content\/uploads\/2021\/12\/07-Press-Logo.jpg\",\"contentUrl\":\"https:\/\/permbledhja.com\/wp-content\/uploads\/2021\/12\/07-Press-Logo.jpg\",\"width\":512,\"height\":512,\"caption\":\"MK Media & Pr\"},\"image\":{\"@id\":\"https:\/\/permbledhja.com\/#\/schema\/logo\/image\/\"},\"sameAs\":[\"https:\/\/www.facebook.com\/press07\/\"]},{\"@type\":\"Person\",\"@id\":\"https:\/\/permbledhja.com\/#\/schema\/person\/9c54260cbc4c6f792cb100550491638c\",\"name\":\"DL\",\"image\":{\"@type\":\"ImageObject\",\"inLanguage\":\"sq\",\"@id\":\"https:\/\/permbledhja.com\/#\/schema\/person\/image\/\",\"url\":\"https:\/\/secure.gravatar.com\/avatar\/94503eb28d4c4b2005a5c8753e35fc80?s=96&d=mm&r=g\",\"contentUrl\":\"https:\/\/secure.gravatar.com\/avatar\/94503eb28d4c4b2005a5c8753e35fc80?s=96&d=mm&r=g\",\"caption\":\"DL\"},\"url\":\"https:\/\/permbledhja.com\/sq\/author\/dl\/\"}]}<\/script>\n<!-- \/ Yoast SEO plugin. -->","yoast_head_json":{"title":"Milloshoski: Nuk e votuam Xhaferin pasi ka shkelur disa her\u00eb r\u00ebnd\u00eb pun\u00ebn e Kuvendit t\u00eb Maqedonis\u00eb s\u00eb Veriut","robots":{"index":"index","follow":"follow","max-snippet":"max-snippet:-1","max-image-preview":"max-image-preview:large","max-video-preview":"max-video-preview:-1"},"canonical":"https:\/\/permbledhja.com\/sq\/milloshoski-nuk-e-votuam-xhaferin-pasi-ka-shkelur-disa-here-rende-punen-e-kuvendit-te-maqedonise-se-veriut\/","og_locale":"sq_AL","og_type":"article","og_title":"Milloshoski: Nuk e votuam Xhaferin pasi ka shkelur disa her\u00eb r\u00ebnd\u00eb pun\u00ebn e Kuvendit t\u00eb Maqedonis\u00eb s\u00eb Veriut","og_description":"Deputeti i VMRO-DPMNE-s\u00eb, Antoni Milloshoski, ka p\u00ebrmendur arsyet se pse nuk votuan pro zgjedhjes s\u00eb Talat Xhaferit si kryeminist\u00ebr i Maqedonis\u00eb s\u00eb Veriut. \u201cNuk e votuam k\u00ebt\u00eb qeveri p\u00ebr tri arsyje, e para se \u00ebsht\u00eb nj\u00eb qeveri q\u00eb do t\u00eb udh\u00ebhiqet nga nj\u00eb kryeminist\u00ebr q\u00eb e ka shkelur disa her\u00eb pun\u00ebn e Kuvendit r\u00ebnd\u00eb\u201d. \u201cArsyeja [&hellip;]","og_url":"https:\/\/permbledhja.com\/sq\/milloshoski-nuk-e-votuam-xhaferin-pasi-ka-shkelur-disa-here-rende-punen-e-kuvendit-te-maqedonise-se-veriut\/","og_site_name":"Ve\u00e7 artikuj p\u00ebrmbledh\u00ebs","article_publisher":"https:\/\/www.facebook.com\/press07\/","article_published_time":"2024-01-28T14:48:41+00:00","og_image":[{"width":1295,"height":689,"url":"https:\/\/permbledhja.com\/wp-content\/uploads\/2024\/01\/mill-e1706452288399.jpg","type":"image\/jpeg"}],"author":"DL","twitter_card":"summary_large_image","twitter_misc":{"Written by":"DL","Est. reading time":"1 minut\u00eb"},"schema":{"@context":"https:\/\/schema.org","@graph":[{"@type":"Article","@id":"https:\/\/permbledhja.com\/sq\/milloshoski-nuk-e-votuam-xhaferin-pasi-ka-shkelur-disa-here-rende-punen-e-kuvendit-te-maqedonise-se-veriut\/#article","isPartOf":{"@id":"https:\/\/permbledhja.com\/sq\/milloshoski-nuk-e-votuam-xhaferin-pasi-ka-shkelur-disa-here-rende-punen-e-kuvendit-te-maqedonise-se-veriut\/"},"author":{"name":"DL","@id":"https:\/\/permbledhja.com\/#\/schema\/person\/9c54260cbc4c6f792cb100550491638c"},"headline":"Milloshoski: Nuk e votuam Xhaferin pasi ka shkelur disa her\u00eb r\u00ebnd\u00eb pun\u00ebn e Kuvendit t\u00eb Maqedonis\u00eb s\u00eb Veriut","datePublished":"2024-01-28T14:48:41+00:00","dateModified":"2024-01-28T14:48:41+00:00","mainEntityOfPage":{"@id":"https:\/\/permbledhja.com\/sq\/milloshoski-nuk-e-votuam-xhaferin-pasi-ka-shkelur-disa-here-rende-punen-e-kuvendit-te-maqedonise-se-veriut\/"},"wordCount":148,"publisher":{"@id":"https:\/\/permbledhja.com\/#organization"},"articleSection":["Lajme"],"inLanguage":"sq"},{"@type":"WebPage","@id":"https:\/\/permbledhja.com\/sq\/milloshoski-nuk-e-votuam-xhaferin-pasi-ka-shkelur-disa-here-rende-punen-e-kuvendit-te-maqedonise-se-veriut\/","url":"https:\/\/permbledhja.com\/sq\/milloshoski-nuk-e-votuam-xhaferin-pasi-ka-shkelur-disa-here-rende-punen-e-kuvendit-te-maqedonise-se-veriut\/","name":"Milloshoski: Nuk e votuam Xhaferin pasi ka shkelur disa her\u00eb r\u00ebnd\u00eb pun\u00ebn e Kuvendit t\u00eb Maqedonis\u00eb s\u00eb Veriut","isPartOf":{"@id":"https:\/\/permbledhja.com\/#website"},"datePublished":"2024-01-28T14:48:41+00:00","dateModified":"2024-01-28T14:48:41+00:00","breadcrumb":{"@id":"https:\/\/permbledhja.com\/sq\/milloshoski-nuk-e-votuam-xhaferin-pasi-ka-shkelur-disa-here-rende-punen-e-kuvendit-te-maqedonise-se-veriut\/#breadcrumb"},"inLanguage":"sq","potentialAction":[{"@type":"ReadAction","target":["https:\/\/permbledhja.com\/sq\/milloshoski-nuk-e-votuam-xhaferin-pasi-ka-shkelur-disa-here-rende-punen-e-kuvendit-te-maqedonise-se-veriut\/"]}]},{"@type":"BreadcrumbList","@id":"https:\/\/permbledhja.com\/sq\/milloshoski-nuk-e-votuam-xhaferin-pasi-ka-shkelur-disa-here-rende-punen-e-kuvendit-te-maqedonise-se-veriut\/#breadcrumb","itemListElement":[{"@type":"ListItem","position":1,"name":"Ballina","item":"https:\/\/permbledhja.com\/sq\/"},{"@type":"ListItem","position":2,"name":"Milloshoski: Nuk e votuam Xhaferin pasi ka shkelur disa her\u00eb r\u00ebnd\u00eb pun\u00ebn e Kuvendit t\u00eb Maqedonis\u00eb s\u00eb Veriut"}]},{"@type":"WebSite","@id":"https:\/\/permbledhja.com\/#website","url":"https:\/\/permbledhja.com\/","name":"Ve\u00e7 artikuj p\u00ebrmbledh\u00ebs","description":"","publisher":{"@id":"https:\/\/permbledhja.com\/#organization"},"potentialAction":[{"@type":"SearchAction","target":{"@type":"EntryPoint","urlTemplate":"https:\/\/permbledhja.com\/?s={search_term_string}"},"query-input":"required name=search_term_string"}],"inLanguage":"sq"},{"@type":"Organization","@id":"https:\/\/permbledhja.com\/#organization","name":"MK Media & Pr","url":"https:\/\/permbledhja.com\/","logo":{"@type":"ImageObject","inLanguage":"sq","@id":"https:\/\/permbledhja.com\/#\/schema\/logo\/image\/","url":"https:\/\/permbledhja.com\/wp-content\/uploads\/2021\/12\/07-Press-Logo.jpg","contentUrl":"https:\/\/permbledhja.com\/wp-content\/uploads\/2021\/12\/07-Press-Logo.jpg","width":512,"height":512,"caption":"MK Media & Pr"},"image":{"@id":"https:\/\/permbledhja.com\/#\/schema\/logo\/image\/"},"sameAs":["https:\/\/www.facebook.com\/press07\/"]},{"@type":"Person","@id":"https:\/\/permbledhja.com\/#\/schema\/person\/9c54260cbc4c6f792cb100550491638c","name":"DL","image":{"@type":"ImageObject","inLanguage":"sq","@id":"https:\/\/permbledhja.com\/#\/schema\/person\/image\/","url":"https:\/\/secure.gravatar.com\/avatar\/94503eb28d4c4b2005a5c8753e35fc80?s=96&d=mm&r=g","contentUrl":"https:\/\/secure.gravatar.com\/avatar\/94503eb28d4c4b2005a5c8753e35fc80?s=96&d=mm&r=g","caption":"DL"},"url":"https:\/\/permbledhja.com\/sq\/author\/dl\/"}]}},"_links":{"self":[{"href":"https:\/\/permbledhja.com\/sq\/wp-json\/wp\/v2\/posts\/44963"}],"collection":[{"href":"https:\/\/permbledhja.com\/sq\/wp-json\/wp\/v2\/posts"}],"about":[{"href":"https:\/\/permbledhja.com\/sq\/wp-json\/wp\/v2\/types\/post"}],"author":[{"embeddable":true,"href":"https:\/\/permbledhja.com\/sq\/wp-json\/wp\/v2\/users\/5"}],"replies":[{"embeddable":true,"href":"https:\/\/permbledhja.com\/sq\/wp-json\/wp\/v2\/comments?post=44963"}],"version-history":[{"count":1,"href":"https:\/\/permbledhja.com\/sq\/wp-json\/wp\/v2\/posts\/44963\/revisions"}],"predecessor-version":[{"id":44968,"href":"https:\/\/permbledhja.com\/sq\/wp-json\/wp\/v2\/posts\/44963\/revisions\/44968"}],"wp:featuredmedia":[{"embeddable":true,"href":"https:\/\/permbledhja.com\/sq\/wp-json\/wp\/v2\/media\/44964"}],"wp:attachment":[{"href":"https:\/\/permbledhja.com\/sq\/wp-json\/wp\/v2\/media?parent=44963"}],"wp:term":[{"taxonomy":"category","embeddable":true,"href":"https:\/\/permbledhja.com\/sq\/wp-json\/wp\/v2\/categories?post=44963"},{"taxonomy":"post_tag","embeddable":true,"href":"https:\/\/permbledhja.com\/sq\/wp-json\/wp\/v2\/tags?post=44963"}],"curies":[{"name":"wp","href":"https:\/\/api.w.org\/{rel}","templated":true}]}}