{"id":44961,"date":"2024-01-28T14:38:47","date_gmt":"2024-01-28T14:38:47","guid":{"rendered":"https:\/\/permbledhja.com\/?p=44961"},"modified":"2024-01-28T14:38:47","modified_gmt":"2024-01-28T14:38:47","slug":"ahmeti-deputeteve-maqedonas-marreveshja-e-ohrit-ia-ka-dhene-tapine-talat-xhaferit-te-jete-zot-ne-shtepine-e-vet","status":"publish","type":"post","link":"https:\/\/permbledhja.com\/sq\/ahmeti-deputeteve-maqedonas-marreveshja-e-ohrit-ia-ka-dhene-tapine-talat-xhaferit-te-jete-zot-ne-shtepine-e-vet\/","title":{"rendered":"Ahmeti \u2013 deputet\u00ebve maqedonas: Marr\u00ebveshja e Ohrit ia ka dh\u00ebn\u00eb tapin\u00eb Talat Xhaferit t\u00eb jet\u00eb zot n\u00eb sht\u00ebpin\u00eb e vet"},"content":{"rendered":"<h3>Ish-udh\u00ebheq\u00ebsi i Ushtris\u00eb \u00c7lirimtare Komb\u00ebtare, kryetari i BDI-s\u00eb, partis\u00eb m\u00eb t\u00eb madhe t\u00eb shqiptar\u00ebve, ka kujtuar n\u00eb paralamentin maqedonas Marr\u00ebveshjen e Ohrit t\u00eb vitit 2001, e cila i dha fund luft\u00ebs n\u00eb Maqedonin\u00eb e Veriut.<\/h3>\n<p>Ahmeti iu drejtua specifikisht dy deputet\u00ebve maqedonas t\u00eb opozit\u00ebs, Pavle Trajanov dhe Antonio Miloshoskit, t\u00eb cil\u00ebt kund\u00ebrshtuan ashp\u00ebr zgjedhjen e qeveris\u00eb teknike me n\u00eb krye Talat Xhaferin, q\u00eb b\u00ebhet kryeministri i par\u00eb shqiptar n\u00eb Maqedonin\u00eb e Veriut.<\/p>\n<p>\u201cMarr\u00ebveshja paq\u00ebsore e Ohrit i dha tapin\u00eb Talat Xhaferit t\u00eb jet\u00eb zot n\u00eb vend dhe n\u00eb sht\u00ebpin\u00eb e tij\u201d, tha Ali Ahmeti, raporton Gazeta Express.<\/p>\n<p>\u201cMarr\u00ebveshja paq\u00ebsore nuk ndryshoi vet\u00ebm karakterin e shtetit, vet\u00ebm statusin e shqiptar\u00ebve n\u00eb shtetin e tyre. Fituan turqit, vlleh\u00ebt, serb\u00ebt\u2026 T\u00eb gjith\u00eb fituan me Marr\u00ebveshjen paq\u00ebsore t\u00eb Ohrit. Dhe kjo marr\u00ebveshje ne na ka b\u00eb zot n\u00eb sht\u00ebpin\u00eb ton\u00eb. Dhe ju duhet t\u00eb jeni krenar\u00eb, sepse p\u00ebr k\u00ebt 22 vite bashk\u00eb kemi punuar\u201d, tha nd\u00ebr tjerasah kreu i BDI-s\u00eb.<\/p>\n<p>\u201cDuhet t\u00eb jemi t\u00eb v\u00ebmendsh\u00ebm se \u00e7far\u00eb politikash do t\u00eb drejtojm\u00eb. A do mbetemi n\u00eb instalimin e atyre ideve q\u00eb gjithmon\u00eb kok\u00ebn ta mbajm\u00eb te Moska e stomakun te Europa? Jo! K\u00ebto dy gj\u00ebra bashk\u00eb nuk shkojn\u00eb. Truri dhe stomaku duhet t\u00eb b\u00ebhen bashk\u00eb sepse i kemi takuar dhe i takojm\u00eb Europ\u00ebs\u201d, tha ai.<\/p>\n<p>Deputetit Miloshovski, Ahmeti i tha se ku ai ka lindur, vet\u00eb kishte qen\u00eb i p\u00ebrndjekur nga shteti maqedonas dhe se i mohohej gjuha.<\/p>\n<p>\u201cZ. Miloshovski. kur ju keni lindur, m\u00eb 29 shkurt t\u00eb \u201976-\u00ebs, un\u00eb kam qen\u00eb gjimnazist, por qiragji, i mohuar, i p\u00ebrqeshur, i p\u00ebrplasur nga ata q\u00eb qeverisnin aso kohe. Un\u00eb si i ri nuk isha i barabart\u00eb me gjenerat\u00ebn q\u00eb m\u00eb m\u00ebsoi. Mua m\u00eb mohohej gjuha e nan\u00ebs, prindit tim i mohoheshte pun\u00ebsimi n\u00eb vendin e tij, po duheshte ta braktiste vendin dhe t\u2019i l\u00eb gjymtyr\u00ebn n\u00eb Austri\u201d, tha ai.<\/p>\n<p>\u201cJu flas si njeri q\u00eb \u00ebsht\u00eb nga prind\u00ebr q\u00eb kan\u00eb l\u00ebn\u00eb gjymtyr\u00ebn e tyre jasht\u00eb vendit, si n\u00eb Austri e Libi\u201d, tha Ahmeti, duke p\u00ebrmendur se ai dhe familja e tij kishin p\u00ebrjetuar vuajtje e tortura nga sistemi.<\/p>\n","protected":false},"excerpt":{"rendered":"<p>Ish-udh\u00ebheq\u00ebsi i Ushtris\u00eb \u00c7lirimtare Komb\u00ebtare, kryetari i BDI-s\u00eb, partis\u00eb m\u00eb t\u00eb madhe t\u00eb shqiptar\u00ebve, ka kujtuar n\u00eb paralamentin maqedonas Marr\u00ebveshjen e Ohrit t\u00eb vitit 2001, e cila i dha fund luft\u00ebs n\u00eb Maqedonin\u00eb e Veriut. Ahmeti iu drejtua specifikisht dy deputet\u00ebve maqedonas t\u00eb opozit\u00ebs, Pavle Trajanov dhe Antonio Miloshoskit, t\u00eb cil\u00ebt kund\u00ebrshtuan ashp\u00ebr zgjedhjen e [&hellip;]<\/p>\n","protected":false},"author":5,"featured_media":44962,"comment_status":"closed","ping_status":"closed","sticky":false,"template":"","format":"standard","meta":{"_monsterinsights_skip_tracking":false,"_monsterinsights_sitenote_active":false,"_monsterinsights_sitenote_note":"","_monsterinsights_sitenote_category":0,"_uf_show_specific_survey":0,"_uf_disable_surveys":false,"footnotes":""},"categories":[2645],"tags":[],"yoast_head":"<!-- This site is optimized with the Yoast SEO plugin v21.5 - https:\/\/yoast.com\/wordpress\/plugins\/seo\/ -->\n<title>Ahmeti \u2013 deputet\u00ebve maqedonas: Marr\u00ebveshja e Ohrit ia ka dh\u00ebn\u00eb tapin\u00eb Talat Xhaferit t\u00eb jet\u00eb zot n\u00eb sht\u00ebpin\u00eb e vet<\/title>\n<meta name=\"robots\" content=\"index, follow, max-snippet:-1, max-image-preview:large, max-video-preview:-1\" \/>\n<link rel=\"canonical\" href=\"https:\/\/permbledhja.com\/sq\/ahmeti-deputeteve-maqedonas-marreveshja-e-ohrit-ia-ka-dhene-tapine-talat-xhaferit-te-jete-zot-ne-shtepine-e-vet\/\" \/>\n<meta property=\"og:locale\" content=\"sq_AL\" \/>\n<meta property=\"og:type\" content=\"article\" \/>\n<meta property=\"og:title\" content=\"Ahmeti \u2013 deputet\u00ebve maqedonas: Marr\u00ebveshja e Ohrit ia ka dh\u00ebn\u00eb tapin\u00eb Talat Xhaferit t\u00eb jet\u00eb zot n\u00eb sht\u00ebpin\u00eb e vet\" \/>\n<meta property=\"og:description\" content=\"Ish-udh\u00ebheq\u00ebsi i Ushtris\u00eb \u00c7lirimtare Komb\u00ebtare, kryetari i BDI-s\u00eb, partis\u00eb m\u00eb t\u00eb madhe t\u00eb shqiptar\u00ebve, ka kujtuar n\u00eb paralamentin maqedonas Marr\u00ebveshjen e Ohrit t\u00eb vitit 2001, e cila i dha fund luft\u00ebs n\u00eb Maqedonin\u00eb e Veriut. Ahmeti iu drejtua specifikisht dy deputet\u00ebve maqedonas t\u00eb opozit\u00ebs, Pavle Trajanov dhe Antonio Miloshoskit, t\u00eb cil\u00ebt kund\u00ebrshtuan ashp\u00ebr zgjedhjen e [&hellip;]\" \/>\n<meta property=\"og:url\" content=\"https:\/\/permbledhja.com\/sq\/ahmeti-deputeteve-maqedonas-marreveshja-e-ohrit-ia-ka-dhene-tapine-talat-xhaferit-te-jete-zot-ne-shtepine-e-vet\/\" \/>\n<meta property=\"og:site_name\" content=\"Ve\u00e7 artikuj p\u00ebrmbledh\u00ebs\" \/>\n<meta property=\"article:publisher\" content=\"https:\/\/www.facebook.com\/press07\/\" \/>\n<meta property=\"article:published_time\" content=\"2024-01-28T14:38:47+00:00\" \/>\n<meta property=\"og:image\" content=\"https:\/\/permbledhja.com\/wp-content\/uploads\/2024\/01\/ahm.png\" \/>\n\t<meta property=\"og:image:width\" content=\"600\" \/>\n\t<meta property=\"og:image:height\" content=\"360\" \/>\n\t<meta property=\"og:image:type\" content=\"image\/png\" \/>\n<meta name=\"author\" content=\"DL\" \/>\n<meta name=\"twitter:card\" content=\"summary_large_image\" \/>\n<meta name=\"twitter:label1\" content=\"Written by\" \/>\n\t<meta name=\"twitter:data1\" content=\"DL\" \/>\n\t<meta name=\"twitter:label2\" content=\"Est. reading time\" \/>\n\t<meta name=\"twitter:data2\" content=\"2 minuta\" \/>\n<script type=\"application\/ld+json\" class=\"yoast-schema-graph\">{\"@context\":\"https:\/\/schema.org\",\"@graph\":[{\"@type\":\"Article\",\"@id\":\"https:\/\/permbledhja.com\/ahmeti-deputeteve-maqedonas-marreveshja-e-ohrit-ia-ka-dhene-tapine-talat-xhaferit-te-jete-zot-ne-shtepine-e-vet\/#article\",\"isPartOf\":{\"@id\":\"https:\/\/permbledhja.com\/ahmeti-deputeteve-maqedonas-marreveshja-e-ohrit-ia-ka-dhene-tapine-talat-xhaferit-te-jete-zot-ne-shtepine-e-vet\/\"},\"author\":{\"name\":\"DL\",\"@id\":\"https:\/\/permbledhja.com\/#\/schema\/person\/9c54260cbc4c6f792cb100550491638c\"},\"headline\":\"Ahmeti \u2013 deputet\u00ebve maqedonas: Marr\u00ebveshja e Ohrit ia ka dh\u00ebn\u00eb tapin\u00eb Talat Xhaferit t\u00eb jet\u00eb zot n\u00eb sht\u00ebpin\u00eb e vet\",\"datePublished\":\"2024-01-28T14:38:47+00:00\",\"dateModified\":\"2024-01-28T14:38:47+00:00\",\"mainEntityOfPage\":{\"@id\":\"https:\/\/permbledhja.com\/ahmeti-deputeteve-maqedonas-marreveshja-e-ohrit-ia-ka-dhene-tapine-talat-xhaferit-te-jete-zot-ne-shtepine-e-vet\/\"},\"wordCount\":412,\"publisher\":{\"@id\":\"https:\/\/permbledhja.com\/#organization\"},\"articleSection\":[\"T\u00eb r\u00ebnd\u00ebsishme\"],\"inLanguage\":\"sq\"},{\"@type\":\"WebPage\",\"@id\":\"https:\/\/permbledhja.com\/ahmeti-deputeteve-maqedonas-marreveshja-e-ohrit-ia-ka-dhene-tapine-talat-xhaferit-te-jete-zot-ne-shtepine-e-vet\/\",\"url\":\"https:\/\/permbledhja.com\/ahmeti-deputeteve-maqedonas-marreveshja-e-ohrit-ia-ka-dhene-tapine-talat-xhaferit-te-jete-zot-ne-shtepine-e-vet\/\",\"name\":\"Ahmeti \u2013 deputet\u00ebve maqedonas: Marr\u00ebveshja e Ohrit ia ka dh\u00ebn\u00eb tapin\u00eb Talat Xhaferit t\u00eb jet\u00eb zot n\u00eb sht\u00ebpin\u00eb e vet\",\"isPartOf\":{\"@id\":\"https:\/\/permbledhja.com\/#website\"},\"datePublished\":\"2024-01-28T14:38:47+00:00\",\"dateModified\":\"2024-01-28T14:38:47+00:00\",\"breadcrumb\":{\"@id\":\"https:\/\/permbledhja.com\/ahmeti-deputeteve-maqedonas-marreveshja-e-ohrit-ia-ka-dhene-tapine-talat-xhaferit-te-jete-zot-ne-shtepine-e-vet\/#breadcrumb\"},\"inLanguage\":\"sq\",\"potentialAction\":[{\"@type\":\"ReadAction\",\"target\":[\"https:\/\/permbledhja.com\/ahmeti-deputeteve-maqedonas-marreveshja-e-ohrit-ia-ka-dhene-tapine-talat-xhaferit-te-jete-zot-ne-shtepine-e-vet\/\"]}]},{\"@type\":\"BreadcrumbList\",\"@id\":\"https:\/\/permbledhja.com\/ahmeti-deputeteve-maqedonas-marreveshja-e-ohrit-ia-ka-dhene-tapine-talat-xhaferit-te-jete-zot-ne-shtepine-e-vet\/#breadcrumb\",\"itemListElement\":[{\"@type\":\"ListItem\",\"position\":1,\"name\":\"Ballina\",\"item\":\"https:\/\/permbledhja.com\/sq\/\"},{\"@type\":\"ListItem\",\"position\":2,\"name\":\"Ahmeti \u2013 deputet\u00ebve maqedonas: Marr\u00ebveshja e Ohrit ia ka dh\u00ebn\u00eb tapin\u00eb Talat Xhaferit t\u00eb jet\u00eb zot n\u00eb sht\u00ebpin\u00eb e vet\"}]},{\"@type\":\"WebSite\",\"@id\":\"https:\/\/permbledhja.com\/#website\",\"url\":\"https:\/\/permbledhja.com\/\",\"name\":\"Ve\u00e7 artikuj p\u00ebrmbledh\u00ebs\",\"description\":\"\",\"publisher\":{\"@id\":\"https:\/\/permbledhja.com\/#organization\"},\"potentialAction\":[{\"@type\":\"SearchAction\",\"target\":{\"@type\":\"EntryPoint\",\"urlTemplate\":\"https:\/\/permbledhja.com\/?s={search_term_string}\"},\"query-input\":\"required name=search_term_string\"}],\"inLanguage\":\"sq\"},{\"@type\":\"Organization\",\"@id\":\"https:\/\/permbledhja.com\/#organization\",\"name\":\"MK Media & Pr\",\"url\":\"https:\/\/permbledhja.com\/\",\"logo\":{\"@type\":\"ImageObject\",\"inLanguage\":\"sq\",\"@id\":\"https:\/\/permbledhja.com\/#\/schema\/logo\/image\/\",\"url\":\"https:\/\/permbledhja.com\/wp-content\/uploads\/2021\/12\/07-Press-Logo.jpg\",\"contentUrl\":\"https:\/\/permbledhja.com\/wp-content\/uploads\/2021\/12\/07-Press-Logo.jpg\",\"width\":512,\"height\":512,\"caption\":\"MK Media & Pr\"},\"image\":{\"@id\":\"https:\/\/permbledhja.com\/#\/schema\/logo\/image\/\"},\"sameAs\":[\"https:\/\/www.facebook.com\/press07\/\"]},{\"@type\":\"Person\",\"@id\":\"https:\/\/permbledhja.com\/#\/schema\/person\/9c54260cbc4c6f792cb100550491638c\",\"name\":\"DL\",\"image\":{\"@type\":\"ImageObject\",\"inLanguage\":\"sq\",\"@id\":\"https:\/\/permbledhja.com\/#\/schema\/person\/image\/\",\"url\":\"https:\/\/secure.gravatar.com\/avatar\/94503eb28d4c4b2005a5c8753e35fc80?s=96&d=mm&r=g\",\"contentUrl\":\"https:\/\/secure.gravatar.com\/avatar\/94503eb28d4c4b2005a5c8753e35fc80?s=96&d=mm&r=g\",\"caption\":\"DL\"},\"url\":\"https:\/\/permbledhja.com\/sq\/author\/dl\/\"}]}<\/script>\n<!-- \/ Yoast SEO plugin. -->","yoast_head_json":{"title":"Ahmeti \u2013 deputet\u00ebve maqedonas: Marr\u00ebveshja e Ohrit ia ka dh\u00ebn\u00eb tapin\u00eb Talat Xhaferit t\u00eb jet\u00eb zot n\u00eb sht\u00ebpin\u00eb e vet","robots":{"index":"index","follow":"follow","max-snippet":"max-snippet:-1","max-image-preview":"max-image-preview:large","max-video-preview":"max-video-preview:-1"},"canonical":"https:\/\/permbledhja.com\/sq\/ahmeti-deputeteve-maqedonas-marreveshja-e-ohrit-ia-ka-dhene-tapine-talat-xhaferit-te-jete-zot-ne-shtepine-e-vet\/","og_locale":"sq_AL","og_type":"article","og_title":"Ahmeti \u2013 deputet\u00ebve maqedonas: Marr\u00ebveshja e Ohrit ia ka dh\u00ebn\u00eb tapin\u00eb Talat Xhaferit t\u00eb jet\u00eb zot n\u00eb sht\u00ebpin\u00eb e vet","og_description":"Ish-udh\u00ebheq\u00ebsi i Ushtris\u00eb \u00c7lirimtare Komb\u00ebtare, kryetari i BDI-s\u00eb, partis\u00eb m\u00eb t\u00eb madhe t\u00eb shqiptar\u00ebve, ka kujtuar n\u00eb paralamentin maqedonas Marr\u00ebveshjen e Ohrit t\u00eb vitit 2001, e cila i dha fund luft\u00ebs n\u00eb Maqedonin\u00eb e Veriut. Ahmeti iu drejtua specifikisht dy deputet\u00ebve maqedonas t\u00eb opozit\u00ebs, Pavle Trajanov dhe Antonio Miloshoskit, t\u00eb cil\u00ebt kund\u00ebrshtuan ashp\u00ebr zgjedhjen e [&hellip;]","og_url":"https:\/\/permbledhja.com\/sq\/ahmeti-deputeteve-maqedonas-marreveshja-e-ohrit-ia-ka-dhene-tapine-talat-xhaferit-te-jete-zot-ne-shtepine-e-vet\/","og_site_name":"Ve\u00e7 artikuj p\u00ebrmbledh\u00ebs","article_publisher":"https:\/\/www.facebook.com\/press07\/","article_published_time":"2024-01-28T14:38:47+00:00","og_image":[{"width":600,"height":360,"url":"https:\/\/permbledhja.com\/wp-content\/uploads\/2024\/01\/ahm.png","type":"image\/png"}],"author":"DL","twitter_card":"summary_large_image","twitter_misc":{"Written by":"DL","Est. reading time":"2 minuta"},"schema":{"@context":"https:\/\/schema.org","@graph":[{"@type":"Article","@id":"https:\/\/permbledhja.com\/ahmeti-deputeteve-maqedonas-marreveshja-e-ohrit-ia-ka-dhene-tapine-talat-xhaferit-te-jete-zot-ne-shtepine-e-vet\/#article","isPartOf":{"@id":"https:\/\/permbledhja.com\/ahmeti-deputeteve-maqedonas-marreveshja-e-ohrit-ia-ka-dhene-tapine-talat-xhaferit-te-jete-zot-ne-shtepine-e-vet\/"},"author":{"name":"DL","@id":"https:\/\/permbledhja.com\/#\/schema\/person\/9c54260cbc4c6f792cb100550491638c"},"headline":"Ahmeti \u2013 deputet\u00ebve maqedonas: Marr\u00ebveshja e Ohrit ia ka dh\u00ebn\u00eb tapin\u00eb Talat Xhaferit t\u00eb jet\u00eb zot n\u00eb sht\u00ebpin\u00eb e vet","datePublished":"2024-01-28T14:38:47+00:00","dateModified":"2024-01-28T14:38:47+00:00","mainEntityOfPage":{"@id":"https:\/\/permbledhja.com\/ahmeti-deputeteve-maqedonas-marreveshja-e-ohrit-ia-ka-dhene-tapine-talat-xhaferit-te-jete-zot-ne-shtepine-e-vet\/"},"wordCount":412,"publisher":{"@id":"https:\/\/permbledhja.com\/#organization"},"articleSection":["T\u00eb r\u00ebnd\u00ebsishme"],"inLanguage":"sq"},{"@type":"WebPage","@id":"https:\/\/permbledhja.com\/ahmeti-deputeteve-maqedonas-marreveshja-e-ohrit-ia-ka-dhene-tapine-talat-xhaferit-te-jete-zot-ne-shtepine-e-vet\/","url":"https:\/\/permbledhja.com\/ahmeti-deputeteve-maqedonas-marreveshja-e-ohrit-ia-ka-dhene-tapine-talat-xhaferit-te-jete-zot-ne-shtepine-e-vet\/","name":"Ahmeti \u2013 deputet\u00ebve maqedonas: Marr\u00ebveshja e Ohrit ia ka dh\u00ebn\u00eb tapin\u00eb Talat Xhaferit t\u00eb jet\u00eb zot n\u00eb sht\u00ebpin\u00eb e vet","isPartOf":{"@id":"https:\/\/permbledhja.com\/#website"},"datePublished":"2024-01-28T14:38:47+00:00","dateModified":"2024-01-28T14:38:47+00:00","breadcrumb":{"@id":"https:\/\/permbledhja.com\/ahmeti-deputeteve-maqedonas-marreveshja-e-ohrit-ia-ka-dhene-tapine-talat-xhaferit-te-jete-zot-ne-shtepine-e-vet\/#breadcrumb"},"inLanguage":"sq","potentialAction":[{"@type":"ReadAction","target":["https:\/\/permbledhja.com\/ahmeti-deputeteve-maqedonas-marreveshja-e-ohrit-ia-ka-dhene-tapine-talat-xhaferit-te-jete-zot-ne-shtepine-e-vet\/"]}]},{"@type":"BreadcrumbList","@id":"https:\/\/permbledhja.com\/ahmeti-deputeteve-maqedonas-marreveshja-e-ohrit-ia-ka-dhene-tapine-talat-xhaferit-te-jete-zot-ne-shtepine-e-vet\/#breadcrumb","itemListElement":[{"@type":"ListItem","position":1,"name":"Ballina","item":"https:\/\/permbledhja.com\/sq\/"},{"@type":"ListItem","position":2,"name":"Ahmeti \u2013 deputet\u00ebve maqedonas: Marr\u00ebveshja e Ohrit ia ka dh\u00ebn\u00eb tapin\u00eb Talat Xhaferit t\u00eb jet\u00eb zot n\u00eb sht\u00ebpin\u00eb e vet"}]},{"@type":"WebSite","@id":"https:\/\/permbledhja.com\/#website","url":"https:\/\/permbledhja.com\/","name":"Ve\u00e7 artikuj p\u00ebrmbledh\u00ebs","description":"","publisher":{"@id":"https:\/\/permbledhja.com\/#organization"},"potentialAction":[{"@type":"SearchAction","target":{"@type":"EntryPoint","urlTemplate":"https:\/\/permbledhja.com\/?s={search_term_string}"},"query-input":"required name=search_term_string"}],"inLanguage":"sq"},{"@type":"Organization","@id":"https:\/\/permbledhja.com\/#organization","name":"MK Media & Pr","url":"https:\/\/permbledhja.com\/","logo":{"@type":"ImageObject","inLanguage":"sq","@id":"https:\/\/permbledhja.com\/#\/schema\/logo\/image\/","url":"https:\/\/permbledhja.com\/wp-content\/uploads\/2021\/12\/07-Press-Logo.jpg","contentUrl":"https:\/\/permbledhja.com\/wp-content\/uploads\/2021\/12\/07-Press-Logo.jpg","width":512,"height":512,"caption":"MK Media & Pr"},"image":{"@id":"https:\/\/permbledhja.com\/#\/schema\/logo\/image\/"},"sameAs":["https:\/\/www.facebook.com\/press07\/"]},{"@type":"Person","@id":"https:\/\/permbledhja.com\/#\/schema\/person\/9c54260cbc4c6f792cb100550491638c","name":"DL","image":{"@type":"ImageObject","inLanguage":"sq","@id":"https:\/\/permbledhja.com\/#\/schema\/person\/image\/","url":"https:\/\/secure.gravatar.com\/avatar\/94503eb28d4c4b2005a5c8753e35fc80?s=96&d=mm&r=g","contentUrl":"https:\/\/secure.gravatar.com\/avatar\/94503eb28d4c4b2005a5c8753e35fc80?s=96&d=mm&r=g","caption":"DL"},"url":"https:\/\/permbledhja.com\/sq\/author\/dl\/"}]}},"_links":{"self":[{"href":"https:\/\/permbledhja.com\/sq\/wp-json\/wp\/v2\/posts\/44961"}],"collection":[{"href":"https:\/\/permbledhja.com\/sq\/wp-json\/wp\/v2\/posts"}],"about":[{"href":"https:\/\/permbledhja.com\/sq\/wp-json\/wp\/v2\/types\/post"}],"author":[{"embeddable":true,"href":"https:\/\/permbledhja.com\/sq\/wp-json\/wp\/v2\/users\/5"}],"replies":[{"embeddable":true,"href":"https:\/\/permbledhja.com\/sq\/wp-json\/wp\/v2\/comments?post=44961"}],"version-history":[{"count":1,"href":"https:\/\/permbledhja.com\/sq\/wp-json\/wp\/v2\/posts\/44961\/revisions"}],"predecessor-version":[{"id":44965,"href":"https:\/\/permbledhja.com\/sq\/wp-json\/wp\/v2\/posts\/44961\/revisions\/44965"}],"wp:featuredmedia":[{"embeddable":true,"href":"https:\/\/permbledhja.com\/sq\/wp-json\/wp\/v2\/media\/44962"}],"wp:attachment":[{"href":"https:\/\/permbledhja.com\/sq\/wp-json\/wp\/v2\/media?parent=44961"}],"wp:term":[{"taxonomy":"category","embeddable":true,"href":"https:\/\/permbledhja.com\/sq\/wp-json\/wp\/v2\/categories?post=44961"},{"taxonomy":"post_tag","embeddable":true,"href":"https:\/\/permbledhja.com\/sq\/wp-json\/wp\/v2\/tags?post=44961"}],"curies":[{"name":"wp","href":"https:\/\/api.w.org\/{rel}","templated":true}]}}