{"id":44958,"date":"2024-01-28T14:26:41","date_gmt":"2024-01-28T14:26:41","guid":{"rendered":"https:\/\/permbledhja.com\/?p=44958"},"modified":"2024-01-28T14:26:41","modified_gmt":"2024-01-28T14:26:41","slug":"xhaferi-flet-per-here-te-pare-si-kryeminister-i-maqedonise-se-veriut-mbetem-pergjegjes-para-qytetareve","status":"publish","type":"post","link":"https:\/\/permbledhja.com\/sq\/xhaferi-flet-per-here-te-pare-si-kryeminister-i-maqedonise-se-veriut-mbetem-pergjegjes-para-qytetareve\/","title":{"rendered":"Xhaferi flet p\u00ebr her\u00eb t\u00eb par\u00eb si kryeminist\u00ebr i Maqedonis\u00eb s\u00eb Veriut: Mbetem p\u00ebrgjegj\u00ebs para qytetar\u00ebve"},"content":{"rendered":"<h3>Talat Xhaferi e ka mbajtur fjalimin e par\u00eb pas marrjes s\u00eb detyr\u00ebs si kryeministri i par\u00eb shqiptar n\u00eb Maqedonin\u00eb e Veriut.<\/h3>\n<p>Xhaferi foli p\u00ebr p\u00ebrgjegj\u00ebsin\u00eb para qytetar\u00ebve n\u00eb udh\u00ebheqjen e qeveris\u00eb teknike.<\/p>\n<p>\u201cGjithsesi q\u00eb n\u00eb k\u00ebt\u00eb paraqitje t\u00eb par\u00eb nuk kam m\u00eb shum\u00eb m\u00eb tep\u00ebr t\u00eb shtoj sesa ajo q\u00eb thash\u00eb para deputet\u00ebve. Me krenari dhe nd\u00ebrgjegje t\u00eb past\u00ebr dhe p\u00ebrgjegj\u00ebsi t\u00eb plot\u00eb kam pranuar, kam p\u00ebrgatitur dhe kam fituar k\u00ebt\u00eb besim t\u00eb qytetar\u00ebve p\u00ebrmes p\u00ebrfaq\u00ebsueseve t\u00eb tyre n\u00eb Kuvend. I mbetem koshient p\u00ebrgjegj\u00ebsis\u00eb, transparenc\u00ebs dhe llogaridh\u00ebnies para qytetar\u00ebve dhe atyre q\u00eb kan\u00eb vendosur ardhm\u00ebrin\u00eb e k\u00ebtij vendi\u201d, tha Xhaferi.<\/p>\n<p>Ai iu tha qytetar\u00ebve t\u00eb Maqedonis\u00eb s\u00eb Veriut q\u00eb t\u00eb mos brengosen p\u00ebr fotografin\u00eb familjare n\u00eb t\u00eb cil\u00ebn mungojn\u00eb disa deputet\u00eb t\u00eb propozuar nga opozita. Gjat\u00eb sh\u00ebrbimit, ai tha se fotografia do t\u00eb ndryshoj\u00eb.<\/p>\n","protected":false},"excerpt":{"rendered":"<p>Talat Xhaferi e ka mbajtur fjalimin e par\u00eb pas marrjes s\u00eb detyr\u00ebs si kryeministri i par\u00eb shqiptar n\u00eb Maqedonin\u00eb e Veriut. Xhaferi foli p\u00ebr p\u00ebrgjegj\u00ebsin\u00eb para qytetar\u00ebve n\u00eb udh\u00ebheqjen e qeveris\u00eb teknike. \u201cGjithsesi q\u00eb n\u00eb k\u00ebt\u00eb paraqitje t\u00eb par\u00eb nuk kam m\u00eb shum\u00eb m\u00eb tep\u00ebr t\u00eb shtoj sesa ajo q\u00eb thash\u00eb para deputet\u00ebve. Me krenari [&hellip;]<\/p>\n","protected":false},"author":5,"featured_media":44959,"comment_status":"closed","ping_status":"closed","sticky":false,"template":"","format":"standard","meta":{"_monsterinsights_skip_tracking":false,"_monsterinsights_sitenote_active":false,"_monsterinsights_sitenote_note":"","_monsterinsights_sitenote_category":0,"_uf_show_specific_survey":0,"_uf_disable_surveys":false,"footnotes":""},"categories":[1146],"tags":[],"yoast_head":"<!-- This site is optimized with the Yoast SEO plugin v21.5 - https:\/\/yoast.com\/wordpress\/plugins\/seo\/ -->\n<title>Xhaferi flet p\u00ebr her\u00eb t\u00eb par\u00eb si kryeminist\u00ebr i Maqedonis\u00eb s\u00eb Veriut: Mbetem p\u00ebrgjegj\u00ebs para qytetar\u00ebve<\/title>\n<meta name=\"robots\" content=\"index, follow, max-snippet:-1, max-image-preview:large, max-video-preview:-1\" \/>\n<link rel=\"canonical\" href=\"https:\/\/permbledhja.com\/sq\/xhaferi-flet-per-here-te-pare-si-kryeminister-i-maqedonise-se-veriut-mbetem-pergjegjes-para-qytetareve\/\" \/>\n<meta property=\"og:locale\" content=\"sq_AL\" \/>\n<meta property=\"og:type\" content=\"article\" \/>\n<meta property=\"og:title\" content=\"Xhaferi flet p\u00ebr her\u00eb t\u00eb par\u00eb si kryeminist\u00ebr i Maqedonis\u00eb s\u00eb Veriut: Mbetem p\u00ebrgjegj\u00ebs para qytetar\u00ebve\" \/>\n<meta property=\"og:description\" content=\"Talat Xhaferi e ka mbajtur fjalimin e par\u00eb pas marrjes s\u00eb detyr\u00ebs si kryeministri i par\u00eb shqiptar n\u00eb Maqedonin\u00eb e Veriut. Xhaferi foli p\u00ebr p\u00ebrgjegj\u00ebsin\u00eb para qytetar\u00ebve n\u00eb udh\u00ebheqjen e qeveris\u00eb teknike. \u201cGjithsesi q\u00eb n\u00eb k\u00ebt\u00eb paraqitje t\u00eb par\u00eb nuk kam m\u00eb shum\u00eb m\u00eb tep\u00ebr t\u00eb shtoj sesa ajo q\u00eb thash\u00eb para deputet\u00ebve. Me krenari [&hellip;]\" \/>\n<meta property=\"og:url\" content=\"https:\/\/permbledhja.com\/sq\/xhaferi-flet-per-here-te-pare-si-kryeminister-i-maqedonise-se-veriut-mbetem-pergjegjes-para-qytetareve\/\" \/>\n<meta property=\"og:site_name\" content=\"Ve\u00e7 artikuj p\u00ebrmbledh\u00ebs\" \/>\n<meta property=\"article:publisher\" content=\"https:\/\/www.facebook.com\/press07\/\" \/>\n<meta property=\"article:published_time\" content=\"2024-01-28T14:26:41+00:00\" \/>\n<meta property=\"og:image\" content=\"https:\/\/permbledhja.com\/wp-content\/uploads\/2024\/01\/xh.png\" \/>\n\t<meta property=\"og:image:width\" content=\"600\" \/>\n\t<meta property=\"og:image:height\" content=\"360\" \/>\n\t<meta property=\"og:image:type\" content=\"image\/png\" \/>\n<meta name=\"author\" content=\"DL\" \/>\n<meta name=\"twitter:card\" content=\"summary_large_image\" \/>\n<meta name=\"twitter:label1\" content=\"Written by\" \/>\n\t<meta name=\"twitter:data1\" content=\"DL\" \/>\n\t<meta name=\"twitter:label2\" content=\"Est. reading time\" \/>\n\t<meta name=\"twitter:data2\" content=\"1 minut\u00eb\" \/>\n<script type=\"application\/ld+json\" class=\"yoast-schema-graph\">{\"@context\":\"https:\/\/schema.org\",\"@graph\":[{\"@type\":\"Article\",\"@id\":\"https:\/\/permbledhja.com\/xhaferi-flet-per-here-te-pare-si-kryeminister-i-maqedonise-se-veriut-mbetem-pergjegjes-para-qytetareve\/#article\",\"isPartOf\":{\"@id\":\"https:\/\/permbledhja.com\/xhaferi-flet-per-here-te-pare-si-kryeminister-i-maqedonise-se-veriut-mbetem-pergjegjes-para-qytetareve\/\"},\"author\":{\"name\":\"DL\",\"@id\":\"https:\/\/permbledhja.com\/#\/schema\/person\/9c54260cbc4c6f792cb100550491638c\"},\"headline\":\"Xhaferi flet p\u00ebr her\u00eb t\u00eb par\u00eb si kryeminist\u00ebr i Maqedonis\u00eb s\u00eb Veriut: Mbetem p\u00ebrgjegj\u00ebs para qytetar\u00ebve\",\"datePublished\":\"2024-01-28T14:26:41+00:00\",\"dateModified\":\"2024-01-28T14:26:41+00:00\",\"mainEntityOfPage\":{\"@id\":\"https:\/\/permbledhja.com\/xhaferi-flet-per-here-te-pare-si-kryeminister-i-maqedonise-se-veriut-mbetem-pergjegjes-para-qytetareve\/\"},\"wordCount\":185,\"publisher\":{\"@id\":\"https:\/\/permbledhja.com\/#organization\"},\"articleSection\":[\"Kryesoret\"],\"inLanguage\":\"sq\"},{\"@type\":\"WebPage\",\"@id\":\"https:\/\/permbledhja.com\/xhaferi-flet-per-here-te-pare-si-kryeminister-i-maqedonise-se-veriut-mbetem-pergjegjes-para-qytetareve\/\",\"url\":\"https:\/\/permbledhja.com\/xhaferi-flet-per-here-te-pare-si-kryeminister-i-maqedonise-se-veriut-mbetem-pergjegjes-para-qytetareve\/\",\"name\":\"Xhaferi flet p\u00ebr her\u00eb t\u00eb par\u00eb si kryeminist\u00ebr i Maqedonis\u00eb s\u00eb Veriut: Mbetem p\u00ebrgjegj\u00ebs para qytetar\u00ebve\",\"isPartOf\":{\"@id\":\"https:\/\/permbledhja.com\/#website\"},\"datePublished\":\"2024-01-28T14:26:41+00:00\",\"dateModified\":\"2024-01-28T14:26:41+00:00\",\"breadcrumb\":{\"@id\":\"https:\/\/permbledhja.com\/xhaferi-flet-per-here-te-pare-si-kryeminister-i-maqedonise-se-veriut-mbetem-pergjegjes-para-qytetareve\/#breadcrumb\"},\"inLanguage\":\"sq\",\"potentialAction\":[{\"@type\":\"ReadAction\",\"target\":[\"https:\/\/permbledhja.com\/xhaferi-flet-per-here-te-pare-si-kryeminister-i-maqedonise-se-veriut-mbetem-pergjegjes-para-qytetareve\/\"]}]},{\"@type\":\"BreadcrumbList\",\"@id\":\"https:\/\/permbledhja.com\/xhaferi-flet-per-here-te-pare-si-kryeminister-i-maqedonise-se-veriut-mbetem-pergjegjes-para-qytetareve\/#breadcrumb\",\"itemListElement\":[{\"@type\":\"ListItem\",\"position\":1,\"name\":\"Ballina\",\"item\":\"https:\/\/permbledhja.com\/sq\/\"},{\"@type\":\"ListItem\",\"position\":2,\"name\":\"Xhaferi flet p\u00ebr her\u00eb t\u00eb par\u00eb si kryeminist\u00ebr i Maqedonis\u00eb s\u00eb Veriut: Mbetem p\u00ebrgjegj\u00ebs para qytetar\u00ebve\"}]},{\"@type\":\"WebSite\",\"@id\":\"https:\/\/permbledhja.com\/#website\",\"url\":\"https:\/\/permbledhja.com\/\",\"name\":\"Ve\u00e7 artikuj p\u00ebrmbledh\u00ebs\",\"description\":\"\",\"publisher\":{\"@id\":\"https:\/\/permbledhja.com\/#organization\"},\"potentialAction\":[{\"@type\":\"SearchAction\",\"target\":{\"@type\":\"EntryPoint\",\"urlTemplate\":\"https:\/\/permbledhja.com\/?s={search_term_string}\"},\"query-input\":\"required name=search_term_string\"}],\"inLanguage\":\"sq\"},{\"@type\":\"Organization\",\"@id\":\"https:\/\/permbledhja.com\/#organization\",\"name\":\"MK Media & Pr\",\"url\":\"https:\/\/permbledhja.com\/\",\"logo\":{\"@type\":\"ImageObject\",\"inLanguage\":\"sq\",\"@id\":\"https:\/\/permbledhja.com\/#\/schema\/logo\/image\/\",\"url\":\"https:\/\/permbledhja.com\/wp-content\/uploads\/2021\/12\/07-Press-Logo.jpg\",\"contentUrl\":\"https:\/\/permbledhja.com\/wp-content\/uploads\/2021\/12\/07-Press-Logo.jpg\",\"width\":512,\"height\":512,\"caption\":\"MK Media & Pr\"},\"image\":{\"@id\":\"https:\/\/permbledhja.com\/#\/schema\/logo\/image\/\"},\"sameAs\":[\"https:\/\/www.facebook.com\/press07\/\"]},{\"@type\":\"Person\",\"@id\":\"https:\/\/permbledhja.com\/#\/schema\/person\/9c54260cbc4c6f792cb100550491638c\",\"name\":\"DL\",\"image\":{\"@type\":\"ImageObject\",\"inLanguage\":\"sq\",\"@id\":\"https:\/\/permbledhja.com\/#\/schema\/person\/image\/\",\"url\":\"https:\/\/secure.gravatar.com\/avatar\/94503eb28d4c4b2005a5c8753e35fc80?s=96&d=mm&r=g\",\"contentUrl\":\"https:\/\/secure.gravatar.com\/avatar\/94503eb28d4c4b2005a5c8753e35fc80?s=96&d=mm&r=g\",\"caption\":\"DL\"},\"url\":\"https:\/\/permbledhja.com\/sq\/author\/dl\/\"}]}<\/script>\n<!-- \/ Yoast SEO plugin. -->","yoast_head_json":{"title":"Xhaferi flet p\u00ebr her\u00eb t\u00eb par\u00eb si kryeminist\u00ebr i Maqedonis\u00eb s\u00eb Veriut: Mbetem p\u00ebrgjegj\u00ebs para qytetar\u00ebve","robots":{"index":"index","follow":"follow","max-snippet":"max-snippet:-1","max-image-preview":"max-image-preview:large","max-video-preview":"max-video-preview:-1"},"canonical":"https:\/\/permbledhja.com\/sq\/xhaferi-flet-per-here-te-pare-si-kryeminister-i-maqedonise-se-veriut-mbetem-pergjegjes-para-qytetareve\/","og_locale":"sq_AL","og_type":"article","og_title":"Xhaferi flet p\u00ebr her\u00eb t\u00eb par\u00eb si kryeminist\u00ebr i Maqedonis\u00eb s\u00eb Veriut: Mbetem p\u00ebrgjegj\u00ebs para qytetar\u00ebve","og_description":"Talat Xhaferi e ka mbajtur fjalimin e par\u00eb pas marrjes s\u00eb detyr\u00ebs si kryeministri i par\u00eb shqiptar n\u00eb Maqedonin\u00eb e Veriut. Xhaferi foli p\u00ebr p\u00ebrgjegj\u00ebsin\u00eb para qytetar\u00ebve n\u00eb udh\u00ebheqjen e qeveris\u00eb teknike. \u201cGjithsesi q\u00eb n\u00eb k\u00ebt\u00eb paraqitje t\u00eb par\u00eb nuk kam m\u00eb shum\u00eb m\u00eb tep\u00ebr t\u00eb shtoj sesa ajo q\u00eb thash\u00eb para deputet\u00ebve. Me krenari [&hellip;]","og_url":"https:\/\/permbledhja.com\/sq\/xhaferi-flet-per-here-te-pare-si-kryeminister-i-maqedonise-se-veriut-mbetem-pergjegjes-para-qytetareve\/","og_site_name":"Ve\u00e7 artikuj p\u00ebrmbledh\u00ebs","article_publisher":"https:\/\/www.facebook.com\/press07\/","article_published_time":"2024-01-28T14:26:41+00:00","og_image":[{"width":600,"height":360,"url":"https:\/\/permbledhja.com\/wp-content\/uploads\/2024\/01\/xh.png","type":"image\/png"}],"author":"DL","twitter_card":"summary_large_image","twitter_misc":{"Written by":"DL","Est. reading time":"1 minut\u00eb"},"schema":{"@context":"https:\/\/schema.org","@graph":[{"@type":"Article","@id":"https:\/\/permbledhja.com\/xhaferi-flet-per-here-te-pare-si-kryeminister-i-maqedonise-se-veriut-mbetem-pergjegjes-para-qytetareve\/#article","isPartOf":{"@id":"https:\/\/permbledhja.com\/xhaferi-flet-per-here-te-pare-si-kryeminister-i-maqedonise-se-veriut-mbetem-pergjegjes-para-qytetareve\/"},"author":{"name":"DL","@id":"https:\/\/permbledhja.com\/#\/schema\/person\/9c54260cbc4c6f792cb100550491638c"},"headline":"Xhaferi flet p\u00ebr her\u00eb t\u00eb par\u00eb si kryeminist\u00ebr i Maqedonis\u00eb s\u00eb Veriut: Mbetem p\u00ebrgjegj\u00ebs para qytetar\u00ebve","datePublished":"2024-01-28T14:26:41+00:00","dateModified":"2024-01-28T14:26:41+00:00","mainEntityOfPage":{"@id":"https:\/\/permbledhja.com\/xhaferi-flet-per-here-te-pare-si-kryeminister-i-maqedonise-se-veriut-mbetem-pergjegjes-para-qytetareve\/"},"wordCount":185,"publisher":{"@id":"https:\/\/permbledhja.com\/#organization"},"articleSection":["Kryesoret"],"inLanguage":"sq"},{"@type":"WebPage","@id":"https:\/\/permbledhja.com\/xhaferi-flet-per-here-te-pare-si-kryeminister-i-maqedonise-se-veriut-mbetem-pergjegjes-para-qytetareve\/","url":"https:\/\/permbledhja.com\/xhaferi-flet-per-here-te-pare-si-kryeminister-i-maqedonise-se-veriut-mbetem-pergjegjes-para-qytetareve\/","name":"Xhaferi flet p\u00ebr her\u00eb t\u00eb par\u00eb si kryeminist\u00ebr i Maqedonis\u00eb s\u00eb Veriut: Mbetem p\u00ebrgjegj\u00ebs para qytetar\u00ebve","isPartOf":{"@id":"https:\/\/permbledhja.com\/#website"},"datePublished":"2024-01-28T14:26:41+00:00","dateModified":"2024-01-28T14:26:41+00:00","breadcrumb":{"@id":"https:\/\/permbledhja.com\/xhaferi-flet-per-here-te-pare-si-kryeminister-i-maqedonise-se-veriut-mbetem-pergjegjes-para-qytetareve\/#breadcrumb"},"inLanguage":"sq","potentialAction":[{"@type":"ReadAction","target":["https:\/\/permbledhja.com\/xhaferi-flet-per-here-te-pare-si-kryeminister-i-maqedonise-se-veriut-mbetem-pergjegjes-para-qytetareve\/"]}]},{"@type":"BreadcrumbList","@id":"https:\/\/permbledhja.com\/xhaferi-flet-per-here-te-pare-si-kryeminister-i-maqedonise-se-veriut-mbetem-pergjegjes-para-qytetareve\/#breadcrumb","itemListElement":[{"@type":"ListItem","position":1,"name":"Ballina","item":"https:\/\/permbledhja.com\/sq\/"},{"@type":"ListItem","position":2,"name":"Xhaferi flet p\u00ebr her\u00eb t\u00eb par\u00eb si kryeminist\u00ebr i Maqedonis\u00eb s\u00eb Veriut: Mbetem p\u00ebrgjegj\u00ebs para qytetar\u00ebve"}]},{"@type":"WebSite","@id":"https:\/\/permbledhja.com\/#website","url":"https:\/\/permbledhja.com\/","name":"Ve\u00e7 artikuj p\u00ebrmbledh\u00ebs","description":"","publisher":{"@id":"https:\/\/permbledhja.com\/#organization"},"potentialAction":[{"@type":"SearchAction","target":{"@type":"EntryPoint","urlTemplate":"https:\/\/permbledhja.com\/?s={search_term_string}"},"query-input":"required name=search_term_string"}],"inLanguage":"sq"},{"@type":"Organization","@id":"https:\/\/permbledhja.com\/#organization","name":"MK Media & Pr","url":"https:\/\/permbledhja.com\/","logo":{"@type":"ImageObject","inLanguage":"sq","@id":"https:\/\/permbledhja.com\/#\/schema\/logo\/image\/","url":"https:\/\/permbledhja.com\/wp-content\/uploads\/2021\/12\/07-Press-Logo.jpg","contentUrl":"https:\/\/permbledhja.com\/wp-content\/uploads\/2021\/12\/07-Press-Logo.jpg","width":512,"height":512,"caption":"MK Media & Pr"},"image":{"@id":"https:\/\/permbledhja.com\/#\/schema\/logo\/image\/"},"sameAs":["https:\/\/www.facebook.com\/press07\/"]},{"@type":"Person","@id":"https:\/\/permbledhja.com\/#\/schema\/person\/9c54260cbc4c6f792cb100550491638c","name":"DL","image":{"@type":"ImageObject","inLanguage":"sq","@id":"https:\/\/permbledhja.com\/#\/schema\/person\/image\/","url":"https:\/\/secure.gravatar.com\/avatar\/94503eb28d4c4b2005a5c8753e35fc80?s=96&d=mm&r=g","contentUrl":"https:\/\/secure.gravatar.com\/avatar\/94503eb28d4c4b2005a5c8753e35fc80?s=96&d=mm&r=g","caption":"DL"},"url":"https:\/\/permbledhja.com\/sq\/author\/dl\/"}]}},"_links":{"self":[{"href":"https:\/\/permbledhja.com\/sq\/wp-json\/wp\/v2\/posts\/44958"}],"collection":[{"href":"https:\/\/permbledhja.com\/sq\/wp-json\/wp\/v2\/posts"}],"about":[{"href":"https:\/\/permbledhja.com\/sq\/wp-json\/wp\/v2\/types\/post"}],"author":[{"embeddable":true,"href":"https:\/\/permbledhja.com\/sq\/wp-json\/wp\/v2\/users\/5"}],"replies":[{"embeddable":true,"href":"https:\/\/permbledhja.com\/sq\/wp-json\/wp\/v2\/comments?post=44958"}],"version-history":[{"count":1,"href":"https:\/\/permbledhja.com\/sq\/wp-json\/wp\/v2\/posts\/44958\/revisions"}],"predecessor-version":[{"id":44960,"href":"https:\/\/permbledhja.com\/sq\/wp-json\/wp\/v2\/posts\/44958\/revisions\/44960"}],"wp:featuredmedia":[{"embeddable":true,"href":"https:\/\/permbledhja.com\/sq\/wp-json\/wp\/v2\/media\/44959"}],"wp:attachment":[{"href":"https:\/\/permbledhja.com\/sq\/wp-json\/wp\/v2\/media?parent=44958"}],"wp:term":[{"taxonomy":"category","embeddable":true,"href":"https:\/\/permbledhja.com\/sq\/wp-json\/wp\/v2\/categories?post=44958"},{"taxonomy":"post_tag","embeddable":true,"href":"https:\/\/permbledhja.com\/sq\/wp-json\/wp\/v2\/tags?post=44958"}],"curies":[{"name":"wp","href":"https:\/\/api.w.org\/{rel}","templated":true}]}}