{"id":44929,"date":"2024-01-28T11:33:28","date_gmt":"2024-01-28T11:33:28","guid":{"rendered":"https:\/\/permbledhja.com\/?p=44929"},"modified":"2024-01-28T11:33:28","modified_gmt":"2024-01-28T11:33:28","slug":"bujar-osmani-para-zgjedhjes-se-kryeministrit-shqiptar-ne-rmv-po-shkruhet-historia-me-doren-e-ali-ahmetit","status":"publish","type":"post","link":"https:\/\/permbledhja.com\/sq\/bujar-osmani-para-zgjedhjes-se-kryeministrit-shqiptar-ne-rmv-po-shkruhet-historia-me-doren-e-ali-ahmetit\/","title":{"rendered":"Bujar Osmani para zgjedhjes s\u00eb kryeministrit shqiptar n\u00eb RMV: Po shkruhet historia me dor\u00ebn e Ali Ahmetit"},"content":{"rendered":"<h3>Ministri i Pun\u00ebve t\u00eb Jashtme i Maqedonis\u00eb s\u00eb Veriut, Bujar Osmani thot\u00eb se sot po shkruhet historia, pak para se t\u00eb nis\u00eb seanca parlamentare n\u00eb Kuvendin e Maqedonis\u00eb s\u00eb Veriut, ku Talat Xhaferi do t\u00eb b\u00ebhet kryeministri i par\u00eb shqiptar n\u00eb shtetin fqinj.<\/h3>\n<p>Osmani ka publikuar sot nj\u00eb fotografi me kreun e Bashkimit Demokratik p\u00ebr Integrim, partis\u00eb m\u00eb t\u00eb madhe shqiptare n\u00eb RMV, Ali Ahmetin.<\/p>\n<p>\u201cPo shkruhet historia\u201d, shkroi Osmani.<\/p>\n<p>\u201cVet\u00ebm e 18 or\u00eb deri te n\u00ebnshkrimi i historis\u00eb me dor\u00ebn e Ali Ahmetit!\u201d, shkroi mbr\u00ebm\u00eb kryeparlamentari shqiptar n\u00eb Maqedonin\u00eb e Veriut.<\/p>\n<p>Edhe n\u00eb Qeverin\u00eb teknike q\u00eb do t\u00eb zgjidhet pas pak, Bujar Osmani do ta mbaj\u00eb postin e kryediplomatit.<\/p>\n<p>Urime t\u00eb gjith\u00eb shqiptar\u00ebve. Iu shk\u00eblqejn\u00eb syt\u00eb t\u00eb gjith\u00eb ministrave, deputet\u00ebve.<\/p>\n","protected":false},"excerpt":{"rendered":"<p>Ministri i Pun\u00ebve t\u00eb Jashtme i Maqedonis\u00eb s\u00eb Veriut, Bujar Osmani thot\u00eb se sot po shkruhet historia, pak para se t\u00eb nis\u00eb seanca parlamentare n\u00eb Kuvendin e Maqedonis\u00eb s\u00eb Veriut, ku Talat Xhaferi do t\u00eb b\u00ebhet kryeministri i par\u00eb shqiptar n\u00eb shtetin fqinj. Osmani ka publikuar sot nj\u00eb fotografi me kreun e Bashkimit Demokratik p\u00ebr [&hellip;]<\/p>\n","protected":false},"author":5,"featured_media":44930,"comment_status":"closed","ping_status":"closed","sticky":false,"template":"","format":"standard","meta":{"_monsterinsights_skip_tracking":false,"_monsterinsights_sitenote_active":false,"_monsterinsights_sitenote_note":"","_monsterinsights_sitenote_category":0,"_uf_show_specific_survey":0,"_uf_disable_surveys":false,"footnotes":""},"categories":[2645],"tags":[],"yoast_head":"<!-- This site is optimized with the Yoast SEO plugin v21.5 - https:\/\/yoast.com\/wordpress\/plugins\/seo\/ -->\n<title>Bujar Osmani para zgjedhjes s\u00eb kryeministrit shqiptar n\u00eb RMV: Po shkruhet historia me dor\u00ebn e Ali Ahmetit<\/title>\n<meta name=\"robots\" content=\"index, follow, max-snippet:-1, max-image-preview:large, max-video-preview:-1\" \/>\n<link rel=\"canonical\" href=\"https:\/\/permbledhja.com\/sq\/bujar-osmani-para-zgjedhjes-se-kryeministrit-shqiptar-ne-rmv-po-shkruhet-historia-me-doren-e-ali-ahmetit\/\" \/>\n<meta property=\"og:locale\" content=\"sq_AL\" \/>\n<meta property=\"og:type\" content=\"article\" \/>\n<meta property=\"og:title\" content=\"Bujar Osmani para zgjedhjes s\u00eb kryeministrit shqiptar n\u00eb RMV: Po shkruhet historia me dor\u00ebn e Ali Ahmetit\" \/>\n<meta property=\"og:description\" content=\"Ministri i Pun\u00ebve t\u00eb Jashtme i Maqedonis\u00eb s\u00eb Veriut, Bujar Osmani thot\u00eb se sot po shkruhet historia, pak para se t\u00eb nis\u00eb seanca parlamentare n\u00eb Kuvendin e Maqedonis\u00eb s\u00eb Veriut, ku Talat Xhaferi do t\u00eb b\u00ebhet kryeministri i par\u00eb shqiptar n\u00eb shtetin fqinj. Osmani ka publikuar sot nj\u00eb fotografi me kreun e Bashkimit Demokratik p\u00ebr [&hellip;]\" \/>\n<meta property=\"og:url\" content=\"https:\/\/permbledhja.com\/sq\/bujar-osmani-para-zgjedhjes-se-kryeministrit-shqiptar-ne-rmv-po-shkruhet-historia-me-doren-e-ali-ahmetit\/\" \/>\n<meta property=\"og:site_name\" content=\"Ve\u00e7 artikuj p\u00ebrmbledh\u00ebs\" \/>\n<meta property=\"article:publisher\" content=\"https:\/\/www.facebook.com\/press07\/\" \/>\n<meta property=\"article:published_time\" content=\"2024-01-28T11:33:28+00:00\" \/>\n<meta property=\"og:image\" content=\"https:\/\/permbledhja.com\/wp-content\/uploads\/2024\/01\/bujarr.jpg\" \/>\n\t<meta property=\"og:image:width\" content=\"600\" \/>\n\t<meta property=\"og:image:height\" content=\"360\" \/>\n\t<meta property=\"og:image:type\" content=\"image\/jpeg\" \/>\n<meta name=\"author\" content=\"DL\" \/>\n<meta name=\"twitter:card\" content=\"summary_large_image\" \/>\n<meta name=\"twitter:label1\" content=\"Written by\" \/>\n\t<meta name=\"twitter:data1\" content=\"DL\" \/>\n\t<meta name=\"twitter:label2\" content=\"Est. reading time\" \/>\n\t<meta name=\"twitter:data2\" content=\"1 minut\u00eb\" \/>\n<script type=\"application\/ld+json\" class=\"yoast-schema-graph\">{\"@context\":\"https:\/\/schema.org\",\"@graph\":[{\"@type\":\"Article\",\"@id\":\"https:\/\/permbledhja.com\/bujar-osmani-para-zgjedhjes-se-kryeministrit-shqiptar-ne-rmv-po-shkruhet-historia-me-doren-e-ali-ahmetit\/#article\",\"isPartOf\":{\"@id\":\"https:\/\/permbledhja.com\/bujar-osmani-para-zgjedhjes-se-kryeministrit-shqiptar-ne-rmv-po-shkruhet-historia-me-doren-e-ali-ahmetit\/\"},\"author\":{\"name\":\"DL\",\"@id\":\"https:\/\/permbledhja.com\/#\/schema\/person\/9c54260cbc4c6f792cb100550491638c\"},\"headline\":\"Bujar Osmani para zgjedhjes s\u00eb kryeministrit shqiptar n\u00eb RMV: Po shkruhet historia me dor\u00ebn e Ali Ahmetit\",\"datePublished\":\"2024-01-28T11:33:28+00:00\",\"dateModified\":\"2024-01-28T11:33:28+00:00\",\"mainEntityOfPage\":{\"@id\":\"https:\/\/permbledhja.com\/bujar-osmani-para-zgjedhjes-se-kryeministrit-shqiptar-ne-rmv-po-shkruhet-historia-me-doren-e-ali-ahmetit\/\"},\"wordCount\":148,\"publisher\":{\"@id\":\"https:\/\/permbledhja.com\/#organization\"},\"articleSection\":[\"T\u00eb r\u00ebnd\u00ebsishme\"],\"inLanguage\":\"sq\"},{\"@type\":\"WebPage\",\"@id\":\"https:\/\/permbledhja.com\/bujar-osmani-para-zgjedhjes-se-kryeministrit-shqiptar-ne-rmv-po-shkruhet-historia-me-doren-e-ali-ahmetit\/\",\"url\":\"https:\/\/permbledhja.com\/bujar-osmani-para-zgjedhjes-se-kryeministrit-shqiptar-ne-rmv-po-shkruhet-historia-me-doren-e-ali-ahmetit\/\",\"name\":\"Bujar Osmani para zgjedhjes s\u00eb kryeministrit shqiptar n\u00eb RMV: Po shkruhet historia me dor\u00ebn e Ali Ahmetit\",\"isPartOf\":{\"@id\":\"https:\/\/permbledhja.com\/#website\"},\"datePublished\":\"2024-01-28T11:33:28+00:00\",\"dateModified\":\"2024-01-28T11:33:28+00:00\",\"breadcrumb\":{\"@id\":\"https:\/\/permbledhja.com\/bujar-osmani-para-zgjedhjes-se-kryeministrit-shqiptar-ne-rmv-po-shkruhet-historia-me-doren-e-ali-ahmetit\/#breadcrumb\"},\"inLanguage\":\"sq\",\"potentialAction\":[{\"@type\":\"ReadAction\",\"target\":[\"https:\/\/permbledhja.com\/bujar-osmani-para-zgjedhjes-se-kryeministrit-shqiptar-ne-rmv-po-shkruhet-historia-me-doren-e-ali-ahmetit\/\"]}]},{\"@type\":\"BreadcrumbList\",\"@id\":\"https:\/\/permbledhja.com\/bujar-osmani-para-zgjedhjes-se-kryeministrit-shqiptar-ne-rmv-po-shkruhet-historia-me-doren-e-ali-ahmetit\/#breadcrumb\",\"itemListElement\":[{\"@type\":\"ListItem\",\"position\":1,\"name\":\"Ballina\",\"item\":\"https:\/\/permbledhja.com\/sq\/\"},{\"@type\":\"ListItem\",\"position\":2,\"name\":\"Bujar Osmani para zgjedhjes s\u00eb kryeministrit shqiptar n\u00eb RMV: Po shkruhet historia me dor\u00ebn e Ali Ahmetit\"}]},{\"@type\":\"WebSite\",\"@id\":\"https:\/\/permbledhja.com\/#website\",\"url\":\"https:\/\/permbledhja.com\/\",\"name\":\"Ve\u00e7 artikuj p\u00ebrmbledh\u00ebs\",\"description\":\"\",\"publisher\":{\"@id\":\"https:\/\/permbledhja.com\/#organization\"},\"potentialAction\":[{\"@type\":\"SearchAction\",\"target\":{\"@type\":\"EntryPoint\",\"urlTemplate\":\"https:\/\/permbledhja.com\/?s={search_term_string}\"},\"query-input\":\"required name=search_term_string\"}],\"inLanguage\":\"sq\"},{\"@type\":\"Organization\",\"@id\":\"https:\/\/permbledhja.com\/#organization\",\"name\":\"MK Media & Pr\",\"url\":\"https:\/\/permbledhja.com\/\",\"logo\":{\"@type\":\"ImageObject\",\"inLanguage\":\"sq\",\"@id\":\"https:\/\/permbledhja.com\/#\/schema\/logo\/image\/\",\"url\":\"https:\/\/permbledhja.com\/wp-content\/uploads\/2021\/12\/07-Press-Logo.jpg\",\"contentUrl\":\"https:\/\/permbledhja.com\/wp-content\/uploads\/2021\/12\/07-Press-Logo.jpg\",\"width\":512,\"height\":512,\"caption\":\"MK Media & Pr\"},\"image\":{\"@id\":\"https:\/\/permbledhja.com\/#\/schema\/logo\/image\/\"},\"sameAs\":[\"https:\/\/www.facebook.com\/press07\/\"]},{\"@type\":\"Person\",\"@id\":\"https:\/\/permbledhja.com\/#\/schema\/person\/9c54260cbc4c6f792cb100550491638c\",\"name\":\"DL\",\"image\":{\"@type\":\"ImageObject\",\"inLanguage\":\"sq\",\"@id\":\"https:\/\/permbledhja.com\/#\/schema\/person\/image\/\",\"url\":\"https:\/\/secure.gravatar.com\/avatar\/94503eb28d4c4b2005a5c8753e35fc80?s=96&d=mm&r=g\",\"contentUrl\":\"https:\/\/secure.gravatar.com\/avatar\/94503eb28d4c4b2005a5c8753e35fc80?s=96&d=mm&r=g\",\"caption\":\"DL\"},\"url\":\"https:\/\/permbledhja.com\/sq\/author\/dl\/\"}]}<\/script>\n<!-- \/ Yoast SEO plugin. -->","yoast_head_json":{"title":"Bujar Osmani para zgjedhjes s\u00eb kryeministrit shqiptar n\u00eb RMV: Po shkruhet historia me dor\u00ebn e Ali Ahmetit","robots":{"index":"index","follow":"follow","max-snippet":"max-snippet:-1","max-image-preview":"max-image-preview:large","max-video-preview":"max-video-preview:-1"},"canonical":"https:\/\/permbledhja.com\/sq\/bujar-osmani-para-zgjedhjes-se-kryeministrit-shqiptar-ne-rmv-po-shkruhet-historia-me-doren-e-ali-ahmetit\/","og_locale":"sq_AL","og_type":"article","og_title":"Bujar Osmani para zgjedhjes s\u00eb kryeministrit shqiptar n\u00eb RMV: Po shkruhet historia me dor\u00ebn e Ali Ahmetit","og_description":"Ministri i Pun\u00ebve t\u00eb Jashtme i Maqedonis\u00eb s\u00eb Veriut, Bujar Osmani thot\u00eb se sot po shkruhet historia, pak para se t\u00eb nis\u00eb seanca parlamentare n\u00eb Kuvendin e Maqedonis\u00eb s\u00eb Veriut, ku Talat Xhaferi do t\u00eb b\u00ebhet kryeministri i par\u00eb shqiptar n\u00eb shtetin fqinj. Osmani ka publikuar sot nj\u00eb fotografi me kreun e Bashkimit Demokratik p\u00ebr [&hellip;]","og_url":"https:\/\/permbledhja.com\/sq\/bujar-osmani-para-zgjedhjes-se-kryeministrit-shqiptar-ne-rmv-po-shkruhet-historia-me-doren-e-ali-ahmetit\/","og_site_name":"Ve\u00e7 artikuj p\u00ebrmbledh\u00ebs","article_publisher":"https:\/\/www.facebook.com\/press07\/","article_published_time":"2024-01-28T11:33:28+00:00","og_image":[{"width":600,"height":360,"url":"https:\/\/permbledhja.com\/wp-content\/uploads\/2024\/01\/bujarr.jpg","type":"image\/jpeg"}],"author":"DL","twitter_card":"summary_large_image","twitter_misc":{"Written by":"DL","Est. reading time":"1 minut\u00eb"},"schema":{"@context":"https:\/\/schema.org","@graph":[{"@type":"Article","@id":"https:\/\/permbledhja.com\/bujar-osmani-para-zgjedhjes-se-kryeministrit-shqiptar-ne-rmv-po-shkruhet-historia-me-doren-e-ali-ahmetit\/#article","isPartOf":{"@id":"https:\/\/permbledhja.com\/bujar-osmani-para-zgjedhjes-se-kryeministrit-shqiptar-ne-rmv-po-shkruhet-historia-me-doren-e-ali-ahmetit\/"},"author":{"name":"DL","@id":"https:\/\/permbledhja.com\/#\/schema\/person\/9c54260cbc4c6f792cb100550491638c"},"headline":"Bujar Osmani para zgjedhjes s\u00eb kryeministrit shqiptar n\u00eb RMV: Po shkruhet historia me dor\u00ebn e Ali Ahmetit","datePublished":"2024-01-28T11:33:28+00:00","dateModified":"2024-01-28T11:33:28+00:00","mainEntityOfPage":{"@id":"https:\/\/permbledhja.com\/bujar-osmani-para-zgjedhjes-se-kryeministrit-shqiptar-ne-rmv-po-shkruhet-historia-me-doren-e-ali-ahmetit\/"},"wordCount":148,"publisher":{"@id":"https:\/\/permbledhja.com\/#organization"},"articleSection":["T\u00eb r\u00ebnd\u00ebsishme"],"inLanguage":"sq"},{"@type":"WebPage","@id":"https:\/\/permbledhja.com\/bujar-osmani-para-zgjedhjes-se-kryeministrit-shqiptar-ne-rmv-po-shkruhet-historia-me-doren-e-ali-ahmetit\/","url":"https:\/\/permbledhja.com\/bujar-osmani-para-zgjedhjes-se-kryeministrit-shqiptar-ne-rmv-po-shkruhet-historia-me-doren-e-ali-ahmetit\/","name":"Bujar Osmani para zgjedhjes s\u00eb kryeministrit shqiptar n\u00eb RMV: Po shkruhet historia me dor\u00ebn e Ali Ahmetit","isPartOf":{"@id":"https:\/\/permbledhja.com\/#website"},"datePublished":"2024-01-28T11:33:28+00:00","dateModified":"2024-01-28T11:33:28+00:00","breadcrumb":{"@id":"https:\/\/permbledhja.com\/bujar-osmani-para-zgjedhjes-se-kryeministrit-shqiptar-ne-rmv-po-shkruhet-historia-me-doren-e-ali-ahmetit\/#breadcrumb"},"inLanguage":"sq","potentialAction":[{"@type":"ReadAction","target":["https:\/\/permbledhja.com\/bujar-osmani-para-zgjedhjes-se-kryeministrit-shqiptar-ne-rmv-po-shkruhet-historia-me-doren-e-ali-ahmetit\/"]}]},{"@type":"BreadcrumbList","@id":"https:\/\/permbledhja.com\/bujar-osmani-para-zgjedhjes-se-kryeministrit-shqiptar-ne-rmv-po-shkruhet-historia-me-doren-e-ali-ahmetit\/#breadcrumb","itemListElement":[{"@type":"ListItem","position":1,"name":"Ballina","item":"https:\/\/permbledhja.com\/sq\/"},{"@type":"ListItem","position":2,"name":"Bujar Osmani para zgjedhjes s\u00eb kryeministrit shqiptar n\u00eb RMV: Po shkruhet historia me dor\u00ebn e Ali Ahmetit"}]},{"@type":"WebSite","@id":"https:\/\/permbledhja.com\/#website","url":"https:\/\/permbledhja.com\/","name":"Ve\u00e7 artikuj p\u00ebrmbledh\u00ebs","description":"","publisher":{"@id":"https:\/\/permbledhja.com\/#organization"},"potentialAction":[{"@type":"SearchAction","target":{"@type":"EntryPoint","urlTemplate":"https:\/\/permbledhja.com\/?s={search_term_string}"},"query-input":"required name=search_term_string"}],"inLanguage":"sq"},{"@type":"Organization","@id":"https:\/\/permbledhja.com\/#organization","name":"MK Media & Pr","url":"https:\/\/permbledhja.com\/","logo":{"@type":"ImageObject","inLanguage":"sq","@id":"https:\/\/permbledhja.com\/#\/schema\/logo\/image\/","url":"https:\/\/permbledhja.com\/wp-content\/uploads\/2021\/12\/07-Press-Logo.jpg","contentUrl":"https:\/\/permbledhja.com\/wp-content\/uploads\/2021\/12\/07-Press-Logo.jpg","width":512,"height":512,"caption":"MK Media & Pr"},"image":{"@id":"https:\/\/permbledhja.com\/#\/schema\/logo\/image\/"},"sameAs":["https:\/\/www.facebook.com\/press07\/"]},{"@type":"Person","@id":"https:\/\/permbledhja.com\/#\/schema\/person\/9c54260cbc4c6f792cb100550491638c","name":"DL","image":{"@type":"ImageObject","inLanguage":"sq","@id":"https:\/\/permbledhja.com\/#\/schema\/person\/image\/","url":"https:\/\/secure.gravatar.com\/avatar\/94503eb28d4c4b2005a5c8753e35fc80?s=96&d=mm&r=g","contentUrl":"https:\/\/secure.gravatar.com\/avatar\/94503eb28d4c4b2005a5c8753e35fc80?s=96&d=mm&r=g","caption":"DL"},"url":"https:\/\/permbledhja.com\/sq\/author\/dl\/"}]}},"_links":{"self":[{"href":"https:\/\/permbledhja.com\/sq\/wp-json\/wp\/v2\/posts\/44929"}],"collection":[{"href":"https:\/\/permbledhja.com\/sq\/wp-json\/wp\/v2\/posts"}],"about":[{"href":"https:\/\/permbledhja.com\/sq\/wp-json\/wp\/v2\/types\/post"}],"author":[{"embeddable":true,"href":"https:\/\/permbledhja.com\/sq\/wp-json\/wp\/v2\/users\/5"}],"replies":[{"embeddable":true,"href":"https:\/\/permbledhja.com\/sq\/wp-json\/wp\/v2\/comments?post=44929"}],"version-history":[{"count":1,"href":"https:\/\/permbledhja.com\/sq\/wp-json\/wp\/v2\/posts\/44929\/revisions"}],"predecessor-version":[{"id":44931,"href":"https:\/\/permbledhja.com\/sq\/wp-json\/wp\/v2\/posts\/44929\/revisions\/44931"}],"wp:featuredmedia":[{"embeddable":true,"href":"https:\/\/permbledhja.com\/sq\/wp-json\/wp\/v2\/media\/44930"}],"wp:attachment":[{"href":"https:\/\/permbledhja.com\/sq\/wp-json\/wp\/v2\/media?parent=44929"}],"wp:term":[{"taxonomy":"category","embeddable":true,"href":"https:\/\/permbledhja.com\/sq\/wp-json\/wp\/v2\/categories?post=44929"},{"taxonomy":"post_tag","embeddable":true,"href":"https:\/\/permbledhja.com\/sq\/wp-json\/wp\/v2\/tags?post=44929"}],"curies":[{"name":"wp","href":"https:\/\/api.w.org\/{rel}","templated":true}]}}