{"id":44924,"date":"2024-01-28T10:45:00","date_gmt":"2024-01-28T10:45:00","guid":{"rendered":"https:\/\/permbledhja.com\/?p=44924"},"modified":"2024-01-28T10:45:00","modified_gmt":"2024-01-28T10:45:00","slug":"ali-ahmeti-me-veterane-te-uck-se-feston-me-kenge-te-ilir-shaqirit-e-me-cifteli-ne-kuvendin-e-rmv","status":"publish","type":"post","link":"https:\/\/permbledhja.com\/sq\/ali-ahmeti-me-veterane-te-uck-se-feston-me-kenge-te-ilir-shaqirit-e-me-cifteli-ne-kuvendin-e-rmv\/","title":{"rendered":"Ali Ahmeti me veteran\u00eb t\u00eb U\u00c7K-s\u00eb feston me k\u00ebng\u00eb t\u00eb Ilir Shaqirit e me \u00e7ifteli n\u00eb Kuvendin e RMV"},"content":{"rendered":"<h3>Veteran\u00eb t\u00eb Ushtris\u00eb \u00c7lirimtare Komb\u00ebtare n\u00eb Maqedonin\u00eb e Veriut, p\u00ebrfshir\u00eb ish-kreun e saj dhe kryetarin e partis\u00eb m\u00eb t\u00eb madhe shqiptare atje, Ali Ahmeti, ndodhen tashm\u00eb n\u00eb Kuvend, aty ku Talat Xhaferi, ish-komandant, pas pak do t\u00eb zgjidhet kryeministri i par\u00eb shqiptar.<\/h3>\n<p>Z\u00ebvend\u00ebskryeministri dhe zyrtari i Bashkimit Demokratik p\u00ebr Integrim, Artan Grubi tha se d\u00ebshiron \u201ct\u2019i ndaj\u00eb emocionet\u201d duke u lajm\u00ebruar drejtp\u00ebrdrejt n\u00eb Facebook nga ambientet e Kuvendit maqedonas, ku u d\u00ebgjuan k\u00ebng\u00eb t\u00eb Ilir Shaqirit e k\u00ebng\u00eb t\u00eb tjera shqip. Ahmeti u duk shum\u00eb i lumtur, teksa ia mori k\u00ebng\u00ebs edhe vet\u00eb.<\/p>\n<p>\u201cUrime t\u00eb gjith\u00eb shqiptar\u00ebve! \u00cbsht\u00eb ngjarje e madhe sigurisht. Te t\u00eb gjith\u00eb q\u00eb i kam takuar deri m\u00eb tani, shk\u00eblqejn\u00eb syt\u00eb te t\u00eb gjith\u00eb, ministrat e deputet\u00ebt\u201d, tha Ali Ahmeti.<\/p>\n<p>\u201cDhe nuk \u00ebsht\u00eb sukses i vog\u00ebl. P\u00ebr nj\u00eb \u00e7erek-shekulli, shqiptar\u00ebt arrijn\u00eb majat e institucioneve dhe drejtimin e shtetit. Me simbole komb\u00ebtare, me universitete\u2026\u201d, tha ai.<\/p>\n<p>\u201cT\u2019i kishe th\u00ebn\u00eb dikujt para 20 vjet\u00ebsh q\u00eb kjo do t\u00eb ndodh, t\u00eb gjith\u00eb kishin th\u00ebn\u00eb duhet n\u00eb trajtim dhe terapi neuro-psikiatrike me e \u00e7u sepse s\u2019\u00ebsht\u00eb n\u00eb rregull\u201d.<\/p>\n<p>Paraprakisht, Grubi hyri n\u00eb sall\u00ebn e Kuvendit dhe tregoi karrigen ku do t\u00eb uet kryeministri i par\u00eb shqiptar n\u00eb RMV, Talat Xhaferi.<\/p>\n<p>\u201cKjo do t\u00eb jet\u00eb karrigia ku do t\u00eb ulet Talat Xhaferi\u201d, tregoi Grubi.<\/p>\n","protected":false},"excerpt":{"rendered":"<p>Veteran\u00eb t\u00eb Ushtris\u00eb \u00c7lirimtare Komb\u00ebtare n\u00eb Maqedonin\u00eb e Veriut, p\u00ebrfshir\u00eb ish-kreun e saj dhe kryetarin e partis\u00eb m\u00eb t\u00eb madhe shqiptare atje, Ali Ahmeti, ndodhen tashm\u00eb n\u00eb Kuvend, aty ku Talat Xhaferi, ish-komandant, pas pak do t\u00eb zgjidhet kryeministri i par\u00eb shqiptar. Z\u00ebvend\u00ebskryeministri dhe zyrtari i Bashkimit Demokratik p\u00ebr Integrim, Artan Grubi tha se d\u00ebshiron [&hellip;]<\/p>\n","protected":false},"author":5,"featured_media":44925,"comment_status":"closed","ping_status":"closed","sticky":false,"template":"","format":"standard","meta":{"_monsterinsights_skip_tracking":false,"_monsterinsights_sitenote_active":false,"_monsterinsights_sitenote_note":"","_monsterinsights_sitenote_category":0,"_uf_show_specific_survey":0,"_uf_disable_surveys":false,"footnotes":""},"categories":[1146],"tags":[],"yoast_head":"<!-- This site is optimized with the Yoast SEO plugin v21.5 - https:\/\/yoast.com\/wordpress\/plugins\/seo\/ -->\n<title>Ali Ahmeti me veteran\u00eb t\u00eb U\u00c7K-s\u00eb feston me k\u00ebng\u00eb t\u00eb Ilir Shaqirit e me \u00e7ifteli n\u00eb Kuvendin e RMV<\/title>\n<meta name=\"robots\" content=\"index, follow, max-snippet:-1, max-image-preview:large, max-video-preview:-1\" \/>\n<link rel=\"canonical\" href=\"https:\/\/permbledhja.com\/sq\/ali-ahmeti-me-veterane-te-uck-se-feston-me-kenge-te-ilir-shaqirit-e-me-cifteli-ne-kuvendin-e-rmv\/\" \/>\n<meta property=\"og:locale\" content=\"sq_AL\" \/>\n<meta property=\"og:type\" content=\"article\" \/>\n<meta property=\"og:title\" content=\"Ali Ahmeti me veteran\u00eb t\u00eb U\u00c7K-s\u00eb feston me k\u00ebng\u00eb t\u00eb Ilir Shaqirit e me \u00e7ifteli n\u00eb Kuvendin e RMV\" \/>\n<meta property=\"og:description\" content=\"Veteran\u00eb t\u00eb Ushtris\u00eb \u00c7lirimtare Komb\u00ebtare n\u00eb Maqedonin\u00eb e Veriut, p\u00ebrfshir\u00eb ish-kreun e saj dhe kryetarin e partis\u00eb m\u00eb t\u00eb madhe shqiptare atje, Ali Ahmeti, ndodhen tashm\u00eb n\u00eb Kuvend, aty ku Talat Xhaferi, ish-komandant, pas pak do t\u00eb zgjidhet kryeministri i par\u00eb shqiptar. Z\u00ebvend\u00ebskryeministri dhe zyrtari i Bashkimit Demokratik p\u00ebr Integrim, Artan Grubi tha se d\u00ebshiron [&hellip;]\" \/>\n<meta property=\"og:url\" content=\"https:\/\/permbledhja.com\/sq\/ali-ahmeti-me-veterane-te-uck-se-feston-me-kenge-te-ilir-shaqirit-e-me-cifteli-ne-kuvendin-e-rmv\/\" \/>\n<meta property=\"og:site_name\" content=\"Ve\u00e7 artikuj p\u00ebrmbledh\u00ebs\" \/>\n<meta property=\"article:publisher\" content=\"https:\/\/www.facebook.com\/press07\/\" \/>\n<meta property=\"article:published_time\" content=\"2024-01-28T10:45:00+00:00\" \/>\n<meta property=\"og:image\" content=\"https:\/\/permbledhja.com\/wp-content\/uploads\/2024\/01\/ali.jpg\" \/>\n\t<meta property=\"og:image:width\" content=\"600\" \/>\n\t<meta property=\"og:image:height\" content=\"360\" \/>\n\t<meta property=\"og:image:type\" content=\"image\/jpeg\" \/>\n<meta name=\"author\" content=\"DL\" \/>\n<meta name=\"twitter:card\" content=\"summary_large_image\" \/>\n<meta name=\"twitter:label1\" content=\"Written by\" \/>\n\t<meta name=\"twitter:data1\" content=\"DL\" \/>\n\t<meta name=\"twitter:label2\" content=\"Est. reading time\" \/>\n\t<meta name=\"twitter:data2\" content=\"2 minuta\" \/>\n<script type=\"application\/ld+json\" class=\"yoast-schema-graph\">{\"@context\":\"https:\/\/schema.org\",\"@graph\":[{\"@type\":\"Article\",\"@id\":\"https:\/\/permbledhja.com\/sq\/ali-ahmeti-me-veterane-te-uck-se-feston-me-kenge-te-ilir-shaqirit-e-me-cifteli-ne-kuvendin-e-rmv\/#article\",\"isPartOf\":{\"@id\":\"https:\/\/permbledhja.com\/sq\/ali-ahmeti-me-veterane-te-uck-se-feston-me-kenge-te-ilir-shaqirit-e-me-cifteli-ne-kuvendin-e-rmv\/\"},\"author\":{\"name\":\"DL\",\"@id\":\"https:\/\/permbledhja.com\/#\/schema\/person\/9c54260cbc4c6f792cb100550491638c\"},\"headline\":\"Ali Ahmeti me veteran\u00eb t\u00eb U\u00c7K-s\u00eb feston me k\u00ebng\u00eb t\u00eb Ilir Shaqirit e me \u00e7ifteli n\u00eb Kuvendin e RMV\",\"datePublished\":\"2024-01-28T10:45:00+00:00\",\"dateModified\":\"2024-01-28T10:45:00+00:00\",\"mainEntityOfPage\":{\"@id\":\"https:\/\/permbledhja.com\/sq\/ali-ahmeti-me-veterane-te-uck-se-feston-me-kenge-te-ilir-shaqirit-e-me-cifteli-ne-kuvendin-e-rmv\/\"},\"wordCount\":259,\"publisher\":{\"@id\":\"https:\/\/permbledhja.com\/#organization\"},\"articleSection\":[\"Kryesoret\"],\"inLanguage\":\"sq\"},{\"@type\":\"WebPage\",\"@id\":\"https:\/\/permbledhja.com\/sq\/ali-ahmeti-me-veterane-te-uck-se-feston-me-kenge-te-ilir-shaqirit-e-me-cifteli-ne-kuvendin-e-rmv\/\",\"url\":\"https:\/\/permbledhja.com\/sq\/ali-ahmeti-me-veterane-te-uck-se-feston-me-kenge-te-ilir-shaqirit-e-me-cifteli-ne-kuvendin-e-rmv\/\",\"name\":\"Ali Ahmeti me veteran\u00eb t\u00eb U\u00c7K-s\u00eb feston me k\u00ebng\u00eb t\u00eb Ilir Shaqirit e me \u00e7ifteli n\u00eb Kuvendin e RMV\",\"isPartOf\":{\"@id\":\"https:\/\/permbledhja.com\/#website\"},\"datePublished\":\"2024-01-28T10:45:00+00:00\",\"dateModified\":\"2024-01-28T10:45:00+00:00\",\"breadcrumb\":{\"@id\":\"https:\/\/permbledhja.com\/sq\/ali-ahmeti-me-veterane-te-uck-se-feston-me-kenge-te-ilir-shaqirit-e-me-cifteli-ne-kuvendin-e-rmv\/#breadcrumb\"},\"inLanguage\":\"sq\",\"potentialAction\":[{\"@type\":\"ReadAction\",\"target\":[\"https:\/\/permbledhja.com\/sq\/ali-ahmeti-me-veterane-te-uck-se-feston-me-kenge-te-ilir-shaqirit-e-me-cifteli-ne-kuvendin-e-rmv\/\"]}]},{\"@type\":\"BreadcrumbList\",\"@id\":\"https:\/\/permbledhja.com\/sq\/ali-ahmeti-me-veterane-te-uck-se-feston-me-kenge-te-ilir-shaqirit-e-me-cifteli-ne-kuvendin-e-rmv\/#breadcrumb\",\"itemListElement\":[{\"@type\":\"ListItem\",\"position\":1,\"name\":\"Ballina\",\"item\":\"https:\/\/permbledhja.com\/sq\/\"},{\"@type\":\"ListItem\",\"position\":2,\"name\":\"Ali Ahmeti me veteran\u00eb t\u00eb U\u00c7K-s\u00eb feston me k\u00ebng\u00eb t\u00eb Ilir Shaqirit e me \u00e7ifteli n\u00eb Kuvendin e RMV\"}]},{\"@type\":\"WebSite\",\"@id\":\"https:\/\/permbledhja.com\/#website\",\"url\":\"https:\/\/permbledhja.com\/\",\"name\":\"Ve\u00e7 artikuj p\u00ebrmbledh\u00ebs\",\"description\":\"\",\"publisher\":{\"@id\":\"https:\/\/permbledhja.com\/#organization\"},\"potentialAction\":[{\"@type\":\"SearchAction\",\"target\":{\"@type\":\"EntryPoint\",\"urlTemplate\":\"https:\/\/permbledhja.com\/?s={search_term_string}\"},\"query-input\":\"required name=search_term_string\"}],\"inLanguage\":\"sq\"},{\"@type\":\"Organization\",\"@id\":\"https:\/\/permbledhja.com\/#organization\",\"name\":\"MK Media & Pr\",\"url\":\"https:\/\/permbledhja.com\/\",\"logo\":{\"@type\":\"ImageObject\",\"inLanguage\":\"sq\",\"@id\":\"https:\/\/permbledhja.com\/#\/schema\/logo\/image\/\",\"url\":\"https:\/\/permbledhja.com\/wp-content\/uploads\/2021\/12\/07-Press-Logo.jpg\",\"contentUrl\":\"https:\/\/permbledhja.com\/wp-content\/uploads\/2021\/12\/07-Press-Logo.jpg\",\"width\":512,\"height\":512,\"caption\":\"MK Media & Pr\"},\"image\":{\"@id\":\"https:\/\/permbledhja.com\/#\/schema\/logo\/image\/\"},\"sameAs\":[\"https:\/\/www.facebook.com\/press07\/\"]},{\"@type\":\"Person\",\"@id\":\"https:\/\/permbledhja.com\/#\/schema\/person\/9c54260cbc4c6f792cb100550491638c\",\"name\":\"DL\",\"image\":{\"@type\":\"ImageObject\",\"inLanguage\":\"sq\",\"@id\":\"https:\/\/permbledhja.com\/#\/schema\/person\/image\/\",\"url\":\"https:\/\/secure.gravatar.com\/avatar\/94503eb28d4c4b2005a5c8753e35fc80?s=96&d=mm&r=g\",\"contentUrl\":\"https:\/\/secure.gravatar.com\/avatar\/94503eb28d4c4b2005a5c8753e35fc80?s=96&d=mm&r=g\",\"caption\":\"DL\"},\"url\":\"https:\/\/permbledhja.com\/sq\/author\/dl\/\"}]}<\/script>\n<!-- \/ Yoast SEO plugin. -->","yoast_head_json":{"title":"Ali Ahmeti me veteran\u00eb t\u00eb U\u00c7K-s\u00eb feston me k\u00ebng\u00eb t\u00eb Ilir Shaqirit e me \u00e7ifteli n\u00eb Kuvendin e RMV","robots":{"index":"index","follow":"follow","max-snippet":"max-snippet:-1","max-image-preview":"max-image-preview:large","max-video-preview":"max-video-preview:-1"},"canonical":"https:\/\/permbledhja.com\/sq\/ali-ahmeti-me-veterane-te-uck-se-feston-me-kenge-te-ilir-shaqirit-e-me-cifteli-ne-kuvendin-e-rmv\/","og_locale":"sq_AL","og_type":"article","og_title":"Ali Ahmeti me veteran\u00eb t\u00eb U\u00c7K-s\u00eb feston me k\u00ebng\u00eb t\u00eb Ilir Shaqirit e me \u00e7ifteli n\u00eb Kuvendin e RMV","og_description":"Veteran\u00eb t\u00eb Ushtris\u00eb \u00c7lirimtare Komb\u00ebtare n\u00eb Maqedonin\u00eb e Veriut, p\u00ebrfshir\u00eb ish-kreun e saj dhe kryetarin e partis\u00eb m\u00eb t\u00eb madhe shqiptare atje, Ali Ahmeti, ndodhen tashm\u00eb n\u00eb Kuvend, aty ku Talat Xhaferi, ish-komandant, pas pak do t\u00eb zgjidhet kryeministri i par\u00eb shqiptar. Z\u00ebvend\u00ebskryeministri dhe zyrtari i Bashkimit Demokratik p\u00ebr Integrim, Artan Grubi tha se d\u00ebshiron [&hellip;]","og_url":"https:\/\/permbledhja.com\/sq\/ali-ahmeti-me-veterane-te-uck-se-feston-me-kenge-te-ilir-shaqirit-e-me-cifteli-ne-kuvendin-e-rmv\/","og_site_name":"Ve\u00e7 artikuj p\u00ebrmbledh\u00ebs","article_publisher":"https:\/\/www.facebook.com\/press07\/","article_published_time":"2024-01-28T10:45:00+00:00","og_image":[{"width":600,"height":360,"url":"https:\/\/permbledhja.com\/wp-content\/uploads\/2024\/01\/ali.jpg","type":"image\/jpeg"}],"author":"DL","twitter_card":"summary_large_image","twitter_misc":{"Written by":"DL","Est. reading time":"2 minuta"},"schema":{"@context":"https:\/\/schema.org","@graph":[{"@type":"Article","@id":"https:\/\/permbledhja.com\/sq\/ali-ahmeti-me-veterane-te-uck-se-feston-me-kenge-te-ilir-shaqirit-e-me-cifteli-ne-kuvendin-e-rmv\/#article","isPartOf":{"@id":"https:\/\/permbledhja.com\/sq\/ali-ahmeti-me-veterane-te-uck-se-feston-me-kenge-te-ilir-shaqirit-e-me-cifteli-ne-kuvendin-e-rmv\/"},"author":{"name":"DL","@id":"https:\/\/permbledhja.com\/#\/schema\/person\/9c54260cbc4c6f792cb100550491638c"},"headline":"Ali Ahmeti me veteran\u00eb t\u00eb U\u00c7K-s\u00eb feston me k\u00ebng\u00eb t\u00eb Ilir Shaqirit e me \u00e7ifteli n\u00eb Kuvendin e RMV","datePublished":"2024-01-28T10:45:00+00:00","dateModified":"2024-01-28T10:45:00+00:00","mainEntityOfPage":{"@id":"https:\/\/permbledhja.com\/sq\/ali-ahmeti-me-veterane-te-uck-se-feston-me-kenge-te-ilir-shaqirit-e-me-cifteli-ne-kuvendin-e-rmv\/"},"wordCount":259,"publisher":{"@id":"https:\/\/permbledhja.com\/#organization"},"articleSection":["Kryesoret"],"inLanguage":"sq"},{"@type":"WebPage","@id":"https:\/\/permbledhja.com\/sq\/ali-ahmeti-me-veterane-te-uck-se-feston-me-kenge-te-ilir-shaqirit-e-me-cifteli-ne-kuvendin-e-rmv\/","url":"https:\/\/permbledhja.com\/sq\/ali-ahmeti-me-veterane-te-uck-se-feston-me-kenge-te-ilir-shaqirit-e-me-cifteli-ne-kuvendin-e-rmv\/","name":"Ali Ahmeti me veteran\u00eb t\u00eb U\u00c7K-s\u00eb feston me k\u00ebng\u00eb t\u00eb Ilir Shaqirit e me \u00e7ifteli n\u00eb Kuvendin e RMV","isPartOf":{"@id":"https:\/\/permbledhja.com\/#website"},"datePublished":"2024-01-28T10:45:00+00:00","dateModified":"2024-01-28T10:45:00+00:00","breadcrumb":{"@id":"https:\/\/permbledhja.com\/sq\/ali-ahmeti-me-veterane-te-uck-se-feston-me-kenge-te-ilir-shaqirit-e-me-cifteli-ne-kuvendin-e-rmv\/#breadcrumb"},"inLanguage":"sq","potentialAction":[{"@type":"ReadAction","target":["https:\/\/permbledhja.com\/sq\/ali-ahmeti-me-veterane-te-uck-se-feston-me-kenge-te-ilir-shaqirit-e-me-cifteli-ne-kuvendin-e-rmv\/"]}]},{"@type":"BreadcrumbList","@id":"https:\/\/permbledhja.com\/sq\/ali-ahmeti-me-veterane-te-uck-se-feston-me-kenge-te-ilir-shaqirit-e-me-cifteli-ne-kuvendin-e-rmv\/#breadcrumb","itemListElement":[{"@type":"ListItem","position":1,"name":"Ballina","item":"https:\/\/permbledhja.com\/sq\/"},{"@type":"ListItem","position":2,"name":"Ali Ahmeti me veteran\u00eb t\u00eb U\u00c7K-s\u00eb feston me k\u00ebng\u00eb t\u00eb Ilir Shaqirit e me \u00e7ifteli n\u00eb Kuvendin e RMV"}]},{"@type":"WebSite","@id":"https:\/\/permbledhja.com\/#website","url":"https:\/\/permbledhja.com\/","name":"Ve\u00e7 artikuj p\u00ebrmbledh\u00ebs","description":"","publisher":{"@id":"https:\/\/permbledhja.com\/#organization"},"potentialAction":[{"@type":"SearchAction","target":{"@type":"EntryPoint","urlTemplate":"https:\/\/permbledhja.com\/?s={search_term_string}"},"query-input":"required name=search_term_string"}],"inLanguage":"sq"},{"@type":"Organization","@id":"https:\/\/permbledhja.com\/#organization","name":"MK Media & Pr","url":"https:\/\/permbledhja.com\/","logo":{"@type":"ImageObject","inLanguage":"sq","@id":"https:\/\/permbledhja.com\/#\/schema\/logo\/image\/","url":"https:\/\/permbledhja.com\/wp-content\/uploads\/2021\/12\/07-Press-Logo.jpg","contentUrl":"https:\/\/permbledhja.com\/wp-content\/uploads\/2021\/12\/07-Press-Logo.jpg","width":512,"height":512,"caption":"MK Media & Pr"},"image":{"@id":"https:\/\/permbledhja.com\/#\/schema\/logo\/image\/"},"sameAs":["https:\/\/www.facebook.com\/press07\/"]},{"@type":"Person","@id":"https:\/\/permbledhja.com\/#\/schema\/person\/9c54260cbc4c6f792cb100550491638c","name":"DL","image":{"@type":"ImageObject","inLanguage":"sq","@id":"https:\/\/permbledhja.com\/#\/schema\/person\/image\/","url":"https:\/\/secure.gravatar.com\/avatar\/94503eb28d4c4b2005a5c8753e35fc80?s=96&d=mm&r=g","contentUrl":"https:\/\/secure.gravatar.com\/avatar\/94503eb28d4c4b2005a5c8753e35fc80?s=96&d=mm&r=g","caption":"DL"},"url":"https:\/\/permbledhja.com\/sq\/author\/dl\/"}]}},"_links":{"self":[{"href":"https:\/\/permbledhja.com\/sq\/wp-json\/wp\/v2\/posts\/44924"}],"collection":[{"href":"https:\/\/permbledhja.com\/sq\/wp-json\/wp\/v2\/posts"}],"about":[{"href":"https:\/\/permbledhja.com\/sq\/wp-json\/wp\/v2\/types\/post"}],"author":[{"embeddable":true,"href":"https:\/\/permbledhja.com\/sq\/wp-json\/wp\/v2\/users\/5"}],"replies":[{"embeddable":true,"href":"https:\/\/permbledhja.com\/sq\/wp-json\/wp\/v2\/comments?post=44924"}],"version-history":[{"count":1,"href":"https:\/\/permbledhja.com\/sq\/wp-json\/wp\/v2\/posts\/44924\/revisions"}],"predecessor-version":[{"id":44926,"href":"https:\/\/permbledhja.com\/sq\/wp-json\/wp\/v2\/posts\/44924\/revisions\/44926"}],"wp:featuredmedia":[{"embeddable":true,"href":"https:\/\/permbledhja.com\/sq\/wp-json\/wp\/v2\/media\/44925"}],"wp:attachment":[{"href":"https:\/\/permbledhja.com\/sq\/wp-json\/wp\/v2\/media?parent=44924"}],"wp:term":[{"taxonomy":"category","embeddable":true,"href":"https:\/\/permbledhja.com\/sq\/wp-json\/wp\/v2\/categories?post=44924"},{"taxonomy":"post_tag","embeddable":true,"href":"https:\/\/permbledhja.com\/sq\/wp-json\/wp\/v2\/tags?post=44924"}],"curies":[{"name":"wp","href":"https:\/\/api.w.org\/{rel}","templated":true}]}}