{"id":44918,"date":"2024-01-28T10:22:54","date_gmt":"2024-01-28T10:22:54","guid":{"rendered":"https:\/\/permbledhja.com\/?p=44918"},"modified":"2024-01-28T10:23:48","modified_gmt":"2024-01-28T10:23:48","slug":"ldk-e-aak-akuzojne-qeverine-se-ka-deshtuar-me-strategjite-e-saj-per-parandalimin-e-ikjeve-te-profesionisteve-shendetesor","status":"publish","type":"post","link":"https:\/\/permbledhja.com\/sq\/ldk-e-aak-akuzojne-qeverine-se-ka-deshtuar-me-strategjite-e-saj-per-parandalimin-e-ikjeve-te-profesionisteve-shendetesor\/","title":{"rendered":"LDK e AAK akuzojn\u00eb qeverin\u00eb se ka d\u00ebshtuar me strategjit\u00eb e saj p\u00ebr parandalimin e ikjeve t\u00eb profesionist\u00ebve sh\u00ebndet\u00ebsor"},"content":{"rendered":"<h3>Lidhja Demokratike e Kosov\u00ebs dhe Aleanca p\u00ebr Ardhm\u00ebrin\u00eb e Kosov\u00ebs, po vler\u00ebsojn\u00eb q\u00eb shteti \u00ebsht\u00eb duke d\u00ebshtuar q\u00eb ti mbaj n\u00eb Kosov\u00eb profesionist\u00ebt sh\u00ebndet\u00ebsore.<\/h3>\n<p>Sipas tyre, n\u00ebse Qeveria e Ministria e Sh\u00ebndet\u00ebsis\u00eb e nuk nd\u00ebrmarrin hapa duke hartuar plane e strategji p\u00ebr ti joshur ata q\u00eb t\u00eb q\u00ebndrojn\u00eb n\u00eb Kosov\u00eb, numri i profesionist\u00ebve sh\u00ebndet\u00ebsor q\u00eb do ta l\u00ebshojn\u00eb vendin do t\u00eb jete shum\u00eb i madh.<\/p>\n<p>Deputeti i LDK-s\u00eb, Armend Zemaj, ka th\u00ebn\u00eb se ikja e profesionist\u00ebve sh\u00ebndet\u00ebsor \u00ebsht\u00eb nj\u00eb fatkeq\u00ebsi e madhe q\u00eb \u00ebsht\u00eb duke e goditur vendin, e q\u00eb sipas tij, \u00ebsht\u00eb duke \u2018l\u00ebnduar\u201d sektorin publik sh\u00ebndet\u00ebsor dhe at\u00eb privat.<\/p>\n<p>\u201cN\u00ebse nuk ka nj\u00eb plan\u00eb, n\u00ebse nuk ka nj\u00eb strategji p\u00ebr ti mbajtur edhe p\u00ebr ti joshur n\u00eb kuptimin edhe funksional, por edhe material mjek\u00ebt, profesionistet, specialistet, specializantet, mjek\u00ebt e rijn\u00eb, at\u00ebher\u00eb ikja do t\u00eb jet\u00eb n\u00eb vazhdim\u00ebsi. Kjo \u00ebsht\u00eb fatkeq\u00ebsi e madhe p\u00ebr sektorin publik sh\u00ebndet\u00ebsor, por e l\u00ebndon edhe at\u00eb privat, mbi t\u00eb gjitha edhe kujdesin, e sh\u00ebrbimet q\u00eb marrin qytetar\u00ebt e Kosov\u00ebs\u201d, tha ai.<\/p>\n<p>Zemaj ka th\u00ebn\u00eb se Qeveria e Ministria e Sh\u00ebndet\u00ebsis\u00eb jan\u00eb duke d\u00ebshtuar me politikat e tyre sa i p\u00ebrket sektorit t\u00eb sh\u00ebndet\u00ebsis\u00eb.<\/p>\n<p>\u201cP\u00ebr fat t\u00eb keq k\u00ebto tri vitet e fundit kan\u00eb qen\u00eb shum\u00eb t\u00eb l\u00ebnduara edhe viti tash i kat\u00ebrt i k\u00ebsaj qeverie dhe janari kemi informacione se akoma ka k\u00ebrkesa p\u00ebr largim jasht\u00eb vendit. Nd\u00ebrsa k\u00ebrkesat p\u00ebr plot\u00ebsimin e kushteve mbeten t\u00eb nj\u00ebjta dhe t\u00eb pa implemtueshme nga Qeveria aktuale. K\u00ebtu \u00ebsht\u00eb duke d\u00ebshtuar politikat e Ministris\u00eb s\u00eb Sh\u00ebndet\u00ebsis\u00eb dhe Qeveris\u00eb aktuale\u201d, ka th\u00ebn\u00eb ai.<\/p>\n<p>Deputeti i AAK-s\u00eb, Shemsedin Dreshaj, ka th\u00ebn\u00eb se ende nuk kan\u00eb para nj\u00eb strategji t\u00eb mir\u00ebfillte n\u00eb drejtim t\u00eb marrjes s\u00eb hapave konkret lidhur me ndalimin e ikjes s\u00eb profesionist\u00ebve sh\u00ebndet\u00ebsor.<\/p>\n<p>Ai tha se sipas t\u00eb dh\u00ebnave vet\u00ebm n\u00eb vitin 2023 nga vendi jan\u00eb larguar 150 mjek dhe se arsyet e largimit sipas tij, jan\u00eb kushtet e pun\u00ebs dhe pagat e ul\u00ebta.<\/p>\n<p>\u201cKjo e keqe Kosov\u00ebn ka filluar ta godas q\u00eb sa, praktikisht nga viti 2021 e k\u00ebndej pra me pandemin\u00eb kur n\u00eb m\u00ebnyr\u00eb permanent\u00eb nga viti n\u00eb vit shtohet numri i personelit mjek\u00ebsor i cili l\u00ebshon vendin realisht nga viti 2021 e k\u00ebndej. Nuk kemi pare ndonj\u00eb strategji t\u00eb mir\u00ebfillt\u00eb e cila do t\u00eb involvon shtetin ton\u00eb pra qeverin\u00eb Ministrin n\u00eb drejtim t\u00eb marrjes s\u00eb hapave konkret lidhur me ndalimin e k\u00ebtij procesi. E them k\u00ebt\u00eb p\u00ebr shkak se ne e kem me t\u00eb dh\u00ebnat q\u00eb vin\u00eb nga Oda Mjek\u00ebve ku rreth 150 mjek vet\u00ebm n\u00eb vitin q\u00eb e lam\u00eb pas, pra 2023 e kan\u00eb l\u00ebshuar Kosov\u00ebn dhe n\u00eb at\u00eb flet deklarim. Ata deklarojn\u00eb arsyet pse e t\u00ebrheqin licenc\u00ebn ajo n\u00ebnkupton q\u00eb ne duhet t\u00eb veprojm\u00eb n\u00eb ato pika. Pra ata i kan\u00eb cek kryesisht dy arsyeje pse dalin, jan\u00eb kushtet e pun\u00ebs dhe pun\u00ebsimi pra do t\u00eb thot\u00eb n\u00eb k\u00ebto dy pika\u201d, ka th\u00ebn\u00eb ai.<\/p>\n<p>Dereshaj ka th\u00ebn\u00eb se largimi i profesionist\u00ebve sh\u00ebndet\u00ebsor \u00ebsht\u00eb nj\u00eb keqe e madhe q\u00eb i ka ndodhur vendit dhe se me liberalizimin e vizave, sipas tij, ekzistojn\u00eb gjasat q\u00eb ata shum\u00eb m\u00eb leh\u00ebt gj\u00ebn\u00eb pun\u00eb dhe t\u00eb largohen nga vendi.<\/p>\n<p>\u201cNeve na nevojitet gjithsesi t\u00eb kemi implementim t\u00eb drejtp\u00ebrdrejt involvim t\u00eb shoq\u00ebris\u00eb, t\u00eb Ministris\u00eb t\u00eb qeveris\u00eb n\u00eb at\u00eb m\u00ebnyr\u00eb q\u00eb t\u00eb ndalim k\u00ebt\u00eb t\u00eb keqe. \u00cbsht\u00eb e keqe e madhe dhe kjo pas liberalizimit v\u00ebrtet ekzistojn\u00eb gjasat shum\u00eb reale q\u00eb m\u00eb lehte t\u00eb gjejn\u00eb kontaktin pun\u00ebsimin ma leht\u00eb t\u00eb ken\u00eb qasje n\u00eb institucione qofshin ato sh\u00ebndet\u00ebsor\u00eb ose arsimore n\u00eb per\u00ebndim dhe pjesa e mir\u00eb dhe pjesa \u00eb e ngritur ose e p\u00ebrzgjedhur e mjek\u00ebve dhe student\u00ebve tan\u00eb ta lejn\u00eb vendin\u201d, ka th\u00ebn\u00eb ai.<\/p>\n","protected":false},"excerpt":{"rendered":"<p>Lidhja Demokratike e Kosov\u00ebs dhe Aleanca p\u00ebr Ardhm\u00ebrin\u00eb e Kosov\u00ebs, po vler\u00ebsojn\u00eb q\u00eb shteti \u00ebsht\u00eb duke d\u00ebshtuar q\u00eb ti mbaj n\u00eb Kosov\u00eb profesionist\u00ebt sh\u00ebndet\u00ebsore. Sipas tyre, n\u00ebse Qeveria e Ministria e Sh\u00ebndet\u00ebsis\u00eb e nuk nd\u00ebrmarrin hapa duke hartuar plane e strategji p\u00ebr ti joshur ata q\u00eb t\u00eb q\u00ebndrojn\u00eb n\u00eb Kosov\u00eb, numri i profesionist\u00ebve sh\u00ebndet\u00ebsor q\u00eb [&hellip;]<\/p>\n","protected":false},"author":5,"featured_media":44919,"comment_status":"closed","ping_status":"closed","sticky":false,"template":"","format":"standard","meta":{"_monsterinsights_skip_tracking":false,"_monsterinsights_sitenote_active":false,"_monsterinsights_sitenote_note":"","_monsterinsights_sitenote_category":0,"_uf_show_specific_survey":0,"_uf_disable_surveys":false,"footnotes":""},"categories":[2645],"tags":[],"yoast_head":"<!-- This site is optimized with the Yoast SEO plugin v21.5 - https:\/\/yoast.com\/wordpress\/plugins\/seo\/ -->\n<title>LDK e AAK akuzojn\u00eb qeverin\u00eb se ka d\u00ebshtuar me strategjit\u00eb e saj p\u00ebr parandalimin e ikjeve t\u00eb profesionist\u00ebve sh\u00ebndet\u00ebsor<\/title>\n<meta name=\"robots\" content=\"index, follow, max-snippet:-1, max-image-preview:large, max-video-preview:-1\" \/>\n<link rel=\"canonical\" href=\"https:\/\/permbledhja.com\/sq\/ldk-e-aak-akuzojne-qeverine-se-ka-deshtuar-me-strategjite-e-saj-per-parandalimin-e-ikjeve-te-profesionisteve-shendetesor\/\" \/>\n<meta property=\"og:locale\" content=\"sq_AL\" \/>\n<meta property=\"og:type\" content=\"article\" \/>\n<meta property=\"og:title\" content=\"LDK e AAK akuzojn\u00eb qeverin\u00eb se ka d\u00ebshtuar me strategjit\u00eb e saj p\u00ebr parandalimin e ikjeve t\u00eb profesionist\u00ebve sh\u00ebndet\u00ebsor\" \/>\n<meta property=\"og:description\" content=\"Lidhja Demokratike e Kosov\u00ebs dhe Aleanca p\u00ebr Ardhm\u00ebrin\u00eb e Kosov\u00ebs, po vler\u00ebsojn\u00eb q\u00eb shteti \u00ebsht\u00eb duke d\u00ebshtuar q\u00eb ti mbaj n\u00eb Kosov\u00eb profesionist\u00ebt sh\u00ebndet\u00ebsore. Sipas tyre, n\u00ebse Qeveria e Ministria e Sh\u00ebndet\u00ebsis\u00eb e nuk nd\u00ebrmarrin hapa duke hartuar plane e strategji p\u00ebr ti joshur ata q\u00eb t\u00eb q\u00ebndrojn\u00eb n\u00eb Kosov\u00eb, numri i profesionist\u00ebve sh\u00ebndet\u00ebsor q\u00eb [&hellip;]\" \/>\n<meta property=\"og:url\" content=\"https:\/\/permbledhja.com\/sq\/ldk-e-aak-akuzojne-qeverine-se-ka-deshtuar-me-strategjite-e-saj-per-parandalimin-e-ikjeve-te-profesionisteve-shendetesor\/\" \/>\n<meta property=\"og:site_name\" content=\"Ve\u00e7 artikuj p\u00ebrmbledh\u00ebs\" \/>\n<meta property=\"article:publisher\" content=\"https:\/\/www.facebook.com\/press07\/\" \/>\n<meta property=\"article:published_time\" content=\"2024-01-28T10:22:54+00:00\" \/>\n<meta property=\"article:modified_time\" content=\"2024-01-28T10:23:48+00:00\" \/>\n<meta property=\"og:image\" content=\"https:\/\/permbledhja.com\/wp-content\/uploads\/2024\/01\/la.jpg\" \/>\n\t<meta property=\"og:image:width\" content=\"645\" \/>\n\t<meta property=\"og:image:height\" content=\"263\" \/>\n\t<meta property=\"og:image:type\" content=\"image\/jpeg\" \/>\n<meta name=\"author\" content=\"DL\" \/>\n<meta name=\"twitter:card\" content=\"summary_large_image\" \/>\n<meta name=\"twitter:label1\" content=\"Written by\" \/>\n\t<meta name=\"twitter:data1\" content=\"DL\" \/>\n\t<meta name=\"twitter:label2\" content=\"Est. reading time\" \/>\n\t<meta name=\"twitter:data2\" content=\"4 minuta\" \/>\n<script type=\"application\/ld+json\" class=\"yoast-schema-graph\">{\"@context\":\"https:\/\/schema.org\",\"@graph\":[{\"@type\":\"Article\",\"@id\":\"https:\/\/permbledhja.com\/sq\/ldk-e-aak-akuzojne-qeverine-se-ka-deshtuar-me-strategjite-e-saj-per-parandalimin-e-ikjeve-te-profesionisteve-shendetesor\/#article\",\"isPartOf\":{\"@id\":\"https:\/\/permbledhja.com\/sq\/ldk-e-aak-akuzojne-qeverine-se-ka-deshtuar-me-strategjite-e-saj-per-parandalimin-e-ikjeve-te-profesionisteve-shendetesor\/\"},\"author\":{\"name\":\"DL\",\"@id\":\"https:\/\/permbledhja.com\/#\/schema\/person\/9c54260cbc4c6f792cb100550491638c\"},\"headline\":\"LDK e AAK akuzojn\u00eb qeverin\u00eb se ka d\u00ebshtuar me strategjit\u00eb e saj p\u00ebr parandalimin e ikjeve t\u00eb profesionist\u00ebve sh\u00ebndet\u00ebsor\",\"datePublished\":\"2024-01-28T10:22:54+00:00\",\"dateModified\":\"2024-01-28T10:23:48+00:00\",\"mainEntityOfPage\":{\"@id\":\"https:\/\/permbledhja.com\/sq\/ldk-e-aak-akuzojne-qeverine-se-ka-deshtuar-me-strategjite-e-saj-per-parandalimin-e-ikjeve-te-profesionisteve-shendetesor\/\"},\"wordCount\":729,\"publisher\":{\"@id\":\"https:\/\/permbledhja.com\/#organization\"},\"articleSection\":[\"T\u00eb r\u00ebnd\u00ebsishme\"],\"inLanguage\":\"sq\"},{\"@type\":\"WebPage\",\"@id\":\"https:\/\/permbledhja.com\/sq\/ldk-e-aak-akuzojne-qeverine-se-ka-deshtuar-me-strategjite-e-saj-per-parandalimin-e-ikjeve-te-profesionisteve-shendetesor\/\",\"url\":\"https:\/\/permbledhja.com\/sq\/ldk-e-aak-akuzojne-qeverine-se-ka-deshtuar-me-strategjite-e-saj-per-parandalimin-e-ikjeve-te-profesionisteve-shendetesor\/\",\"name\":\"LDK e AAK akuzojn\u00eb qeverin\u00eb se ka d\u00ebshtuar me strategjit\u00eb e saj p\u00ebr parandalimin e ikjeve t\u00eb profesionist\u00ebve sh\u00ebndet\u00ebsor\",\"isPartOf\":{\"@id\":\"https:\/\/permbledhja.com\/#website\"},\"datePublished\":\"2024-01-28T10:22:54+00:00\",\"dateModified\":\"2024-01-28T10:23:48+00:00\",\"breadcrumb\":{\"@id\":\"https:\/\/permbledhja.com\/sq\/ldk-e-aak-akuzojne-qeverine-se-ka-deshtuar-me-strategjite-e-saj-per-parandalimin-e-ikjeve-te-profesionisteve-shendetesor\/#breadcrumb\"},\"inLanguage\":\"sq\",\"potentialAction\":[{\"@type\":\"ReadAction\",\"target\":[\"https:\/\/permbledhja.com\/sq\/ldk-e-aak-akuzojne-qeverine-se-ka-deshtuar-me-strategjite-e-saj-per-parandalimin-e-ikjeve-te-profesionisteve-shendetesor\/\"]}]},{\"@type\":\"BreadcrumbList\",\"@id\":\"https:\/\/permbledhja.com\/sq\/ldk-e-aak-akuzojne-qeverine-se-ka-deshtuar-me-strategjite-e-saj-per-parandalimin-e-ikjeve-te-profesionisteve-shendetesor\/#breadcrumb\",\"itemListElement\":[{\"@type\":\"ListItem\",\"position\":1,\"name\":\"Ballina\",\"item\":\"https:\/\/permbledhja.com\/sq\/\"},{\"@type\":\"ListItem\",\"position\":2,\"name\":\"LDK e AAK akuzojn\u00eb qeverin\u00eb se ka d\u00ebshtuar me strategjit\u00eb e saj p\u00ebr parandalimin e ikjeve t\u00eb profesionist\u00ebve sh\u00ebndet\u00ebsor\"}]},{\"@type\":\"WebSite\",\"@id\":\"https:\/\/permbledhja.com\/#website\",\"url\":\"https:\/\/permbledhja.com\/\",\"name\":\"Ve\u00e7 artikuj p\u00ebrmbledh\u00ebs\",\"description\":\"\",\"publisher\":{\"@id\":\"https:\/\/permbledhja.com\/#organization\"},\"potentialAction\":[{\"@type\":\"SearchAction\",\"target\":{\"@type\":\"EntryPoint\",\"urlTemplate\":\"https:\/\/permbledhja.com\/?s={search_term_string}\"},\"query-input\":\"required name=search_term_string\"}],\"inLanguage\":\"sq\"},{\"@type\":\"Organization\",\"@id\":\"https:\/\/permbledhja.com\/#organization\",\"name\":\"MK Media & Pr\",\"url\":\"https:\/\/permbledhja.com\/\",\"logo\":{\"@type\":\"ImageObject\",\"inLanguage\":\"sq\",\"@id\":\"https:\/\/permbledhja.com\/#\/schema\/logo\/image\/\",\"url\":\"https:\/\/permbledhja.com\/wp-content\/uploads\/2021\/12\/07-Press-Logo.jpg\",\"contentUrl\":\"https:\/\/permbledhja.com\/wp-content\/uploads\/2021\/12\/07-Press-Logo.jpg\",\"width\":512,\"height\":512,\"caption\":\"MK Media & Pr\"},\"image\":{\"@id\":\"https:\/\/permbledhja.com\/#\/schema\/logo\/image\/\"},\"sameAs\":[\"https:\/\/www.facebook.com\/press07\/\"]},{\"@type\":\"Person\",\"@id\":\"https:\/\/permbledhja.com\/#\/schema\/person\/9c54260cbc4c6f792cb100550491638c\",\"name\":\"DL\",\"image\":{\"@type\":\"ImageObject\",\"inLanguage\":\"sq\",\"@id\":\"https:\/\/permbledhja.com\/#\/schema\/person\/image\/\",\"url\":\"https:\/\/secure.gravatar.com\/avatar\/94503eb28d4c4b2005a5c8753e35fc80?s=96&d=mm&r=g\",\"contentUrl\":\"https:\/\/secure.gravatar.com\/avatar\/94503eb28d4c4b2005a5c8753e35fc80?s=96&d=mm&r=g\",\"caption\":\"DL\"},\"url\":\"https:\/\/permbledhja.com\/sq\/author\/dl\/\"}]}<\/script>\n<!-- \/ Yoast SEO plugin. -->","yoast_head_json":{"title":"LDK e AAK akuzojn\u00eb qeverin\u00eb se ka d\u00ebshtuar me strategjit\u00eb e saj p\u00ebr parandalimin e ikjeve t\u00eb profesionist\u00ebve sh\u00ebndet\u00ebsor","robots":{"index":"index","follow":"follow","max-snippet":"max-snippet:-1","max-image-preview":"max-image-preview:large","max-video-preview":"max-video-preview:-1"},"canonical":"https:\/\/permbledhja.com\/sq\/ldk-e-aak-akuzojne-qeverine-se-ka-deshtuar-me-strategjite-e-saj-per-parandalimin-e-ikjeve-te-profesionisteve-shendetesor\/","og_locale":"sq_AL","og_type":"article","og_title":"LDK e AAK akuzojn\u00eb qeverin\u00eb se ka d\u00ebshtuar me strategjit\u00eb e saj p\u00ebr parandalimin e ikjeve t\u00eb profesionist\u00ebve sh\u00ebndet\u00ebsor","og_description":"Lidhja Demokratike e Kosov\u00ebs dhe Aleanca p\u00ebr Ardhm\u00ebrin\u00eb e Kosov\u00ebs, po vler\u00ebsojn\u00eb q\u00eb shteti \u00ebsht\u00eb duke d\u00ebshtuar q\u00eb ti mbaj n\u00eb Kosov\u00eb profesionist\u00ebt sh\u00ebndet\u00ebsore. Sipas tyre, n\u00ebse Qeveria e Ministria e Sh\u00ebndet\u00ebsis\u00eb e nuk nd\u00ebrmarrin hapa duke hartuar plane e strategji p\u00ebr ti joshur ata q\u00eb t\u00eb q\u00ebndrojn\u00eb n\u00eb Kosov\u00eb, numri i profesionist\u00ebve sh\u00ebndet\u00ebsor q\u00eb [&hellip;]","og_url":"https:\/\/permbledhja.com\/sq\/ldk-e-aak-akuzojne-qeverine-se-ka-deshtuar-me-strategjite-e-saj-per-parandalimin-e-ikjeve-te-profesionisteve-shendetesor\/","og_site_name":"Ve\u00e7 artikuj p\u00ebrmbledh\u00ebs","article_publisher":"https:\/\/www.facebook.com\/press07\/","article_published_time":"2024-01-28T10:22:54+00:00","article_modified_time":"2024-01-28T10:23:48+00:00","og_image":[{"width":645,"height":263,"url":"https:\/\/permbledhja.com\/wp-content\/uploads\/2024\/01\/la.jpg","type":"image\/jpeg"}],"author":"DL","twitter_card":"summary_large_image","twitter_misc":{"Written by":"DL","Est. reading time":"4 minuta"},"schema":{"@context":"https:\/\/schema.org","@graph":[{"@type":"Article","@id":"https:\/\/permbledhja.com\/sq\/ldk-e-aak-akuzojne-qeverine-se-ka-deshtuar-me-strategjite-e-saj-per-parandalimin-e-ikjeve-te-profesionisteve-shendetesor\/#article","isPartOf":{"@id":"https:\/\/permbledhja.com\/sq\/ldk-e-aak-akuzojne-qeverine-se-ka-deshtuar-me-strategjite-e-saj-per-parandalimin-e-ikjeve-te-profesionisteve-shendetesor\/"},"author":{"name":"DL","@id":"https:\/\/permbledhja.com\/#\/schema\/person\/9c54260cbc4c6f792cb100550491638c"},"headline":"LDK e AAK akuzojn\u00eb qeverin\u00eb se ka d\u00ebshtuar me strategjit\u00eb e saj p\u00ebr parandalimin e ikjeve t\u00eb profesionist\u00ebve sh\u00ebndet\u00ebsor","datePublished":"2024-01-28T10:22:54+00:00","dateModified":"2024-01-28T10:23:48+00:00","mainEntityOfPage":{"@id":"https:\/\/permbledhja.com\/sq\/ldk-e-aak-akuzojne-qeverine-se-ka-deshtuar-me-strategjite-e-saj-per-parandalimin-e-ikjeve-te-profesionisteve-shendetesor\/"},"wordCount":729,"publisher":{"@id":"https:\/\/permbledhja.com\/#organization"},"articleSection":["T\u00eb r\u00ebnd\u00ebsishme"],"inLanguage":"sq"},{"@type":"WebPage","@id":"https:\/\/permbledhja.com\/sq\/ldk-e-aak-akuzojne-qeverine-se-ka-deshtuar-me-strategjite-e-saj-per-parandalimin-e-ikjeve-te-profesionisteve-shendetesor\/","url":"https:\/\/permbledhja.com\/sq\/ldk-e-aak-akuzojne-qeverine-se-ka-deshtuar-me-strategjite-e-saj-per-parandalimin-e-ikjeve-te-profesionisteve-shendetesor\/","name":"LDK e AAK akuzojn\u00eb qeverin\u00eb se ka d\u00ebshtuar me strategjit\u00eb e saj p\u00ebr parandalimin e ikjeve t\u00eb profesionist\u00ebve sh\u00ebndet\u00ebsor","isPartOf":{"@id":"https:\/\/permbledhja.com\/#website"},"datePublished":"2024-01-28T10:22:54+00:00","dateModified":"2024-01-28T10:23:48+00:00","breadcrumb":{"@id":"https:\/\/permbledhja.com\/sq\/ldk-e-aak-akuzojne-qeverine-se-ka-deshtuar-me-strategjite-e-saj-per-parandalimin-e-ikjeve-te-profesionisteve-shendetesor\/#breadcrumb"},"inLanguage":"sq","potentialAction":[{"@type":"ReadAction","target":["https:\/\/permbledhja.com\/sq\/ldk-e-aak-akuzojne-qeverine-se-ka-deshtuar-me-strategjite-e-saj-per-parandalimin-e-ikjeve-te-profesionisteve-shendetesor\/"]}]},{"@type":"BreadcrumbList","@id":"https:\/\/permbledhja.com\/sq\/ldk-e-aak-akuzojne-qeverine-se-ka-deshtuar-me-strategjite-e-saj-per-parandalimin-e-ikjeve-te-profesionisteve-shendetesor\/#breadcrumb","itemListElement":[{"@type":"ListItem","position":1,"name":"Ballina","item":"https:\/\/permbledhja.com\/sq\/"},{"@type":"ListItem","position":2,"name":"LDK e AAK akuzojn\u00eb qeverin\u00eb se ka d\u00ebshtuar me strategjit\u00eb e saj p\u00ebr parandalimin e ikjeve t\u00eb profesionist\u00ebve sh\u00ebndet\u00ebsor"}]},{"@type":"WebSite","@id":"https:\/\/permbledhja.com\/#website","url":"https:\/\/permbledhja.com\/","name":"Ve\u00e7 artikuj p\u00ebrmbledh\u00ebs","description":"","publisher":{"@id":"https:\/\/permbledhja.com\/#organization"},"potentialAction":[{"@type":"SearchAction","target":{"@type":"EntryPoint","urlTemplate":"https:\/\/permbledhja.com\/?s={search_term_string}"},"query-input":"required name=search_term_string"}],"inLanguage":"sq"},{"@type":"Organization","@id":"https:\/\/permbledhja.com\/#organization","name":"MK Media & Pr","url":"https:\/\/permbledhja.com\/","logo":{"@type":"ImageObject","inLanguage":"sq","@id":"https:\/\/permbledhja.com\/#\/schema\/logo\/image\/","url":"https:\/\/permbledhja.com\/wp-content\/uploads\/2021\/12\/07-Press-Logo.jpg","contentUrl":"https:\/\/permbledhja.com\/wp-content\/uploads\/2021\/12\/07-Press-Logo.jpg","width":512,"height":512,"caption":"MK Media & Pr"},"image":{"@id":"https:\/\/permbledhja.com\/#\/schema\/logo\/image\/"},"sameAs":["https:\/\/www.facebook.com\/press07\/"]},{"@type":"Person","@id":"https:\/\/permbledhja.com\/#\/schema\/person\/9c54260cbc4c6f792cb100550491638c","name":"DL","image":{"@type":"ImageObject","inLanguage":"sq","@id":"https:\/\/permbledhja.com\/#\/schema\/person\/image\/","url":"https:\/\/secure.gravatar.com\/avatar\/94503eb28d4c4b2005a5c8753e35fc80?s=96&d=mm&r=g","contentUrl":"https:\/\/secure.gravatar.com\/avatar\/94503eb28d4c4b2005a5c8753e35fc80?s=96&d=mm&r=g","caption":"DL"},"url":"https:\/\/permbledhja.com\/sq\/author\/dl\/"}]}},"_links":{"self":[{"href":"https:\/\/permbledhja.com\/sq\/wp-json\/wp\/v2\/posts\/44918"}],"collection":[{"href":"https:\/\/permbledhja.com\/sq\/wp-json\/wp\/v2\/posts"}],"about":[{"href":"https:\/\/permbledhja.com\/sq\/wp-json\/wp\/v2\/types\/post"}],"author":[{"embeddable":true,"href":"https:\/\/permbledhja.com\/sq\/wp-json\/wp\/v2\/users\/5"}],"replies":[{"embeddable":true,"href":"https:\/\/permbledhja.com\/sq\/wp-json\/wp\/v2\/comments?post=44918"}],"version-history":[{"count":1,"href":"https:\/\/permbledhja.com\/sq\/wp-json\/wp\/v2\/posts\/44918\/revisions"}],"predecessor-version":[{"id":44920,"href":"https:\/\/permbledhja.com\/sq\/wp-json\/wp\/v2\/posts\/44918\/revisions\/44920"}],"wp:featuredmedia":[{"embeddable":true,"href":"https:\/\/permbledhja.com\/sq\/wp-json\/wp\/v2\/media\/44919"}],"wp:attachment":[{"href":"https:\/\/permbledhja.com\/sq\/wp-json\/wp\/v2\/media?parent=44918"}],"wp:term":[{"taxonomy":"category","embeddable":true,"href":"https:\/\/permbledhja.com\/sq\/wp-json\/wp\/v2\/categories?post=44918"},{"taxonomy":"post_tag","embeddable":true,"href":"https:\/\/permbledhja.com\/sq\/wp-json\/wp\/v2\/tags?post=44918"}],"curies":[{"name":"wp","href":"https:\/\/api.w.org\/{rel}","templated":true}]}}