{"id":44916,"date":"2024-01-28T10:15:28","date_gmt":"2024-01-28T10:15:28","guid":{"rendered":"https:\/\/permbledhja.com\/?p=44916"},"modified":"2024-01-28T10:15:28","modified_gmt":"2024-01-28T10:15:28","slug":"aksident-ne-autostraden-arber-xhaferi-lendohen-dy-persona","status":"publish","type":"post","link":"https:\/\/permbledhja.com\/sq\/aksident-ne-autostraden-arber-xhaferi-lendohen-dy-persona\/","title":{"rendered":"Aksident n\u00eb autostrad\u00ebn \u201cArb\u00ebr Xhaferi\u201d, l\u00ebndohen dy persona"},"content":{"rendered":"<h3>Dy persona kan\u00eb mbetur t\u00eb l\u00ebnduar si pasoj e nj\u00eb aksidenti mes nj\u00eb automjeti p\u00ebr furnizim me derivate dhe nj\u00eb veture n\u00eb autostrad\u00ebn \u201cArb\u00ebr Xhaferi\u201d, raporton Policia e Kosov\u00ebs.<\/h3>\n<p>Sipas Policis\u00eb, t\u00eb l\u00ebnduar kan\u00eb pranuar tretman mjek\u00ebsor.<\/p>\n<p>\u201cAutostrada-Arb\u00ebr Xhaferi (km-29) \/27.01.2024 \u2013 10:30. \u00cbsht\u00eb shkaktuar aksident trafiku n\u00eb t\u00eb cilin \u00ebsht\u00eb p\u00ebrfshir\u00eb nj\u00eb automjet-cistern\u00eb p\u00ebr furnizim me derivate, dhe nj\u00eb vetur\u00eb. Si pasoj\u00eb, l\u00ebndime t\u00eb lehta kan\u00eb p\u00ebsuar dy persona (nj\u00eb mashkull dhe nj\u00eb fem\u00ebr) kosovar\u00eb, t\u00eb cil\u00ebt pas tretmanit mjek\u00ebsor jan\u00eb liruar. Rasti n\u00eb procedur\u00eb t\u00eb rregullt\u201d, thuhet n\u00eb raportin 24 or\u00ebsh t\u00eb Policis\u00eb s\u00eb Kosov\u00ebs.<\/p>\n","protected":false},"excerpt":{"rendered":"<p>Dy persona kan\u00eb mbetur t\u00eb l\u00ebnduar si pasoj e nj\u00eb aksidenti mes nj\u00eb automjeti p\u00ebr furnizim me derivate dhe nj\u00eb veture n\u00eb autostrad\u00ebn \u201cArb\u00ebr Xhaferi\u201d, raporton Policia e Kosov\u00ebs. Sipas Policis\u00eb, t\u00eb l\u00ebnduar kan\u00eb pranuar tretman mjek\u00ebsor. \u201cAutostrada-Arb\u00ebr Xhaferi (km-29) \/27.01.2024 \u2013 10:30. \u00cbsht\u00eb shkaktuar aksident trafiku n\u00eb t\u00eb cilin \u00ebsht\u00eb p\u00ebrfshir\u00eb nj\u00eb automjet-cistern\u00eb p\u00ebr [&hellip;]<\/p>\n","protected":false},"author":5,"featured_media":37627,"comment_status":"closed","ping_status":"closed","sticky":false,"template":"","format":"standard","meta":{"_monsterinsights_skip_tracking":false,"_monsterinsights_sitenote_active":false,"_monsterinsights_sitenote_note":"","_monsterinsights_sitenote_category":0,"_uf_show_specific_survey":0,"_uf_disable_surveys":false,"footnotes":""},"categories":[15],"tags":[],"yoast_head":"<!-- This site is optimized with the Yoast SEO plugin v21.5 - https:\/\/yoast.com\/wordpress\/plugins\/seo\/ -->\n<title>Aksident n\u00eb autostrad\u00ebn \u201cArb\u00ebr Xhaferi\u201d, l\u00ebndohen dy persona<\/title>\n<meta name=\"robots\" content=\"index, follow, max-snippet:-1, max-image-preview:large, max-video-preview:-1\" \/>\n<link rel=\"canonical\" href=\"https:\/\/permbledhja.com\/sq\/aksident-ne-autostraden-arber-xhaferi-lendohen-dy-persona\/\" \/>\n<meta property=\"og:locale\" content=\"sq_AL\" \/>\n<meta property=\"og:type\" content=\"article\" \/>\n<meta property=\"og:title\" content=\"Aksident n\u00eb autostrad\u00ebn \u201cArb\u00ebr Xhaferi\u201d, l\u00ebndohen dy persona\" \/>\n<meta property=\"og:description\" content=\"Dy persona kan\u00eb mbetur t\u00eb l\u00ebnduar si pasoj e nj\u00eb aksidenti mes nj\u00eb automjeti p\u00ebr furnizim me derivate dhe nj\u00eb veture n\u00eb autostrad\u00ebn \u201cArb\u00ebr Xhaferi\u201d, raporton Policia e Kosov\u00ebs. Sipas Policis\u00eb, t\u00eb l\u00ebnduar kan\u00eb pranuar tretman mjek\u00ebsor. \u201cAutostrada-Arb\u00ebr Xhaferi (km-29) \/27.01.2024 \u2013 10:30. \u00cbsht\u00eb shkaktuar aksident trafiku n\u00eb t\u00eb cilin \u00ebsht\u00eb p\u00ebrfshir\u00eb nj\u00eb automjet-cistern\u00eb p\u00ebr [&hellip;]\" \/>\n<meta property=\"og:url\" content=\"https:\/\/permbledhja.com\/sq\/aksident-ne-autostraden-arber-xhaferi-lendohen-dy-persona\/\" \/>\n<meta property=\"og:site_name\" content=\"Ve\u00e7 artikuj p\u00ebrmbledh\u00ebs\" \/>\n<meta property=\"article:publisher\" content=\"https:\/\/www.facebook.com\/press07\/\" \/>\n<meta property=\"article:published_time\" content=\"2024-01-28T10:15:28+00:00\" \/>\n<meta property=\"og:image\" content=\"https:\/\/permbledhja.com\/wp-content\/uploads\/2023\/11\/aksident-trafiku-foto.jpg\" \/>\n\t<meta property=\"og:image:width\" content=\"582\" \/>\n\t<meta property=\"og:image:height\" content=\"382\" \/>\n\t<meta property=\"og:image:type\" content=\"image\/jpeg\" \/>\n<meta name=\"author\" content=\"DL\" \/>\n<meta name=\"twitter:card\" content=\"summary_large_image\" \/>\n<meta name=\"twitter:label1\" content=\"Written by\" \/>\n\t<meta name=\"twitter:data1\" content=\"DL\" \/>\n\t<meta name=\"twitter:label2\" content=\"Est. reading time\" \/>\n\t<meta name=\"twitter:data2\" content=\"1 minut\u00eb\" \/>\n<script type=\"application\/ld+json\" class=\"yoast-schema-graph\">{\"@context\":\"https:\/\/schema.org\",\"@graph\":[{\"@type\":\"Article\",\"@id\":\"https:\/\/permbledhja.com\/aksident-ne-autostraden-arber-xhaferi-lendohen-dy-persona\/#article\",\"isPartOf\":{\"@id\":\"https:\/\/permbledhja.com\/aksident-ne-autostraden-arber-xhaferi-lendohen-dy-persona\/\"},\"author\":{\"name\":\"DL\",\"@id\":\"https:\/\/permbledhja.com\/#\/schema\/person\/9c54260cbc4c6f792cb100550491638c\"},\"headline\":\"Aksident n\u00eb autostrad\u00ebn \u201cArb\u00ebr Xhaferi\u201d, l\u00ebndohen dy persona\",\"datePublished\":\"2024-01-28T10:15:28+00:00\",\"dateModified\":\"2024-01-28T10:15:28+00:00\",\"mainEntityOfPage\":{\"@id\":\"https:\/\/permbledhja.com\/aksident-ne-autostraden-arber-xhaferi-lendohen-dy-persona\/\"},\"wordCount\":121,\"publisher\":{\"@id\":\"https:\/\/permbledhja.com\/#organization\"},\"articleSection\":[\"Lajme\"],\"inLanguage\":\"sq\"},{\"@type\":\"WebPage\",\"@id\":\"https:\/\/permbledhja.com\/aksident-ne-autostraden-arber-xhaferi-lendohen-dy-persona\/\",\"url\":\"https:\/\/permbledhja.com\/aksident-ne-autostraden-arber-xhaferi-lendohen-dy-persona\/\",\"name\":\"Aksident n\u00eb autostrad\u00ebn \u201cArb\u00ebr Xhaferi\u201d, l\u00ebndohen dy persona\",\"isPartOf\":{\"@id\":\"https:\/\/permbledhja.com\/#website\"},\"datePublished\":\"2024-01-28T10:15:28+00:00\",\"dateModified\":\"2024-01-28T10:15:28+00:00\",\"breadcrumb\":{\"@id\":\"https:\/\/permbledhja.com\/aksident-ne-autostraden-arber-xhaferi-lendohen-dy-persona\/#breadcrumb\"},\"inLanguage\":\"sq\",\"potentialAction\":[{\"@type\":\"ReadAction\",\"target\":[\"https:\/\/permbledhja.com\/aksident-ne-autostraden-arber-xhaferi-lendohen-dy-persona\/\"]}]},{\"@type\":\"BreadcrumbList\",\"@id\":\"https:\/\/permbledhja.com\/aksident-ne-autostraden-arber-xhaferi-lendohen-dy-persona\/#breadcrumb\",\"itemListElement\":[{\"@type\":\"ListItem\",\"position\":1,\"name\":\"Ballina\",\"item\":\"https:\/\/permbledhja.com\/sq\/\"},{\"@type\":\"ListItem\",\"position\":2,\"name\":\"Aksident n\u00eb autostrad\u00ebn \u201cArb\u00ebr Xhaferi\u201d, l\u00ebndohen dy persona\"}]},{\"@type\":\"WebSite\",\"@id\":\"https:\/\/permbledhja.com\/#website\",\"url\":\"https:\/\/permbledhja.com\/\",\"name\":\"Ve\u00e7 artikuj p\u00ebrmbledh\u00ebs\",\"description\":\"\",\"publisher\":{\"@id\":\"https:\/\/permbledhja.com\/#organization\"},\"potentialAction\":[{\"@type\":\"SearchAction\",\"target\":{\"@type\":\"EntryPoint\",\"urlTemplate\":\"https:\/\/permbledhja.com\/?s={search_term_string}\"},\"query-input\":\"required name=search_term_string\"}],\"inLanguage\":\"sq\"},{\"@type\":\"Organization\",\"@id\":\"https:\/\/permbledhja.com\/#organization\",\"name\":\"MK Media & Pr\",\"url\":\"https:\/\/permbledhja.com\/\",\"logo\":{\"@type\":\"ImageObject\",\"inLanguage\":\"sq\",\"@id\":\"https:\/\/permbledhja.com\/#\/schema\/logo\/image\/\",\"url\":\"https:\/\/permbledhja.com\/wp-content\/uploads\/2021\/12\/07-Press-Logo.jpg\",\"contentUrl\":\"https:\/\/permbledhja.com\/wp-content\/uploads\/2021\/12\/07-Press-Logo.jpg\",\"width\":512,\"height\":512,\"caption\":\"MK Media & Pr\"},\"image\":{\"@id\":\"https:\/\/permbledhja.com\/#\/schema\/logo\/image\/\"},\"sameAs\":[\"https:\/\/www.facebook.com\/press07\/\"]},{\"@type\":\"Person\",\"@id\":\"https:\/\/permbledhja.com\/#\/schema\/person\/9c54260cbc4c6f792cb100550491638c\",\"name\":\"DL\",\"image\":{\"@type\":\"ImageObject\",\"inLanguage\":\"sq\",\"@id\":\"https:\/\/permbledhja.com\/#\/schema\/person\/image\/\",\"url\":\"https:\/\/secure.gravatar.com\/avatar\/94503eb28d4c4b2005a5c8753e35fc80?s=96&d=mm&r=g\",\"contentUrl\":\"https:\/\/secure.gravatar.com\/avatar\/94503eb28d4c4b2005a5c8753e35fc80?s=96&d=mm&r=g\",\"caption\":\"DL\"},\"url\":\"https:\/\/permbledhja.com\/sq\/author\/dl\/\"}]}<\/script>\n<!-- \/ Yoast SEO plugin. -->","yoast_head_json":{"title":"Aksident n\u00eb autostrad\u00ebn \u201cArb\u00ebr Xhaferi\u201d, l\u00ebndohen dy persona","robots":{"index":"index","follow":"follow","max-snippet":"max-snippet:-1","max-image-preview":"max-image-preview:large","max-video-preview":"max-video-preview:-1"},"canonical":"https:\/\/permbledhja.com\/sq\/aksident-ne-autostraden-arber-xhaferi-lendohen-dy-persona\/","og_locale":"sq_AL","og_type":"article","og_title":"Aksident n\u00eb autostrad\u00ebn \u201cArb\u00ebr Xhaferi\u201d, l\u00ebndohen dy persona","og_description":"Dy persona kan\u00eb mbetur t\u00eb l\u00ebnduar si pasoj e nj\u00eb aksidenti mes nj\u00eb automjeti p\u00ebr furnizim me derivate dhe nj\u00eb veture n\u00eb autostrad\u00ebn \u201cArb\u00ebr Xhaferi\u201d, raporton Policia e Kosov\u00ebs. Sipas Policis\u00eb, t\u00eb l\u00ebnduar kan\u00eb pranuar tretman mjek\u00ebsor. \u201cAutostrada-Arb\u00ebr Xhaferi (km-29) \/27.01.2024 \u2013 10:30. \u00cbsht\u00eb shkaktuar aksident trafiku n\u00eb t\u00eb cilin \u00ebsht\u00eb p\u00ebrfshir\u00eb nj\u00eb automjet-cistern\u00eb p\u00ebr [&hellip;]","og_url":"https:\/\/permbledhja.com\/sq\/aksident-ne-autostraden-arber-xhaferi-lendohen-dy-persona\/","og_site_name":"Ve\u00e7 artikuj p\u00ebrmbledh\u00ebs","article_publisher":"https:\/\/www.facebook.com\/press07\/","article_published_time":"2024-01-28T10:15:28+00:00","og_image":[{"width":582,"height":382,"url":"https:\/\/permbledhja.com\/wp-content\/uploads\/2023\/11\/aksident-trafiku-foto.jpg","type":"image\/jpeg"}],"author":"DL","twitter_card":"summary_large_image","twitter_misc":{"Written by":"DL","Est. reading time":"1 minut\u00eb"},"schema":{"@context":"https:\/\/schema.org","@graph":[{"@type":"Article","@id":"https:\/\/permbledhja.com\/aksident-ne-autostraden-arber-xhaferi-lendohen-dy-persona\/#article","isPartOf":{"@id":"https:\/\/permbledhja.com\/aksident-ne-autostraden-arber-xhaferi-lendohen-dy-persona\/"},"author":{"name":"DL","@id":"https:\/\/permbledhja.com\/#\/schema\/person\/9c54260cbc4c6f792cb100550491638c"},"headline":"Aksident n\u00eb autostrad\u00ebn \u201cArb\u00ebr Xhaferi\u201d, l\u00ebndohen dy persona","datePublished":"2024-01-28T10:15:28+00:00","dateModified":"2024-01-28T10:15:28+00:00","mainEntityOfPage":{"@id":"https:\/\/permbledhja.com\/aksident-ne-autostraden-arber-xhaferi-lendohen-dy-persona\/"},"wordCount":121,"publisher":{"@id":"https:\/\/permbledhja.com\/#organization"},"articleSection":["Lajme"],"inLanguage":"sq"},{"@type":"WebPage","@id":"https:\/\/permbledhja.com\/aksident-ne-autostraden-arber-xhaferi-lendohen-dy-persona\/","url":"https:\/\/permbledhja.com\/aksident-ne-autostraden-arber-xhaferi-lendohen-dy-persona\/","name":"Aksident n\u00eb autostrad\u00ebn \u201cArb\u00ebr Xhaferi\u201d, l\u00ebndohen dy persona","isPartOf":{"@id":"https:\/\/permbledhja.com\/#website"},"datePublished":"2024-01-28T10:15:28+00:00","dateModified":"2024-01-28T10:15:28+00:00","breadcrumb":{"@id":"https:\/\/permbledhja.com\/aksident-ne-autostraden-arber-xhaferi-lendohen-dy-persona\/#breadcrumb"},"inLanguage":"sq","potentialAction":[{"@type":"ReadAction","target":["https:\/\/permbledhja.com\/aksident-ne-autostraden-arber-xhaferi-lendohen-dy-persona\/"]}]},{"@type":"BreadcrumbList","@id":"https:\/\/permbledhja.com\/aksident-ne-autostraden-arber-xhaferi-lendohen-dy-persona\/#breadcrumb","itemListElement":[{"@type":"ListItem","position":1,"name":"Ballina","item":"https:\/\/permbledhja.com\/sq\/"},{"@type":"ListItem","position":2,"name":"Aksident n\u00eb autostrad\u00ebn \u201cArb\u00ebr Xhaferi\u201d, l\u00ebndohen dy persona"}]},{"@type":"WebSite","@id":"https:\/\/permbledhja.com\/#website","url":"https:\/\/permbledhja.com\/","name":"Ve\u00e7 artikuj p\u00ebrmbledh\u00ebs","description":"","publisher":{"@id":"https:\/\/permbledhja.com\/#organization"},"potentialAction":[{"@type":"SearchAction","target":{"@type":"EntryPoint","urlTemplate":"https:\/\/permbledhja.com\/?s={search_term_string}"},"query-input":"required name=search_term_string"}],"inLanguage":"sq"},{"@type":"Organization","@id":"https:\/\/permbledhja.com\/#organization","name":"MK Media & Pr","url":"https:\/\/permbledhja.com\/","logo":{"@type":"ImageObject","inLanguage":"sq","@id":"https:\/\/permbledhja.com\/#\/schema\/logo\/image\/","url":"https:\/\/permbledhja.com\/wp-content\/uploads\/2021\/12\/07-Press-Logo.jpg","contentUrl":"https:\/\/permbledhja.com\/wp-content\/uploads\/2021\/12\/07-Press-Logo.jpg","width":512,"height":512,"caption":"MK Media & Pr"},"image":{"@id":"https:\/\/permbledhja.com\/#\/schema\/logo\/image\/"},"sameAs":["https:\/\/www.facebook.com\/press07\/"]},{"@type":"Person","@id":"https:\/\/permbledhja.com\/#\/schema\/person\/9c54260cbc4c6f792cb100550491638c","name":"DL","image":{"@type":"ImageObject","inLanguage":"sq","@id":"https:\/\/permbledhja.com\/#\/schema\/person\/image\/","url":"https:\/\/secure.gravatar.com\/avatar\/94503eb28d4c4b2005a5c8753e35fc80?s=96&d=mm&r=g","contentUrl":"https:\/\/secure.gravatar.com\/avatar\/94503eb28d4c4b2005a5c8753e35fc80?s=96&d=mm&r=g","caption":"DL"},"url":"https:\/\/permbledhja.com\/sq\/author\/dl\/"}]}},"_links":{"self":[{"href":"https:\/\/permbledhja.com\/sq\/wp-json\/wp\/v2\/posts\/44916"}],"collection":[{"href":"https:\/\/permbledhja.com\/sq\/wp-json\/wp\/v2\/posts"}],"about":[{"href":"https:\/\/permbledhja.com\/sq\/wp-json\/wp\/v2\/types\/post"}],"author":[{"embeddable":true,"href":"https:\/\/permbledhja.com\/sq\/wp-json\/wp\/v2\/users\/5"}],"replies":[{"embeddable":true,"href":"https:\/\/permbledhja.com\/sq\/wp-json\/wp\/v2\/comments?post=44916"}],"version-history":[{"count":1,"href":"https:\/\/permbledhja.com\/sq\/wp-json\/wp\/v2\/posts\/44916\/revisions"}],"predecessor-version":[{"id":44917,"href":"https:\/\/permbledhja.com\/sq\/wp-json\/wp\/v2\/posts\/44916\/revisions\/44917"}],"wp:featuredmedia":[{"embeddable":true,"href":"https:\/\/permbledhja.com\/sq\/wp-json\/wp\/v2\/media\/37627"}],"wp:attachment":[{"href":"https:\/\/permbledhja.com\/sq\/wp-json\/wp\/v2\/media?parent=44916"}],"wp:term":[{"taxonomy":"category","embeddable":true,"href":"https:\/\/permbledhja.com\/sq\/wp-json\/wp\/v2\/categories?post=44916"},{"taxonomy":"post_tag","embeddable":true,"href":"https:\/\/permbledhja.com\/sq\/wp-json\/wp\/v2\/tags?post=44916"}],"curies":[{"name":"wp","href":"https:\/\/api.w.org\/{rel}","templated":true}]}}