{"id":44907,"date":"2024-01-28T09:06:59","date_gmt":"2024-01-28T09:06:59","guid":{"rendered":"https:\/\/permbledhja.com\/?p=44907"},"modified":"2024-01-28T09:06:59","modified_gmt":"2024-01-28T09:06:59","slug":"pdk-kunder-peticionit-kryetaret-do-duhej-te-shkarkoheshin-permes-doreheqjes","status":"publish","type":"post","link":"https:\/\/permbledhja.com\/sq\/pdk-kunder-peticionit-kryetaret-do-duhej-te-shkarkoheshin-permes-doreheqjes\/","title":{"rendered":"PDK kund\u00ebr peticionit: Kryetaret do duhej t\u00eb shkarkoheshin p\u00ebrmes dor\u00ebheqjes"},"content":{"rendered":"<h3>Partia Demokratike e Kosov\u00ebs (PDK) dhe kryetar\u00ebt e dy komunave veriore nga radh\u00ebt e k\u00ebsaj partie, kan\u00eb dal\u00eb kund\u00ebr procesit t\u00eb n\u00ebnshkrimit t\u00eb peticioneve, proces ky q\u00eb mund\u00ebson shkarkimin e tyre.<\/h3>\n<p>K\u00ebshtu ka deklaruar deputeti i PDK-s\u00eb, Rashit Qalaj, i cili theksoi se k\u00ebrkesat e tyre kan\u00eb qen\u00eb q\u00eb kryetar\u00ebt shqiptar\u00eb t\u00eb kat\u00ebr komunave me shumic\u00eb serbe, t\u00eb japin dor\u00ebheqje n\u00eb m\u00ebnyr\u00eb t\u00eb organizuar dhe n\u00eb koordinim me qeverin\u00eb e jo t\u00eb shkarkohen nga nj\u00eb komunitet, q\u00eb sipas tij, nuk ka marr pjes\u00eb fare n\u00eb zgjedhje.<\/p>\n<p>Ai ka th\u00ebn\u00eb p\u00ebr Ekonomia Online se kjo iniciativ\u00eb e mbledhjes s\u00eb n\u00ebnshkrimeve \u00ebsht\u00eb gabim dhe nuk duhet q\u00eb t\u00eb konsiderohet si opsion.<\/p>\n<p>\u201cFillimisht dua ta jep nj\u00eb koment n\u00eb lidhje me \u00e7\u00ebshtjen e mbledhjes s\u00eb n\u00ebnshkrimeve, ju e dini q\u00eb Partia Demokratike dhe kryetar\u00ebt q\u00eb jan\u00eb atje t\u00eb Partis\u00eb Demokratike jan\u00eb kund\u00ebr k\u00ebtij peticioni. Ata kan\u00eb b\u00ebr\u00eb thirrje n\u00eb vazhdim\u00ebsi q\u00eb kryetar\u00ebt t\u00eb cil\u00ebt jan\u00eb t\u00eb zgjedhur tash n\u00eb komunat veriore t\u00eb japin dor\u00ebheqje n\u00eb m\u00ebnyr\u00eb t\u00eb organizuar n\u00eb m\u00ebnyr\u00eb t\u00eb koordinuar me qeverin\u00eb e jo t\u00eb shkarkohen nga nj\u00eb komunitet t\u00eb cil\u00ebn nuk ka marr\u00eb pjes\u00eb fare n\u00eb zgjedhje.<br \/>\nPra mendoj q\u00eb \u00ebsht\u00eb gabim \u00e7\u00ebshtja e mbledhjes s\u00eb n\u00ebnshkrimeve dhe si t\u00eb till\u00eb duhet t\u00eb konsideruar\u201d, tha ai.<\/p>\n<p>Ish-drejtori i Policis\u00eb s\u00eb Kosov\u00ebs, ka th\u00ebn\u00eb se gjat\u00eb procesit zgjedhor, i cili do t\u00eb mbahet pas procedurave t\u00eb shkarkimit, mund t\u00eb ket\u00eb tensione, kjo pasi sipas tij, ngritja e tensioneve n\u00eb veri \u00ebsht\u00eb tendenc\u00eb e vazhdueshme e Serbis\u00eb.\u201cSa i p\u00ebrket \u00e7\u00ebshtjes s\u00eb tensionimit t\u00eb situat\u00ebs nuk e di edhe mund t\u00eb ket\u00eb tensione lokale, kryesisht varet nga tendenca e Serbis\u00eb e cila \u00ebsht\u00eb tendenc\u00eb e vazhdueshme p\u00ebr ngritjen e tensioneve n\u00eb veri\u201d, tha ai.<\/p>\n<p>Qalaj ka theksuar se situata n\u00eb veri duket e qet\u00eb n\u00eb sip\u00ebrfaqe por q\u00eb n\u00eb realitet \u00ebsht\u00eb shum\u00eb e tensionuar dhe se mund t\u00eb ket\u00eb incidente t\u00eb ngjashme si vitin e kaluar edhe n\u00eb t\u00eb ardhmen.\u201cGjendja e sigurimit \u00ebsht\u00eb nj\u00eb situat\u00eb n\u00eb sip\u00ebrfaqe duket e qet\u00eb mir\u00ebpo \u00ebsht\u00eb shum\u00eb e tensionuar p\u00ebr shkak t\u00eb veprimeve t\u00eb shtetit t\u00eb Serbis\u00eb, presidentit Vuciq n\u00eb raport me Kosov\u00ebn, sidomos n\u00eb raport me kat\u00ebr komunat veriore. Pra un\u00eb mendoj q\u00eb situata atje \u00ebsht\u00eb shum\u00eb e tensionuar dhe mund t\u00eb ket\u00eb incidente t\u00eb ngjashme edhe n\u00eb t\u00eb ardhmen\u201d, tha ai.<\/p>\n","protected":false},"excerpt":{"rendered":"<p>Partia Demokratike e Kosov\u00ebs (PDK) dhe kryetar\u00ebt e dy komunave veriore nga radh\u00ebt e k\u00ebsaj partie, kan\u00eb dal\u00eb kund\u00ebr procesit t\u00eb n\u00ebnshkrimit t\u00eb peticioneve, proces ky q\u00eb mund\u00ebson shkarkimin e tyre. K\u00ebshtu ka deklaruar deputeti i PDK-s\u00eb, Rashit Qalaj, i cili theksoi se k\u00ebrkesat e tyre kan\u00eb qen\u00eb q\u00eb kryetar\u00ebt shqiptar\u00eb t\u00eb kat\u00ebr komunave me [&hellip;]<\/p>\n","protected":false},"author":5,"featured_media":44908,"comment_status":"closed","ping_status":"closed","sticky":false,"template":"","format":"standard","meta":{"_monsterinsights_skip_tracking":false,"_monsterinsights_sitenote_active":false,"_monsterinsights_sitenote_note":"","_monsterinsights_sitenote_category":0,"_uf_show_specific_survey":0,"_uf_disable_surveys":false,"footnotes":""},"categories":[2645],"tags":[],"yoast_head":"<!-- This site is optimized with the Yoast SEO plugin v21.5 - https:\/\/yoast.com\/wordpress\/plugins\/seo\/ -->\n<title>PDK kund\u00ebr peticionit: Kryetaret do duhej t\u00eb shkarkoheshin p\u00ebrmes dor\u00ebheqjes<\/title>\n<meta name=\"robots\" content=\"index, follow, max-snippet:-1, max-image-preview:large, max-video-preview:-1\" \/>\n<link rel=\"canonical\" href=\"https:\/\/permbledhja.com\/sq\/pdk-kunder-peticionit-kryetaret-do-duhej-te-shkarkoheshin-permes-doreheqjes\/\" \/>\n<meta property=\"og:locale\" content=\"sq_AL\" \/>\n<meta property=\"og:type\" content=\"article\" \/>\n<meta property=\"og:title\" content=\"PDK kund\u00ebr peticionit: Kryetaret do duhej t\u00eb shkarkoheshin p\u00ebrmes dor\u00ebheqjes\" \/>\n<meta property=\"og:description\" content=\"Partia Demokratike e Kosov\u00ebs (PDK) dhe kryetar\u00ebt e dy komunave veriore nga radh\u00ebt e k\u00ebsaj partie, kan\u00eb dal\u00eb kund\u00ebr procesit t\u00eb n\u00ebnshkrimit t\u00eb peticioneve, proces ky q\u00eb mund\u00ebson shkarkimin e tyre. K\u00ebshtu ka deklaruar deputeti i PDK-s\u00eb, Rashit Qalaj, i cili theksoi se k\u00ebrkesat e tyre kan\u00eb qen\u00eb q\u00eb kryetar\u00ebt shqiptar\u00eb t\u00eb kat\u00ebr komunave me [&hellip;]\" \/>\n<meta property=\"og:url\" content=\"https:\/\/permbledhja.com\/sq\/pdk-kunder-peticionit-kryetaret-do-duhej-te-shkarkoheshin-permes-doreheqjes\/\" \/>\n<meta property=\"og:site_name\" content=\"Ve\u00e7 artikuj p\u00ebrmbledh\u00ebs\" \/>\n<meta property=\"article:publisher\" content=\"https:\/\/www.facebook.com\/press07\/\" \/>\n<meta property=\"article:published_time\" content=\"2024-01-28T09:06:59+00:00\" \/>\n<meta property=\"og:image\" content=\"https:\/\/permbledhja.com\/wp-content\/uploads\/2024\/01\/ppp.jpg\" \/>\n\t<meta property=\"og:image:width\" content=\"600\" \/>\n\t<meta property=\"og:image:height\" content=\"360\" \/>\n\t<meta property=\"og:image:type\" content=\"image\/jpeg\" \/>\n<meta name=\"author\" content=\"DL\" \/>\n<meta name=\"twitter:card\" content=\"summary_large_image\" \/>\n<meta name=\"twitter:label1\" content=\"Written by\" \/>\n\t<meta name=\"twitter:data1\" content=\"DL\" \/>\n\t<meta name=\"twitter:label2\" content=\"Est. reading time\" \/>\n\t<meta name=\"twitter:data2\" content=\"3 minuta\" \/>\n<script type=\"application\/ld+json\" class=\"yoast-schema-graph\">{\"@context\":\"https:\/\/schema.org\",\"@graph\":[{\"@type\":\"Article\",\"@id\":\"https:\/\/permbledhja.com\/sq\/pdk-kunder-peticionit-kryetaret-do-duhej-te-shkarkoheshin-permes-doreheqjes\/#article\",\"isPartOf\":{\"@id\":\"https:\/\/permbledhja.com\/sq\/pdk-kunder-peticionit-kryetaret-do-duhej-te-shkarkoheshin-permes-doreheqjes\/\"},\"author\":{\"name\":\"DL\",\"@id\":\"https:\/\/permbledhja.com\/#\/schema\/person\/9c54260cbc4c6f792cb100550491638c\"},\"headline\":\"PDK kund\u00ebr peticionit: Kryetaret do duhej t\u00eb shkarkoheshin p\u00ebrmes dor\u00ebheqjes\",\"datePublished\":\"2024-01-28T09:06:59+00:00\",\"dateModified\":\"2024-01-28T09:06:59+00:00\",\"mainEntityOfPage\":{\"@id\":\"https:\/\/permbledhja.com\/sq\/pdk-kunder-peticionit-kryetaret-do-duhej-te-shkarkoheshin-permes-doreheqjes\/\"},\"wordCount\":431,\"publisher\":{\"@id\":\"https:\/\/permbledhja.com\/#organization\"},\"articleSection\":[\"T\u00eb r\u00ebnd\u00ebsishme\"],\"inLanguage\":\"sq\"},{\"@type\":\"WebPage\",\"@id\":\"https:\/\/permbledhja.com\/sq\/pdk-kunder-peticionit-kryetaret-do-duhej-te-shkarkoheshin-permes-doreheqjes\/\",\"url\":\"https:\/\/permbledhja.com\/sq\/pdk-kunder-peticionit-kryetaret-do-duhej-te-shkarkoheshin-permes-doreheqjes\/\",\"name\":\"PDK kund\u00ebr peticionit: Kryetaret do duhej t\u00eb shkarkoheshin p\u00ebrmes dor\u00ebheqjes\",\"isPartOf\":{\"@id\":\"https:\/\/permbledhja.com\/#website\"},\"datePublished\":\"2024-01-28T09:06:59+00:00\",\"dateModified\":\"2024-01-28T09:06:59+00:00\",\"breadcrumb\":{\"@id\":\"https:\/\/permbledhja.com\/sq\/pdk-kunder-peticionit-kryetaret-do-duhej-te-shkarkoheshin-permes-doreheqjes\/#breadcrumb\"},\"inLanguage\":\"sq\",\"potentialAction\":[{\"@type\":\"ReadAction\",\"target\":[\"https:\/\/permbledhja.com\/sq\/pdk-kunder-peticionit-kryetaret-do-duhej-te-shkarkoheshin-permes-doreheqjes\/\"]}]},{\"@type\":\"BreadcrumbList\",\"@id\":\"https:\/\/permbledhja.com\/sq\/pdk-kunder-peticionit-kryetaret-do-duhej-te-shkarkoheshin-permes-doreheqjes\/#breadcrumb\",\"itemListElement\":[{\"@type\":\"ListItem\",\"position\":1,\"name\":\"Ballina\",\"item\":\"https:\/\/permbledhja.com\/sq\/\"},{\"@type\":\"ListItem\",\"position\":2,\"name\":\"PDK kund\u00ebr peticionit: Kryetaret do duhej t\u00eb shkarkoheshin p\u00ebrmes dor\u00ebheqjes\"}]},{\"@type\":\"WebSite\",\"@id\":\"https:\/\/permbledhja.com\/#website\",\"url\":\"https:\/\/permbledhja.com\/\",\"name\":\"Ve\u00e7 artikuj p\u00ebrmbledh\u00ebs\",\"description\":\"\",\"publisher\":{\"@id\":\"https:\/\/permbledhja.com\/#organization\"},\"potentialAction\":[{\"@type\":\"SearchAction\",\"target\":{\"@type\":\"EntryPoint\",\"urlTemplate\":\"https:\/\/permbledhja.com\/?s={search_term_string}\"},\"query-input\":\"required name=search_term_string\"}],\"inLanguage\":\"sq\"},{\"@type\":\"Organization\",\"@id\":\"https:\/\/permbledhja.com\/#organization\",\"name\":\"MK Media & Pr\",\"url\":\"https:\/\/permbledhja.com\/\",\"logo\":{\"@type\":\"ImageObject\",\"inLanguage\":\"sq\",\"@id\":\"https:\/\/permbledhja.com\/#\/schema\/logo\/image\/\",\"url\":\"https:\/\/permbledhja.com\/wp-content\/uploads\/2021\/12\/07-Press-Logo.jpg\",\"contentUrl\":\"https:\/\/permbledhja.com\/wp-content\/uploads\/2021\/12\/07-Press-Logo.jpg\",\"width\":512,\"height\":512,\"caption\":\"MK Media & Pr\"},\"image\":{\"@id\":\"https:\/\/permbledhja.com\/#\/schema\/logo\/image\/\"},\"sameAs\":[\"https:\/\/www.facebook.com\/press07\/\"]},{\"@type\":\"Person\",\"@id\":\"https:\/\/permbledhja.com\/#\/schema\/person\/9c54260cbc4c6f792cb100550491638c\",\"name\":\"DL\",\"image\":{\"@type\":\"ImageObject\",\"inLanguage\":\"sq\",\"@id\":\"https:\/\/permbledhja.com\/#\/schema\/person\/image\/\",\"url\":\"https:\/\/secure.gravatar.com\/avatar\/94503eb28d4c4b2005a5c8753e35fc80?s=96&d=mm&r=g\",\"contentUrl\":\"https:\/\/secure.gravatar.com\/avatar\/94503eb28d4c4b2005a5c8753e35fc80?s=96&d=mm&r=g\",\"caption\":\"DL\"},\"url\":\"https:\/\/permbledhja.com\/sq\/author\/dl\/\"}]}<\/script>\n<!-- \/ Yoast SEO plugin. -->","yoast_head_json":{"title":"PDK kund\u00ebr peticionit: Kryetaret do duhej t\u00eb shkarkoheshin p\u00ebrmes dor\u00ebheqjes","robots":{"index":"index","follow":"follow","max-snippet":"max-snippet:-1","max-image-preview":"max-image-preview:large","max-video-preview":"max-video-preview:-1"},"canonical":"https:\/\/permbledhja.com\/sq\/pdk-kunder-peticionit-kryetaret-do-duhej-te-shkarkoheshin-permes-doreheqjes\/","og_locale":"sq_AL","og_type":"article","og_title":"PDK kund\u00ebr peticionit: Kryetaret do duhej t\u00eb shkarkoheshin p\u00ebrmes dor\u00ebheqjes","og_description":"Partia Demokratike e Kosov\u00ebs (PDK) dhe kryetar\u00ebt e dy komunave veriore nga radh\u00ebt e k\u00ebsaj partie, kan\u00eb dal\u00eb kund\u00ebr procesit t\u00eb n\u00ebnshkrimit t\u00eb peticioneve, proces ky q\u00eb mund\u00ebson shkarkimin e tyre. K\u00ebshtu ka deklaruar deputeti i PDK-s\u00eb, Rashit Qalaj, i cili theksoi se k\u00ebrkesat e tyre kan\u00eb qen\u00eb q\u00eb kryetar\u00ebt shqiptar\u00eb t\u00eb kat\u00ebr komunave me [&hellip;]","og_url":"https:\/\/permbledhja.com\/sq\/pdk-kunder-peticionit-kryetaret-do-duhej-te-shkarkoheshin-permes-doreheqjes\/","og_site_name":"Ve\u00e7 artikuj p\u00ebrmbledh\u00ebs","article_publisher":"https:\/\/www.facebook.com\/press07\/","article_published_time":"2024-01-28T09:06:59+00:00","og_image":[{"width":600,"height":360,"url":"https:\/\/permbledhja.com\/wp-content\/uploads\/2024\/01\/ppp.jpg","type":"image\/jpeg"}],"author":"DL","twitter_card":"summary_large_image","twitter_misc":{"Written by":"DL","Est. reading time":"3 minuta"},"schema":{"@context":"https:\/\/schema.org","@graph":[{"@type":"Article","@id":"https:\/\/permbledhja.com\/sq\/pdk-kunder-peticionit-kryetaret-do-duhej-te-shkarkoheshin-permes-doreheqjes\/#article","isPartOf":{"@id":"https:\/\/permbledhja.com\/sq\/pdk-kunder-peticionit-kryetaret-do-duhej-te-shkarkoheshin-permes-doreheqjes\/"},"author":{"name":"DL","@id":"https:\/\/permbledhja.com\/#\/schema\/person\/9c54260cbc4c6f792cb100550491638c"},"headline":"PDK kund\u00ebr peticionit: Kryetaret do duhej t\u00eb shkarkoheshin p\u00ebrmes dor\u00ebheqjes","datePublished":"2024-01-28T09:06:59+00:00","dateModified":"2024-01-28T09:06:59+00:00","mainEntityOfPage":{"@id":"https:\/\/permbledhja.com\/sq\/pdk-kunder-peticionit-kryetaret-do-duhej-te-shkarkoheshin-permes-doreheqjes\/"},"wordCount":431,"publisher":{"@id":"https:\/\/permbledhja.com\/#organization"},"articleSection":["T\u00eb r\u00ebnd\u00ebsishme"],"inLanguage":"sq"},{"@type":"WebPage","@id":"https:\/\/permbledhja.com\/sq\/pdk-kunder-peticionit-kryetaret-do-duhej-te-shkarkoheshin-permes-doreheqjes\/","url":"https:\/\/permbledhja.com\/sq\/pdk-kunder-peticionit-kryetaret-do-duhej-te-shkarkoheshin-permes-doreheqjes\/","name":"PDK kund\u00ebr peticionit: Kryetaret do duhej t\u00eb shkarkoheshin p\u00ebrmes dor\u00ebheqjes","isPartOf":{"@id":"https:\/\/permbledhja.com\/#website"},"datePublished":"2024-01-28T09:06:59+00:00","dateModified":"2024-01-28T09:06:59+00:00","breadcrumb":{"@id":"https:\/\/permbledhja.com\/sq\/pdk-kunder-peticionit-kryetaret-do-duhej-te-shkarkoheshin-permes-doreheqjes\/#breadcrumb"},"inLanguage":"sq","potentialAction":[{"@type":"ReadAction","target":["https:\/\/permbledhja.com\/sq\/pdk-kunder-peticionit-kryetaret-do-duhej-te-shkarkoheshin-permes-doreheqjes\/"]}]},{"@type":"BreadcrumbList","@id":"https:\/\/permbledhja.com\/sq\/pdk-kunder-peticionit-kryetaret-do-duhej-te-shkarkoheshin-permes-doreheqjes\/#breadcrumb","itemListElement":[{"@type":"ListItem","position":1,"name":"Ballina","item":"https:\/\/permbledhja.com\/sq\/"},{"@type":"ListItem","position":2,"name":"PDK kund\u00ebr peticionit: Kryetaret do duhej t\u00eb shkarkoheshin p\u00ebrmes dor\u00ebheqjes"}]},{"@type":"WebSite","@id":"https:\/\/permbledhja.com\/#website","url":"https:\/\/permbledhja.com\/","name":"Ve\u00e7 artikuj p\u00ebrmbledh\u00ebs","description":"","publisher":{"@id":"https:\/\/permbledhja.com\/#organization"},"potentialAction":[{"@type":"SearchAction","target":{"@type":"EntryPoint","urlTemplate":"https:\/\/permbledhja.com\/?s={search_term_string}"},"query-input":"required name=search_term_string"}],"inLanguage":"sq"},{"@type":"Organization","@id":"https:\/\/permbledhja.com\/#organization","name":"MK Media & Pr","url":"https:\/\/permbledhja.com\/","logo":{"@type":"ImageObject","inLanguage":"sq","@id":"https:\/\/permbledhja.com\/#\/schema\/logo\/image\/","url":"https:\/\/permbledhja.com\/wp-content\/uploads\/2021\/12\/07-Press-Logo.jpg","contentUrl":"https:\/\/permbledhja.com\/wp-content\/uploads\/2021\/12\/07-Press-Logo.jpg","width":512,"height":512,"caption":"MK Media & Pr"},"image":{"@id":"https:\/\/permbledhja.com\/#\/schema\/logo\/image\/"},"sameAs":["https:\/\/www.facebook.com\/press07\/"]},{"@type":"Person","@id":"https:\/\/permbledhja.com\/#\/schema\/person\/9c54260cbc4c6f792cb100550491638c","name":"DL","image":{"@type":"ImageObject","inLanguage":"sq","@id":"https:\/\/permbledhja.com\/#\/schema\/person\/image\/","url":"https:\/\/secure.gravatar.com\/avatar\/94503eb28d4c4b2005a5c8753e35fc80?s=96&d=mm&r=g","contentUrl":"https:\/\/secure.gravatar.com\/avatar\/94503eb28d4c4b2005a5c8753e35fc80?s=96&d=mm&r=g","caption":"DL"},"url":"https:\/\/permbledhja.com\/sq\/author\/dl\/"}]}},"_links":{"self":[{"href":"https:\/\/permbledhja.com\/sq\/wp-json\/wp\/v2\/posts\/44907"}],"collection":[{"href":"https:\/\/permbledhja.com\/sq\/wp-json\/wp\/v2\/posts"}],"about":[{"href":"https:\/\/permbledhja.com\/sq\/wp-json\/wp\/v2\/types\/post"}],"author":[{"embeddable":true,"href":"https:\/\/permbledhja.com\/sq\/wp-json\/wp\/v2\/users\/5"}],"replies":[{"embeddable":true,"href":"https:\/\/permbledhja.com\/sq\/wp-json\/wp\/v2\/comments?post=44907"}],"version-history":[{"count":1,"href":"https:\/\/permbledhja.com\/sq\/wp-json\/wp\/v2\/posts\/44907\/revisions"}],"predecessor-version":[{"id":44909,"href":"https:\/\/permbledhja.com\/sq\/wp-json\/wp\/v2\/posts\/44907\/revisions\/44909"}],"wp:featuredmedia":[{"embeddable":true,"href":"https:\/\/permbledhja.com\/sq\/wp-json\/wp\/v2\/media\/44908"}],"wp:attachment":[{"href":"https:\/\/permbledhja.com\/sq\/wp-json\/wp\/v2\/media?parent=44907"}],"wp:term":[{"taxonomy":"category","embeddable":true,"href":"https:\/\/permbledhja.com\/sq\/wp-json\/wp\/v2\/categories?post=44907"},{"taxonomy":"post_tag","embeddable":true,"href":"https:\/\/permbledhja.com\/sq\/wp-json\/wp\/v2\/tags?post=44907"}],"curies":[{"name":"wp","href":"https:\/\/api.w.org\/{rel}","templated":true}]}}