{"id":44901,"date":"2024-01-28T08:35:08","date_gmt":"2024-01-28T08:35:08","guid":{"rendered":"https:\/\/permbledhja.com\/?p=44901"},"modified":"2024-01-28T08:35:08","modified_gmt":"2024-01-28T08:35:08","slug":"kryetari-i-vitise-kritikon-qeverine-per-mos-bashkepunim-ndarja-buxhetore-ka-qene-selektive-dhe-jo-gjitheperfshirese","status":"publish","type":"post","link":"https:\/\/permbledhja.com\/sq\/kryetari-i-vitise-kritikon-qeverine-per-mos-bashkepunim-ndarja-buxhetore-ka-qene-selektive-dhe-jo-gjitheperfshirese\/","title":{"rendered":"Kryetari i Vitis\u00eb kritikon qeverin\u00eb p\u00ebr mos bashk\u00ebpunim: Ndarja buxhetore ka qen\u00eb selektive dhe jo gjith\u00ebp\u00ebrfshir\u00ebse"},"content":{"rendered":"<h3><strong>K<\/strong>ryetari i Komun\u00ebs s\u00eb Vitis\u00eb nga radh\u00ebt e Lidhjes Demokratike t\u00eb Kosov\u00ebs (LDK), Sokol Haliti, ka kritikuar nivelin qendror\u00eb p\u00ebr mos bashk\u00ebpunim t\u00eb duhur me k\u00ebt\u00eb komun\u00eb.<\/h3>\n<p>Sipas tij, nga niveli qendror kan\u00eb munguar vizitat, komunikimi e investimet kapitale.<\/p>\n<p>Ai ka th\u00ebn\u00eb se shum\u00eb projekte, p\u00ebrfshir\u00eb k\u00ebtu shkolla, palestra sportive e stadiumi, kan\u00eb mbetur t\u00eb pa p\u00ebrfunduar si shkak i mos p\u00ebrkrahjes nga nivelit qendror.<\/p>\n<p>Haliti ka kritikuar Qeverin\u00eb edhe sa i p\u00ebrket ndarjes buxhetore, ku sipas tij, kjo ndarje q\u00eb p\u00ebr komun\u00ebn e Vitis\u00eb u caktua 4 euro p\u00ebr kok\u00eb banori ka qen\u00eb selektive dhe jo gjith\u00ebp\u00ebrfshir\u00ebse.<\/p>\n<p>\u201cBashk\u00ebpunimi me nivelin qendror mbetet p\u00ebr tu d\u00ebshiruar p\u00ebr shkak se ka mundur t\u00eb bashk\u00ebpunoi shum\u00eb m\u00eb shum\u00eb. Ndarja buxhetore ka mujt me qen\u00eb m\u00eb gjith\u00ebp\u00ebrfshir\u00ebse p\u00ebr num\u00ebr t\u00eb banor\u00ebve edhe p\u00ebr komun\u00ebn q\u00eb p\u00ebrfaq\u00ebsoj un\u00eb 4 euro p\u00ebr kok\u00eb banori v\u00ebrtet\u00eb ka qen\u00eb selektive\u201d.<\/p>\n<p>\u201cEdhe ministrit\u00eb e linjave protokollin shtet\u00ebror kan\u00eb mundur ta respektojn\u00eb shum\u00eb m\u00eb shum\u00eb kur t\u00eb dalin n\u00eb komuna, gj\u00eb q\u00eb spo ndodh, sepse na kan\u00eb munguar vizitat s\u00eb pari n\u00eb nivel qendror, ka munguar komunikimi, investimi dhe shp\u00ebrndarja e buxhetit\u201d, ka th\u00ebn\u00eb ai.<\/p>\n<p>Ai p\u00ebrmendi disa probleme me t\u00eb cilat \u00ebsht\u00eb duke u ballafaquar kjo komun\u00eb, duke theksuar k\u00ebtu nd\u00ebrtimin e shkoll\u00ebs fillore \u201cHalil Alidema\u201d n\u00eb fshatin Pozheran e cila ka filluar s\u00eb nd\u00ebrtuari tash e sa vite dhe ende nuk ka p\u00ebrfunduar.<\/p>\n<p>Ai me k\u00ebt\u00eb rast ka b\u00ebr\u00eb k\u00ebrkes\u00eb q\u00eb Qeveria ti bart\u00eb mjetet komun\u00ebs dhe komuna ti vazhdoj vet\u00eb punimet.<\/p>\n","protected":false},"excerpt":{"rendered":"<p>Kryetari i Komun\u00ebs s\u00eb Vitis\u00eb nga radh\u00ebt e Lidhjes Demokratike t\u00eb Kosov\u00ebs (LDK), Sokol Haliti, ka kritikuar nivelin qendror\u00eb p\u00ebr mos bashk\u00ebpunim t\u00eb duhur me k\u00ebt\u00eb komun\u00eb. Sipas tij, nga niveli qendror kan\u00eb munguar vizitat, komunikimi e investimet kapitale. Ai ka th\u00ebn\u00eb se shum\u00eb projekte, p\u00ebrfshir\u00eb k\u00ebtu shkolla, palestra sportive e stadiumi, kan\u00eb mbetur t\u00eb [&hellip;]<\/p>\n","protected":false},"author":5,"featured_media":44902,"comment_status":"closed","ping_status":"closed","sticky":false,"template":"","format":"standard","meta":{"_monsterinsights_skip_tracking":false,"_monsterinsights_sitenote_active":false,"_monsterinsights_sitenote_note":"","_monsterinsights_sitenote_category":0,"_uf_show_specific_survey":0,"_uf_disable_surveys":false,"footnotes":""},"categories":[15],"tags":[],"yoast_head":"<!-- This site is optimized with the Yoast SEO plugin v21.5 - https:\/\/yoast.com\/wordpress\/plugins\/seo\/ -->\n<title>Kryetari i Vitis\u00eb kritikon qeverin\u00eb p\u00ebr mos bashk\u00ebpunim: Ndarja buxhetore ka qen\u00eb selektive dhe jo gjith\u00ebp\u00ebrfshir\u00ebse<\/title>\n<meta name=\"robots\" content=\"index, follow, max-snippet:-1, max-image-preview:large, max-video-preview:-1\" \/>\n<link rel=\"canonical\" href=\"https:\/\/permbledhja.com\/sq\/kryetari-i-vitise-kritikon-qeverine-per-mos-bashkepunim-ndarja-buxhetore-ka-qene-selektive-dhe-jo-gjitheperfshirese\/\" \/>\n<meta property=\"og:locale\" content=\"sq_AL\" \/>\n<meta property=\"og:type\" content=\"article\" \/>\n<meta property=\"og:title\" content=\"Kryetari i Vitis\u00eb kritikon qeverin\u00eb p\u00ebr mos bashk\u00ebpunim: Ndarja buxhetore ka qen\u00eb selektive dhe jo gjith\u00ebp\u00ebrfshir\u00ebse\" \/>\n<meta property=\"og:description\" content=\"Kryetari i Komun\u00ebs s\u00eb Vitis\u00eb nga radh\u00ebt e Lidhjes Demokratike t\u00eb Kosov\u00ebs (LDK), Sokol Haliti, ka kritikuar nivelin qendror\u00eb p\u00ebr mos bashk\u00ebpunim t\u00eb duhur me k\u00ebt\u00eb komun\u00eb. Sipas tij, nga niveli qendror kan\u00eb munguar vizitat, komunikimi e investimet kapitale. Ai ka th\u00ebn\u00eb se shum\u00eb projekte, p\u00ebrfshir\u00eb k\u00ebtu shkolla, palestra sportive e stadiumi, kan\u00eb mbetur t\u00eb [&hellip;]\" \/>\n<meta property=\"og:url\" content=\"https:\/\/permbledhja.com\/sq\/kryetari-i-vitise-kritikon-qeverine-per-mos-bashkepunim-ndarja-buxhetore-ka-qene-selektive-dhe-jo-gjitheperfshirese\/\" \/>\n<meta property=\"og:site_name\" content=\"Ve\u00e7 artikuj p\u00ebrmbledh\u00ebs\" \/>\n<meta property=\"article:publisher\" content=\"https:\/\/www.facebook.com\/press07\/\" \/>\n<meta property=\"article:published_time\" content=\"2024-01-28T08:35:08+00:00\" \/>\n<meta property=\"og:image\" content=\"https:\/\/permbledhja.com\/wp-content\/uploads\/2024\/01\/kr-v.jpg\" \/>\n\t<meta property=\"og:image:width\" content=\"600\" \/>\n\t<meta property=\"og:image:height\" content=\"360\" \/>\n\t<meta property=\"og:image:type\" content=\"image\/jpeg\" \/>\n<meta name=\"author\" content=\"DL\" \/>\n<meta name=\"twitter:card\" content=\"summary_large_image\" \/>\n<meta name=\"twitter:label1\" content=\"Written by\" \/>\n\t<meta name=\"twitter:data1\" content=\"DL\" \/>\n\t<meta name=\"twitter:label2\" content=\"Est. reading time\" \/>\n\t<meta name=\"twitter:data2\" content=\"2 minuta\" \/>\n<script type=\"application\/ld+json\" class=\"yoast-schema-graph\">{\"@context\":\"https:\/\/schema.org\",\"@graph\":[{\"@type\":\"Article\",\"@id\":\"https:\/\/permbledhja.com\/sq\/kryetari-i-vitise-kritikon-qeverine-per-mos-bashkepunim-ndarja-buxhetore-ka-qene-selektive-dhe-jo-gjitheperfshirese\/#article\",\"isPartOf\":{\"@id\":\"https:\/\/permbledhja.com\/sq\/kryetari-i-vitise-kritikon-qeverine-per-mos-bashkepunim-ndarja-buxhetore-ka-qene-selektive-dhe-jo-gjitheperfshirese\/\"},\"author\":{\"name\":\"DL\",\"@id\":\"https:\/\/permbledhja.com\/#\/schema\/person\/9c54260cbc4c6f792cb100550491638c\"},\"headline\":\"Kryetari i Vitis\u00eb kritikon qeverin\u00eb p\u00ebr mos bashk\u00ebpunim: Ndarja buxhetore ka qen\u00eb selektive dhe jo gjith\u00ebp\u00ebrfshir\u00ebse\",\"datePublished\":\"2024-01-28T08:35:08+00:00\",\"dateModified\":\"2024-01-28T08:35:08+00:00\",\"mainEntityOfPage\":{\"@id\":\"https:\/\/permbledhja.com\/sq\/kryetari-i-vitise-kritikon-qeverine-per-mos-bashkepunim-ndarja-buxhetore-ka-qene-selektive-dhe-jo-gjitheperfshirese\/\"},\"wordCount\":312,\"publisher\":{\"@id\":\"https:\/\/permbledhja.com\/#organization\"},\"articleSection\":[\"Lajme\"],\"inLanguage\":\"sq\"},{\"@type\":\"WebPage\",\"@id\":\"https:\/\/permbledhja.com\/sq\/kryetari-i-vitise-kritikon-qeverine-per-mos-bashkepunim-ndarja-buxhetore-ka-qene-selektive-dhe-jo-gjitheperfshirese\/\",\"url\":\"https:\/\/permbledhja.com\/sq\/kryetari-i-vitise-kritikon-qeverine-per-mos-bashkepunim-ndarja-buxhetore-ka-qene-selektive-dhe-jo-gjitheperfshirese\/\",\"name\":\"Kryetari i Vitis\u00eb kritikon qeverin\u00eb p\u00ebr mos bashk\u00ebpunim: Ndarja buxhetore ka qen\u00eb selektive dhe jo gjith\u00ebp\u00ebrfshir\u00ebse\",\"isPartOf\":{\"@id\":\"https:\/\/permbledhja.com\/#website\"},\"datePublished\":\"2024-01-28T08:35:08+00:00\",\"dateModified\":\"2024-01-28T08:35:08+00:00\",\"breadcrumb\":{\"@id\":\"https:\/\/permbledhja.com\/sq\/kryetari-i-vitise-kritikon-qeverine-per-mos-bashkepunim-ndarja-buxhetore-ka-qene-selektive-dhe-jo-gjitheperfshirese\/#breadcrumb\"},\"inLanguage\":\"sq\",\"potentialAction\":[{\"@type\":\"ReadAction\",\"target\":[\"https:\/\/permbledhja.com\/sq\/kryetari-i-vitise-kritikon-qeverine-per-mos-bashkepunim-ndarja-buxhetore-ka-qene-selektive-dhe-jo-gjitheperfshirese\/\"]}]},{\"@type\":\"BreadcrumbList\",\"@id\":\"https:\/\/permbledhja.com\/sq\/kryetari-i-vitise-kritikon-qeverine-per-mos-bashkepunim-ndarja-buxhetore-ka-qene-selektive-dhe-jo-gjitheperfshirese\/#breadcrumb\",\"itemListElement\":[{\"@type\":\"ListItem\",\"position\":1,\"name\":\"Ballina\",\"item\":\"https:\/\/permbledhja.com\/sq\/\"},{\"@type\":\"ListItem\",\"position\":2,\"name\":\"Kryetari i Vitis\u00eb kritikon qeverin\u00eb p\u00ebr mos bashk\u00ebpunim: Ndarja buxhetore ka qen\u00eb selektive dhe jo gjith\u00ebp\u00ebrfshir\u00ebse\"}]},{\"@type\":\"WebSite\",\"@id\":\"https:\/\/permbledhja.com\/#website\",\"url\":\"https:\/\/permbledhja.com\/\",\"name\":\"Ve\u00e7 artikuj p\u00ebrmbledh\u00ebs\",\"description\":\"\",\"publisher\":{\"@id\":\"https:\/\/permbledhja.com\/#organization\"},\"potentialAction\":[{\"@type\":\"SearchAction\",\"target\":{\"@type\":\"EntryPoint\",\"urlTemplate\":\"https:\/\/permbledhja.com\/?s={search_term_string}\"},\"query-input\":\"required name=search_term_string\"}],\"inLanguage\":\"sq\"},{\"@type\":\"Organization\",\"@id\":\"https:\/\/permbledhja.com\/#organization\",\"name\":\"MK Media & Pr\",\"url\":\"https:\/\/permbledhja.com\/\",\"logo\":{\"@type\":\"ImageObject\",\"inLanguage\":\"sq\",\"@id\":\"https:\/\/permbledhja.com\/#\/schema\/logo\/image\/\",\"url\":\"https:\/\/permbledhja.com\/wp-content\/uploads\/2021\/12\/07-Press-Logo.jpg\",\"contentUrl\":\"https:\/\/permbledhja.com\/wp-content\/uploads\/2021\/12\/07-Press-Logo.jpg\",\"width\":512,\"height\":512,\"caption\":\"MK Media & Pr\"},\"image\":{\"@id\":\"https:\/\/permbledhja.com\/#\/schema\/logo\/image\/\"},\"sameAs\":[\"https:\/\/www.facebook.com\/press07\/\"]},{\"@type\":\"Person\",\"@id\":\"https:\/\/permbledhja.com\/#\/schema\/person\/9c54260cbc4c6f792cb100550491638c\",\"name\":\"DL\",\"image\":{\"@type\":\"ImageObject\",\"inLanguage\":\"sq\",\"@id\":\"https:\/\/permbledhja.com\/#\/schema\/person\/image\/\",\"url\":\"https:\/\/secure.gravatar.com\/avatar\/94503eb28d4c4b2005a5c8753e35fc80?s=96&d=mm&r=g\",\"contentUrl\":\"https:\/\/secure.gravatar.com\/avatar\/94503eb28d4c4b2005a5c8753e35fc80?s=96&d=mm&r=g\",\"caption\":\"DL\"},\"url\":\"https:\/\/permbledhja.com\/sq\/author\/dl\/\"}]}<\/script>\n<!-- \/ Yoast SEO plugin. -->","yoast_head_json":{"title":"Kryetari i Vitis\u00eb kritikon qeverin\u00eb p\u00ebr mos bashk\u00ebpunim: Ndarja buxhetore ka qen\u00eb selektive dhe jo gjith\u00ebp\u00ebrfshir\u00ebse","robots":{"index":"index","follow":"follow","max-snippet":"max-snippet:-1","max-image-preview":"max-image-preview:large","max-video-preview":"max-video-preview:-1"},"canonical":"https:\/\/permbledhja.com\/sq\/kryetari-i-vitise-kritikon-qeverine-per-mos-bashkepunim-ndarja-buxhetore-ka-qene-selektive-dhe-jo-gjitheperfshirese\/","og_locale":"sq_AL","og_type":"article","og_title":"Kryetari i Vitis\u00eb kritikon qeverin\u00eb p\u00ebr mos bashk\u00ebpunim: Ndarja buxhetore ka qen\u00eb selektive dhe jo gjith\u00ebp\u00ebrfshir\u00ebse","og_description":"Kryetari i Komun\u00ebs s\u00eb Vitis\u00eb nga radh\u00ebt e Lidhjes Demokratike t\u00eb Kosov\u00ebs (LDK), Sokol Haliti, ka kritikuar nivelin qendror\u00eb p\u00ebr mos bashk\u00ebpunim t\u00eb duhur me k\u00ebt\u00eb komun\u00eb. Sipas tij, nga niveli qendror kan\u00eb munguar vizitat, komunikimi e investimet kapitale. Ai ka th\u00ebn\u00eb se shum\u00eb projekte, p\u00ebrfshir\u00eb k\u00ebtu shkolla, palestra sportive e stadiumi, kan\u00eb mbetur t\u00eb [&hellip;]","og_url":"https:\/\/permbledhja.com\/sq\/kryetari-i-vitise-kritikon-qeverine-per-mos-bashkepunim-ndarja-buxhetore-ka-qene-selektive-dhe-jo-gjitheperfshirese\/","og_site_name":"Ve\u00e7 artikuj p\u00ebrmbledh\u00ebs","article_publisher":"https:\/\/www.facebook.com\/press07\/","article_published_time":"2024-01-28T08:35:08+00:00","og_image":[{"width":600,"height":360,"url":"https:\/\/permbledhja.com\/wp-content\/uploads\/2024\/01\/kr-v.jpg","type":"image\/jpeg"}],"author":"DL","twitter_card":"summary_large_image","twitter_misc":{"Written by":"DL","Est. reading time":"2 minuta"},"schema":{"@context":"https:\/\/schema.org","@graph":[{"@type":"Article","@id":"https:\/\/permbledhja.com\/sq\/kryetari-i-vitise-kritikon-qeverine-per-mos-bashkepunim-ndarja-buxhetore-ka-qene-selektive-dhe-jo-gjitheperfshirese\/#article","isPartOf":{"@id":"https:\/\/permbledhja.com\/sq\/kryetari-i-vitise-kritikon-qeverine-per-mos-bashkepunim-ndarja-buxhetore-ka-qene-selektive-dhe-jo-gjitheperfshirese\/"},"author":{"name":"DL","@id":"https:\/\/permbledhja.com\/#\/schema\/person\/9c54260cbc4c6f792cb100550491638c"},"headline":"Kryetari i Vitis\u00eb kritikon qeverin\u00eb p\u00ebr mos bashk\u00ebpunim: Ndarja buxhetore ka qen\u00eb selektive dhe jo gjith\u00ebp\u00ebrfshir\u00ebse","datePublished":"2024-01-28T08:35:08+00:00","dateModified":"2024-01-28T08:35:08+00:00","mainEntityOfPage":{"@id":"https:\/\/permbledhja.com\/sq\/kryetari-i-vitise-kritikon-qeverine-per-mos-bashkepunim-ndarja-buxhetore-ka-qene-selektive-dhe-jo-gjitheperfshirese\/"},"wordCount":312,"publisher":{"@id":"https:\/\/permbledhja.com\/#organization"},"articleSection":["Lajme"],"inLanguage":"sq"},{"@type":"WebPage","@id":"https:\/\/permbledhja.com\/sq\/kryetari-i-vitise-kritikon-qeverine-per-mos-bashkepunim-ndarja-buxhetore-ka-qene-selektive-dhe-jo-gjitheperfshirese\/","url":"https:\/\/permbledhja.com\/sq\/kryetari-i-vitise-kritikon-qeverine-per-mos-bashkepunim-ndarja-buxhetore-ka-qene-selektive-dhe-jo-gjitheperfshirese\/","name":"Kryetari i Vitis\u00eb kritikon qeverin\u00eb p\u00ebr mos bashk\u00ebpunim: Ndarja buxhetore ka qen\u00eb selektive dhe jo gjith\u00ebp\u00ebrfshir\u00ebse","isPartOf":{"@id":"https:\/\/permbledhja.com\/#website"},"datePublished":"2024-01-28T08:35:08+00:00","dateModified":"2024-01-28T08:35:08+00:00","breadcrumb":{"@id":"https:\/\/permbledhja.com\/sq\/kryetari-i-vitise-kritikon-qeverine-per-mos-bashkepunim-ndarja-buxhetore-ka-qene-selektive-dhe-jo-gjitheperfshirese\/#breadcrumb"},"inLanguage":"sq","potentialAction":[{"@type":"ReadAction","target":["https:\/\/permbledhja.com\/sq\/kryetari-i-vitise-kritikon-qeverine-per-mos-bashkepunim-ndarja-buxhetore-ka-qene-selektive-dhe-jo-gjitheperfshirese\/"]}]},{"@type":"BreadcrumbList","@id":"https:\/\/permbledhja.com\/sq\/kryetari-i-vitise-kritikon-qeverine-per-mos-bashkepunim-ndarja-buxhetore-ka-qene-selektive-dhe-jo-gjitheperfshirese\/#breadcrumb","itemListElement":[{"@type":"ListItem","position":1,"name":"Ballina","item":"https:\/\/permbledhja.com\/sq\/"},{"@type":"ListItem","position":2,"name":"Kryetari i Vitis\u00eb kritikon qeverin\u00eb p\u00ebr mos bashk\u00ebpunim: Ndarja buxhetore ka qen\u00eb selektive dhe jo gjith\u00ebp\u00ebrfshir\u00ebse"}]},{"@type":"WebSite","@id":"https:\/\/permbledhja.com\/#website","url":"https:\/\/permbledhja.com\/","name":"Ve\u00e7 artikuj p\u00ebrmbledh\u00ebs","description":"","publisher":{"@id":"https:\/\/permbledhja.com\/#organization"},"potentialAction":[{"@type":"SearchAction","target":{"@type":"EntryPoint","urlTemplate":"https:\/\/permbledhja.com\/?s={search_term_string}"},"query-input":"required name=search_term_string"}],"inLanguage":"sq"},{"@type":"Organization","@id":"https:\/\/permbledhja.com\/#organization","name":"MK Media & Pr","url":"https:\/\/permbledhja.com\/","logo":{"@type":"ImageObject","inLanguage":"sq","@id":"https:\/\/permbledhja.com\/#\/schema\/logo\/image\/","url":"https:\/\/permbledhja.com\/wp-content\/uploads\/2021\/12\/07-Press-Logo.jpg","contentUrl":"https:\/\/permbledhja.com\/wp-content\/uploads\/2021\/12\/07-Press-Logo.jpg","width":512,"height":512,"caption":"MK Media & Pr"},"image":{"@id":"https:\/\/permbledhja.com\/#\/schema\/logo\/image\/"},"sameAs":["https:\/\/www.facebook.com\/press07\/"]},{"@type":"Person","@id":"https:\/\/permbledhja.com\/#\/schema\/person\/9c54260cbc4c6f792cb100550491638c","name":"DL","image":{"@type":"ImageObject","inLanguage":"sq","@id":"https:\/\/permbledhja.com\/#\/schema\/person\/image\/","url":"https:\/\/secure.gravatar.com\/avatar\/94503eb28d4c4b2005a5c8753e35fc80?s=96&d=mm&r=g","contentUrl":"https:\/\/secure.gravatar.com\/avatar\/94503eb28d4c4b2005a5c8753e35fc80?s=96&d=mm&r=g","caption":"DL"},"url":"https:\/\/permbledhja.com\/sq\/author\/dl\/"}]}},"_links":{"self":[{"href":"https:\/\/permbledhja.com\/sq\/wp-json\/wp\/v2\/posts\/44901"}],"collection":[{"href":"https:\/\/permbledhja.com\/sq\/wp-json\/wp\/v2\/posts"}],"about":[{"href":"https:\/\/permbledhja.com\/sq\/wp-json\/wp\/v2\/types\/post"}],"author":[{"embeddable":true,"href":"https:\/\/permbledhja.com\/sq\/wp-json\/wp\/v2\/users\/5"}],"replies":[{"embeddable":true,"href":"https:\/\/permbledhja.com\/sq\/wp-json\/wp\/v2\/comments?post=44901"}],"version-history":[{"count":1,"href":"https:\/\/permbledhja.com\/sq\/wp-json\/wp\/v2\/posts\/44901\/revisions"}],"predecessor-version":[{"id":44903,"href":"https:\/\/permbledhja.com\/sq\/wp-json\/wp\/v2\/posts\/44901\/revisions\/44903"}],"wp:featuredmedia":[{"embeddable":true,"href":"https:\/\/permbledhja.com\/sq\/wp-json\/wp\/v2\/media\/44902"}],"wp:attachment":[{"href":"https:\/\/permbledhja.com\/sq\/wp-json\/wp\/v2\/media?parent=44901"}],"wp:term":[{"taxonomy":"category","embeddable":true,"href":"https:\/\/permbledhja.com\/sq\/wp-json\/wp\/v2\/categories?post=44901"},{"taxonomy":"post_tag","embeddable":true,"href":"https:\/\/permbledhja.com\/sq\/wp-json\/wp\/v2\/tags?post=44901"}],"curies":[{"name":"wp","href":"https:\/\/api.w.org\/{rel}","templated":true}]}}