{"id":44891,"date":"2024-01-28T07:48:34","date_gmt":"2024-01-28T07:48:34","guid":{"rendered":"https:\/\/permbledhja.com\/?p=44891"},"modified":"2024-01-28T07:52:38","modified_gmt":"2024-01-28T07:52:38","slug":"tre-te-arrestuar-ne-vetaksidentin-ne-gjilan-nuk-i-ndihmuan-te-ndjerit","status":"publish","type":"post","link":"https:\/\/permbledhja.com\/sq\/tre-te-arrestuar-ne-vetaksidentin-ne-gjilan-nuk-i-ndihmuan-te-ndjerit\/","title":{"rendered":"Tre t\u00eb arrestuar n\u00eb vetaksidentin n\u00eb Gjilan, nuk i ndihmuan t\u00eb ndjerit"},"content":{"rendered":"<h3>Policia e Kosov\u00ebs ka arrestuar tre persona p\u00ebr rastin e vetaksidentit t\u00eb enjten n\u00eb Gjilan, ku p\u00ebr pasoj\u00eb humbi jet\u00ebn nj\u00eb person.<\/h3>\n<p>T\u00eb arrestuarit dyshohet se nuk e kan\u00eb ndihmuar viktim\u00ebn, por jan\u00eb larguar nga vendi i ngjarjes. P\u00ebr mosdh\u00ebnie t\u00eb ndihm\u00ebs n\u00eb raste t\u00eb tilla dhe n\u00ebse ka viktima, Kodit Penal, parasheh d\u00ebnim me burgim deri n\u00eb 8 vjet.<\/p>\n<p>Pjes\u00eb t\u00eb vetur\u00ebs, cop\u00ebza xhami e njolla gjaku. Kjo \u00ebsht\u00eb ajo \u00e7ka mbetur n\u00eb vendin e aksidentit tragjik n\u00eb Miresh t\u00eb Gjilanit dy dit\u00eb pasi nj\u00eb vetur\u00eb u p\u00ebrplas me shk\u00ebmbinjt\u00eb p\u00ebr t\u00eb kaluar m\u00eb pas n\u00eb an\u00ebn tjet\u00ebr t\u00eb rrug\u00ebs.<\/p>\n<p>Lidhur me rastin, banor\u00eb t\u00eb k\u00ebtij vendi i kan\u00eb treguar televizionit se t\u00eb rinjt\u00eb ishin duke b\u00ebr\u00eb gara me makina dhe se aksidentet n\u00eb k\u00ebt\u00eb zon\u00eb nuk jan\u00eb t\u00eb rralla.<\/p>\n<p>N\u00eb vetur\u00eb bashk\u00eb me viktim\u00ebn ka qen\u00eb edhe nj\u00eb person tjet\u00ebr i cili ka p\u00ebsuar l\u00ebndime trupore.<\/p>\n<p>Por n\u00eb prangat e Policis\u00eb kan\u00eb p\u00ebrfunduar tre persona t\u00eb tjer\u00eb q\u00eb kan\u00eb qen\u00eb n\u00eb vendin e ngjarjes, t\u00eb cil\u00ebt jan\u00eb identifikuar t\u00eb premten.<\/p>\n<p>\u201cLidhur me rastin, m\u00eb dat\u00eb 26.01.2024 nj\u00ebsiti hetuesis\u00eb ka identifikuar dhe arrestuar tre t\u00eb dyshuar meshkuj kosovar\u00eb pasi q\u00eb t\u00eb nj\u00ebjtit n\u00eb dit\u00ebn kritike kan\u00eb qen\u00eb s\u00eb bashku me viktim\u00ebn. Pas aksidentit t\u00eb nj\u00ebjtit nuk kan\u00eb ofruar ndihm\u00eb viktim\u00ebs, por jan\u00eb larguar nga vendi i ngjarjes\u201d, ka th\u00ebn\u00eb Policia.<\/p>\n<p>P\u00ebrve\u00e7 p\u00ebr mosdh\u00ebnie t\u00eb ndihm\u00ebs, dy nga t\u00eb arrestuarit, B.A 29-vje\u00e7ar, F.A 23-vje\u00e7ar, dyshohen se n\u00eb koh\u00ebn e aksidentit, gjat\u00eb or\u00ebve t\u00eb para t\u00eb m\u00ebngjesit, kan\u00eb qen\u00eb duke b\u00ebr\u00eb gara me vetur\u00eb, t\u00eb cilat ndalohen me ligj.<\/p>\n","protected":false},"excerpt":{"rendered":"<p>Policia e Kosov\u00ebs ka arrestuar tre persona p\u00ebr rastin e vetaksidentit t\u00eb enjten n\u00eb Gjilan, ku p\u00ebr pasoj\u00eb humbi jet\u00ebn nj\u00eb person. T\u00eb arrestuarit dyshohet se nuk e kan\u00eb ndihmuar viktim\u00ebn, por jan\u00eb larguar nga vendi i ngjarjes. P\u00ebr mosdh\u00ebnie t\u00eb ndihm\u00ebs n\u00eb raste t\u00eb tilla dhe n\u00ebse ka viktima, Kodit Penal, parasheh d\u00ebnim me [&hellip;]<\/p>\n","protected":false},"author":5,"featured_media":44892,"comment_status":"closed","ping_status":"closed","sticky":false,"template":"","format":"standard","meta":{"_monsterinsights_skip_tracking":false,"_monsterinsights_sitenote_active":false,"_monsterinsights_sitenote_note":"","_monsterinsights_sitenote_category":0,"_uf_show_specific_survey":0,"_uf_disable_surveys":false,"footnotes":""},"categories":[2645],"tags":[],"yoast_head":"<!-- This site is optimized with the Yoast SEO plugin v21.5 - https:\/\/yoast.com\/wordpress\/plugins\/seo\/ -->\n<title>Tre t\u00eb arrestuar n\u00eb vetaksidentin n\u00eb Gjilan, nuk i ndihmuan t\u00eb ndjerit<\/title>\n<meta name=\"robots\" content=\"index, follow, max-snippet:-1, max-image-preview:large, max-video-preview:-1\" \/>\n<link rel=\"canonical\" href=\"https:\/\/permbledhja.com\/sq\/tre-te-arrestuar-ne-vetaksidentin-ne-gjilan-nuk-i-ndihmuan-te-ndjerit\/\" \/>\n<meta property=\"og:locale\" content=\"sq_AL\" \/>\n<meta property=\"og:type\" content=\"article\" \/>\n<meta property=\"og:title\" content=\"Tre t\u00eb arrestuar n\u00eb vetaksidentin n\u00eb Gjilan, nuk i ndihmuan t\u00eb ndjerit\" \/>\n<meta property=\"og:description\" content=\"Policia e Kosov\u00ebs ka arrestuar tre persona p\u00ebr rastin e vetaksidentit t\u00eb enjten n\u00eb Gjilan, ku p\u00ebr pasoj\u00eb humbi jet\u00ebn nj\u00eb person. T\u00eb arrestuarit dyshohet se nuk e kan\u00eb ndihmuar viktim\u00ebn, por jan\u00eb larguar nga vendi i ngjarjes. P\u00ebr mosdh\u00ebnie t\u00eb ndihm\u00ebs n\u00eb raste t\u00eb tilla dhe n\u00ebse ka viktima, Kodit Penal, parasheh d\u00ebnim me [&hellip;]\" \/>\n<meta property=\"og:url\" content=\"https:\/\/permbledhja.com\/sq\/tre-te-arrestuar-ne-vetaksidentin-ne-gjilan-nuk-i-ndihmuan-te-ndjerit\/\" \/>\n<meta property=\"og:site_name\" content=\"Ve\u00e7 artikuj p\u00ebrmbledh\u00ebs\" \/>\n<meta property=\"article:publisher\" content=\"https:\/\/www.facebook.com\/press07\/\" \/>\n<meta property=\"article:published_time\" content=\"2024-01-28T07:48:34+00:00\" \/>\n<meta property=\"article:modified_time\" content=\"2024-01-28T07:52:38+00:00\" \/>\n<meta property=\"og:image\" content=\"https:\/\/permbledhja.com\/wp-content\/uploads\/2024\/01\/gjj.png\" \/>\n\t<meta property=\"og:image:width\" content=\"600\" \/>\n\t<meta property=\"og:image:height\" content=\"360\" \/>\n\t<meta property=\"og:image:type\" content=\"image\/png\" \/>\n<meta name=\"author\" content=\"DL\" \/>\n<meta name=\"twitter:card\" content=\"summary_large_image\" \/>\n<meta name=\"twitter:label1\" content=\"Written by\" \/>\n\t<meta name=\"twitter:data1\" content=\"DL\" \/>\n\t<meta name=\"twitter:label2\" content=\"Est. reading time\" \/>\n\t<meta name=\"twitter:data2\" content=\"2 minuta\" \/>\n<script type=\"application\/ld+json\" class=\"yoast-schema-graph\">{\"@context\":\"https:\/\/schema.org\",\"@graph\":[{\"@type\":\"Article\",\"@id\":\"https:\/\/permbledhja.com\/tre-te-arrestuar-ne-vetaksidentin-ne-gjilan-nuk-i-ndihmuan-te-ndjerit\/#article\",\"isPartOf\":{\"@id\":\"https:\/\/permbledhja.com\/tre-te-arrestuar-ne-vetaksidentin-ne-gjilan-nuk-i-ndihmuan-te-ndjerit\/\"},\"author\":{\"name\":\"DL\",\"@id\":\"https:\/\/permbledhja.com\/#\/schema\/person\/9c54260cbc4c6f792cb100550491638c\"},\"headline\":\"Tre t\u00eb arrestuar n\u00eb vetaksidentin n\u00eb Gjilan, nuk i ndihmuan t\u00eb ndjerit\",\"datePublished\":\"2024-01-28T07:48:34+00:00\",\"dateModified\":\"2024-01-28T07:52:38+00:00\",\"mainEntityOfPage\":{\"@id\":\"https:\/\/permbledhja.com\/tre-te-arrestuar-ne-vetaksidentin-ne-gjilan-nuk-i-ndihmuan-te-ndjerit\/\"},\"wordCount\":314,\"publisher\":{\"@id\":\"https:\/\/permbledhja.com\/#organization\"},\"articleSection\":[\"T\u00eb r\u00ebnd\u00ebsishme\"],\"inLanguage\":\"sq\"},{\"@type\":\"WebPage\",\"@id\":\"https:\/\/permbledhja.com\/tre-te-arrestuar-ne-vetaksidentin-ne-gjilan-nuk-i-ndihmuan-te-ndjerit\/\",\"url\":\"https:\/\/permbledhja.com\/tre-te-arrestuar-ne-vetaksidentin-ne-gjilan-nuk-i-ndihmuan-te-ndjerit\/\",\"name\":\"Tre t\u00eb arrestuar n\u00eb vetaksidentin n\u00eb Gjilan, nuk i ndihmuan t\u00eb ndjerit\",\"isPartOf\":{\"@id\":\"https:\/\/permbledhja.com\/#website\"},\"datePublished\":\"2024-01-28T07:48:34+00:00\",\"dateModified\":\"2024-01-28T07:52:38+00:00\",\"breadcrumb\":{\"@id\":\"https:\/\/permbledhja.com\/tre-te-arrestuar-ne-vetaksidentin-ne-gjilan-nuk-i-ndihmuan-te-ndjerit\/#breadcrumb\"},\"inLanguage\":\"sq\",\"potentialAction\":[{\"@type\":\"ReadAction\",\"target\":[\"https:\/\/permbledhja.com\/tre-te-arrestuar-ne-vetaksidentin-ne-gjilan-nuk-i-ndihmuan-te-ndjerit\/\"]}]},{\"@type\":\"BreadcrumbList\",\"@id\":\"https:\/\/permbledhja.com\/tre-te-arrestuar-ne-vetaksidentin-ne-gjilan-nuk-i-ndihmuan-te-ndjerit\/#breadcrumb\",\"itemListElement\":[{\"@type\":\"ListItem\",\"position\":1,\"name\":\"Ballina\",\"item\":\"https:\/\/permbledhja.com\/sq\/\"},{\"@type\":\"ListItem\",\"position\":2,\"name\":\"Tre t\u00eb arrestuar n\u00eb vetaksidentin n\u00eb Gjilan, nuk i ndihmuan t\u00eb ndjerit\"}]},{\"@type\":\"WebSite\",\"@id\":\"https:\/\/permbledhja.com\/#website\",\"url\":\"https:\/\/permbledhja.com\/\",\"name\":\"Ve\u00e7 artikuj p\u00ebrmbledh\u00ebs\",\"description\":\"\",\"publisher\":{\"@id\":\"https:\/\/permbledhja.com\/#organization\"},\"potentialAction\":[{\"@type\":\"SearchAction\",\"target\":{\"@type\":\"EntryPoint\",\"urlTemplate\":\"https:\/\/permbledhja.com\/?s={search_term_string}\"},\"query-input\":\"required name=search_term_string\"}],\"inLanguage\":\"sq\"},{\"@type\":\"Organization\",\"@id\":\"https:\/\/permbledhja.com\/#organization\",\"name\":\"MK Media & Pr\",\"url\":\"https:\/\/permbledhja.com\/\",\"logo\":{\"@type\":\"ImageObject\",\"inLanguage\":\"sq\",\"@id\":\"https:\/\/permbledhja.com\/#\/schema\/logo\/image\/\",\"url\":\"https:\/\/permbledhja.com\/wp-content\/uploads\/2021\/12\/07-Press-Logo.jpg\",\"contentUrl\":\"https:\/\/permbledhja.com\/wp-content\/uploads\/2021\/12\/07-Press-Logo.jpg\",\"width\":512,\"height\":512,\"caption\":\"MK Media & Pr\"},\"image\":{\"@id\":\"https:\/\/permbledhja.com\/#\/schema\/logo\/image\/\"},\"sameAs\":[\"https:\/\/www.facebook.com\/press07\/\"]},{\"@type\":\"Person\",\"@id\":\"https:\/\/permbledhja.com\/#\/schema\/person\/9c54260cbc4c6f792cb100550491638c\",\"name\":\"DL\",\"image\":{\"@type\":\"ImageObject\",\"inLanguage\":\"sq\",\"@id\":\"https:\/\/permbledhja.com\/#\/schema\/person\/image\/\",\"url\":\"https:\/\/secure.gravatar.com\/avatar\/94503eb28d4c4b2005a5c8753e35fc80?s=96&d=mm&r=g\",\"contentUrl\":\"https:\/\/secure.gravatar.com\/avatar\/94503eb28d4c4b2005a5c8753e35fc80?s=96&d=mm&r=g\",\"caption\":\"DL\"},\"url\":\"https:\/\/permbledhja.com\/sq\/author\/dl\/\"}]}<\/script>\n<!-- \/ Yoast SEO plugin. -->","yoast_head_json":{"title":"Tre t\u00eb arrestuar n\u00eb vetaksidentin n\u00eb Gjilan, nuk i ndihmuan t\u00eb ndjerit","robots":{"index":"index","follow":"follow","max-snippet":"max-snippet:-1","max-image-preview":"max-image-preview:large","max-video-preview":"max-video-preview:-1"},"canonical":"https:\/\/permbledhja.com\/sq\/tre-te-arrestuar-ne-vetaksidentin-ne-gjilan-nuk-i-ndihmuan-te-ndjerit\/","og_locale":"sq_AL","og_type":"article","og_title":"Tre t\u00eb arrestuar n\u00eb vetaksidentin n\u00eb Gjilan, nuk i ndihmuan t\u00eb ndjerit","og_description":"Policia e Kosov\u00ebs ka arrestuar tre persona p\u00ebr rastin e vetaksidentit t\u00eb enjten n\u00eb Gjilan, ku p\u00ebr pasoj\u00eb humbi jet\u00ebn nj\u00eb person. T\u00eb arrestuarit dyshohet se nuk e kan\u00eb ndihmuar viktim\u00ebn, por jan\u00eb larguar nga vendi i ngjarjes. P\u00ebr mosdh\u00ebnie t\u00eb ndihm\u00ebs n\u00eb raste t\u00eb tilla dhe n\u00ebse ka viktima, Kodit Penal, parasheh d\u00ebnim me [&hellip;]","og_url":"https:\/\/permbledhja.com\/sq\/tre-te-arrestuar-ne-vetaksidentin-ne-gjilan-nuk-i-ndihmuan-te-ndjerit\/","og_site_name":"Ve\u00e7 artikuj p\u00ebrmbledh\u00ebs","article_publisher":"https:\/\/www.facebook.com\/press07\/","article_published_time":"2024-01-28T07:48:34+00:00","article_modified_time":"2024-01-28T07:52:38+00:00","og_image":[{"width":600,"height":360,"url":"https:\/\/permbledhja.com\/wp-content\/uploads\/2024\/01\/gjj.png","type":"image\/png"}],"author":"DL","twitter_card":"summary_large_image","twitter_misc":{"Written by":"DL","Est. reading time":"2 minuta"},"schema":{"@context":"https:\/\/schema.org","@graph":[{"@type":"Article","@id":"https:\/\/permbledhja.com\/tre-te-arrestuar-ne-vetaksidentin-ne-gjilan-nuk-i-ndihmuan-te-ndjerit\/#article","isPartOf":{"@id":"https:\/\/permbledhja.com\/tre-te-arrestuar-ne-vetaksidentin-ne-gjilan-nuk-i-ndihmuan-te-ndjerit\/"},"author":{"name":"DL","@id":"https:\/\/permbledhja.com\/#\/schema\/person\/9c54260cbc4c6f792cb100550491638c"},"headline":"Tre t\u00eb arrestuar n\u00eb vetaksidentin n\u00eb Gjilan, nuk i ndihmuan t\u00eb ndjerit","datePublished":"2024-01-28T07:48:34+00:00","dateModified":"2024-01-28T07:52:38+00:00","mainEntityOfPage":{"@id":"https:\/\/permbledhja.com\/tre-te-arrestuar-ne-vetaksidentin-ne-gjilan-nuk-i-ndihmuan-te-ndjerit\/"},"wordCount":314,"publisher":{"@id":"https:\/\/permbledhja.com\/#organization"},"articleSection":["T\u00eb r\u00ebnd\u00ebsishme"],"inLanguage":"sq"},{"@type":"WebPage","@id":"https:\/\/permbledhja.com\/tre-te-arrestuar-ne-vetaksidentin-ne-gjilan-nuk-i-ndihmuan-te-ndjerit\/","url":"https:\/\/permbledhja.com\/tre-te-arrestuar-ne-vetaksidentin-ne-gjilan-nuk-i-ndihmuan-te-ndjerit\/","name":"Tre t\u00eb arrestuar n\u00eb vetaksidentin n\u00eb Gjilan, nuk i ndihmuan t\u00eb ndjerit","isPartOf":{"@id":"https:\/\/permbledhja.com\/#website"},"datePublished":"2024-01-28T07:48:34+00:00","dateModified":"2024-01-28T07:52:38+00:00","breadcrumb":{"@id":"https:\/\/permbledhja.com\/tre-te-arrestuar-ne-vetaksidentin-ne-gjilan-nuk-i-ndihmuan-te-ndjerit\/#breadcrumb"},"inLanguage":"sq","potentialAction":[{"@type":"ReadAction","target":["https:\/\/permbledhja.com\/tre-te-arrestuar-ne-vetaksidentin-ne-gjilan-nuk-i-ndihmuan-te-ndjerit\/"]}]},{"@type":"BreadcrumbList","@id":"https:\/\/permbledhja.com\/tre-te-arrestuar-ne-vetaksidentin-ne-gjilan-nuk-i-ndihmuan-te-ndjerit\/#breadcrumb","itemListElement":[{"@type":"ListItem","position":1,"name":"Ballina","item":"https:\/\/permbledhja.com\/sq\/"},{"@type":"ListItem","position":2,"name":"Tre t\u00eb arrestuar n\u00eb vetaksidentin n\u00eb Gjilan, nuk i ndihmuan t\u00eb ndjerit"}]},{"@type":"WebSite","@id":"https:\/\/permbledhja.com\/#website","url":"https:\/\/permbledhja.com\/","name":"Ve\u00e7 artikuj p\u00ebrmbledh\u00ebs","description":"","publisher":{"@id":"https:\/\/permbledhja.com\/#organization"},"potentialAction":[{"@type":"SearchAction","target":{"@type":"EntryPoint","urlTemplate":"https:\/\/permbledhja.com\/?s={search_term_string}"},"query-input":"required name=search_term_string"}],"inLanguage":"sq"},{"@type":"Organization","@id":"https:\/\/permbledhja.com\/#organization","name":"MK Media & Pr","url":"https:\/\/permbledhja.com\/","logo":{"@type":"ImageObject","inLanguage":"sq","@id":"https:\/\/permbledhja.com\/#\/schema\/logo\/image\/","url":"https:\/\/permbledhja.com\/wp-content\/uploads\/2021\/12\/07-Press-Logo.jpg","contentUrl":"https:\/\/permbledhja.com\/wp-content\/uploads\/2021\/12\/07-Press-Logo.jpg","width":512,"height":512,"caption":"MK Media & Pr"},"image":{"@id":"https:\/\/permbledhja.com\/#\/schema\/logo\/image\/"},"sameAs":["https:\/\/www.facebook.com\/press07\/"]},{"@type":"Person","@id":"https:\/\/permbledhja.com\/#\/schema\/person\/9c54260cbc4c6f792cb100550491638c","name":"DL","image":{"@type":"ImageObject","inLanguage":"sq","@id":"https:\/\/permbledhja.com\/#\/schema\/person\/image\/","url":"https:\/\/secure.gravatar.com\/avatar\/94503eb28d4c4b2005a5c8753e35fc80?s=96&d=mm&r=g","contentUrl":"https:\/\/secure.gravatar.com\/avatar\/94503eb28d4c4b2005a5c8753e35fc80?s=96&d=mm&r=g","caption":"DL"},"url":"https:\/\/permbledhja.com\/sq\/author\/dl\/"}]}},"_links":{"self":[{"href":"https:\/\/permbledhja.com\/sq\/wp-json\/wp\/v2\/posts\/44891"}],"collection":[{"href":"https:\/\/permbledhja.com\/sq\/wp-json\/wp\/v2\/posts"}],"about":[{"href":"https:\/\/permbledhja.com\/sq\/wp-json\/wp\/v2\/types\/post"}],"author":[{"embeddable":true,"href":"https:\/\/permbledhja.com\/sq\/wp-json\/wp\/v2\/users\/5"}],"replies":[{"embeddable":true,"href":"https:\/\/permbledhja.com\/sq\/wp-json\/wp\/v2\/comments?post=44891"}],"version-history":[{"count":1,"href":"https:\/\/permbledhja.com\/sq\/wp-json\/wp\/v2\/posts\/44891\/revisions"}],"predecessor-version":[{"id":44893,"href":"https:\/\/permbledhja.com\/sq\/wp-json\/wp\/v2\/posts\/44891\/revisions\/44893"}],"wp:featuredmedia":[{"embeddable":true,"href":"https:\/\/permbledhja.com\/sq\/wp-json\/wp\/v2\/media\/44892"}],"wp:attachment":[{"href":"https:\/\/permbledhja.com\/sq\/wp-json\/wp\/v2\/media?parent=44891"}],"wp:term":[{"taxonomy":"category","embeddable":true,"href":"https:\/\/permbledhja.com\/sq\/wp-json\/wp\/v2\/categories?post=44891"},{"taxonomy":"post_tag","embeddable":true,"href":"https:\/\/permbledhja.com\/sq\/wp-json\/wp\/v2\/tags?post=44891"}],"curies":[{"name":"wp","href":"https:\/\/api.w.org\/{rel}","templated":true}]}}