{"id":4476,"date":"2022-08-24T10:57:17","date_gmt":"2022-08-24T10:57:17","guid":{"rendered":"https:\/\/permbledhja.com\/?p=4476"},"modified":"2022-08-24T11:00:37","modified_gmt":"2022-08-24T11:00:37","slug":"hbaton-haxhiu-eshte-arritur-nje-marreveshje-kurti-vuciq-per-veton-surroin","status":"publish","type":"post","link":"https:\/\/permbledhja.com\/sq\/hbaton-haxhiu-eshte-arritur-nje-marreveshje-kurti-vuciq-per-veton-surroin\/","title":{"rendered":"Baton Haxhiu: \u00cbsht\u00eb arritur nj\u00eb marr\u00ebveshje Kurti-Vu\u00e7iq p\u00ebr Veton Surroin"},"content":{"rendered":"<p><strong>Publicisti Baton Haxhiu ka th\u00ebn\u00eb t\u00eb mart\u00ebn se ekziston nj\u00eb marr\u00ebveshje nd\u00ebrmjet kryeministrit Albin Kurti dhe presidentit serb Aleksandar Vu\u00e7iq p\u00ebr em\u00ebrimin e Veton Surroit n\u00eb pozit\u00ebn e Sekretarit t\u00eb P\u00ebrgjithsh\u00ebm t\u00eb RCC-s\u00eb<\/strong>.<\/p>\n<p>N\u00eb nj\u00eb editorial t\u00eb publikuar t\u00eb mart\u00ebn, n\u00eb t\u00eb cil\u00ebn ish-drejtori i Klan Kosov\u00ebs kritikon qasjen e kryeministrit Kurti n\u00eb dialogun me Serbin\u00eb, ai po ashtu pretendon se dy lider\u00ebt jan\u00eb pajtuar p\u00ebr afirmimin e Veton Surroit n\u00eb pozit\u00ebn e sekretarit t\u00eb K\u00ebshillit p\u00ebr Bashk\u00ebpunim Rajonal.<\/p>\n<p>Tutje, Haxhiu n\u00eb shkrimin e tij e quan Surroin nj\u00eb \u201cperson i cili p\u00ebr m\u00eb shum\u00eb se 30 vite, sipas Albin Kurtit, ka mbajtur q\u00ebndrime t\u00eb prera anti-komb\u00ebtare\u201d.<\/p>\n<p>\u201cN\u00eb fakt, t\u00eb nj\u00ebjtit jan\u00eb aq t\u00eb ul\u00ebt sa n\u00eb heshtje e pranojn\u00eb edhe marr\u00ebveshjen Kurti-Vu\u00e7i\u00e7 p\u00ebr em\u00ebrim t\u00eb Veton Surroit si Sekretar i P\u00ebrgjithsh\u00ebm i K\u00ebshillit p\u00ebr Bashk\u00ebpunim Rajonal. Pra, b\u00ebhet fjal\u00eb p\u00ebr afirmim t\u00eb personit i cili p\u00ebr m\u00eb shum\u00eb se 30 vite, sipas Albin Kurtit, ka mbajtur q\u00ebndrime t\u00eb prera anti-komb\u00ebtare duke filluar nga mbrojtja e ndryshimeve kushtetuese, mb\u00ebshtetja e koalicioneve opozitare anti-Kosov\u00eb si Demos e Zajedno t\u00eb Serbis\u00eb kund\u00ebr Ibrahim Rugov\u00ebs, pjes\u00ebmarrja n\u00eb projektin e Milloshevi\u00e7it p\u00ebr t\u00eb z\u00ebvend\u00ebsuar Bujar Bukoshin me vet\u00eb Surroin si Kryeminist\u00ebr t\u00eb Qeveris\u00eb n\u00eb Ekzil e deri te dor\u00ebzimi pa kushte me dit\u00eb t\u00eb par\u00eb n\u00eb Rambuje kund\u00ebr p\u00ebrpjekjeve t\u00eb Rugov\u00ebs dhe Tha\u00e7it p\u00ebr avancim t\u00eb disa klauzolave me r\u00ebnd\u00ebsi jetike n\u00eb at\u00eb marr\u00ebveshje\u201d, shkruan Haxhiu.<\/p>\n<p>Sipas Haxhiut, an\u00ebtar\u00ebsia e L\u00ebvizjes Vet\u00ebvendosje i \u00ebsht\u00eb n\u00ebnshtruar n\u00eb plotni Kurtit.<\/p>\n<p>\u201cMegjithat\u00eb, kjo e b\u00ebn t\u00eb qart\u00eb se an\u00ebtar\u00ebsia e k\u00ebsaj partie i \u00ebsht\u00eb n\u00ebnshtruar pa kushte interesave personale dhe kultit t\u00eb udh\u00ebheq\u00ebsit shpirt\u00ebror n\u00eb d\u00ebm t\u00eb interesave komb\u00ebtare\u201d, vijon shkrimi i Haxhiut.<\/p>\n<p>Haxhiu ka akuzuar Kurtin dhe z\u00ebvend\u00ebsin e tij, Besnik Bislimin, t\u00eb cilin e ka quajtur \u201cdallaveraxhiu smir\u00ebzi, Besnik Bislimi\u201d, se kan\u00eb vendosur ta trajtojn\u00eb dialogun me Serbin\u00eb \u201csi n\u00eb komplotet e tyre t\u00eb pista kund\u00ebr aktivist\u00ebve t\u00eb PSD-s\u00eb\u201d.<\/p>\n","protected":false},"excerpt":{"rendered":"<p>Publicisti Baton Haxhiu ka th\u00ebn\u00eb t\u00eb mart\u00ebn se ekziston nj\u00eb marr\u00ebveshje nd\u00ebrmjet kryeministrit Albin Kurti dhe presidentit serb Aleksandar Vu\u00e7iq p\u00ebr em\u00ebrimin e Veton Surroit n\u00eb pozit\u00ebn e Sekretarit t\u00eb P\u00ebrgjithsh\u00ebm t\u00eb RCC-s\u00eb. N\u00eb nj\u00eb editorial t\u00eb publikuar t\u00eb mart\u00ebn, n\u00eb t\u00eb cil\u00ebn ish-drejtori i Klan Kosov\u00ebs kritikon qasjen e kryeministrit Kurti n\u00eb dialogun me [&hellip;]<\/p>\n","protected":false},"author":1,"featured_media":4477,"comment_status":"closed","ping_status":"closed","sticky":false,"template":"","format":"standard","meta":{"_monsterinsights_skip_tracking":false,"_monsterinsights_sitenote_active":false,"_monsterinsights_sitenote_note":"","_monsterinsights_sitenote_category":0,"_uf_show_specific_survey":0,"_uf_disable_surveys":false,"footnotes":""},"categories":[23,15],"tags":[],"yoast_head":"<!-- This site is optimized with the Yoast SEO plugin v21.5 - https:\/\/yoast.com\/wordpress\/plugins\/seo\/ -->\n<title>Baton Haxhiu: \u00cbsht\u00eb arritur nj\u00eb marr\u00ebveshje Kurti-Vu\u00e7iq p\u00ebr Veton Surroin<\/title>\n<meta name=\"robots\" content=\"index, follow, max-snippet:-1, max-image-preview:large, max-video-preview:-1\" \/>\n<link rel=\"canonical\" href=\"https:\/\/permbledhja.com\/sq\/hbaton-haxhiu-eshte-arritur-nje-marreveshje-kurti-vuciq-per-veton-surroin\/\" \/>\n<meta property=\"og:locale\" content=\"sq_AL\" \/>\n<meta property=\"og:type\" content=\"article\" \/>\n<meta property=\"og:title\" content=\"Baton Haxhiu: \u00cbsht\u00eb arritur nj\u00eb marr\u00ebveshje Kurti-Vu\u00e7iq p\u00ebr Veton Surroin\" \/>\n<meta property=\"og:description\" content=\"Publicisti Baton Haxhiu ka th\u00ebn\u00eb t\u00eb mart\u00ebn se ekziston nj\u00eb marr\u00ebveshje nd\u00ebrmjet kryeministrit Albin Kurti dhe presidentit serb Aleksandar Vu\u00e7iq p\u00ebr em\u00ebrimin e Veton Surroit n\u00eb pozit\u00ebn e Sekretarit t\u00eb P\u00ebrgjithsh\u00ebm t\u00eb RCC-s\u00eb. N\u00eb nj\u00eb editorial t\u00eb publikuar t\u00eb mart\u00ebn, n\u00eb t\u00eb cil\u00ebn ish-drejtori i Klan Kosov\u00ebs kritikon qasjen e kryeministrit Kurti n\u00eb dialogun me [&hellip;]\" \/>\n<meta property=\"og:url\" content=\"https:\/\/permbledhja.com\/sq\/hbaton-haxhiu-eshte-arritur-nje-marreveshje-kurti-vuciq-per-veton-surroin\/\" \/>\n<meta property=\"og:site_name\" content=\"Ve\u00e7 artikuj p\u00ebrmbledh\u00ebs\" \/>\n<meta property=\"article:publisher\" content=\"https:\/\/www.facebook.com\/press07\/\" \/>\n<meta property=\"article:author\" content=\"https:\/\/www.facebook.com\/kafexhiu.muharrem\/\" \/>\n<meta property=\"article:published_time\" content=\"2022-08-24T10:57:17+00:00\" \/>\n<meta property=\"article:modified_time\" content=\"2022-08-24T11:00:37+00:00\" \/>\n<meta property=\"og:image\" content=\"https:\/\/permbledhja.com\/wp-content\/uploads\/2022\/08\/09A254C2-DF69-4EFF-BA1A-FDDF85894725-780x405.jpeg.jpg\" \/>\n\t<meta property=\"og:image:width\" content=\"780\" \/>\n\t<meta property=\"og:image:height\" content=\"405\" \/>\n\t<meta property=\"og:image:type\" content=\"image\/jpeg\" \/>\n<meta name=\"author\" content=\"P\u00ebrmbledhja\" \/>\n<meta name=\"twitter:card\" content=\"summary_large_image\" \/>\n<meta name=\"twitter:label1\" content=\"Written by\" \/>\n\t<meta name=\"twitter:data1\" content=\"P\u00ebrmbledhja\" \/>\n\t<meta name=\"twitter:label2\" content=\"Est. reading time\" \/>\n\t<meta name=\"twitter:data2\" content=\"2 minuta\" \/>\n<script type=\"application\/ld+json\" class=\"yoast-schema-graph\">{\"@context\":\"https:\/\/schema.org\",\"@graph\":[{\"@type\":\"Article\",\"@id\":\"https:\/\/permbledhja.com\/hbaton-haxhiu-eshte-arritur-nje-marreveshje-kurti-vuciq-per-veton-surroin\/#article\",\"isPartOf\":{\"@id\":\"https:\/\/permbledhja.com\/hbaton-haxhiu-eshte-arritur-nje-marreveshje-kurti-vuciq-per-veton-surroin\/\"},\"author\":{\"name\":\"P\u00ebrmbledhja\",\"@id\":\"https:\/\/permbledhja.com\/#\/schema\/person\/0d064377258d3221e50693947b9eb4fe\"},\"headline\":\"Baton Haxhiu: \u00cbsht\u00eb arritur nj\u00eb marr\u00ebveshje Kurti-Vu\u00e7iq p\u00ebr Veton Surroin\",\"datePublished\":\"2022-08-24T10:57:17+00:00\",\"dateModified\":\"2022-08-24T11:00:37+00:00\",\"mainEntityOfPage\":{\"@id\":\"https:\/\/permbledhja.com\/hbaton-haxhiu-eshte-arritur-nje-marreveshje-kurti-vuciq-per-veton-surroin\/\"},\"wordCount\":401,\"publisher\":{\"@id\":\"https:\/\/permbledhja.com\/#organization\"},\"articleSection\":[\"Komb\u00ebtare\",\"Lajme\"],\"inLanguage\":\"sq\"},{\"@type\":\"WebPage\",\"@id\":\"https:\/\/permbledhja.com\/hbaton-haxhiu-eshte-arritur-nje-marreveshje-kurti-vuciq-per-veton-surroin\/\",\"url\":\"https:\/\/permbledhja.com\/hbaton-haxhiu-eshte-arritur-nje-marreveshje-kurti-vuciq-per-veton-surroin\/\",\"name\":\"Baton Haxhiu: \u00cbsht\u00eb arritur nj\u00eb marr\u00ebveshje Kurti-Vu\u00e7iq p\u00ebr Veton Surroin\",\"isPartOf\":{\"@id\":\"https:\/\/permbledhja.com\/#website\"},\"datePublished\":\"2022-08-24T10:57:17+00:00\",\"dateModified\":\"2022-08-24T11:00:37+00:00\",\"breadcrumb\":{\"@id\":\"https:\/\/permbledhja.com\/hbaton-haxhiu-eshte-arritur-nje-marreveshje-kurti-vuciq-per-veton-surroin\/#breadcrumb\"},\"inLanguage\":\"sq\",\"potentialAction\":[{\"@type\":\"ReadAction\",\"target\":[\"https:\/\/permbledhja.com\/hbaton-haxhiu-eshte-arritur-nje-marreveshje-kurti-vuciq-per-veton-surroin\/\"]}]},{\"@type\":\"BreadcrumbList\",\"@id\":\"https:\/\/permbledhja.com\/hbaton-haxhiu-eshte-arritur-nje-marreveshje-kurti-vuciq-per-veton-surroin\/#breadcrumb\",\"itemListElement\":[{\"@type\":\"ListItem\",\"position\":1,\"name\":\"Ballina\",\"item\":\"https:\/\/permbledhja.com\/sq\/\"},{\"@type\":\"ListItem\",\"position\":2,\"name\":\"Baton Haxhiu: \u00cbsht\u00eb arritur nj\u00eb marr\u00ebveshje Kurti-Vu\u00e7iq p\u00ebr Veton Surroin\"}]},{\"@type\":\"WebSite\",\"@id\":\"https:\/\/permbledhja.com\/#website\",\"url\":\"https:\/\/permbledhja.com\/\",\"name\":\"Ve\u00e7 artikuj p\u00ebrmbledh\u00ebs\",\"description\":\"\",\"publisher\":{\"@id\":\"https:\/\/permbledhja.com\/#organization\"},\"potentialAction\":[{\"@type\":\"SearchAction\",\"target\":{\"@type\":\"EntryPoint\",\"urlTemplate\":\"https:\/\/permbledhja.com\/?s={search_term_string}\"},\"query-input\":\"required name=search_term_string\"}],\"inLanguage\":\"sq\"},{\"@type\":\"Organization\",\"@id\":\"https:\/\/permbledhja.com\/#organization\",\"name\":\"MK Media & Pr\",\"url\":\"https:\/\/permbledhja.com\/\",\"logo\":{\"@type\":\"ImageObject\",\"inLanguage\":\"sq\",\"@id\":\"https:\/\/permbledhja.com\/#\/schema\/logo\/image\/\",\"url\":\"https:\/\/permbledhja.com\/wp-content\/uploads\/2021\/12\/07-Press-Logo.jpg\",\"contentUrl\":\"https:\/\/permbledhja.com\/wp-content\/uploads\/2021\/12\/07-Press-Logo.jpg\",\"width\":512,\"height\":512,\"caption\":\"MK Media & Pr\"},\"image\":{\"@id\":\"https:\/\/permbledhja.com\/#\/schema\/logo\/image\/\"},\"sameAs\":[\"https:\/\/www.facebook.com\/press07\/\"]},{\"@type\":\"Person\",\"@id\":\"https:\/\/permbledhja.com\/#\/schema\/person\/0d064377258d3221e50693947b9eb4fe\",\"name\":\"P\u00ebrmbledhja\",\"image\":{\"@type\":\"ImageObject\",\"inLanguage\":\"sq\",\"@id\":\"https:\/\/permbledhja.com\/#\/schema\/person\/image\/\",\"url\":\"https:\/\/permbledhja.com\/wp-content\/uploads\/2026\/01\/452004717_1040944174702970_8932037511805513407_n-96x96.jpg\",\"contentUrl\":\"https:\/\/permbledhja.com\/wp-content\/uploads\/2026\/01\/452004717_1040944174702970_8932037511805513407_n-96x96.jpg\",\"caption\":\"P\u00ebrmbledhja\"},\"sameAs\":[\"https:\/\/www.facebook.com\/kafexhiu.muharrem\/\",\"https:\/\/www.instagram.com\/muharrem_kafexhiu\/\"],\"url\":\"https:\/\/permbledhja.com\/sq\/author\/admin\/\"}]}<\/script>\n<!-- \/ Yoast SEO plugin. -->","yoast_head_json":{"title":"Baton Haxhiu: \u00cbsht\u00eb arritur nj\u00eb marr\u00ebveshje Kurti-Vu\u00e7iq p\u00ebr Veton Surroin","robots":{"index":"index","follow":"follow","max-snippet":"max-snippet:-1","max-image-preview":"max-image-preview:large","max-video-preview":"max-video-preview:-1"},"canonical":"https:\/\/permbledhja.com\/sq\/hbaton-haxhiu-eshte-arritur-nje-marreveshje-kurti-vuciq-per-veton-surroin\/","og_locale":"sq_AL","og_type":"article","og_title":"Baton Haxhiu: \u00cbsht\u00eb arritur nj\u00eb marr\u00ebveshje Kurti-Vu\u00e7iq p\u00ebr Veton Surroin","og_description":"Publicisti Baton Haxhiu ka th\u00ebn\u00eb t\u00eb mart\u00ebn se ekziston nj\u00eb marr\u00ebveshje nd\u00ebrmjet kryeministrit Albin Kurti dhe presidentit serb Aleksandar Vu\u00e7iq p\u00ebr em\u00ebrimin e Veton Surroit n\u00eb pozit\u00ebn e Sekretarit t\u00eb P\u00ebrgjithsh\u00ebm t\u00eb RCC-s\u00eb. N\u00eb nj\u00eb editorial t\u00eb publikuar t\u00eb mart\u00ebn, n\u00eb t\u00eb cil\u00ebn ish-drejtori i Klan Kosov\u00ebs kritikon qasjen e kryeministrit Kurti n\u00eb dialogun me [&hellip;]","og_url":"https:\/\/permbledhja.com\/sq\/hbaton-haxhiu-eshte-arritur-nje-marreveshje-kurti-vuciq-per-veton-surroin\/","og_site_name":"Ve\u00e7 artikuj p\u00ebrmbledh\u00ebs","article_publisher":"https:\/\/www.facebook.com\/press07\/","article_author":"https:\/\/www.facebook.com\/kafexhiu.muharrem\/","article_published_time":"2022-08-24T10:57:17+00:00","article_modified_time":"2022-08-24T11:00:37+00:00","og_image":[{"width":780,"height":405,"url":"https:\/\/permbledhja.com\/wp-content\/uploads\/2022\/08\/09A254C2-DF69-4EFF-BA1A-FDDF85894725-780x405.jpeg.jpg","type":"image\/jpeg"}],"author":"P\u00ebrmbledhja","twitter_card":"summary_large_image","twitter_misc":{"Written by":"P\u00ebrmbledhja","Est. reading time":"2 minuta"},"schema":{"@context":"https:\/\/schema.org","@graph":[{"@type":"Article","@id":"https:\/\/permbledhja.com\/hbaton-haxhiu-eshte-arritur-nje-marreveshje-kurti-vuciq-per-veton-surroin\/#article","isPartOf":{"@id":"https:\/\/permbledhja.com\/hbaton-haxhiu-eshte-arritur-nje-marreveshje-kurti-vuciq-per-veton-surroin\/"},"author":{"name":"P\u00ebrmbledhja","@id":"https:\/\/permbledhja.com\/#\/schema\/person\/0d064377258d3221e50693947b9eb4fe"},"headline":"Baton Haxhiu: \u00cbsht\u00eb arritur nj\u00eb marr\u00ebveshje Kurti-Vu\u00e7iq p\u00ebr Veton Surroin","datePublished":"2022-08-24T10:57:17+00:00","dateModified":"2022-08-24T11:00:37+00:00","mainEntityOfPage":{"@id":"https:\/\/permbledhja.com\/hbaton-haxhiu-eshte-arritur-nje-marreveshje-kurti-vuciq-per-veton-surroin\/"},"wordCount":401,"publisher":{"@id":"https:\/\/permbledhja.com\/#organization"},"articleSection":["Komb\u00ebtare","Lajme"],"inLanguage":"sq"},{"@type":"WebPage","@id":"https:\/\/permbledhja.com\/hbaton-haxhiu-eshte-arritur-nje-marreveshje-kurti-vuciq-per-veton-surroin\/","url":"https:\/\/permbledhja.com\/hbaton-haxhiu-eshte-arritur-nje-marreveshje-kurti-vuciq-per-veton-surroin\/","name":"Baton Haxhiu: \u00cbsht\u00eb arritur nj\u00eb marr\u00ebveshje Kurti-Vu\u00e7iq p\u00ebr Veton Surroin","isPartOf":{"@id":"https:\/\/permbledhja.com\/#website"},"datePublished":"2022-08-24T10:57:17+00:00","dateModified":"2022-08-24T11:00:37+00:00","breadcrumb":{"@id":"https:\/\/permbledhja.com\/hbaton-haxhiu-eshte-arritur-nje-marreveshje-kurti-vuciq-per-veton-surroin\/#breadcrumb"},"inLanguage":"sq","potentialAction":[{"@type":"ReadAction","target":["https:\/\/permbledhja.com\/hbaton-haxhiu-eshte-arritur-nje-marreveshje-kurti-vuciq-per-veton-surroin\/"]}]},{"@type":"BreadcrumbList","@id":"https:\/\/permbledhja.com\/hbaton-haxhiu-eshte-arritur-nje-marreveshje-kurti-vuciq-per-veton-surroin\/#breadcrumb","itemListElement":[{"@type":"ListItem","position":1,"name":"Ballina","item":"https:\/\/permbledhja.com\/sq\/"},{"@type":"ListItem","position":2,"name":"Baton Haxhiu: \u00cbsht\u00eb arritur nj\u00eb marr\u00ebveshje Kurti-Vu\u00e7iq p\u00ebr Veton Surroin"}]},{"@type":"WebSite","@id":"https:\/\/permbledhja.com\/#website","url":"https:\/\/permbledhja.com\/","name":"Ve\u00e7 artikuj p\u00ebrmbledh\u00ebs","description":"","publisher":{"@id":"https:\/\/permbledhja.com\/#organization"},"potentialAction":[{"@type":"SearchAction","target":{"@type":"EntryPoint","urlTemplate":"https:\/\/permbledhja.com\/?s={search_term_string}"},"query-input":"required name=search_term_string"}],"inLanguage":"sq"},{"@type":"Organization","@id":"https:\/\/permbledhja.com\/#organization","name":"MK Media & Pr","url":"https:\/\/permbledhja.com\/","logo":{"@type":"ImageObject","inLanguage":"sq","@id":"https:\/\/permbledhja.com\/#\/schema\/logo\/image\/","url":"https:\/\/permbledhja.com\/wp-content\/uploads\/2021\/12\/07-Press-Logo.jpg","contentUrl":"https:\/\/permbledhja.com\/wp-content\/uploads\/2021\/12\/07-Press-Logo.jpg","width":512,"height":512,"caption":"MK Media & Pr"},"image":{"@id":"https:\/\/permbledhja.com\/#\/schema\/logo\/image\/"},"sameAs":["https:\/\/www.facebook.com\/press07\/"]},{"@type":"Person","@id":"https:\/\/permbledhja.com\/#\/schema\/person\/0d064377258d3221e50693947b9eb4fe","name":"P\u00ebrmbledhja","image":{"@type":"ImageObject","inLanguage":"sq","@id":"https:\/\/permbledhja.com\/#\/schema\/person\/image\/","url":"https:\/\/permbledhja.com\/wp-content\/uploads\/2026\/01\/452004717_1040944174702970_8932037511805513407_n-96x96.jpg","contentUrl":"https:\/\/permbledhja.com\/wp-content\/uploads\/2026\/01\/452004717_1040944174702970_8932037511805513407_n-96x96.jpg","caption":"P\u00ebrmbledhja"},"sameAs":["https:\/\/www.facebook.com\/kafexhiu.muharrem\/","https:\/\/www.instagram.com\/muharrem_kafexhiu\/"],"url":"https:\/\/permbledhja.com\/sq\/author\/admin\/"}]}},"_links":{"self":[{"href":"https:\/\/permbledhja.com\/sq\/wp-json\/wp\/v2\/posts\/4476"}],"collection":[{"href":"https:\/\/permbledhja.com\/sq\/wp-json\/wp\/v2\/posts"}],"about":[{"href":"https:\/\/permbledhja.com\/sq\/wp-json\/wp\/v2\/types\/post"}],"author":[{"embeddable":true,"href":"https:\/\/permbledhja.com\/sq\/wp-json\/wp\/v2\/users\/1"}],"replies":[{"embeddable":true,"href":"https:\/\/permbledhja.com\/sq\/wp-json\/wp\/v2\/comments?post=4476"}],"version-history":[{"count":3,"href":"https:\/\/permbledhja.com\/sq\/wp-json\/wp\/v2\/posts\/4476\/revisions"}],"predecessor-version":[{"id":4480,"href":"https:\/\/permbledhja.com\/sq\/wp-json\/wp\/v2\/posts\/4476\/revisions\/4480"}],"wp:featuredmedia":[{"embeddable":true,"href":"https:\/\/permbledhja.com\/sq\/wp-json\/wp\/v2\/media\/4477"}],"wp:attachment":[{"href":"https:\/\/permbledhja.com\/sq\/wp-json\/wp\/v2\/media?parent=4476"}],"wp:term":[{"taxonomy":"category","embeddable":true,"href":"https:\/\/permbledhja.com\/sq\/wp-json\/wp\/v2\/categories?post=4476"},{"taxonomy":"post_tag","embeddable":true,"href":"https:\/\/permbledhja.com\/sq\/wp-json\/wp\/v2\/tags?post=4476"}],"curies":[{"name":"wp","href":"https:\/\/api.w.org\/{rel}","templated":true}]}}