{"id":44667,"date":"2024-01-25T11:58:23","date_gmt":"2024-01-25T11:58:23","guid":{"rendered":"https:\/\/permbledhja.com\/?p=44667"},"modified":"2024-01-25T11:58:23","modified_gmt":"2024-01-25T11:58:23","slug":"osmani-ne-takimin-me-pendarovskin-kosova-e-meriton-ta-marre-statusin-e-vendit-kandidat-ne-be","status":"publish","type":"post","link":"https:\/\/permbledhja.com\/sq\/osmani-ne-takimin-me-pendarovskin-kosova-e-meriton-ta-marre-statusin-e-vendit-kandidat-ne-be\/","title":{"rendered":"Osmani n\u00eb takimin me Pendarovskin: Kosova e meriton ta marr\u00eb statusin e vendit kandidat n\u00eb BE"},"content":{"rendered":"<h3>Presidentja Vjosa Osmani ka pritur sot n\u00eb vizit\u00eb pune presidentin e Maqedonis\u00eb s\u00eb Veriut, Stevo Pendarovski.<\/h3>\n<p>N\u00eb takim me homologun e saj, Osmani rikonfirmoi p\u00ebrkushtimin p\u00ebr vazhdimin e marr\u00ebdh\u00ebnieve t\u00eb shk\u00eblqyeshme me Maqedonin\u00eb e Veriut.<\/p>\n<p>\u201cShqiptar\u00ebt n\u00eb Maqedonis\u00eb s\u00eb Veriut\u201d, sipas Osmanit jan\u00eb ur\u00eb lidh\u00ebse nd\u00ebrmjet t\u00eb dy shteteve dhe shtyll\u00eb e stabilitetit, por edhe e procesit t\u00eb integrimit evropian t\u00eb Maqedonis\u00eb s\u00eb Veriut.<\/p>\n<p>Osmani ka fal\u00ebnderuar presidentin Pendarovski p\u00ebr p\u00ebrkushtimin e tij personal p\u00ebr raportet e shk\u00eblqyeshme nd\u00ebrmjet Kosov\u00ebs dhe Maqedonis\u00eb s\u00eb Veriut.<\/p>\n<p>Sipas Presidentes Osmani, t\u00eb dy shtetet kan\u00eb vizion t\u00eb p\u00ebrbashk\u00ebt p\u00ebr nj\u00eb Ballkan Per\u00ebndimor stabil dhe t\u00eb integruar n\u00eb BE.<\/p>\n<p>Presidentja Osmani tha se me mb\u00ebshtetjen e shteteve mike sikurse Maqedonia e Veriut, Kosova mund t\u00eb avancoj\u00eb n\u00eb rrug\u00ebn e integrimit evropian. N\u00eb k\u00ebt\u00eb kontekst, \u00a0Osmani tha se an\u00ebtar\u00ebsimi n\u00eb K\u00ebshillin e Evrop\u00ebs \u00ebsht\u00eb n\u00eb funksion t\u00eb mbrojtjes s\u00eb t\u00eb drejtave t\u00eb njeriut t\u00eb t\u00eb gjith\u00eb qytetar\u00ebve t\u00eb Kosov\u00ebs pa dallim.<\/p>\n<p>Sipas Osmanit, Kosova ka d\u00ebshmuar angazhim serioz n\u00eb procesin e reformave rr\u00ebnj\u00ebsore, ndaj meriton ta marr\u00eb statusin e vendit kandidat n\u00eb BE.<\/p>\n<p>\u201cProcesi i integrimit evropian \u00ebsht\u00eb prioritet q\u00eb na bashkon dhe n\u00eb k\u00ebt\u00eb rrug\u00eb ne do t\u00eb vazhdojm\u00eb ta ndihmojm\u00eb nj\u00ebra-tjetr\u00ebn\u201d, ka theksuar Presidentja.<\/p>\n<p>N\u00eb k\u00ebt\u00eb kontekst, sipas Presidentes Osmani, p\u00ebrfshirja e Kosov\u00ebs n\u00eb PfP, e m\u00eb pas n\u00eb NATO ka nj\u00eb r\u00ebnd\u00ebsi strategjike dhe gjithashtu \u00ebsht\u00eb garanci p\u00ebr stabilitet jo vet\u00ebm t\u00eb Kosov\u00ebs, por edhe t\u00eb rajonit.<\/p>\n<p>T\u00eb dy lider\u00ebt pohuan se ekziston potenciali p\u00ebr thellimin e bashk\u00ebpunimit n\u00eb fush\u00ebn e shk\u00ebmbimit tregtar, kulturor, t\u00eb sh\u00ebndet\u00ebsis\u00eb, arsimit, bujq\u00ebsis\u00eb, turizmit, teknologjis\u00eb informative dhe fusha t\u00eb tjera t\u00eb interesit t\u00eb p\u00ebrbashk\u00ebt, shkruan Klankosova.tv<\/p>\n","protected":false},"excerpt":{"rendered":"<p>Presidentja Vjosa Osmani ka pritur sot n\u00eb vizit\u00eb pune presidentin e Maqedonis\u00eb s\u00eb Veriut, Stevo Pendarovski. N\u00eb takim me homologun e saj, Osmani rikonfirmoi p\u00ebrkushtimin p\u00ebr vazhdimin e marr\u00ebdh\u00ebnieve t\u00eb shk\u00eblqyeshme me Maqedonin\u00eb e Veriut. \u201cShqiptar\u00ebt n\u00eb Maqedonis\u00eb s\u00eb Veriut\u201d, sipas Osmanit jan\u00eb ur\u00eb lidh\u00ebse nd\u00ebrmjet t\u00eb dy shteteve dhe shtyll\u00eb e stabilitetit, por edhe [&hellip;]<\/p>\n","protected":false},"author":2,"featured_media":44668,"comment_status":"closed","ping_status":"closed","sticky":false,"template":"","format":"standard","meta":{"_monsterinsights_skip_tracking":false,"_monsterinsights_sitenote_active":false,"_monsterinsights_sitenote_note":"","_monsterinsights_sitenote_category":0,"_uf_show_specific_survey":0,"_uf_disable_surveys":false,"footnotes":""},"categories":[2645],"tags":[163],"yoast_head":"<!-- This site is optimized with the Yoast SEO plugin v21.5 - https:\/\/yoast.com\/wordpress\/plugins\/seo\/ -->\n<title>Osmani n\u00eb takimin me Pendarovskin: Kosova e meriton ta marr\u00eb statusin e vendit kandidat n\u00eb BE<\/title>\n<meta name=\"robots\" content=\"index, follow, max-snippet:-1, max-image-preview:large, max-video-preview:-1\" \/>\n<link rel=\"canonical\" href=\"https:\/\/permbledhja.com\/sq\/osmani-ne-takimin-me-pendarovskin-kosova-e-meriton-ta-marre-statusin-e-vendit-kandidat-ne-be\/\" \/>\n<meta property=\"og:locale\" content=\"sq_AL\" \/>\n<meta property=\"og:type\" content=\"article\" \/>\n<meta property=\"og:title\" content=\"Osmani n\u00eb takimin me Pendarovskin: Kosova e meriton ta marr\u00eb statusin e vendit kandidat n\u00eb BE\" \/>\n<meta property=\"og:description\" content=\"Presidentja Vjosa Osmani ka pritur sot n\u00eb vizit\u00eb pune presidentin e Maqedonis\u00eb s\u00eb Veriut, Stevo Pendarovski. N\u00eb takim me homologun e saj, Osmani rikonfirmoi p\u00ebrkushtimin p\u00ebr vazhdimin e marr\u00ebdh\u00ebnieve t\u00eb shk\u00eblqyeshme me Maqedonin\u00eb e Veriut. \u201cShqiptar\u00ebt n\u00eb Maqedonis\u00eb s\u00eb Veriut\u201d, sipas Osmanit jan\u00eb ur\u00eb lidh\u00ebse nd\u00ebrmjet t\u00eb dy shteteve dhe shtyll\u00eb e stabilitetit, por edhe [&hellip;]\" \/>\n<meta property=\"og:url\" content=\"https:\/\/permbledhja.com\/sq\/osmani-ne-takimin-me-pendarovskin-kosova-e-meriton-ta-marre-statusin-e-vendit-kandidat-ne-be\/\" \/>\n<meta property=\"og:site_name\" content=\"Ve\u00e7 artikuj p\u00ebrmbledh\u00ebs\" \/>\n<meta property=\"article:publisher\" content=\"https:\/\/www.facebook.com\/press07\/\" \/>\n<meta property=\"article:published_time\" content=\"2024-01-25T11:58:23+00:00\" \/>\n<meta property=\"og:image\" content=\"https:\/\/permbledhja.com\/wp-content\/uploads\/2024\/01\/Vjosa-Osmani-13.jpg\" \/>\n\t<meta property=\"og:image:width\" content=\"1185\" \/>\n\t<meta property=\"og:image:height\" content=\"697\" \/>\n\t<meta property=\"og:image:type\" content=\"image\/jpeg\" \/>\n<meta name=\"author\" content=\"M M\" \/>\n<meta name=\"twitter:card\" content=\"summary_large_image\" \/>\n<meta name=\"twitter:label1\" content=\"Written by\" \/>\n\t<meta name=\"twitter:data1\" content=\"M M\" \/>\n\t<meta name=\"twitter:label2\" content=\"Est. reading time\" \/>\n\t<meta name=\"twitter:data2\" content=\"2 minuta\" \/>\n<script type=\"application\/ld+json\" class=\"yoast-schema-graph\">{\"@context\":\"https:\/\/schema.org\",\"@graph\":[{\"@type\":\"Article\",\"@id\":\"https:\/\/permbledhja.com\/sq\/osmani-ne-takimin-me-pendarovskin-kosova-e-meriton-ta-marre-statusin-e-vendit-kandidat-ne-be\/#article\",\"isPartOf\":{\"@id\":\"https:\/\/permbledhja.com\/sq\/osmani-ne-takimin-me-pendarovskin-kosova-e-meriton-ta-marre-statusin-e-vendit-kandidat-ne-be\/\"},\"author\":{\"name\":\"M M\",\"@id\":\"https:\/\/permbledhja.com\/#\/schema\/person\/d23f13f59b5722643933d6780783acf3\"},\"headline\":\"Osmani n\u00eb takimin me Pendarovskin: Kosova e meriton ta marr\u00eb statusin e vendit kandidat n\u00eb BE\",\"datePublished\":\"2024-01-25T11:58:23+00:00\",\"dateModified\":\"2024-01-25T11:58:23+00:00\",\"mainEntityOfPage\":{\"@id\":\"https:\/\/permbledhja.com\/sq\/osmani-ne-takimin-me-pendarovskin-kosova-e-meriton-ta-marre-statusin-e-vendit-kandidat-ne-be\/\"},\"wordCount\":337,\"publisher\":{\"@id\":\"https:\/\/permbledhja.com\/#organization\"},\"keywords\":[\"Vjosa Osmani\"],\"articleSection\":[\"T\u00eb r\u00ebnd\u00ebsishme\"],\"inLanguage\":\"sq\"},{\"@type\":\"WebPage\",\"@id\":\"https:\/\/permbledhja.com\/sq\/osmani-ne-takimin-me-pendarovskin-kosova-e-meriton-ta-marre-statusin-e-vendit-kandidat-ne-be\/\",\"url\":\"https:\/\/permbledhja.com\/sq\/osmani-ne-takimin-me-pendarovskin-kosova-e-meriton-ta-marre-statusin-e-vendit-kandidat-ne-be\/\",\"name\":\"Osmani n\u00eb takimin me Pendarovskin: Kosova e meriton ta marr\u00eb statusin e vendit kandidat n\u00eb BE\",\"isPartOf\":{\"@id\":\"https:\/\/permbledhja.com\/#website\"},\"datePublished\":\"2024-01-25T11:58:23+00:00\",\"dateModified\":\"2024-01-25T11:58:23+00:00\",\"breadcrumb\":{\"@id\":\"https:\/\/permbledhja.com\/sq\/osmani-ne-takimin-me-pendarovskin-kosova-e-meriton-ta-marre-statusin-e-vendit-kandidat-ne-be\/#breadcrumb\"},\"inLanguage\":\"sq\",\"potentialAction\":[{\"@type\":\"ReadAction\",\"target\":[\"https:\/\/permbledhja.com\/sq\/osmani-ne-takimin-me-pendarovskin-kosova-e-meriton-ta-marre-statusin-e-vendit-kandidat-ne-be\/\"]}]},{\"@type\":\"BreadcrumbList\",\"@id\":\"https:\/\/permbledhja.com\/sq\/osmani-ne-takimin-me-pendarovskin-kosova-e-meriton-ta-marre-statusin-e-vendit-kandidat-ne-be\/#breadcrumb\",\"itemListElement\":[{\"@type\":\"ListItem\",\"position\":1,\"name\":\"Ballina\",\"item\":\"https:\/\/permbledhja.com\/sq\/\"},{\"@type\":\"ListItem\",\"position\":2,\"name\":\"Osmani n\u00eb takimin me Pendarovskin: Kosova e meriton ta marr\u00eb statusin e vendit kandidat n\u00eb BE\"}]},{\"@type\":\"WebSite\",\"@id\":\"https:\/\/permbledhja.com\/#website\",\"url\":\"https:\/\/permbledhja.com\/\",\"name\":\"Ve\u00e7 artikuj p\u00ebrmbledh\u00ebs\",\"description\":\"\",\"publisher\":{\"@id\":\"https:\/\/permbledhja.com\/#organization\"},\"potentialAction\":[{\"@type\":\"SearchAction\",\"target\":{\"@type\":\"EntryPoint\",\"urlTemplate\":\"https:\/\/permbledhja.com\/?s={search_term_string}\"},\"query-input\":\"required name=search_term_string\"}],\"inLanguage\":\"sq\"},{\"@type\":\"Organization\",\"@id\":\"https:\/\/permbledhja.com\/#organization\",\"name\":\"MK Media & Pr\",\"url\":\"https:\/\/permbledhja.com\/\",\"logo\":{\"@type\":\"ImageObject\",\"inLanguage\":\"sq\",\"@id\":\"https:\/\/permbledhja.com\/#\/schema\/logo\/image\/\",\"url\":\"https:\/\/permbledhja.com\/wp-content\/uploads\/2021\/12\/07-Press-Logo.jpg\",\"contentUrl\":\"https:\/\/permbledhja.com\/wp-content\/uploads\/2021\/12\/07-Press-Logo.jpg\",\"width\":512,\"height\":512,\"caption\":\"MK Media & Pr\"},\"image\":{\"@id\":\"https:\/\/permbledhja.com\/#\/schema\/logo\/image\/\"},\"sameAs\":[\"https:\/\/www.facebook.com\/press07\/\"]},{\"@type\":\"Person\",\"@id\":\"https:\/\/permbledhja.com\/#\/schema\/person\/d23f13f59b5722643933d6780783acf3\",\"name\":\"M M\",\"image\":{\"@type\":\"ImageObject\",\"inLanguage\":\"sq\",\"@id\":\"https:\/\/permbledhja.com\/#\/schema\/person\/image\/\",\"url\":\"https:\/\/secure.gravatar.com\/avatar\/e2835a76ca7c31a2416b2d51c4ec9a8f?s=96&d=mm&r=g\",\"contentUrl\":\"https:\/\/secure.gravatar.com\/avatar\/e2835a76ca7c31a2416b2d51c4ec9a8f?s=96&d=mm&r=g\",\"caption\":\"M M\"},\"sameAs\":[\"http:\/\/MM\"],\"url\":\"https:\/\/permbledhja.com\/sq\/author\/muhamet\/\"}]}<\/script>\n<!-- \/ Yoast SEO plugin. -->","yoast_head_json":{"title":"Osmani n\u00eb takimin me Pendarovskin: Kosova e meriton ta marr\u00eb statusin e vendit kandidat n\u00eb BE","robots":{"index":"index","follow":"follow","max-snippet":"max-snippet:-1","max-image-preview":"max-image-preview:large","max-video-preview":"max-video-preview:-1"},"canonical":"https:\/\/permbledhja.com\/sq\/osmani-ne-takimin-me-pendarovskin-kosova-e-meriton-ta-marre-statusin-e-vendit-kandidat-ne-be\/","og_locale":"sq_AL","og_type":"article","og_title":"Osmani n\u00eb takimin me Pendarovskin: Kosova e meriton ta marr\u00eb statusin e vendit kandidat n\u00eb BE","og_description":"Presidentja Vjosa Osmani ka pritur sot n\u00eb vizit\u00eb pune presidentin e Maqedonis\u00eb s\u00eb Veriut, Stevo Pendarovski. N\u00eb takim me homologun e saj, Osmani rikonfirmoi p\u00ebrkushtimin p\u00ebr vazhdimin e marr\u00ebdh\u00ebnieve t\u00eb shk\u00eblqyeshme me Maqedonin\u00eb e Veriut. \u201cShqiptar\u00ebt n\u00eb Maqedonis\u00eb s\u00eb Veriut\u201d, sipas Osmanit jan\u00eb ur\u00eb lidh\u00ebse nd\u00ebrmjet t\u00eb dy shteteve dhe shtyll\u00eb e stabilitetit, por edhe [&hellip;]","og_url":"https:\/\/permbledhja.com\/sq\/osmani-ne-takimin-me-pendarovskin-kosova-e-meriton-ta-marre-statusin-e-vendit-kandidat-ne-be\/","og_site_name":"Ve\u00e7 artikuj p\u00ebrmbledh\u00ebs","article_publisher":"https:\/\/www.facebook.com\/press07\/","article_published_time":"2024-01-25T11:58:23+00:00","og_image":[{"width":1185,"height":697,"url":"https:\/\/permbledhja.com\/wp-content\/uploads\/2024\/01\/Vjosa-Osmani-13.jpg","type":"image\/jpeg"}],"author":"M M","twitter_card":"summary_large_image","twitter_misc":{"Written by":"M M","Est. reading time":"2 minuta"},"schema":{"@context":"https:\/\/schema.org","@graph":[{"@type":"Article","@id":"https:\/\/permbledhja.com\/sq\/osmani-ne-takimin-me-pendarovskin-kosova-e-meriton-ta-marre-statusin-e-vendit-kandidat-ne-be\/#article","isPartOf":{"@id":"https:\/\/permbledhja.com\/sq\/osmani-ne-takimin-me-pendarovskin-kosova-e-meriton-ta-marre-statusin-e-vendit-kandidat-ne-be\/"},"author":{"name":"M M","@id":"https:\/\/permbledhja.com\/#\/schema\/person\/d23f13f59b5722643933d6780783acf3"},"headline":"Osmani n\u00eb takimin me Pendarovskin: Kosova e meriton ta marr\u00eb statusin e vendit kandidat n\u00eb BE","datePublished":"2024-01-25T11:58:23+00:00","dateModified":"2024-01-25T11:58:23+00:00","mainEntityOfPage":{"@id":"https:\/\/permbledhja.com\/sq\/osmani-ne-takimin-me-pendarovskin-kosova-e-meriton-ta-marre-statusin-e-vendit-kandidat-ne-be\/"},"wordCount":337,"publisher":{"@id":"https:\/\/permbledhja.com\/#organization"},"keywords":["Vjosa Osmani"],"articleSection":["T\u00eb r\u00ebnd\u00ebsishme"],"inLanguage":"sq"},{"@type":"WebPage","@id":"https:\/\/permbledhja.com\/sq\/osmani-ne-takimin-me-pendarovskin-kosova-e-meriton-ta-marre-statusin-e-vendit-kandidat-ne-be\/","url":"https:\/\/permbledhja.com\/sq\/osmani-ne-takimin-me-pendarovskin-kosova-e-meriton-ta-marre-statusin-e-vendit-kandidat-ne-be\/","name":"Osmani n\u00eb takimin me Pendarovskin: Kosova e meriton ta marr\u00eb statusin e vendit kandidat n\u00eb BE","isPartOf":{"@id":"https:\/\/permbledhja.com\/#website"},"datePublished":"2024-01-25T11:58:23+00:00","dateModified":"2024-01-25T11:58:23+00:00","breadcrumb":{"@id":"https:\/\/permbledhja.com\/sq\/osmani-ne-takimin-me-pendarovskin-kosova-e-meriton-ta-marre-statusin-e-vendit-kandidat-ne-be\/#breadcrumb"},"inLanguage":"sq","potentialAction":[{"@type":"ReadAction","target":["https:\/\/permbledhja.com\/sq\/osmani-ne-takimin-me-pendarovskin-kosova-e-meriton-ta-marre-statusin-e-vendit-kandidat-ne-be\/"]}]},{"@type":"BreadcrumbList","@id":"https:\/\/permbledhja.com\/sq\/osmani-ne-takimin-me-pendarovskin-kosova-e-meriton-ta-marre-statusin-e-vendit-kandidat-ne-be\/#breadcrumb","itemListElement":[{"@type":"ListItem","position":1,"name":"Ballina","item":"https:\/\/permbledhja.com\/sq\/"},{"@type":"ListItem","position":2,"name":"Osmani n\u00eb takimin me Pendarovskin: Kosova e meriton ta marr\u00eb statusin e vendit kandidat n\u00eb BE"}]},{"@type":"WebSite","@id":"https:\/\/permbledhja.com\/#website","url":"https:\/\/permbledhja.com\/","name":"Ve\u00e7 artikuj p\u00ebrmbledh\u00ebs","description":"","publisher":{"@id":"https:\/\/permbledhja.com\/#organization"},"potentialAction":[{"@type":"SearchAction","target":{"@type":"EntryPoint","urlTemplate":"https:\/\/permbledhja.com\/?s={search_term_string}"},"query-input":"required name=search_term_string"}],"inLanguage":"sq"},{"@type":"Organization","@id":"https:\/\/permbledhja.com\/#organization","name":"MK Media & Pr","url":"https:\/\/permbledhja.com\/","logo":{"@type":"ImageObject","inLanguage":"sq","@id":"https:\/\/permbledhja.com\/#\/schema\/logo\/image\/","url":"https:\/\/permbledhja.com\/wp-content\/uploads\/2021\/12\/07-Press-Logo.jpg","contentUrl":"https:\/\/permbledhja.com\/wp-content\/uploads\/2021\/12\/07-Press-Logo.jpg","width":512,"height":512,"caption":"MK Media & Pr"},"image":{"@id":"https:\/\/permbledhja.com\/#\/schema\/logo\/image\/"},"sameAs":["https:\/\/www.facebook.com\/press07\/"]},{"@type":"Person","@id":"https:\/\/permbledhja.com\/#\/schema\/person\/d23f13f59b5722643933d6780783acf3","name":"M M","image":{"@type":"ImageObject","inLanguage":"sq","@id":"https:\/\/permbledhja.com\/#\/schema\/person\/image\/","url":"https:\/\/secure.gravatar.com\/avatar\/e2835a76ca7c31a2416b2d51c4ec9a8f?s=96&d=mm&r=g","contentUrl":"https:\/\/secure.gravatar.com\/avatar\/e2835a76ca7c31a2416b2d51c4ec9a8f?s=96&d=mm&r=g","caption":"M M"},"sameAs":["http:\/\/MM"],"url":"https:\/\/permbledhja.com\/sq\/author\/muhamet\/"}]}},"_links":{"self":[{"href":"https:\/\/permbledhja.com\/sq\/wp-json\/wp\/v2\/posts\/44667"}],"collection":[{"href":"https:\/\/permbledhja.com\/sq\/wp-json\/wp\/v2\/posts"}],"about":[{"href":"https:\/\/permbledhja.com\/sq\/wp-json\/wp\/v2\/types\/post"}],"author":[{"embeddable":true,"href":"https:\/\/permbledhja.com\/sq\/wp-json\/wp\/v2\/users\/2"}],"replies":[{"embeddable":true,"href":"https:\/\/permbledhja.com\/sq\/wp-json\/wp\/v2\/comments?post=44667"}],"version-history":[{"count":1,"href":"https:\/\/permbledhja.com\/sq\/wp-json\/wp\/v2\/posts\/44667\/revisions"}],"predecessor-version":[{"id":44669,"href":"https:\/\/permbledhja.com\/sq\/wp-json\/wp\/v2\/posts\/44667\/revisions\/44669"}],"wp:featuredmedia":[{"embeddable":true,"href":"https:\/\/permbledhja.com\/sq\/wp-json\/wp\/v2\/media\/44668"}],"wp:attachment":[{"href":"https:\/\/permbledhja.com\/sq\/wp-json\/wp\/v2\/media?parent=44667"}],"wp:term":[{"taxonomy":"category","embeddable":true,"href":"https:\/\/permbledhja.com\/sq\/wp-json\/wp\/v2\/categories?post=44667"},{"taxonomy":"post_tag","embeddable":true,"href":"https:\/\/permbledhja.com\/sq\/wp-json\/wp\/v2\/tags?post=44667"}],"curies":[{"name":"wp","href":"https:\/\/api.w.org\/{rel}","templated":true}]}}