{"id":4462,"date":"2022-08-24T09:45:44","date_gmt":"2022-08-24T09:45:44","guid":{"rendered":"https:\/\/permbledhja.com\/?p=4462"},"modified":"2022-08-24T09:45:44","modified_gmt":"2022-08-24T09:45:44","slug":"kurti-flet-per-here-te-pare-per-takimin-ne-bruksel-tregon-cka-u-diskutua","status":"publish","type":"post","link":"https:\/\/permbledhja.com\/sq\/kurti-flet-per-here-te-pare-per-takimin-ne-bruksel-tregon-cka-u-diskutua\/","title":{"rendered":"Kurti flet p\u00ebr her\u00eb t\u00eb par\u00eb p\u00ebr takimin n\u00eb Bruksel, tregon \u00e7ka u diskutua"},"content":{"rendered":"<p><strong>Kryeministri i Kosov\u00ebs, Albin Kurti, n\u00eb mbledhjen e qeveris\u00eb ka raportuar p\u00ebr takimin e mbajtur n\u00eb Bruksel me 18 gusht, ku \u00ebsht\u00eb takuar me presidentin serb, Aleksand\u00ebr Vu\u00e7iq, n\u00eb kuad\u00ebr t\u00eb dialogut Kosov\u00eb-Serbi.<\/strong><\/p>\n<p><em>\u201cAtje kam shkuar si kryeminist\u00ebr dhe kemi diskutuar p\u00ebr elementet e korniz\u00ebs s\u00eb p\u00ebrgjithshme p\u00ebr normalizim t\u00eb raporteve mes t\u00eb dyja vendeve. N\u00eb takimin e dyt\u00eb kemi diskutuar p\u00ebr t\u00eb zhdukurit me dhun\u00eb dhe p\u00ebr dokumentet p\u00ebr l\u00ebvizjen e lir\u00eb. Marr\u00ebveshja p\u00ebr l\u00ebvizje t\u00eb lir\u00eb ka ardhur me 4 rekomandime n\u00eb tavolin\u00eb nga ana e BE-s\u00eb. <\/p>\n<p>Deklarimet se ka pasur gatishm\u00ebri p\u00ebr pajtim nga nj\u00ebra pal\u00eb, jan\u00eb t\u00eb pav\u00ebrteta. Nga nd\u00ebrtesa ka dal\u00eb pala tjet\u00ebr. Jemi p\u00ebr promovim t\u00eb l\u00ebvizjes s\u00eb lir\u00eb, si Republik\u00eb e Kosov\u00ebs. Jemi p\u00ebr heqje totale t\u00eb dokumenteve, edhe nga Serbia, edhe nga Kosova. Por, derisa ka nga nj\u00ebra an\u00eb, duhet t\u00eb ket\u00eb edhe nga ana e tjet\u00ebr\u201d<\/em>, tha Kurti.<\/p>\n<p>\/Gazeta Blic\/<\/p>\n","protected":false},"excerpt":{"rendered":"<p>Kryeministri i Kosov\u00ebs, Albin Kurti, n\u00eb mbledhjen e qeveris\u00eb ka raportuar p\u00ebr takimin e mbajtur n\u00eb Bruksel me 18 gusht, ku \u00ebsht\u00eb takuar me presidentin serb, Aleksand\u00ebr Vu\u00e7iq, n\u00eb kuad\u00ebr t\u00eb dialogut Kosov\u00eb-Serbi. \u201cAtje kam shkuar si kryeminist\u00ebr dhe kemi diskutuar p\u00ebr elementet e korniz\u00ebs s\u00eb p\u00ebrgjithshme p\u00ebr normalizim t\u00eb raporteve mes t\u00eb dyja vendeve. [&hellip;]<\/p>\n","protected":false},"author":1,"featured_media":4463,"comment_status":"closed","ping_status":"closed","sticky":false,"template":"","format":"standard","meta":{"_monsterinsights_skip_tracking":false,"_monsterinsights_sitenote_active":false,"_monsterinsights_sitenote_note":"","_monsterinsights_sitenote_category":0,"_uf_show_specific_survey":0,"_uf_disable_surveys":false,"footnotes":""},"categories":[22],"tags":[86],"yoast_head":"<!-- This site is optimized with the Yoast SEO plugin v21.5 - https:\/\/yoast.com\/wordpress\/plugins\/seo\/ -->\n<title>Kurti flet p\u00ebr her\u00eb t\u00eb par\u00eb p\u00ebr takimin n\u00eb Bruksel, tregon \u00e7ka u diskutua<\/title>\n<meta name=\"robots\" content=\"index, follow, max-snippet:-1, max-image-preview:large, max-video-preview:-1\" \/>\n<link rel=\"canonical\" href=\"https:\/\/permbledhja.com\/sq\/kurti-flet-per-here-te-pare-per-takimin-ne-bruksel-tregon-cka-u-diskutua\/\" \/>\n<meta property=\"og:locale\" content=\"sq_AL\" \/>\n<meta property=\"og:type\" content=\"article\" \/>\n<meta property=\"og:title\" content=\"Kurti flet p\u00ebr her\u00eb t\u00eb par\u00eb p\u00ebr takimin n\u00eb Bruksel, tregon \u00e7ka u diskutua\" \/>\n<meta property=\"og:description\" content=\"Kryeministri i Kosov\u00ebs, Albin Kurti, n\u00eb mbledhjen e qeveris\u00eb ka raportuar p\u00ebr takimin e mbajtur n\u00eb Bruksel me 18 gusht, ku \u00ebsht\u00eb takuar me presidentin serb, Aleksand\u00ebr Vu\u00e7iq, n\u00eb kuad\u00ebr t\u00eb dialogut Kosov\u00eb-Serbi. \u201cAtje kam shkuar si kryeminist\u00ebr dhe kemi diskutuar p\u00ebr elementet e korniz\u00ebs s\u00eb p\u00ebrgjithshme p\u00ebr normalizim t\u00eb raporteve mes t\u00eb dyja vendeve. [&hellip;]\" \/>\n<meta property=\"og:url\" content=\"https:\/\/permbledhja.com\/sq\/kurti-flet-per-here-te-pare-per-takimin-ne-bruksel-tregon-cka-u-diskutua\/\" \/>\n<meta property=\"og:site_name\" content=\"Ve\u00e7 artikuj p\u00ebrmbledh\u00ebs\" \/>\n<meta property=\"article:publisher\" content=\"https:\/\/www.facebook.com\/press07\/\" \/>\n<meta property=\"article:author\" content=\"https:\/\/www.facebook.com\/kafexhiu.muharrem\/\" \/>\n<meta property=\"article:published_time\" content=\"2022-08-24T09:45:44+00:00\" \/>\n<meta property=\"og:image\" content=\"https:\/\/permbledhja.com\/wp-content\/uploads\/2022\/08\/10.8.2022-ZKM-9-2048x1365-1.jpg\" \/>\n\t<meta property=\"og:image:width\" content=\"2048\" \/>\n\t<meta property=\"og:image:height\" content=\"1365\" \/>\n\t<meta property=\"og:image:type\" content=\"image\/jpeg\" \/>\n<meta name=\"author\" content=\"P\u00ebrmbledhja\" \/>\n<meta name=\"twitter:card\" content=\"summary_large_image\" \/>\n<meta name=\"twitter:label1\" content=\"Written by\" \/>\n\t<meta name=\"twitter:data1\" content=\"P\u00ebrmbledhja\" \/>\n\t<meta name=\"twitter:label2\" content=\"Est. reading time\" \/>\n\t<meta name=\"twitter:data2\" content=\"1 minut\u00eb\" \/>\n<script type=\"application\/ld+json\" class=\"yoast-schema-graph\">{\"@context\":\"https:\/\/schema.org\",\"@graph\":[{\"@type\":\"Article\",\"@id\":\"https:\/\/permbledhja.com\/kurti-flet-per-here-te-pare-per-takimin-ne-bruksel-tregon-cka-u-diskutua\/#article\",\"isPartOf\":{\"@id\":\"https:\/\/permbledhja.com\/kurti-flet-per-here-te-pare-per-takimin-ne-bruksel-tregon-cka-u-diskutua\/\"},\"author\":{\"name\":\"P\u00ebrmbledhja\",\"@id\":\"https:\/\/permbledhja.com\/#\/schema\/person\/0d064377258d3221e50693947b9eb4fe\"},\"headline\":\"Kurti flet p\u00ebr her\u00eb t\u00eb par\u00eb p\u00ebr takimin n\u00eb Bruksel, tregon \u00e7ka u diskutua\",\"datePublished\":\"2022-08-24T09:45:44+00:00\",\"dateModified\":\"2022-08-24T09:45:44+00:00\",\"mainEntityOfPage\":{\"@id\":\"https:\/\/permbledhja.com\/kurti-flet-per-here-te-pare-per-takimin-ne-bruksel-tregon-cka-u-diskutua\/\"},\"wordCount\":193,\"publisher\":{\"@id\":\"https:\/\/permbledhja.com\/#organization\"},\"keywords\":[\"Albin Kurti\"],\"articleSection\":[\"Ballina\"],\"inLanguage\":\"sq\"},{\"@type\":\"WebPage\",\"@id\":\"https:\/\/permbledhja.com\/kurti-flet-per-here-te-pare-per-takimin-ne-bruksel-tregon-cka-u-diskutua\/\",\"url\":\"https:\/\/permbledhja.com\/kurti-flet-per-here-te-pare-per-takimin-ne-bruksel-tregon-cka-u-diskutua\/\",\"name\":\"Kurti flet p\u00ebr her\u00eb t\u00eb par\u00eb p\u00ebr takimin n\u00eb Bruksel, tregon \u00e7ka u diskutua\",\"isPartOf\":{\"@id\":\"https:\/\/permbledhja.com\/#website\"},\"datePublished\":\"2022-08-24T09:45:44+00:00\",\"dateModified\":\"2022-08-24T09:45:44+00:00\",\"breadcrumb\":{\"@id\":\"https:\/\/permbledhja.com\/kurti-flet-per-here-te-pare-per-takimin-ne-bruksel-tregon-cka-u-diskutua\/#breadcrumb\"},\"inLanguage\":\"sq\",\"potentialAction\":[{\"@type\":\"ReadAction\",\"target\":[\"https:\/\/permbledhja.com\/kurti-flet-per-here-te-pare-per-takimin-ne-bruksel-tregon-cka-u-diskutua\/\"]}]},{\"@type\":\"BreadcrumbList\",\"@id\":\"https:\/\/permbledhja.com\/kurti-flet-per-here-te-pare-per-takimin-ne-bruksel-tregon-cka-u-diskutua\/#breadcrumb\",\"itemListElement\":[{\"@type\":\"ListItem\",\"position\":1,\"name\":\"Ballina\",\"item\":\"https:\/\/permbledhja.com\/sq\/\"},{\"@type\":\"ListItem\",\"position\":2,\"name\":\"Kurti flet p\u00ebr her\u00eb t\u00eb par\u00eb p\u00ebr takimin n\u00eb Bruksel, tregon \u00e7ka u diskutua\"}]},{\"@type\":\"WebSite\",\"@id\":\"https:\/\/permbledhja.com\/#website\",\"url\":\"https:\/\/permbledhja.com\/\",\"name\":\"Ve\u00e7 artikuj p\u00ebrmbledh\u00ebs\",\"description\":\"\",\"publisher\":{\"@id\":\"https:\/\/permbledhja.com\/#organization\"},\"potentialAction\":[{\"@type\":\"SearchAction\",\"target\":{\"@type\":\"EntryPoint\",\"urlTemplate\":\"https:\/\/permbledhja.com\/?s={search_term_string}\"},\"query-input\":\"required name=search_term_string\"}],\"inLanguage\":\"sq\"},{\"@type\":\"Organization\",\"@id\":\"https:\/\/permbledhja.com\/#organization\",\"name\":\"MK Media & Pr\",\"url\":\"https:\/\/permbledhja.com\/\",\"logo\":{\"@type\":\"ImageObject\",\"inLanguage\":\"sq\",\"@id\":\"https:\/\/permbledhja.com\/#\/schema\/logo\/image\/\",\"url\":\"https:\/\/permbledhja.com\/wp-content\/uploads\/2021\/12\/07-Press-Logo.jpg\",\"contentUrl\":\"https:\/\/permbledhja.com\/wp-content\/uploads\/2021\/12\/07-Press-Logo.jpg\",\"width\":512,\"height\":512,\"caption\":\"MK Media & Pr\"},\"image\":{\"@id\":\"https:\/\/permbledhja.com\/#\/schema\/logo\/image\/\"},\"sameAs\":[\"https:\/\/www.facebook.com\/press07\/\"]},{\"@type\":\"Person\",\"@id\":\"https:\/\/permbledhja.com\/#\/schema\/person\/0d064377258d3221e50693947b9eb4fe\",\"name\":\"P\u00ebrmbledhja\",\"image\":{\"@type\":\"ImageObject\",\"inLanguage\":\"sq\",\"@id\":\"https:\/\/permbledhja.com\/#\/schema\/person\/image\/\",\"url\":\"https:\/\/permbledhja.com\/wp-content\/uploads\/2026\/01\/452004717_1040944174702970_8932037511805513407_n-96x96.jpg\",\"contentUrl\":\"https:\/\/permbledhja.com\/wp-content\/uploads\/2026\/01\/452004717_1040944174702970_8932037511805513407_n-96x96.jpg\",\"caption\":\"P\u00ebrmbledhja\"},\"sameAs\":[\"https:\/\/www.facebook.com\/kafexhiu.muharrem\/\",\"https:\/\/www.instagram.com\/muharrem_kafexhiu\/\"],\"url\":\"https:\/\/permbledhja.com\/sq\/author\/admin\/\"}]}<\/script>\n<!-- \/ Yoast SEO plugin. -->","yoast_head_json":{"title":"Kurti flet p\u00ebr her\u00eb t\u00eb par\u00eb p\u00ebr takimin n\u00eb Bruksel, tregon \u00e7ka u diskutua","robots":{"index":"index","follow":"follow","max-snippet":"max-snippet:-1","max-image-preview":"max-image-preview:large","max-video-preview":"max-video-preview:-1"},"canonical":"https:\/\/permbledhja.com\/sq\/kurti-flet-per-here-te-pare-per-takimin-ne-bruksel-tregon-cka-u-diskutua\/","og_locale":"sq_AL","og_type":"article","og_title":"Kurti flet p\u00ebr her\u00eb t\u00eb par\u00eb p\u00ebr takimin n\u00eb Bruksel, tregon \u00e7ka u diskutua","og_description":"Kryeministri i Kosov\u00ebs, Albin Kurti, n\u00eb mbledhjen e qeveris\u00eb ka raportuar p\u00ebr takimin e mbajtur n\u00eb Bruksel me 18 gusht, ku \u00ebsht\u00eb takuar me presidentin serb, Aleksand\u00ebr Vu\u00e7iq, n\u00eb kuad\u00ebr t\u00eb dialogut Kosov\u00eb-Serbi. \u201cAtje kam shkuar si kryeminist\u00ebr dhe kemi diskutuar p\u00ebr elementet e korniz\u00ebs s\u00eb p\u00ebrgjithshme p\u00ebr normalizim t\u00eb raporteve mes t\u00eb dyja vendeve. [&hellip;]","og_url":"https:\/\/permbledhja.com\/sq\/kurti-flet-per-here-te-pare-per-takimin-ne-bruksel-tregon-cka-u-diskutua\/","og_site_name":"Ve\u00e7 artikuj p\u00ebrmbledh\u00ebs","article_publisher":"https:\/\/www.facebook.com\/press07\/","article_author":"https:\/\/www.facebook.com\/kafexhiu.muharrem\/","article_published_time":"2022-08-24T09:45:44+00:00","og_image":[{"width":2048,"height":1365,"url":"https:\/\/permbledhja.com\/wp-content\/uploads\/2022\/08\/10.8.2022-ZKM-9-2048x1365-1.jpg","type":"image\/jpeg"}],"author":"P\u00ebrmbledhja","twitter_card":"summary_large_image","twitter_misc":{"Written by":"P\u00ebrmbledhja","Est. reading time":"1 minut\u00eb"},"schema":{"@context":"https:\/\/schema.org","@graph":[{"@type":"Article","@id":"https:\/\/permbledhja.com\/kurti-flet-per-here-te-pare-per-takimin-ne-bruksel-tregon-cka-u-diskutua\/#article","isPartOf":{"@id":"https:\/\/permbledhja.com\/kurti-flet-per-here-te-pare-per-takimin-ne-bruksel-tregon-cka-u-diskutua\/"},"author":{"name":"P\u00ebrmbledhja","@id":"https:\/\/permbledhja.com\/#\/schema\/person\/0d064377258d3221e50693947b9eb4fe"},"headline":"Kurti flet p\u00ebr her\u00eb t\u00eb par\u00eb p\u00ebr takimin n\u00eb Bruksel, tregon \u00e7ka u diskutua","datePublished":"2022-08-24T09:45:44+00:00","dateModified":"2022-08-24T09:45:44+00:00","mainEntityOfPage":{"@id":"https:\/\/permbledhja.com\/kurti-flet-per-here-te-pare-per-takimin-ne-bruksel-tregon-cka-u-diskutua\/"},"wordCount":193,"publisher":{"@id":"https:\/\/permbledhja.com\/#organization"},"keywords":["Albin Kurti"],"articleSection":["Ballina"],"inLanguage":"sq"},{"@type":"WebPage","@id":"https:\/\/permbledhja.com\/kurti-flet-per-here-te-pare-per-takimin-ne-bruksel-tregon-cka-u-diskutua\/","url":"https:\/\/permbledhja.com\/kurti-flet-per-here-te-pare-per-takimin-ne-bruksel-tregon-cka-u-diskutua\/","name":"Kurti flet p\u00ebr her\u00eb t\u00eb par\u00eb p\u00ebr takimin n\u00eb Bruksel, tregon \u00e7ka u diskutua","isPartOf":{"@id":"https:\/\/permbledhja.com\/#website"},"datePublished":"2022-08-24T09:45:44+00:00","dateModified":"2022-08-24T09:45:44+00:00","breadcrumb":{"@id":"https:\/\/permbledhja.com\/kurti-flet-per-here-te-pare-per-takimin-ne-bruksel-tregon-cka-u-diskutua\/#breadcrumb"},"inLanguage":"sq","potentialAction":[{"@type":"ReadAction","target":["https:\/\/permbledhja.com\/kurti-flet-per-here-te-pare-per-takimin-ne-bruksel-tregon-cka-u-diskutua\/"]}]},{"@type":"BreadcrumbList","@id":"https:\/\/permbledhja.com\/kurti-flet-per-here-te-pare-per-takimin-ne-bruksel-tregon-cka-u-diskutua\/#breadcrumb","itemListElement":[{"@type":"ListItem","position":1,"name":"Ballina","item":"https:\/\/permbledhja.com\/sq\/"},{"@type":"ListItem","position":2,"name":"Kurti flet p\u00ebr her\u00eb t\u00eb par\u00eb p\u00ebr takimin n\u00eb Bruksel, tregon \u00e7ka u diskutua"}]},{"@type":"WebSite","@id":"https:\/\/permbledhja.com\/#website","url":"https:\/\/permbledhja.com\/","name":"Ve\u00e7 artikuj p\u00ebrmbledh\u00ebs","description":"","publisher":{"@id":"https:\/\/permbledhja.com\/#organization"},"potentialAction":[{"@type":"SearchAction","target":{"@type":"EntryPoint","urlTemplate":"https:\/\/permbledhja.com\/?s={search_term_string}"},"query-input":"required name=search_term_string"}],"inLanguage":"sq"},{"@type":"Organization","@id":"https:\/\/permbledhja.com\/#organization","name":"MK Media & Pr","url":"https:\/\/permbledhja.com\/","logo":{"@type":"ImageObject","inLanguage":"sq","@id":"https:\/\/permbledhja.com\/#\/schema\/logo\/image\/","url":"https:\/\/permbledhja.com\/wp-content\/uploads\/2021\/12\/07-Press-Logo.jpg","contentUrl":"https:\/\/permbledhja.com\/wp-content\/uploads\/2021\/12\/07-Press-Logo.jpg","width":512,"height":512,"caption":"MK Media & Pr"},"image":{"@id":"https:\/\/permbledhja.com\/#\/schema\/logo\/image\/"},"sameAs":["https:\/\/www.facebook.com\/press07\/"]},{"@type":"Person","@id":"https:\/\/permbledhja.com\/#\/schema\/person\/0d064377258d3221e50693947b9eb4fe","name":"P\u00ebrmbledhja","image":{"@type":"ImageObject","inLanguage":"sq","@id":"https:\/\/permbledhja.com\/#\/schema\/person\/image\/","url":"https:\/\/permbledhja.com\/wp-content\/uploads\/2026\/01\/452004717_1040944174702970_8932037511805513407_n-96x96.jpg","contentUrl":"https:\/\/permbledhja.com\/wp-content\/uploads\/2026\/01\/452004717_1040944174702970_8932037511805513407_n-96x96.jpg","caption":"P\u00ebrmbledhja"},"sameAs":["https:\/\/www.facebook.com\/kafexhiu.muharrem\/","https:\/\/www.instagram.com\/muharrem_kafexhiu\/"],"url":"https:\/\/permbledhja.com\/sq\/author\/admin\/"}]}},"_links":{"self":[{"href":"https:\/\/permbledhja.com\/sq\/wp-json\/wp\/v2\/posts\/4462"}],"collection":[{"href":"https:\/\/permbledhja.com\/sq\/wp-json\/wp\/v2\/posts"}],"about":[{"href":"https:\/\/permbledhja.com\/sq\/wp-json\/wp\/v2\/types\/post"}],"author":[{"embeddable":true,"href":"https:\/\/permbledhja.com\/sq\/wp-json\/wp\/v2\/users\/1"}],"replies":[{"embeddable":true,"href":"https:\/\/permbledhja.com\/sq\/wp-json\/wp\/v2\/comments?post=4462"}],"version-history":[{"count":1,"href":"https:\/\/permbledhja.com\/sq\/wp-json\/wp\/v2\/posts\/4462\/revisions"}],"predecessor-version":[{"id":4464,"href":"https:\/\/permbledhja.com\/sq\/wp-json\/wp\/v2\/posts\/4462\/revisions\/4464"}],"wp:featuredmedia":[{"embeddable":true,"href":"https:\/\/permbledhja.com\/sq\/wp-json\/wp\/v2\/media\/4463"}],"wp:attachment":[{"href":"https:\/\/permbledhja.com\/sq\/wp-json\/wp\/v2\/media?parent=4462"}],"wp:term":[{"taxonomy":"category","embeddable":true,"href":"https:\/\/permbledhja.com\/sq\/wp-json\/wp\/v2\/categories?post=4462"},{"taxonomy":"post_tag","embeddable":true,"href":"https:\/\/permbledhja.com\/sq\/wp-json\/wp\/v2\/tags?post=4462"}],"curies":[{"name":"wp","href":"https:\/\/api.w.org\/{rel}","templated":true}]}}