{"id":44265,"date":"2024-01-23T07:39:17","date_gmt":"2024-01-23T07:39:17","guid":{"rendered":"https:\/\/permbledhja.com\/?p=44265"},"modified":"2024-01-23T08:49:13","modified_gmt":"2024-01-23T08:49:13","slug":"kurti-tregon-se-cka-bisedoi-me-ramen-gjate-konferences-se-shkupit","status":"publish","type":"post","link":"https:\/\/permbledhja.com\/sq\/kurti-tregon-se-cka-bisedoi-me-ramen-gjate-konferences-se-shkupit\/","title":{"rendered":"Kurti tregon se \u00e7ka bisedoi me Ram\u00ebn gjat\u00eb konferenc\u00ebs s\u00eb Shkupit"},"content":{"rendered":"<h3>Gjat\u00eb dit\u00ebs s\u00eb djeshme n\u00eb qytetin e Shkupit \u00ebsht\u00eb mbajtur konferenca e lider\u00ebve t\u00eb rajonit p\u00ebr Planin e Rritjes s\u00eb BE-s\u00eb.<\/h3>\n<p>N\u00eb k\u00ebt\u00eb konferenc\u00eb mor\u00ebn pjes\u00eb edhe kryeministrat shqiptar ai nga Kosova, Albin Kurti dhe ai nga Shqip\u00ebria Edi Rama.<\/p>\n<p>Gjat\u00eb nj\u00eb pauz\u00eb t\u00eb shkurt\u00eb t\u00eb konferenc\u00ebs Kurti e Rama zhvilluan nj\u00eb takim s\u00eb bashku.<\/p>\n<p>E sot Kurti p\u00ebrmes nj\u00eb postimi n\u00eb rrjetin social tregoi se \u00e7ka bisedoi me Ram\u00ebn.<\/p>\n<p><strong>Postimi i plot\u00eb:<\/strong><\/p>\n<p>N\u00eb Shkup, n\u00eb margjina t\u00eb konferenc\u00ebs s\u00eb lider\u00ebve t\u00eb rajonit p\u00ebr Planin e Rritjes s\u00eb BE-s\u00eb, bashk\u00eb me kryeministrin Rama takuam dhe bashk\u00ebbiseduam me Arben Taravarin, Kryetarin e Aleanc\u00ebs p\u00ebr Shqiptar\u00ebt.<\/p>\n<p>Shqiptar\u00ebt m\u00eb shum\u00eb sesa fat, e kan\u00eb vet\u00ebdije historike e komb\u00ebtare orientimin e qart\u00eb euro-atlantik dhe nd\u00ebrtimin e aleancave mbi vlera e bindje. Sfidat shpesh i kemi t\u00eb ngjashme e t\u00eb p\u00ebrbashk\u00ebta. Sh\u00ebrbimin ndaj qytetar\u00ebve duhet p\u00ebrher\u00eb ta kemi q\u00ebllim t\u00eb pal\u00ebkundur t\u00eb angazhimit politik. E n\u00eb rrug\u00eb e sip\u00ebr na duhet t\u00eb jemi krah p\u00ebr nj\u00ebri-tjetrin, p\u00ebr zhvillim, demokratizim, reform\u00eb, progres dhe mir\u00ebqenie<strong>.<\/strong><\/p>\n","protected":false},"excerpt":{"rendered":"<p>Gjat\u00eb dit\u00ebs s\u00eb djeshme n\u00eb qytetin e Shkupit \u00ebsht\u00eb mbajtur konferenca e lider\u00ebve t\u00eb rajonit p\u00ebr Planin e Rritjes s\u00eb BE-s\u00eb. N\u00eb k\u00ebt\u00eb konferenc\u00eb mor\u00ebn pjes\u00eb edhe kryeministrat shqiptar ai nga Kosova, Albin Kurti dhe ai nga Shqip\u00ebria Edi Rama. Gjat\u00eb nj\u00eb pauz\u00eb t\u00eb shkurt\u00eb t\u00eb konferenc\u00ebs Kurti e Rama zhvilluan nj\u00eb takim s\u00eb bashku. [&hellip;]<\/p>\n","protected":false},"author":2,"featured_media":44266,"comment_status":"closed","ping_status":"closed","sticky":false,"template":"","format":"standard","meta":{"_monsterinsights_skip_tracking":false,"_monsterinsights_sitenote_active":false,"_monsterinsights_sitenote_note":"","_monsterinsights_sitenote_category":0,"_uf_show_specific_survey":0,"_uf_disable_surveys":false,"footnotes":""},"categories":[1146],"tags":[86,474],"yoast_head":"<!-- This site is optimized with the Yoast SEO plugin v21.5 - https:\/\/yoast.com\/wordpress\/plugins\/seo\/ -->\n<title>Kurti tregon se \u00e7ka bisedoi me Ram\u00ebn gjat\u00eb konferenc\u00ebs s\u00eb Shkupit<\/title>\n<meta name=\"robots\" content=\"index, follow, max-snippet:-1, max-image-preview:large, max-video-preview:-1\" \/>\n<link rel=\"canonical\" href=\"https:\/\/permbledhja.com\/sq\/kurti-tregon-se-cka-bisedoi-me-ramen-gjate-konferences-se-shkupit\/\" \/>\n<meta property=\"og:locale\" content=\"sq_AL\" \/>\n<meta property=\"og:type\" content=\"article\" \/>\n<meta property=\"og:title\" content=\"Kurti tregon se \u00e7ka bisedoi me Ram\u00ebn gjat\u00eb konferenc\u00ebs s\u00eb Shkupit\" \/>\n<meta property=\"og:description\" content=\"Gjat\u00eb dit\u00ebs s\u00eb djeshme n\u00eb qytetin e Shkupit \u00ebsht\u00eb mbajtur konferenca e lider\u00ebve t\u00eb rajonit p\u00ebr Planin e Rritjes s\u00eb BE-s\u00eb. N\u00eb k\u00ebt\u00eb konferenc\u00eb mor\u00ebn pjes\u00eb edhe kryeministrat shqiptar ai nga Kosova, Albin Kurti dhe ai nga Shqip\u00ebria Edi Rama. Gjat\u00eb nj\u00eb pauz\u00eb t\u00eb shkurt\u00eb t\u00eb konferenc\u00ebs Kurti e Rama zhvilluan nj\u00eb takim s\u00eb bashku. [&hellip;]\" \/>\n<meta property=\"og:url\" content=\"https:\/\/permbledhja.com\/sq\/kurti-tregon-se-cka-bisedoi-me-ramen-gjate-konferences-se-shkupit\/\" \/>\n<meta property=\"og:site_name\" content=\"Ve\u00e7 artikuj p\u00ebrmbledh\u00ebs\" \/>\n<meta property=\"article:publisher\" content=\"https:\/\/www.facebook.com\/press07\/\" \/>\n<meta property=\"article:published_time\" content=\"2024-01-23T07:39:17+00:00\" \/>\n<meta property=\"article:modified_time\" content=\"2024-01-23T08:49:13+00:00\" \/>\n<meta property=\"og:image\" content=\"https:\/\/permbledhja.com\/wp-content\/uploads\/2024\/01\/422124224_928037048690023_1300213574701000146_n.jpg\" \/>\n\t<meta property=\"og:image:width\" content=\"1600\" \/>\n\t<meta property=\"og:image:height\" content=\"1066\" \/>\n\t<meta property=\"og:image:type\" content=\"image\/jpeg\" \/>\n<meta name=\"author\" content=\"M M\" \/>\n<meta name=\"twitter:card\" content=\"summary_large_image\" \/>\n<meta name=\"twitter:label1\" content=\"Written by\" \/>\n\t<meta name=\"twitter:data1\" content=\"M M\" \/>\n\t<meta name=\"twitter:label2\" content=\"Est. reading time\" \/>\n\t<meta name=\"twitter:data2\" content=\"1 minut\u00eb\" \/>\n<script type=\"application\/ld+json\" class=\"yoast-schema-graph\">{\"@context\":\"https:\/\/schema.org\",\"@graph\":[{\"@type\":\"Article\",\"@id\":\"https:\/\/permbledhja.com\/kurti-tregon-se-cka-bisedoi-me-ramen-gjate-konferences-se-shkupit\/#article\",\"isPartOf\":{\"@id\":\"https:\/\/permbledhja.com\/kurti-tregon-se-cka-bisedoi-me-ramen-gjate-konferences-se-shkupit\/\"},\"author\":{\"name\":\"M M\",\"@id\":\"https:\/\/permbledhja.com\/#\/schema\/person\/d23f13f59b5722643933d6780783acf3\"},\"headline\":\"Kurti tregon se \u00e7ka bisedoi me Ram\u00ebn gjat\u00eb konferenc\u00ebs s\u00eb Shkupit\",\"datePublished\":\"2024-01-23T07:39:17+00:00\",\"dateModified\":\"2024-01-23T08:49:13+00:00\",\"mainEntityOfPage\":{\"@id\":\"https:\/\/permbledhja.com\/kurti-tregon-se-cka-bisedoi-me-ramen-gjate-konferences-se-shkupit\/\"},\"wordCount\":213,\"publisher\":{\"@id\":\"https:\/\/permbledhja.com\/#organization\"},\"keywords\":[\"Albin Kurti\",\"Edi Rama\"],\"articleSection\":[\"Kryesoret\"],\"inLanguage\":\"sq\"},{\"@type\":\"WebPage\",\"@id\":\"https:\/\/permbledhja.com\/kurti-tregon-se-cka-bisedoi-me-ramen-gjate-konferences-se-shkupit\/\",\"url\":\"https:\/\/permbledhja.com\/kurti-tregon-se-cka-bisedoi-me-ramen-gjate-konferences-se-shkupit\/\",\"name\":\"Kurti tregon se \u00e7ka bisedoi me Ram\u00ebn gjat\u00eb konferenc\u00ebs s\u00eb Shkupit\",\"isPartOf\":{\"@id\":\"https:\/\/permbledhja.com\/#website\"},\"datePublished\":\"2024-01-23T07:39:17+00:00\",\"dateModified\":\"2024-01-23T08:49:13+00:00\",\"breadcrumb\":{\"@id\":\"https:\/\/permbledhja.com\/kurti-tregon-se-cka-bisedoi-me-ramen-gjate-konferences-se-shkupit\/#breadcrumb\"},\"inLanguage\":\"sq\",\"potentialAction\":[{\"@type\":\"ReadAction\",\"target\":[\"https:\/\/permbledhja.com\/kurti-tregon-se-cka-bisedoi-me-ramen-gjate-konferences-se-shkupit\/\"]}]},{\"@type\":\"BreadcrumbList\",\"@id\":\"https:\/\/permbledhja.com\/kurti-tregon-se-cka-bisedoi-me-ramen-gjate-konferences-se-shkupit\/#breadcrumb\",\"itemListElement\":[{\"@type\":\"ListItem\",\"position\":1,\"name\":\"Ballina\",\"item\":\"https:\/\/permbledhja.com\/sq\/\"},{\"@type\":\"ListItem\",\"position\":2,\"name\":\"Kurti tregon se \u00e7ka bisedoi me Ram\u00ebn gjat\u00eb konferenc\u00ebs s\u00eb Shkupit\"}]},{\"@type\":\"WebSite\",\"@id\":\"https:\/\/permbledhja.com\/#website\",\"url\":\"https:\/\/permbledhja.com\/\",\"name\":\"Ve\u00e7 artikuj p\u00ebrmbledh\u00ebs\",\"description\":\"\",\"publisher\":{\"@id\":\"https:\/\/permbledhja.com\/#organization\"},\"potentialAction\":[{\"@type\":\"SearchAction\",\"target\":{\"@type\":\"EntryPoint\",\"urlTemplate\":\"https:\/\/permbledhja.com\/?s={search_term_string}\"},\"query-input\":\"required name=search_term_string\"}],\"inLanguage\":\"sq\"},{\"@type\":\"Organization\",\"@id\":\"https:\/\/permbledhja.com\/#organization\",\"name\":\"MK Media & Pr\",\"url\":\"https:\/\/permbledhja.com\/\",\"logo\":{\"@type\":\"ImageObject\",\"inLanguage\":\"sq\",\"@id\":\"https:\/\/permbledhja.com\/#\/schema\/logo\/image\/\",\"url\":\"https:\/\/permbledhja.com\/wp-content\/uploads\/2021\/12\/07-Press-Logo.jpg\",\"contentUrl\":\"https:\/\/permbledhja.com\/wp-content\/uploads\/2021\/12\/07-Press-Logo.jpg\",\"width\":512,\"height\":512,\"caption\":\"MK Media & Pr\"},\"image\":{\"@id\":\"https:\/\/permbledhja.com\/#\/schema\/logo\/image\/\"},\"sameAs\":[\"https:\/\/www.facebook.com\/press07\/\"]},{\"@type\":\"Person\",\"@id\":\"https:\/\/permbledhja.com\/#\/schema\/person\/d23f13f59b5722643933d6780783acf3\",\"name\":\"M M\",\"image\":{\"@type\":\"ImageObject\",\"inLanguage\":\"sq\",\"@id\":\"https:\/\/permbledhja.com\/#\/schema\/person\/image\/\",\"url\":\"https:\/\/secure.gravatar.com\/avatar\/e2835a76ca7c31a2416b2d51c4ec9a8f?s=96&d=mm&r=g\",\"contentUrl\":\"https:\/\/secure.gravatar.com\/avatar\/e2835a76ca7c31a2416b2d51c4ec9a8f?s=96&d=mm&r=g\",\"caption\":\"M M\"},\"sameAs\":[\"http:\/\/MM\"],\"url\":\"https:\/\/permbledhja.com\/sq\/author\/muhamet\/\"}]}<\/script>\n<!-- \/ Yoast SEO plugin. -->","yoast_head_json":{"title":"Kurti tregon se \u00e7ka bisedoi me Ram\u00ebn gjat\u00eb konferenc\u00ebs s\u00eb Shkupit","robots":{"index":"index","follow":"follow","max-snippet":"max-snippet:-1","max-image-preview":"max-image-preview:large","max-video-preview":"max-video-preview:-1"},"canonical":"https:\/\/permbledhja.com\/sq\/kurti-tregon-se-cka-bisedoi-me-ramen-gjate-konferences-se-shkupit\/","og_locale":"sq_AL","og_type":"article","og_title":"Kurti tregon se \u00e7ka bisedoi me Ram\u00ebn gjat\u00eb konferenc\u00ebs s\u00eb Shkupit","og_description":"Gjat\u00eb dit\u00ebs s\u00eb djeshme n\u00eb qytetin e Shkupit \u00ebsht\u00eb mbajtur konferenca e lider\u00ebve t\u00eb rajonit p\u00ebr Planin e Rritjes s\u00eb BE-s\u00eb. N\u00eb k\u00ebt\u00eb konferenc\u00eb mor\u00ebn pjes\u00eb edhe kryeministrat shqiptar ai nga Kosova, Albin Kurti dhe ai nga Shqip\u00ebria Edi Rama. Gjat\u00eb nj\u00eb pauz\u00eb t\u00eb shkurt\u00eb t\u00eb konferenc\u00ebs Kurti e Rama zhvilluan nj\u00eb takim s\u00eb bashku. [&hellip;]","og_url":"https:\/\/permbledhja.com\/sq\/kurti-tregon-se-cka-bisedoi-me-ramen-gjate-konferences-se-shkupit\/","og_site_name":"Ve\u00e7 artikuj p\u00ebrmbledh\u00ebs","article_publisher":"https:\/\/www.facebook.com\/press07\/","article_published_time":"2024-01-23T07:39:17+00:00","article_modified_time":"2024-01-23T08:49:13+00:00","og_image":[{"width":1600,"height":1066,"url":"https:\/\/permbledhja.com\/wp-content\/uploads\/2024\/01\/422124224_928037048690023_1300213574701000146_n.jpg","type":"image\/jpeg"}],"author":"M M","twitter_card":"summary_large_image","twitter_misc":{"Written by":"M M","Est. reading time":"1 minut\u00eb"},"schema":{"@context":"https:\/\/schema.org","@graph":[{"@type":"Article","@id":"https:\/\/permbledhja.com\/kurti-tregon-se-cka-bisedoi-me-ramen-gjate-konferences-se-shkupit\/#article","isPartOf":{"@id":"https:\/\/permbledhja.com\/kurti-tregon-se-cka-bisedoi-me-ramen-gjate-konferences-se-shkupit\/"},"author":{"name":"M M","@id":"https:\/\/permbledhja.com\/#\/schema\/person\/d23f13f59b5722643933d6780783acf3"},"headline":"Kurti tregon se \u00e7ka bisedoi me Ram\u00ebn gjat\u00eb konferenc\u00ebs s\u00eb Shkupit","datePublished":"2024-01-23T07:39:17+00:00","dateModified":"2024-01-23T08:49:13+00:00","mainEntityOfPage":{"@id":"https:\/\/permbledhja.com\/kurti-tregon-se-cka-bisedoi-me-ramen-gjate-konferences-se-shkupit\/"},"wordCount":213,"publisher":{"@id":"https:\/\/permbledhja.com\/#organization"},"keywords":["Albin Kurti","Edi Rama"],"articleSection":["Kryesoret"],"inLanguage":"sq"},{"@type":"WebPage","@id":"https:\/\/permbledhja.com\/kurti-tregon-se-cka-bisedoi-me-ramen-gjate-konferences-se-shkupit\/","url":"https:\/\/permbledhja.com\/kurti-tregon-se-cka-bisedoi-me-ramen-gjate-konferences-se-shkupit\/","name":"Kurti tregon se \u00e7ka bisedoi me Ram\u00ebn gjat\u00eb konferenc\u00ebs s\u00eb Shkupit","isPartOf":{"@id":"https:\/\/permbledhja.com\/#website"},"datePublished":"2024-01-23T07:39:17+00:00","dateModified":"2024-01-23T08:49:13+00:00","breadcrumb":{"@id":"https:\/\/permbledhja.com\/kurti-tregon-se-cka-bisedoi-me-ramen-gjate-konferences-se-shkupit\/#breadcrumb"},"inLanguage":"sq","potentialAction":[{"@type":"ReadAction","target":["https:\/\/permbledhja.com\/kurti-tregon-se-cka-bisedoi-me-ramen-gjate-konferences-se-shkupit\/"]}]},{"@type":"BreadcrumbList","@id":"https:\/\/permbledhja.com\/kurti-tregon-se-cka-bisedoi-me-ramen-gjate-konferences-se-shkupit\/#breadcrumb","itemListElement":[{"@type":"ListItem","position":1,"name":"Ballina","item":"https:\/\/permbledhja.com\/sq\/"},{"@type":"ListItem","position":2,"name":"Kurti tregon se \u00e7ka bisedoi me Ram\u00ebn gjat\u00eb konferenc\u00ebs s\u00eb Shkupit"}]},{"@type":"WebSite","@id":"https:\/\/permbledhja.com\/#website","url":"https:\/\/permbledhja.com\/","name":"Ve\u00e7 artikuj p\u00ebrmbledh\u00ebs","description":"","publisher":{"@id":"https:\/\/permbledhja.com\/#organization"},"potentialAction":[{"@type":"SearchAction","target":{"@type":"EntryPoint","urlTemplate":"https:\/\/permbledhja.com\/?s={search_term_string}"},"query-input":"required name=search_term_string"}],"inLanguage":"sq"},{"@type":"Organization","@id":"https:\/\/permbledhja.com\/#organization","name":"MK Media & Pr","url":"https:\/\/permbledhja.com\/","logo":{"@type":"ImageObject","inLanguage":"sq","@id":"https:\/\/permbledhja.com\/#\/schema\/logo\/image\/","url":"https:\/\/permbledhja.com\/wp-content\/uploads\/2021\/12\/07-Press-Logo.jpg","contentUrl":"https:\/\/permbledhja.com\/wp-content\/uploads\/2021\/12\/07-Press-Logo.jpg","width":512,"height":512,"caption":"MK Media & Pr"},"image":{"@id":"https:\/\/permbledhja.com\/#\/schema\/logo\/image\/"},"sameAs":["https:\/\/www.facebook.com\/press07\/"]},{"@type":"Person","@id":"https:\/\/permbledhja.com\/#\/schema\/person\/d23f13f59b5722643933d6780783acf3","name":"M M","image":{"@type":"ImageObject","inLanguage":"sq","@id":"https:\/\/permbledhja.com\/#\/schema\/person\/image\/","url":"https:\/\/secure.gravatar.com\/avatar\/e2835a76ca7c31a2416b2d51c4ec9a8f?s=96&d=mm&r=g","contentUrl":"https:\/\/secure.gravatar.com\/avatar\/e2835a76ca7c31a2416b2d51c4ec9a8f?s=96&d=mm&r=g","caption":"M M"},"sameAs":["http:\/\/MM"],"url":"https:\/\/permbledhja.com\/sq\/author\/muhamet\/"}]}},"_links":{"self":[{"href":"https:\/\/permbledhja.com\/sq\/wp-json\/wp\/v2\/posts\/44265"}],"collection":[{"href":"https:\/\/permbledhja.com\/sq\/wp-json\/wp\/v2\/posts"}],"about":[{"href":"https:\/\/permbledhja.com\/sq\/wp-json\/wp\/v2\/types\/post"}],"author":[{"embeddable":true,"href":"https:\/\/permbledhja.com\/sq\/wp-json\/wp\/v2\/users\/2"}],"replies":[{"embeddable":true,"href":"https:\/\/permbledhja.com\/sq\/wp-json\/wp\/v2\/comments?post=44265"}],"version-history":[{"count":1,"href":"https:\/\/permbledhja.com\/sq\/wp-json\/wp\/v2\/posts\/44265\/revisions"}],"predecessor-version":[{"id":44267,"href":"https:\/\/permbledhja.com\/sq\/wp-json\/wp\/v2\/posts\/44265\/revisions\/44267"}],"wp:featuredmedia":[{"embeddable":true,"href":"https:\/\/permbledhja.com\/sq\/wp-json\/wp\/v2\/media\/44266"}],"wp:attachment":[{"href":"https:\/\/permbledhja.com\/sq\/wp-json\/wp\/v2\/media?parent=44265"}],"wp:term":[{"taxonomy":"category","embeddable":true,"href":"https:\/\/permbledhja.com\/sq\/wp-json\/wp\/v2\/categories?post=44265"},{"taxonomy":"post_tag","embeddable":true,"href":"https:\/\/permbledhja.com\/sq\/wp-json\/wp\/v2\/tags?post=44265"}],"curies":[{"name":"wp","href":"https:\/\/api.w.org\/{rel}","templated":true}]}}