{"id":44170,"date":"2024-01-22T15:24:00","date_gmt":"2024-01-22T15:24:00","guid":{"rendered":"https:\/\/permbledhja.com\/?p=44170"},"modified":"2024-01-22T15:24:00","modified_gmt":"2024-01-22T15:24:00","slug":"bulliqi-njeri-nga-vrasesit-e-18-vjecarit-eshte-i-denuar-me-3-vjet-burgim-ka-9-vepra-te-ndryshme-penale","status":"publish","type":"post","link":"https:\/\/permbledhja.com\/sq\/bulliqi-njeri-nga-vrasesit-e-18-vjecarit-eshte-i-denuar-me-3-vjet-burgim-ka-9-vepra-te-ndryshme-penale\/","title":{"rendered":"Bulliqi: Nj\u00ebri nga vras\u00ebsit e 18-vje\u00e7arit \u00ebsht\u00eb i d\u00ebnuar me 3 vjet burgim, ka 9 vepra t\u00eb ndryshme penale"},"content":{"rendered":"<h3>Kryetari i Podujev\u00ebs, Shpejtim Bulliqi tha se nj\u00ebri prej dy sulmuesve t\u00eb mitur q\u00eb e rrah\u00ebn p\u00ebr vdekje 18-vje\u00e7arin Lulzim Fejzullahu, \u00ebsht\u00eb i d\u00ebnuar me 3 vjet burgim p\u00ebr nj\u00eb rast t\u00eb m\u00ebhersh\u00ebm.<\/h3>\n<p>Bulliqi tha se ai ka pasur \u201c9 vepra t\u00eb ndryshme penale\u201d, raporton Gazeta Express.<\/p>\n<p>\u201cNj\u00ebri prej individ\u00ebve q\u00eb dyshohet se \u00ebsht\u00eb pjes\u00eb e k\u00ebtij rasti, \u00ebsht\u00eb nx\u00ebn\u00ebs i nj\u00eb shkolle t\u00eb mesme n\u00eb qytetin e Podujev\u00ebs, nd\u00ebrsa tjetri ka dy apo tri vite q\u00eb ka qen\u00eb nx\u00ebn\u00ebs i shkoll\u00ebs, i cili p\u00ebr sjellje jo t\u00eb mira \u00ebsht\u00eb larguar nga shkolla dhe ka braktisur shkollimin e m\u00ebtejsh\u00ebm pas disa veprave q\u00eb i ka b\u00ebr\u00eb qoft\u00eb n\u00eb shkoll\u00eb, qoft\u00eb n\u00eb ambientet tjera. U informuam nga organet e rendit q\u00eb organet e rendit e kan\u00eb kryer pun\u00ebn e tyre, kan\u00eb inicuar rastet. Me k\u00ebto raste \u00ebsht\u00eb marr\u00eb gjyq\u00ebsia dhe prokuroria, dhe nj\u00ebri prej tyre, n\u00eb k\u00ebt\u00eb faz\u00eb kur ka ndodhur tash rasti, faktikisht ka qen\u00eb i d\u00ebnuar me 3 vite e gjysm\u00eb burgim p\u00ebr nj\u00eb rast t\u00eb m\u00ebhersh\u00ebm dhe faktikisht ka pasuar ky rasti q\u00eb \u00ebsht\u00eb aktualisht\u201d, tha Bulliqi para gazetar\u00ebve, pas nj\u00eb mbledhje t\u00eb K\u00ebshillit p\u00ebr Siguri n\u00eb Bashk\u00ebsi n\u00eb Komun\u00ebn e Podujev\u00ebs.<\/p>\n<p>\u201cNj\u00ebri prej tyre \u00ebsht\u00eb me diku 9 vepra t\u00eb ndryshme penale, i cili \u00ebsht\u00eb hetuar dhe organet e drejt\u00ebsis\u00eb dhe prokuroria e kishin dh\u00ebn\u00eb fjal\u00ebn e tyre me k\u00ebt\u00eb d\u00ebnim\u201d, tha Bulliqi.<\/p>\n<p>\u201cNd\u00ebrsa i dyti, q\u00eb \u00ebsht\u00eb bashk\u00ebpjes\u00ebmarr\u00ebs, q\u00eb duket nga ato video-incizimet q\u00eb u publikuan, nuk \u00ebsht\u00eb q\u00eb ka t\u00eb hapur ndonj\u00eb rast nga organet e rendit\u201d, tha ai.<\/p>\n<p>P\u00ebr t\u00eb dytin, Bulliqi tha se \u201cai nuk \u00ebsht\u00eb q\u00eb \u00ebsht\u00eb nx\u00ebn\u00ebs i mir\u00eb\u201d.<\/p>\n<p>\u201c\u00cbsht\u00eb nx\u00ebn\u00ebs i cili nuk ka treguar rezultat t\u00eb mir\u00eb n\u00eb shkoll\u00eb. \u00cbsht\u00eb nx\u00ebn\u00ebs t\u00eb cilit i \u00ebsht\u00eb thy nota e sjelljes prej organeve t\u00eb shkoll\u00ebs dhe \u00ebsht\u00eb nx\u00ebn\u00ebs q\u00eb ka pasur nj\u00eb num\u00ebr mungesash n\u00eb shkoll\u00eb\u201d, tha kryetari i Podujev\u00ebs.<\/p>\n<p>Ai tha se nuk kan\u00eb evidentuar ndonj\u00eb l\u00ebshim nga organet e Arsimit n\u00eb k\u00ebt\u00eb Komun\u00eb.<\/p>\n<p>\u201cRasti ka ndodhur jasht\u00eb objektit t\u00eb shkoll\u00ebs. Drejtoria e shkoll\u00ebs ka marr\u00eb veprime. \u00cbsht\u00eb larguar p\u00ebr nj\u00eb muaj. \u00cbsht\u00eb kthyer prap\u00eb n\u00eb shkoll\u00eb dhe prap\u00eb ka vazhduar me veprime t\u00eb tilla\u201d, tha Bulliqi. \u201cPrindi i tij ka shkuar dhe i ka t\u00ebrhequr dokumentet nga shkolla\u201d, tregoi ai.<\/p>\n<p>Ai foli edhe p\u00ebr viktim\u00ebn, p\u00ebr t\u00eb cilin tha se qytetar\u00ebt \u201cthon\u00eb q\u00eb ka qen\u00eb djal\u00eb i sjellsh\u00ebm\u201d.<\/p>\n<p>Duke folur p\u00ebr veprimet q\u00eb tha se i ka marr\u00eb Drejtoria e Arsimit n\u00eb Podujev\u00eb, Bulliqi tha se \u201cpothuajse t\u00eb gjitha institucionet shkollore i kemi mbuluar me kamera t\u00eb siguris\u00eb\u201d.<\/p>\n","protected":false},"excerpt":{"rendered":"<p>Kryetari i Podujev\u00ebs, Shpejtim Bulliqi tha se nj\u00ebri prej dy sulmuesve t\u00eb mitur q\u00eb e rrah\u00ebn p\u00ebr vdekje 18-vje\u00e7arin Lulzim Fejzullahu, \u00ebsht\u00eb i d\u00ebnuar me 3 vjet burgim p\u00ebr nj\u00eb rast t\u00eb m\u00ebhersh\u00ebm. Bulliqi tha se ai ka pasur \u201c9 vepra t\u00eb ndryshme penale\u201d, raporton Gazeta Express. \u201cNj\u00ebri prej individ\u00ebve q\u00eb dyshohet se \u00ebsht\u00eb pjes\u00eb [&hellip;]<\/p>\n","protected":false},"author":5,"featured_media":44117,"comment_status":"closed","ping_status":"closed","sticky":false,"template":"","format":"standard","meta":{"_monsterinsights_skip_tracking":false,"_monsterinsights_sitenote_active":false,"_monsterinsights_sitenote_note":"","_monsterinsights_sitenote_category":0,"_uf_show_specific_survey":0,"_uf_disable_surveys":false,"footnotes":""},"categories":[2645],"tags":[],"yoast_head":"<!-- This site is optimized with the Yoast SEO plugin v21.5 - https:\/\/yoast.com\/wordpress\/plugins\/seo\/ -->\n<title>Bulliqi: Nj\u00ebri nga vras\u00ebsit e 18-vje\u00e7arit \u00ebsht\u00eb i d\u00ebnuar me 3 vjet burgim, ka 9 vepra t\u00eb ndryshme penale<\/title>\n<meta name=\"robots\" content=\"index, follow, max-snippet:-1, max-image-preview:large, max-video-preview:-1\" \/>\n<link rel=\"canonical\" href=\"https:\/\/permbledhja.com\/sq\/bulliqi-njeri-nga-vrasesit-e-18-vjecarit-eshte-i-denuar-me-3-vjet-burgim-ka-9-vepra-te-ndryshme-penale\/\" \/>\n<meta property=\"og:locale\" content=\"sq_AL\" \/>\n<meta property=\"og:type\" content=\"article\" \/>\n<meta property=\"og:title\" content=\"Bulliqi: Nj\u00ebri nga vras\u00ebsit e 18-vje\u00e7arit \u00ebsht\u00eb i d\u00ebnuar me 3 vjet burgim, ka 9 vepra t\u00eb ndryshme penale\" \/>\n<meta property=\"og:description\" content=\"Kryetari i Podujev\u00ebs, Shpejtim Bulliqi tha se nj\u00ebri prej dy sulmuesve t\u00eb mitur q\u00eb e rrah\u00ebn p\u00ebr vdekje 18-vje\u00e7arin Lulzim Fejzullahu, \u00ebsht\u00eb i d\u00ebnuar me 3 vjet burgim p\u00ebr nj\u00eb rast t\u00eb m\u00ebhersh\u00ebm. Bulliqi tha se ai ka pasur \u201c9 vepra t\u00eb ndryshme penale\u201d, raporton Gazeta Express. \u201cNj\u00ebri prej individ\u00ebve q\u00eb dyshohet se \u00ebsht\u00eb pjes\u00eb [&hellip;]\" \/>\n<meta property=\"og:url\" content=\"https:\/\/permbledhja.com\/sq\/bulliqi-njeri-nga-vrasesit-e-18-vjecarit-eshte-i-denuar-me-3-vjet-burgim-ka-9-vepra-te-ndryshme-penale\/\" \/>\n<meta property=\"og:site_name\" content=\"Ve\u00e7 artikuj p\u00ebrmbledh\u00ebs\" \/>\n<meta property=\"article:publisher\" content=\"https:\/\/www.facebook.com\/press07\/\" \/>\n<meta property=\"article:published_time\" content=\"2024-01-22T15:24:00+00:00\" \/>\n<meta property=\"og:image\" content=\"https:\/\/permbledhja.com\/wp-content\/uploads\/2024\/01\/Kryetari-i-Podujeves-Shpejtim-Bulliqi.jpg\" \/>\n\t<meta property=\"og:image:width\" content=\"681\" \/>\n\t<meta property=\"og:image:height\" content=\"534\" \/>\n\t<meta property=\"og:image:type\" content=\"image\/jpeg\" \/>\n<meta name=\"author\" content=\"DL\" \/>\n<meta name=\"twitter:card\" content=\"summary_large_image\" \/>\n<meta name=\"twitter:label1\" content=\"Written by\" \/>\n\t<meta name=\"twitter:data1\" content=\"DL\" \/>\n\t<meta name=\"twitter:label2\" content=\"Est. reading time\" \/>\n\t<meta name=\"twitter:data2\" content=\"3 minuta\" \/>\n<script type=\"application\/ld+json\" class=\"yoast-schema-graph\">{\"@context\":\"https:\/\/schema.org\",\"@graph\":[{\"@type\":\"Article\",\"@id\":\"https:\/\/permbledhja.com\/sq\/bulliqi-njeri-nga-vrasesit-e-18-vjecarit-eshte-i-denuar-me-3-vjet-burgim-ka-9-vepra-te-ndryshme-penale\/#article\",\"isPartOf\":{\"@id\":\"https:\/\/permbledhja.com\/sq\/bulliqi-njeri-nga-vrasesit-e-18-vjecarit-eshte-i-denuar-me-3-vjet-burgim-ka-9-vepra-te-ndryshme-penale\/\"},\"author\":{\"name\":\"DL\",\"@id\":\"https:\/\/permbledhja.com\/#\/schema\/person\/9c54260cbc4c6f792cb100550491638c\"},\"headline\":\"Bulliqi: Nj\u00ebri nga vras\u00ebsit e 18-vje\u00e7arit \u00ebsht\u00eb i d\u00ebnuar me 3 vjet burgim, ka 9 vepra t\u00eb ndryshme penale\",\"datePublished\":\"2024-01-22T15:24:00+00:00\",\"dateModified\":\"2024-01-22T15:24:00+00:00\",\"mainEntityOfPage\":{\"@id\":\"https:\/\/permbledhja.com\/sq\/bulliqi-njeri-nga-vrasesit-e-18-vjecarit-eshte-i-denuar-me-3-vjet-burgim-ka-9-vepra-te-ndryshme-penale\/\"},\"wordCount\":508,\"publisher\":{\"@id\":\"https:\/\/permbledhja.com\/#organization\"},\"articleSection\":[\"T\u00eb r\u00ebnd\u00ebsishme\"],\"inLanguage\":\"sq\"},{\"@type\":\"WebPage\",\"@id\":\"https:\/\/permbledhja.com\/sq\/bulliqi-njeri-nga-vrasesit-e-18-vjecarit-eshte-i-denuar-me-3-vjet-burgim-ka-9-vepra-te-ndryshme-penale\/\",\"url\":\"https:\/\/permbledhja.com\/sq\/bulliqi-njeri-nga-vrasesit-e-18-vjecarit-eshte-i-denuar-me-3-vjet-burgim-ka-9-vepra-te-ndryshme-penale\/\",\"name\":\"Bulliqi: Nj\u00ebri nga vras\u00ebsit e 18-vje\u00e7arit \u00ebsht\u00eb i d\u00ebnuar me 3 vjet burgim, ka 9 vepra t\u00eb ndryshme penale\",\"isPartOf\":{\"@id\":\"https:\/\/permbledhja.com\/#website\"},\"datePublished\":\"2024-01-22T15:24:00+00:00\",\"dateModified\":\"2024-01-22T15:24:00+00:00\",\"breadcrumb\":{\"@id\":\"https:\/\/permbledhja.com\/sq\/bulliqi-njeri-nga-vrasesit-e-18-vjecarit-eshte-i-denuar-me-3-vjet-burgim-ka-9-vepra-te-ndryshme-penale\/#breadcrumb\"},\"inLanguage\":\"sq\",\"potentialAction\":[{\"@type\":\"ReadAction\",\"target\":[\"https:\/\/permbledhja.com\/sq\/bulliqi-njeri-nga-vrasesit-e-18-vjecarit-eshte-i-denuar-me-3-vjet-burgim-ka-9-vepra-te-ndryshme-penale\/\"]}]},{\"@type\":\"BreadcrumbList\",\"@id\":\"https:\/\/permbledhja.com\/sq\/bulliqi-njeri-nga-vrasesit-e-18-vjecarit-eshte-i-denuar-me-3-vjet-burgim-ka-9-vepra-te-ndryshme-penale\/#breadcrumb\",\"itemListElement\":[{\"@type\":\"ListItem\",\"position\":1,\"name\":\"Ballina\",\"item\":\"https:\/\/permbledhja.com\/sq\/\"},{\"@type\":\"ListItem\",\"position\":2,\"name\":\"Bulliqi: Nj\u00ebri nga vras\u00ebsit e 18-vje\u00e7arit \u00ebsht\u00eb i d\u00ebnuar me 3 vjet burgim, ka 9 vepra t\u00eb ndryshme penale\"}]},{\"@type\":\"WebSite\",\"@id\":\"https:\/\/permbledhja.com\/#website\",\"url\":\"https:\/\/permbledhja.com\/\",\"name\":\"Ve\u00e7 artikuj p\u00ebrmbledh\u00ebs\",\"description\":\"\",\"publisher\":{\"@id\":\"https:\/\/permbledhja.com\/#organization\"},\"potentialAction\":[{\"@type\":\"SearchAction\",\"target\":{\"@type\":\"EntryPoint\",\"urlTemplate\":\"https:\/\/permbledhja.com\/?s={search_term_string}\"},\"query-input\":\"required name=search_term_string\"}],\"inLanguage\":\"sq\"},{\"@type\":\"Organization\",\"@id\":\"https:\/\/permbledhja.com\/#organization\",\"name\":\"MK Media & Pr\",\"url\":\"https:\/\/permbledhja.com\/\",\"logo\":{\"@type\":\"ImageObject\",\"inLanguage\":\"sq\",\"@id\":\"https:\/\/permbledhja.com\/#\/schema\/logo\/image\/\",\"url\":\"https:\/\/permbledhja.com\/wp-content\/uploads\/2021\/12\/07-Press-Logo.jpg\",\"contentUrl\":\"https:\/\/permbledhja.com\/wp-content\/uploads\/2021\/12\/07-Press-Logo.jpg\",\"width\":512,\"height\":512,\"caption\":\"MK Media & Pr\"},\"image\":{\"@id\":\"https:\/\/permbledhja.com\/#\/schema\/logo\/image\/\"},\"sameAs\":[\"https:\/\/www.facebook.com\/press07\/\"]},{\"@type\":\"Person\",\"@id\":\"https:\/\/permbledhja.com\/#\/schema\/person\/9c54260cbc4c6f792cb100550491638c\",\"name\":\"DL\",\"image\":{\"@type\":\"ImageObject\",\"inLanguage\":\"sq\",\"@id\":\"https:\/\/permbledhja.com\/#\/schema\/person\/image\/\",\"url\":\"https:\/\/secure.gravatar.com\/avatar\/94503eb28d4c4b2005a5c8753e35fc80?s=96&d=mm&r=g\",\"contentUrl\":\"https:\/\/secure.gravatar.com\/avatar\/94503eb28d4c4b2005a5c8753e35fc80?s=96&d=mm&r=g\",\"caption\":\"DL\"},\"url\":\"https:\/\/permbledhja.com\/sq\/author\/dl\/\"}]}<\/script>\n<!-- \/ Yoast SEO plugin. -->","yoast_head_json":{"title":"Bulliqi: Nj\u00ebri nga vras\u00ebsit e 18-vje\u00e7arit \u00ebsht\u00eb i d\u00ebnuar me 3 vjet burgim, ka 9 vepra t\u00eb ndryshme penale","robots":{"index":"index","follow":"follow","max-snippet":"max-snippet:-1","max-image-preview":"max-image-preview:large","max-video-preview":"max-video-preview:-1"},"canonical":"https:\/\/permbledhja.com\/sq\/bulliqi-njeri-nga-vrasesit-e-18-vjecarit-eshte-i-denuar-me-3-vjet-burgim-ka-9-vepra-te-ndryshme-penale\/","og_locale":"sq_AL","og_type":"article","og_title":"Bulliqi: Nj\u00ebri nga vras\u00ebsit e 18-vje\u00e7arit \u00ebsht\u00eb i d\u00ebnuar me 3 vjet burgim, ka 9 vepra t\u00eb ndryshme penale","og_description":"Kryetari i Podujev\u00ebs, Shpejtim Bulliqi tha se nj\u00ebri prej dy sulmuesve t\u00eb mitur q\u00eb e rrah\u00ebn p\u00ebr vdekje 18-vje\u00e7arin Lulzim Fejzullahu, \u00ebsht\u00eb i d\u00ebnuar me 3 vjet burgim p\u00ebr nj\u00eb rast t\u00eb m\u00ebhersh\u00ebm. Bulliqi tha se ai ka pasur \u201c9 vepra t\u00eb ndryshme penale\u201d, raporton Gazeta Express. \u201cNj\u00ebri prej individ\u00ebve q\u00eb dyshohet se \u00ebsht\u00eb pjes\u00eb [&hellip;]","og_url":"https:\/\/permbledhja.com\/sq\/bulliqi-njeri-nga-vrasesit-e-18-vjecarit-eshte-i-denuar-me-3-vjet-burgim-ka-9-vepra-te-ndryshme-penale\/","og_site_name":"Ve\u00e7 artikuj p\u00ebrmbledh\u00ebs","article_publisher":"https:\/\/www.facebook.com\/press07\/","article_published_time":"2024-01-22T15:24:00+00:00","og_image":[{"width":681,"height":534,"url":"https:\/\/permbledhja.com\/wp-content\/uploads\/2024\/01\/Kryetari-i-Podujeves-Shpejtim-Bulliqi.jpg","type":"image\/jpeg"}],"author":"DL","twitter_card":"summary_large_image","twitter_misc":{"Written by":"DL","Est. reading time":"3 minuta"},"schema":{"@context":"https:\/\/schema.org","@graph":[{"@type":"Article","@id":"https:\/\/permbledhja.com\/sq\/bulliqi-njeri-nga-vrasesit-e-18-vjecarit-eshte-i-denuar-me-3-vjet-burgim-ka-9-vepra-te-ndryshme-penale\/#article","isPartOf":{"@id":"https:\/\/permbledhja.com\/sq\/bulliqi-njeri-nga-vrasesit-e-18-vjecarit-eshte-i-denuar-me-3-vjet-burgim-ka-9-vepra-te-ndryshme-penale\/"},"author":{"name":"DL","@id":"https:\/\/permbledhja.com\/#\/schema\/person\/9c54260cbc4c6f792cb100550491638c"},"headline":"Bulliqi: Nj\u00ebri nga vras\u00ebsit e 18-vje\u00e7arit \u00ebsht\u00eb i d\u00ebnuar me 3 vjet burgim, ka 9 vepra t\u00eb ndryshme penale","datePublished":"2024-01-22T15:24:00+00:00","dateModified":"2024-01-22T15:24:00+00:00","mainEntityOfPage":{"@id":"https:\/\/permbledhja.com\/sq\/bulliqi-njeri-nga-vrasesit-e-18-vjecarit-eshte-i-denuar-me-3-vjet-burgim-ka-9-vepra-te-ndryshme-penale\/"},"wordCount":508,"publisher":{"@id":"https:\/\/permbledhja.com\/#organization"},"articleSection":["T\u00eb r\u00ebnd\u00ebsishme"],"inLanguage":"sq"},{"@type":"WebPage","@id":"https:\/\/permbledhja.com\/sq\/bulliqi-njeri-nga-vrasesit-e-18-vjecarit-eshte-i-denuar-me-3-vjet-burgim-ka-9-vepra-te-ndryshme-penale\/","url":"https:\/\/permbledhja.com\/sq\/bulliqi-njeri-nga-vrasesit-e-18-vjecarit-eshte-i-denuar-me-3-vjet-burgim-ka-9-vepra-te-ndryshme-penale\/","name":"Bulliqi: Nj\u00ebri nga vras\u00ebsit e 18-vje\u00e7arit \u00ebsht\u00eb i d\u00ebnuar me 3 vjet burgim, ka 9 vepra t\u00eb ndryshme penale","isPartOf":{"@id":"https:\/\/permbledhja.com\/#website"},"datePublished":"2024-01-22T15:24:00+00:00","dateModified":"2024-01-22T15:24:00+00:00","breadcrumb":{"@id":"https:\/\/permbledhja.com\/sq\/bulliqi-njeri-nga-vrasesit-e-18-vjecarit-eshte-i-denuar-me-3-vjet-burgim-ka-9-vepra-te-ndryshme-penale\/#breadcrumb"},"inLanguage":"sq","potentialAction":[{"@type":"ReadAction","target":["https:\/\/permbledhja.com\/sq\/bulliqi-njeri-nga-vrasesit-e-18-vjecarit-eshte-i-denuar-me-3-vjet-burgim-ka-9-vepra-te-ndryshme-penale\/"]}]},{"@type":"BreadcrumbList","@id":"https:\/\/permbledhja.com\/sq\/bulliqi-njeri-nga-vrasesit-e-18-vjecarit-eshte-i-denuar-me-3-vjet-burgim-ka-9-vepra-te-ndryshme-penale\/#breadcrumb","itemListElement":[{"@type":"ListItem","position":1,"name":"Ballina","item":"https:\/\/permbledhja.com\/sq\/"},{"@type":"ListItem","position":2,"name":"Bulliqi: Nj\u00ebri nga vras\u00ebsit e 18-vje\u00e7arit \u00ebsht\u00eb i d\u00ebnuar me 3 vjet burgim, ka 9 vepra t\u00eb ndryshme penale"}]},{"@type":"WebSite","@id":"https:\/\/permbledhja.com\/#website","url":"https:\/\/permbledhja.com\/","name":"Ve\u00e7 artikuj p\u00ebrmbledh\u00ebs","description":"","publisher":{"@id":"https:\/\/permbledhja.com\/#organization"},"potentialAction":[{"@type":"SearchAction","target":{"@type":"EntryPoint","urlTemplate":"https:\/\/permbledhja.com\/?s={search_term_string}"},"query-input":"required name=search_term_string"}],"inLanguage":"sq"},{"@type":"Organization","@id":"https:\/\/permbledhja.com\/#organization","name":"MK Media & Pr","url":"https:\/\/permbledhja.com\/","logo":{"@type":"ImageObject","inLanguage":"sq","@id":"https:\/\/permbledhja.com\/#\/schema\/logo\/image\/","url":"https:\/\/permbledhja.com\/wp-content\/uploads\/2021\/12\/07-Press-Logo.jpg","contentUrl":"https:\/\/permbledhja.com\/wp-content\/uploads\/2021\/12\/07-Press-Logo.jpg","width":512,"height":512,"caption":"MK Media & Pr"},"image":{"@id":"https:\/\/permbledhja.com\/#\/schema\/logo\/image\/"},"sameAs":["https:\/\/www.facebook.com\/press07\/"]},{"@type":"Person","@id":"https:\/\/permbledhja.com\/#\/schema\/person\/9c54260cbc4c6f792cb100550491638c","name":"DL","image":{"@type":"ImageObject","inLanguage":"sq","@id":"https:\/\/permbledhja.com\/#\/schema\/person\/image\/","url":"https:\/\/secure.gravatar.com\/avatar\/94503eb28d4c4b2005a5c8753e35fc80?s=96&d=mm&r=g","contentUrl":"https:\/\/secure.gravatar.com\/avatar\/94503eb28d4c4b2005a5c8753e35fc80?s=96&d=mm&r=g","caption":"DL"},"url":"https:\/\/permbledhja.com\/sq\/author\/dl\/"}]}},"_links":{"self":[{"href":"https:\/\/permbledhja.com\/sq\/wp-json\/wp\/v2\/posts\/44170"}],"collection":[{"href":"https:\/\/permbledhja.com\/sq\/wp-json\/wp\/v2\/posts"}],"about":[{"href":"https:\/\/permbledhja.com\/sq\/wp-json\/wp\/v2\/types\/post"}],"author":[{"embeddable":true,"href":"https:\/\/permbledhja.com\/sq\/wp-json\/wp\/v2\/users\/5"}],"replies":[{"embeddable":true,"href":"https:\/\/permbledhja.com\/sq\/wp-json\/wp\/v2\/comments?post=44170"}],"version-history":[{"count":1,"href":"https:\/\/permbledhja.com\/sq\/wp-json\/wp\/v2\/posts\/44170\/revisions"}],"predecessor-version":[{"id":44171,"href":"https:\/\/permbledhja.com\/sq\/wp-json\/wp\/v2\/posts\/44170\/revisions\/44171"}],"wp:featuredmedia":[{"embeddable":true,"href":"https:\/\/permbledhja.com\/sq\/wp-json\/wp\/v2\/media\/44117"}],"wp:attachment":[{"href":"https:\/\/permbledhja.com\/sq\/wp-json\/wp\/v2\/media?parent=44170"}],"wp:term":[{"taxonomy":"category","embeddable":true,"href":"https:\/\/permbledhja.com\/sq\/wp-json\/wp\/v2\/categories?post=44170"},{"taxonomy":"post_tag","embeddable":true,"href":"https:\/\/permbledhja.com\/sq\/wp-json\/wp\/v2\/tags?post=44170"}],"curies":[{"name":"wp","href":"https:\/\/api.w.org\/{rel}","templated":true}]}}