{"id":43977,"date":"2024-01-21T15:08:15","date_gmt":"2024-01-21T15:08:15","guid":{"rendered":"https:\/\/permbledhja.com\/?p=43977"},"modified":"2024-01-21T15:08:15","modified_gmt":"2024-01-21T15:08:15","slug":"zyrtari-i-ambasades-italiane-kerkon-ndihmen-e-policise-se-kosoves-e-dashura-e-rrahu-dhe-iku-me-veturen-zyrtare","status":"publish","type":"post","link":"https:\/\/permbledhja.com\/sq\/zyrtari-i-ambasades-italiane-kerkon-ndihmen-e-policise-se-kosoves-e-dashura-e-rrahu-dhe-iku-me-veturen-zyrtare\/","title":{"rendered":"Zyrtari i ambasad\u00ebs italiane k\u00ebrkon ndihm\u00ebn e Policis\u00eb s\u00eb Kosov\u00ebs: E dashura e rrahu dhe iku me vetur\u00ebn zyrtare"},"content":{"rendered":"<h3>Nj\u00eb zyrtar i Ambasad\u00ebs s\u00eb Italis\u00eb n\u00eb Prishtin\u00eb, ka k\u00ebrkuar\u00a0 ndihm\u00ebn e Policis\u00eb s\u00eb Kosov\u00ebs.<\/h3>\n<p>Nga Prokuroria kan\u00eb b\u00ebr\u00eb me dije se zyrtari italian e ka denoncuar t\u00eb dashur\u00ebn e tij p\u00ebr dhun\u00eb fizike, rast ky q\u00eb dyshohet se ndodhi n\u00eb banes\u00ebn e tyre n\u00eb kryeqytet.<\/p>\n<p>N\u00eb baz\u00eb t\u00eb informacioneve t\u00eb para, viktima ka deklaruar para hetuesve policor\u00eb se pasi e dashura e ka rrahur, e nj\u00ebjta ka ikur me vetur\u00ebn e tij zyrtare, duke ia marr\u00eb edhe parat\u00eb e dokumentet e tjera personale.<\/p>\n<p>Si rezultat i denoncimit, Policia \u00ebsht\u00eb v\u00ebn\u00eb n\u00eb l\u00ebvizje dhe ka futur t\u00eb dyshuar\u00ebn n\u00eb list\u00ebn e personave t\u00eb k\u00ebrkuar, nd\u00ebrkoh\u00eb q\u00eb nj\u00ebsitet policore akoma s\u2019kan\u00eb r\u00ebn\u00eb n\u00eb gjurm\u00ebt e saj.<\/p>\n<p>Pas p\u00ebrfundimit t\u00eb procedurave policore, Prokurori i Shtetit ka urdh\u00ebruar inicimin e hetimit dhe nd\u00ebrmarrjen e veprimeve t\u00eb nevojshme hetimore p\u00ebr zbardhjen e rastit.<\/p>\n","protected":false},"excerpt":{"rendered":"<p>Nj\u00eb zyrtar i Ambasad\u00ebs s\u00eb Italis\u00eb n\u00eb Prishtin\u00eb, ka k\u00ebrkuar\u00a0 ndihm\u00ebn e Policis\u00eb s\u00eb Kosov\u00ebs. Nga Prokuroria kan\u00eb b\u00ebr\u00eb me dije se zyrtari italian e ka denoncuar t\u00eb dashur\u00ebn e tij p\u00ebr dhun\u00eb fizike, rast ky q\u00eb dyshohet se ndodhi n\u00eb banes\u00ebn e tyre n\u00eb kryeqytet. N\u00eb baz\u00eb t\u00eb informacioneve t\u00eb para, viktima ka deklaruar [&hellip;]<\/p>\n","protected":false},"author":5,"featured_media":41239,"comment_status":"closed","ping_status":"closed","sticky":false,"template":"","format":"standard","meta":{"_monsterinsights_skip_tracking":false,"_monsterinsights_sitenote_active":false,"_monsterinsights_sitenote_note":"","_monsterinsights_sitenote_category":0,"_uf_show_specific_survey":0,"_uf_disable_surveys":false,"footnotes":""},"categories":[15],"tags":[],"yoast_head":"<!-- This site is optimized with the Yoast SEO plugin v21.5 - https:\/\/yoast.com\/wordpress\/plugins\/seo\/ -->\n<title>Zyrtari i ambasad\u00ebs italiane k\u00ebrkon ndihm\u00ebn e Policis\u00eb s\u00eb Kosov\u00ebs: E dashura e rrahu dhe iku me vetur\u00ebn zyrtare<\/title>\n<meta name=\"robots\" content=\"index, follow, max-snippet:-1, max-image-preview:large, max-video-preview:-1\" \/>\n<link rel=\"canonical\" href=\"https:\/\/permbledhja.com\/sq\/zyrtari-i-ambasades-italiane-kerkon-ndihmen-e-policise-se-kosoves-e-dashura-e-rrahu-dhe-iku-me-veturen-zyrtare\/\" \/>\n<meta property=\"og:locale\" content=\"sq_AL\" \/>\n<meta property=\"og:type\" content=\"article\" \/>\n<meta property=\"og:title\" content=\"Zyrtari i ambasad\u00ebs italiane k\u00ebrkon ndihm\u00ebn e Policis\u00eb s\u00eb Kosov\u00ebs: E dashura e rrahu dhe iku me vetur\u00ebn zyrtare\" \/>\n<meta property=\"og:description\" content=\"Nj\u00eb zyrtar i Ambasad\u00ebs s\u00eb Italis\u00eb n\u00eb Prishtin\u00eb, ka k\u00ebrkuar\u00a0 ndihm\u00ebn e Policis\u00eb s\u00eb Kosov\u00ebs. Nga Prokuroria kan\u00eb b\u00ebr\u00eb me dije se zyrtari italian e ka denoncuar t\u00eb dashur\u00ebn e tij p\u00ebr dhun\u00eb fizike, rast ky q\u00eb dyshohet se ndodhi n\u00eb banes\u00ebn e tyre n\u00eb kryeqytet. N\u00eb baz\u00eb t\u00eb informacioneve t\u00eb para, viktima ka deklaruar [&hellip;]\" \/>\n<meta property=\"og:url\" content=\"https:\/\/permbledhja.com\/sq\/zyrtari-i-ambasades-italiane-kerkon-ndihmen-e-policise-se-kosoves-e-dashura-e-rrahu-dhe-iku-me-veturen-zyrtare\/\" \/>\n<meta property=\"og:site_name\" content=\"Ve\u00e7 artikuj p\u00ebrmbledh\u00ebs\" \/>\n<meta property=\"article:publisher\" content=\"https:\/\/www.facebook.com\/press07\/\" \/>\n<meta property=\"article:published_time\" content=\"2024-01-21T15:08:15+00:00\" \/>\n<meta property=\"og:image\" content=\"https:\/\/permbledhja.com\/wp-content\/uploads\/2024\/01\/Policia-e-Kosoves-600x360-1.jpg\" \/>\n\t<meta property=\"og:image:width\" content=\"600\" \/>\n\t<meta property=\"og:image:height\" content=\"360\" \/>\n\t<meta property=\"og:image:type\" content=\"image\/jpeg\" \/>\n<meta name=\"author\" content=\"DL\" \/>\n<meta name=\"twitter:card\" content=\"summary_large_image\" \/>\n<meta name=\"twitter:label1\" content=\"Written by\" \/>\n\t<meta name=\"twitter:data1\" content=\"DL\" \/>\n\t<meta name=\"twitter:label2\" content=\"Est. reading time\" \/>\n\t<meta name=\"twitter:data2\" content=\"1 minut\u00eb\" \/>\n<script type=\"application\/ld+json\" class=\"yoast-schema-graph\">{\"@context\":\"https:\/\/schema.org\",\"@graph\":[{\"@type\":\"Article\",\"@id\":\"https:\/\/permbledhja.com\/sq\/zyrtari-i-ambasades-italiane-kerkon-ndihmen-e-policise-se-kosoves-e-dashura-e-rrahu-dhe-iku-me-veturen-zyrtare\/#article\",\"isPartOf\":{\"@id\":\"https:\/\/permbledhja.com\/sq\/zyrtari-i-ambasades-italiane-kerkon-ndihmen-e-policise-se-kosoves-e-dashura-e-rrahu-dhe-iku-me-veturen-zyrtare\/\"},\"author\":{\"name\":\"DL\",\"@id\":\"https:\/\/permbledhja.com\/#\/schema\/person\/9c54260cbc4c6f792cb100550491638c\"},\"headline\":\"Zyrtari i ambasad\u00ebs italiane k\u00ebrkon ndihm\u00ebn e Policis\u00eb s\u00eb Kosov\u00ebs: E dashura e rrahu dhe iku me vetur\u00ebn zyrtare\",\"datePublished\":\"2024-01-21T15:08:15+00:00\",\"dateModified\":\"2024-01-21T15:08:15+00:00\",\"mainEntityOfPage\":{\"@id\":\"https:\/\/permbledhja.com\/sq\/zyrtari-i-ambasades-italiane-kerkon-ndihmen-e-policise-se-kosoves-e-dashura-e-rrahu-dhe-iku-me-veturen-zyrtare\/\"},\"wordCount\":187,\"publisher\":{\"@id\":\"https:\/\/permbledhja.com\/#organization\"},\"articleSection\":[\"Lajme\"],\"inLanguage\":\"sq\"},{\"@type\":\"WebPage\",\"@id\":\"https:\/\/permbledhja.com\/sq\/zyrtari-i-ambasades-italiane-kerkon-ndihmen-e-policise-se-kosoves-e-dashura-e-rrahu-dhe-iku-me-veturen-zyrtare\/\",\"url\":\"https:\/\/permbledhja.com\/sq\/zyrtari-i-ambasades-italiane-kerkon-ndihmen-e-policise-se-kosoves-e-dashura-e-rrahu-dhe-iku-me-veturen-zyrtare\/\",\"name\":\"Zyrtari i ambasad\u00ebs italiane k\u00ebrkon ndihm\u00ebn e Policis\u00eb s\u00eb Kosov\u00ebs: E dashura e rrahu dhe iku me vetur\u00ebn zyrtare\",\"isPartOf\":{\"@id\":\"https:\/\/permbledhja.com\/#website\"},\"datePublished\":\"2024-01-21T15:08:15+00:00\",\"dateModified\":\"2024-01-21T15:08:15+00:00\",\"breadcrumb\":{\"@id\":\"https:\/\/permbledhja.com\/sq\/zyrtari-i-ambasades-italiane-kerkon-ndihmen-e-policise-se-kosoves-e-dashura-e-rrahu-dhe-iku-me-veturen-zyrtare\/#breadcrumb\"},\"inLanguage\":\"sq\",\"potentialAction\":[{\"@type\":\"ReadAction\",\"target\":[\"https:\/\/permbledhja.com\/sq\/zyrtari-i-ambasades-italiane-kerkon-ndihmen-e-policise-se-kosoves-e-dashura-e-rrahu-dhe-iku-me-veturen-zyrtare\/\"]}]},{\"@type\":\"BreadcrumbList\",\"@id\":\"https:\/\/permbledhja.com\/sq\/zyrtari-i-ambasades-italiane-kerkon-ndihmen-e-policise-se-kosoves-e-dashura-e-rrahu-dhe-iku-me-veturen-zyrtare\/#breadcrumb\",\"itemListElement\":[{\"@type\":\"ListItem\",\"position\":1,\"name\":\"Ballina\",\"item\":\"https:\/\/permbledhja.com\/sq\/\"},{\"@type\":\"ListItem\",\"position\":2,\"name\":\"Zyrtari i ambasad\u00ebs italiane k\u00ebrkon ndihm\u00ebn e Policis\u00eb s\u00eb Kosov\u00ebs: E dashura e rrahu dhe iku me vetur\u00ebn zyrtare\"}]},{\"@type\":\"WebSite\",\"@id\":\"https:\/\/permbledhja.com\/#website\",\"url\":\"https:\/\/permbledhja.com\/\",\"name\":\"Ve\u00e7 artikuj p\u00ebrmbledh\u00ebs\",\"description\":\"\",\"publisher\":{\"@id\":\"https:\/\/permbledhja.com\/#organization\"},\"potentialAction\":[{\"@type\":\"SearchAction\",\"target\":{\"@type\":\"EntryPoint\",\"urlTemplate\":\"https:\/\/permbledhja.com\/?s={search_term_string}\"},\"query-input\":\"required name=search_term_string\"}],\"inLanguage\":\"sq\"},{\"@type\":\"Organization\",\"@id\":\"https:\/\/permbledhja.com\/#organization\",\"name\":\"MK Media & Pr\",\"url\":\"https:\/\/permbledhja.com\/\",\"logo\":{\"@type\":\"ImageObject\",\"inLanguage\":\"sq\",\"@id\":\"https:\/\/permbledhja.com\/#\/schema\/logo\/image\/\",\"url\":\"https:\/\/permbledhja.com\/wp-content\/uploads\/2021\/12\/07-Press-Logo.jpg\",\"contentUrl\":\"https:\/\/permbledhja.com\/wp-content\/uploads\/2021\/12\/07-Press-Logo.jpg\",\"width\":512,\"height\":512,\"caption\":\"MK Media & Pr\"},\"image\":{\"@id\":\"https:\/\/permbledhja.com\/#\/schema\/logo\/image\/\"},\"sameAs\":[\"https:\/\/www.facebook.com\/press07\/\"]},{\"@type\":\"Person\",\"@id\":\"https:\/\/permbledhja.com\/#\/schema\/person\/9c54260cbc4c6f792cb100550491638c\",\"name\":\"DL\",\"image\":{\"@type\":\"ImageObject\",\"inLanguage\":\"sq\",\"@id\":\"https:\/\/permbledhja.com\/#\/schema\/person\/image\/\",\"url\":\"https:\/\/secure.gravatar.com\/avatar\/94503eb28d4c4b2005a5c8753e35fc80?s=96&d=mm&r=g\",\"contentUrl\":\"https:\/\/secure.gravatar.com\/avatar\/94503eb28d4c4b2005a5c8753e35fc80?s=96&d=mm&r=g\",\"caption\":\"DL\"},\"url\":\"https:\/\/permbledhja.com\/sq\/author\/dl\/\"}]}<\/script>\n<!-- \/ Yoast SEO plugin. -->","yoast_head_json":{"title":"Zyrtari i ambasad\u00ebs italiane k\u00ebrkon ndihm\u00ebn e Policis\u00eb s\u00eb Kosov\u00ebs: E dashura e rrahu dhe iku me vetur\u00ebn zyrtare","robots":{"index":"index","follow":"follow","max-snippet":"max-snippet:-1","max-image-preview":"max-image-preview:large","max-video-preview":"max-video-preview:-1"},"canonical":"https:\/\/permbledhja.com\/sq\/zyrtari-i-ambasades-italiane-kerkon-ndihmen-e-policise-se-kosoves-e-dashura-e-rrahu-dhe-iku-me-veturen-zyrtare\/","og_locale":"sq_AL","og_type":"article","og_title":"Zyrtari i ambasad\u00ebs italiane k\u00ebrkon ndihm\u00ebn e Policis\u00eb s\u00eb Kosov\u00ebs: E dashura e rrahu dhe iku me vetur\u00ebn zyrtare","og_description":"Nj\u00eb zyrtar i Ambasad\u00ebs s\u00eb Italis\u00eb n\u00eb Prishtin\u00eb, ka k\u00ebrkuar\u00a0 ndihm\u00ebn e Policis\u00eb s\u00eb Kosov\u00ebs. Nga Prokuroria kan\u00eb b\u00ebr\u00eb me dije se zyrtari italian e ka denoncuar t\u00eb dashur\u00ebn e tij p\u00ebr dhun\u00eb fizike, rast ky q\u00eb dyshohet se ndodhi n\u00eb banes\u00ebn e tyre n\u00eb kryeqytet. N\u00eb baz\u00eb t\u00eb informacioneve t\u00eb para, viktima ka deklaruar [&hellip;]","og_url":"https:\/\/permbledhja.com\/sq\/zyrtari-i-ambasades-italiane-kerkon-ndihmen-e-policise-se-kosoves-e-dashura-e-rrahu-dhe-iku-me-veturen-zyrtare\/","og_site_name":"Ve\u00e7 artikuj p\u00ebrmbledh\u00ebs","article_publisher":"https:\/\/www.facebook.com\/press07\/","article_published_time":"2024-01-21T15:08:15+00:00","og_image":[{"width":600,"height":360,"url":"https:\/\/permbledhja.com\/wp-content\/uploads\/2024\/01\/Policia-e-Kosoves-600x360-1.jpg","type":"image\/jpeg"}],"author":"DL","twitter_card":"summary_large_image","twitter_misc":{"Written by":"DL","Est. reading time":"1 minut\u00eb"},"schema":{"@context":"https:\/\/schema.org","@graph":[{"@type":"Article","@id":"https:\/\/permbledhja.com\/sq\/zyrtari-i-ambasades-italiane-kerkon-ndihmen-e-policise-se-kosoves-e-dashura-e-rrahu-dhe-iku-me-veturen-zyrtare\/#article","isPartOf":{"@id":"https:\/\/permbledhja.com\/sq\/zyrtari-i-ambasades-italiane-kerkon-ndihmen-e-policise-se-kosoves-e-dashura-e-rrahu-dhe-iku-me-veturen-zyrtare\/"},"author":{"name":"DL","@id":"https:\/\/permbledhja.com\/#\/schema\/person\/9c54260cbc4c6f792cb100550491638c"},"headline":"Zyrtari i ambasad\u00ebs italiane k\u00ebrkon ndihm\u00ebn e Policis\u00eb s\u00eb Kosov\u00ebs: E dashura e rrahu dhe iku me vetur\u00ebn zyrtare","datePublished":"2024-01-21T15:08:15+00:00","dateModified":"2024-01-21T15:08:15+00:00","mainEntityOfPage":{"@id":"https:\/\/permbledhja.com\/sq\/zyrtari-i-ambasades-italiane-kerkon-ndihmen-e-policise-se-kosoves-e-dashura-e-rrahu-dhe-iku-me-veturen-zyrtare\/"},"wordCount":187,"publisher":{"@id":"https:\/\/permbledhja.com\/#organization"},"articleSection":["Lajme"],"inLanguage":"sq"},{"@type":"WebPage","@id":"https:\/\/permbledhja.com\/sq\/zyrtari-i-ambasades-italiane-kerkon-ndihmen-e-policise-se-kosoves-e-dashura-e-rrahu-dhe-iku-me-veturen-zyrtare\/","url":"https:\/\/permbledhja.com\/sq\/zyrtari-i-ambasades-italiane-kerkon-ndihmen-e-policise-se-kosoves-e-dashura-e-rrahu-dhe-iku-me-veturen-zyrtare\/","name":"Zyrtari i ambasad\u00ebs italiane k\u00ebrkon ndihm\u00ebn e Policis\u00eb s\u00eb Kosov\u00ebs: E dashura e rrahu dhe iku me vetur\u00ebn zyrtare","isPartOf":{"@id":"https:\/\/permbledhja.com\/#website"},"datePublished":"2024-01-21T15:08:15+00:00","dateModified":"2024-01-21T15:08:15+00:00","breadcrumb":{"@id":"https:\/\/permbledhja.com\/sq\/zyrtari-i-ambasades-italiane-kerkon-ndihmen-e-policise-se-kosoves-e-dashura-e-rrahu-dhe-iku-me-veturen-zyrtare\/#breadcrumb"},"inLanguage":"sq","potentialAction":[{"@type":"ReadAction","target":["https:\/\/permbledhja.com\/sq\/zyrtari-i-ambasades-italiane-kerkon-ndihmen-e-policise-se-kosoves-e-dashura-e-rrahu-dhe-iku-me-veturen-zyrtare\/"]}]},{"@type":"BreadcrumbList","@id":"https:\/\/permbledhja.com\/sq\/zyrtari-i-ambasades-italiane-kerkon-ndihmen-e-policise-se-kosoves-e-dashura-e-rrahu-dhe-iku-me-veturen-zyrtare\/#breadcrumb","itemListElement":[{"@type":"ListItem","position":1,"name":"Ballina","item":"https:\/\/permbledhja.com\/sq\/"},{"@type":"ListItem","position":2,"name":"Zyrtari i ambasad\u00ebs italiane k\u00ebrkon ndihm\u00ebn e Policis\u00eb s\u00eb Kosov\u00ebs: E dashura e rrahu dhe iku me vetur\u00ebn zyrtare"}]},{"@type":"WebSite","@id":"https:\/\/permbledhja.com\/#website","url":"https:\/\/permbledhja.com\/","name":"Ve\u00e7 artikuj p\u00ebrmbledh\u00ebs","description":"","publisher":{"@id":"https:\/\/permbledhja.com\/#organization"},"potentialAction":[{"@type":"SearchAction","target":{"@type":"EntryPoint","urlTemplate":"https:\/\/permbledhja.com\/?s={search_term_string}"},"query-input":"required name=search_term_string"}],"inLanguage":"sq"},{"@type":"Organization","@id":"https:\/\/permbledhja.com\/#organization","name":"MK Media & Pr","url":"https:\/\/permbledhja.com\/","logo":{"@type":"ImageObject","inLanguage":"sq","@id":"https:\/\/permbledhja.com\/#\/schema\/logo\/image\/","url":"https:\/\/permbledhja.com\/wp-content\/uploads\/2021\/12\/07-Press-Logo.jpg","contentUrl":"https:\/\/permbledhja.com\/wp-content\/uploads\/2021\/12\/07-Press-Logo.jpg","width":512,"height":512,"caption":"MK Media & Pr"},"image":{"@id":"https:\/\/permbledhja.com\/#\/schema\/logo\/image\/"},"sameAs":["https:\/\/www.facebook.com\/press07\/"]},{"@type":"Person","@id":"https:\/\/permbledhja.com\/#\/schema\/person\/9c54260cbc4c6f792cb100550491638c","name":"DL","image":{"@type":"ImageObject","inLanguage":"sq","@id":"https:\/\/permbledhja.com\/#\/schema\/person\/image\/","url":"https:\/\/secure.gravatar.com\/avatar\/94503eb28d4c4b2005a5c8753e35fc80?s=96&d=mm&r=g","contentUrl":"https:\/\/secure.gravatar.com\/avatar\/94503eb28d4c4b2005a5c8753e35fc80?s=96&d=mm&r=g","caption":"DL"},"url":"https:\/\/permbledhja.com\/sq\/author\/dl\/"}]}},"_links":{"self":[{"href":"https:\/\/permbledhja.com\/sq\/wp-json\/wp\/v2\/posts\/43977"}],"collection":[{"href":"https:\/\/permbledhja.com\/sq\/wp-json\/wp\/v2\/posts"}],"about":[{"href":"https:\/\/permbledhja.com\/sq\/wp-json\/wp\/v2\/types\/post"}],"author":[{"embeddable":true,"href":"https:\/\/permbledhja.com\/sq\/wp-json\/wp\/v2\/users\/5"}],"replies":[{"embeddable":true,"href":"https:\/\/permbledhja.com\/sq\/wp-json\/wp\/v2\/comments?post=43977"}],"version-history":[{"count":1,"href":"https:\/\/permbledhja.com\/sq\/wp-json\/wp\/v2\/posts\/43977\/revisions"}],"predecessor-version":[{"id":43981,"href":"https:\/\/permbledhja.com\/sq\/wp-json\/wp\/v2\/posts\/43977\/revisions\/43981"}],"wp:featuredmedia":[{"embeddable":true,"href":"https:\/\/permbledhja.com\/sq\/wp-json\/wp\/v2\/media\/41239"}],"wp:attachment":[{"href":"https:\/\/permbledhja.com\/sq\/wp-json\/wp\/v2\/media?parent=43977"}],"wp:term":[{"taxonomy":"category","embeddable":true,"href":"https:\/\/permbledhja.com\/sq\/wp-json\/wp\/v2\/categories?post=43977"},{"taxonomy":"post_tag","embeddable":true,"href":"https:\/\/permbledhja.com\/sq\/wp-json\/wp\/v2\/tags?post=43977"}],"curies":[{"name":"wp","href":"https:\/\/api.w.org\/{rel}","templated":true}]}}