{"id":43931,"date":"2024-01-21T10:16:41","date_gmt":"2024-01-21T10:16:41","guid":{"rendered":"https:\/\/permbledhja.com\/?p=43931"},"modified":"2024-01-21T10:16:41","modified_gmt":"2024-01-21T10:16:41","slug":"kurti-te-familja-e-rugoves-e-bashkoi-popullin-kunder-okupimit-te-serbise-rezidencen-e-tij-do-ta-restaurojme","status":"publish","type":"post","link":"https:\/\/permbledhja.com\/sq\/kurti-te-familja-e-rugoves-e-bashkoi-popullin-kunder-okupimit-te-serbise-rezidencen-e-tij-do-ta-restaurojme\/","title":{"rendered":"Kurti te familja e Rugov\u00ebs: E bashkoi popullin kund\u00ebr okupimit t\u00eb Serbis\u00eb, rezidenc\u00ebn e tij do ta restaurojm\u00eb"},"content":{"rendered":"<h3>Kryeministri, Albin Kurti e ka vizituar familjen e presidentit t\u00eb par\u00eb t\u00eb Kosov\u00ebs, Ibrahim Rugova, n\u00eb p\u00ebrvjetorin e 18 t\u00eb vdekjes s\u00eb tij.<\/h3>\n<p>Kurti ka shp\u00ebrndar\u00eb fotografi nga kjo vizit\u00eb, duke shkruar n\u00eb Facebook se Rugova \u201ce bashkoi popullin e Kosov\u00ebs kund\u00ebr okupimit t\u00eb Serbis\u00eb\u201d.<\/p>\n<p>\u201cSot, 18 vite m\u00eb par\u00eb u nda nga jeta Presidenti Historik i Kosov\u00ebs, doktor Ibrahim Rugova. Ai e bashkoi popullin e Kosov\u00ebs kund\u00ebr okupimit t\u00eb Serbis\u00eb, duke e b\u00ebr\u00eb rezistenc\u00ebn humane dhe humanitetin rezistenc\u00eb. N\u00eb nderim t\u00eb figur\u00ebs s\u00eb tij dhe kontributit t\u00eb madh p\u00ebr kombin dhe shtetin ton\u00eb, bashk\u00eb me z\u00ebvend\u00ebskryeministren G\u00ebrvalla dhe ministrin \u00c7eku vizituam familjen Rugova: bashk\u00ebshorten Fan\u00eb, vajz\u00ebn Teuta, djemt\u00eb Mendimin dhe Uk\u00ebn me bashk\u00ebshortet e tyre Blerin\u00ebn dhe Blert\u00ebn\u201d, shkroi Kurti.<\/p>\n<p>N\u00eb rezidenc\u00ebn ku Rugova e zhvillonte aktivitetin e tij, Kurti tregoi se ai dhe dy z\u00ebvend\u00ebsja e tij, Donika G\u00ebrvalla dhe ministri i Kultur\u00ebs, Hajrulla \u00c7ekun i njoftuan familjar\u00ebt se \u201cs\u00eb shpejti do t\u00eb nisin punimet p\u00ebr restaurimin\u201d.<\/p>\n<p>\u201cNa prit\u00ebn n\u00eb Rezidenc\u00ebn e Presidentit Rugova, aty ku ai kishte pritur personalitete t\u00eb m\u00ebdha bot\u00ebrore dhe ku jan\u00eb marr vendime t\u00eb r\u00ebnd\u00ebsishme e p\u00ebrcaktuese p\u00ebr fatin e shqiptar\u00ebve dhe t\u00eb Kosov\u00ebs. N\u00eb k\u00ebt\u00eb sht\u00ebpi Dr. Rugova zhvilloi aktivitetin e tij nga viti 1993 e deri n\u00eb dit\u00ebn e fundit t\u00eb jet\u00ebs. P\u00ebr shkak t\u00eb vlerave q\u00eb posedon, kjo nd\u00ebrtes\u00eb \u00ebsht\u00eb shpallur aset i mbrojtur i trash\u00ebgimis\u00eb kulturore m\u00eb 2016\u201d, shkroi Kurti.<\/p>\n<p>\u201cFamiljen Rugova e njoftuam se s\u00eb shpejti do t\u00eb nisin punimet p\u00ebr restaurimin e Rezidenc\u00ebs s\u00eb Presidentit Ibrahim Rugova. Ky projekt dhe investim i qeveris\u00eb son\u00eb \u00ebsht\u00eb d\u00ebshmi e p\u00ebrkushtimit ton\u00eb p\u00ebr t\u00eb nderuar personalitetet e larta dhe ngjarjet historike t\u00eb rrug\u00ebtimit ton\u00eb shtet-formues, nga ilegalja, l\u00ebvizjet studentore, rezistenca paq\u00ebsore, lufta \u00e7lirimtare e deri te shteti i pavarur e sovran q\u00eb e g\u00ebzojm\u00eb sot\u201d, shtoi ai.<\/p>\n<p>Paraprakisht, Kurti s\u00eb bashku me presidenten Vjosa Osmani b\u00ebn\u00eb homazhe te varri i Ibrahim Rugov\u00ebs.<\/p>\n","protected":false},"excerpt":{"rendered":"<p>Kryeministri, Albin Kurti e ka vizituar familjen e presidentit t\u00eb par\u00eb t\u00eb Kosov\u00ebs, Ibrahim Rugova, n\u00eb p\u00ebrvjetorin e 18 t\u00eb vdekjes s\u00eb tij. Kurti ka shp\u00ebrndar\u00eb fotografi nga kjo vizit\u00eb, duke shkruar n\u00eb Facebook se Rugova \u201ce bashkoi popullin e Kosov\u00ebs kund\u00ebr okupimit t\u00eb Serbis\u00eb\u201d. \u201cSot, 18 vite m\u00eb par\u00eb u nda nga jeta Presidenti [&hellip;]<\/p>\n","protected":false},"author":2,"featured_media":43932,"comment_status":"closed","ping_status":"closed","sticky":false,"template":"","format":"standard","meta":{"_monsterinsights_skip_tracking":false,"_monsterinsights_sitenote_active":false,"_monsterinsights_sitenote_note":"","_monsterinsights_sitenote_category":0,"_uf_show_specific_survey":0,"_uf_disable_surveys":false,"footnotes":""},"categories":[1146],"tags":[86],"yoast_head":"<!-- This site is optimized with the Yoast SEO plugin v21.5 - https:\/\/yoast.com\/wordpress\/plugins\/seo\/ -->\n<title>Kurti te familja e Rugov\u00ebs: E bashkoi popullin kund\u00ebr okupimit t\u00eb Serbis\u00eb, rezidenc\u00ebn e tij do ta restaurojm\u00eb<\/title>\n<meta name=\"robots\" content=\"index, follow, max-snippet:-1, max-image-preview:large, max-video-preview:-1\" \/>\n<link rel=\"canonical\" href=\"https:\/\/permbledhja.com\/sq\/kurti-te-familja-e-rugoves-e-bashkoi-popullin-kunder-okupimit-te-serbise-rezidencen-e-tij-do-ta-restaurojme\/\" \/>\n<meta property=\"og:locale\" content=\"sq_AL\" \/>\n<meta property=\"og:type\" content=\"article\" \/>\n<meta property=\"og:title\" content=\"Kurti te familja e Rugov\u00ebs: E bashkoi popullin kund\u00ebr okupimit t\u00eb Serbis\u00eb, rezidenc\u00ebn e tij do ta restaurojm\u00eb\" \/>\n<meta property=\"og:description\" content=\"Kryeministri, Albin Kurti e ka vizituar familjen e presidentit t\u00eb par\u00eb t\u00eb Kosov\u00ebs, Ibrahim Rugova, n\u00eb p\u00ebrvjetorin e 18 t\u00eb vdekjes s\u00eb tij. Kurti ka shp\u00ebrndar\u00eb fotografi nga kjo vizit\u00eb, duke shkruar n\u00eb Facebook se Rugova \u201ce bashkoi popullin e Kosov\u00ebs kund\u00ebr okupimit t\u00eb Serbis\u00eb\u201d. \u201cSot, 18 vite m\u00eb par\u00eb u nda nga jeta Presidenti [&hellip;]\" \/>\n<meta property=\"og:url\" content=\"https:\/\/permbledhja.com\/sq\/kurti-te-familja-e-rugoves-e-bashkoi-popullin-kunder-okupimit-te-serbise-rezidencen-e-tij-do-ta-restaurojme\/\" \/>\n<meta property=\"og:site_name\" content=\"Ve\u00e7 artikuj p\u00ebrmbledh\u00ebs\" \/>\n<meta property=\"article:publisher\" content=\"https:\/\/www.facebook.com\/press07\/\" \/>\n<meta property=\"article:published_time\" content=\"2024-01-21T10:16:41+00:00\" \/>\n<meta property=\"og:image\" content=\"https:\/\/permbledhja.com\/wp-content\/uploads\/2024\/01\/420110816_926849985475396_8641879399074521538_n.jpg\" \/>\n\t<meta property=\"og:image:width\" content=\"2048\" \/>\n\t<meta property=\"og:image:height\" content=\"1365\" \/>\n\t<meta property=\"og:image:type\" content=\"image\/jpeg\" \/>\n<meta name=\"author\" content=\"M M\" \/>\n<meta name=\"twitter:card\" content=\"summary_large_image\" \/>\n<meta name=\"twitter:label1\" content=\"Written by\" \/>\n\t<meta name=\"twitter:data1\" content=\"M M\" \/>\n\t<meta name=\"twitter:label2\" content=\"Est. reading time\" \/>\n\t<meta name=\"twitter:data2\" content=\"2 minuta\" \/>\n<script type=\"application\/ld+json\" class=\"yoast-schema-graph\">{\"@context\":\"https:\/\/schema.org\",\"@graph\":[{\"@type\":\"Article\",\"@id\":\"https:\/\/permbledhja.com\/sq\/kurti-te-familja-e-rugoves-e-bashkoi-popullin-kunder-okupimit-te-serbise-rezidencen-e-tij-do-ta-restaurojme\/#article\",\"isPartOf\":{\"@id\":\"https:\/\/permbledhja.com\/sq\/kurti-te-familja-e-rugoves-e-bashkoi-popullin-kunder-okupimit-te-serbise-rezidencen-e-tij-do-ta-restaurojme\/\"},\"author\":{\"name\":\"M M\",\"@id\":\"https:\/\/permbledhja.com\/#\/schema\/person\/d23f13f59b5722643933d6780783acf3\"},\"headline\":\"Kurti te familja e Rugov\u00ebs: E bashkoi popullin kund\u00ebr okupimit t\u00eb Serbis\u00eb, rezidenc\u00ebn e tij do ta restaurojm\u00eb\",\"datePublished\":\"2024-01-21T10:16:41+00:00\",\"dateModified\":\"2024-01-21T10:16:41+00:00\",\"mainEntityOfPage\":{\"@id\":\"https:\/\/permbledhja.com\/sq\/kurti-te-familja-e-rugoves-e-bashkoi-popullin-kunder-okupimit-te-serbise-rezidencen-e-tij-do-ta-restaurojme\/\"},\"wordCount\":385,\"publisher\":{\"@id\":\"https:\/\/permbledhja.com\/#organization\"},\"keywords\":[\"Albin Kurti\"],\"articleSection\":[\"Kryesoret\"],\"inLanguage\":\"sq\"},{\"@type\":\"WebPage\",\"@id\":\"https:\/\/permbledhja.com\/sq\/kurti-te-familja-e-rugoves-e-bashkoi-popullin-kunder-okupimit-te-serbise-rezidencen-e-tij-do-ta-restaurojme\/\",\"url\":\"https:\/\/permbledhja.com\/sq\/kurti-te-familja-e-rugoves-e-bashkoi-popullin-kunder-okupimit-te-serbise-rezidencen-e-tij-do-ta-restaurojme\/\",\"name\":\"Kurti te familja e Rugov\u00ebs: E bashkoi popullin kund\u00ebr okupimit t\u00eb Serbis\u00eb, rezidenc\u00ebn e tij do ta restaurojm\u00eb\",\"isPartOf\":{\"@id\":\"https:\/\/permbledhja.com\/#website\"},\"datePublished\":\"2024-01-21T10:16:41+00:00\",\"dateModified\":\"2024-01-21T10:16:41+00:00\",\"breadcrumb\":{\"@id\":\"https:\/\/permbledhja.com\/sq\/kurti-te-familja-e-rugoves-e-bashkoi-popullin-kunder-okupimit-te-serbise-rezidencen-e-tij-do-ta-restaurojme\/#breadcrumb\"},\"inLanguage\":\"sq\",\"potentialAction\":[{\"@type\":\"ReadAction\",\"target\":[\"https:\/\/permbledhja.com\/sq\/kurti-te-familja-e-rugoves-e-bashkoi-popullin-kunder-okupimit-te-serbise-rezidencen-e-tij-do-ta-restaurojme\/\"]}]},{\"@type\":\"BreadcrumbList\",\"@id\":\"https:\/\/permbledhja.com\/sq\/kurti-te-familja-e-rugoves-e-bashkoi-popullin-kunder-okupimit-te-serbise-rezidencen-e-tij-do-ta-restaurojme\/#breadcrumb\",\"itemListElement\":[{\"@type\":\"ListItem\",\"position\":1,\"name\":\"Ballina\",\"item\":\"https:\/\/permbledhja.com\/sq\/\"},{\"@type\":\"ListItem\",\"position\":2,\"name\":\"Kurti te familja e Rugov\u00ebs: E bashkoi popullin kund\u00ebr okupimit t\u00eb Serbis\u00eb, rezidenc\u00ebn e tij do ta restaurojm\u00eb\"}]},{\"@type\":\"WebSite\",\"@id\":\"https:\/\/permbledhja.com\/#website\",\"url\":\"https:\/\/permbledhja.com\/\",\"name\":\"Ve\u00e7 artikuj p\u00ebrmbledh\u00ebs\",\"description\":\"\",\"publisher\":{\"@id\":\"https:\/\/permbledhja.com\/#organization\"},\"potentialAction\":[{\"@type\":\"SearchAction\",\"target\":{\"@type\":\"EntryPoint\",\"urlTemplate\":\"https:\/\/permbledhja.com\/?s={search_term_string}\"},\"query-input\":\"required name=search_term_string\"}],\"inLanguage\":\"sq\"},{\"@type\":\"Organization\",\"@id\":\"https:\/\/permbledhja.com\/#organization\",\"name\":\"MK Media & Pr\",\"url\":\"https:\/\/permbledhja.com\/\",\"logo\":{\"@type\":\"ImageObject\",\"inLanguage\":\"sq\",\"@id\":\"https:\/\/permbledhja.com\/#\/schema\/logo\/image\/\",\"url\":\"https:\/\/permbledhja.com\/wp-content\/uploads\/2021\/12\/07-Press-Logo.jpg\",\"contentUrl\":\"https:\/\/permbledhja.com\/wp-content\/uploads\/2021\/12\/07-Press-Logo.jpg\",\"width\":512,\"height\":512,\"caption\":\"MK Media & Pr\"},\"image\":{\"@id\":\"https:\/\/permbledhja.com\/#\/schema\/logo\/image\/\"},\"sameAs\":[\"https:\/\/www.facebook.com\/press07\/\"]},{\"@type\":\"Person\",\"@id\":\"https:\/\/permbledhja.com\/#\/schema\/person\/d23f13f59b5722643933d6780783acf3\",\"name\":\"M M\",\"image\":{\"@type\":\"ImageObject\",\"inLanguage\":\"sq\",\"@id\":\"https:\/\/permbledhja.com\/#\/schema\/person\/image\/\",\"url\":\"https:\/\/secure.gravatar.com\/avatar\/e2835a76ca7c31a2416b2d51c4ec9a8f?s=96&d=mm&r=g\",\"contentUrl\":\"https:\/\/secure.gravatar.com\/avatar\/e2835a76ca7c31a2416b2d51c4ec9a8f?s=96&d=mm&r=g\",\"caption\":\"M M\"},\"sameAs\":[\"http:\/\/MM\"],\"url\":\"https:\/\/permbledhja.com\/sq\/author\/muhamet\/\"}]}<\/script>\n<!-- \/ Yoast SEO plugin. -->","yoast_head_json":{"title":"Kurti te familja e Rugov\u00ebs: E bashkoi popullin kund\u00ebr okupimit t\u00eb Serbis\u00eb, rezidenc\u00ebn e tij do ta restaurojm\u00eb","robots":{"index":"index","follow":"follow","max-snippet":"max-snippet:-1","max-image-preview":"max-image-preview:large","max-video-preview":"max-video-preview:-1"},"canonical":"https:\/\/permbledhja.com\/sq\/kurti-te-familja-e-rugoves-e-bashkoi-popullin-kunder-okupimit-te-serbise-rezidencen-e-tij-do-ta-restaurojme\/","og_locale":"sq_AL","og_type":"article","og_title":"Kurti te familja e Rugov\u00ebs: E bashkoi popullin kund\u00ebr okupimit t\u00eb Serbis\u00eb, rezidenc\u00ebn e tij do ta restaurojm\u00eb","og_description":"Kryeministri, Albin Kurti e ka vizituar familjen e presidentit t\u00eb par\u00eb t\u00eb Kosov\u00ebs, Ibrahim Rugova, n\u00eb p\u00ebrvjetorin e 18 t\u00eb vdekjes s\u00eb tij. Kurti ka shp\u00ebrndar\u00eb fotografi nga kjo vizit\u00eb, duke shkruar n\u00eb Facebook se Rugova \u201ce bashkoi popullin e Kosov\u00ebs kund\u00ebr okupimit t\u00eb Serbis\u00eb\u201d. \u201cSot, 18 vite m\u00eb par\u00eb u nda nga jeta Presidenti [&hellip;]","og_url":"https:\/\/permbledhja.com\/sq\/kurti-te-familja-e-rugoves-e-bashkoi-popullin-kunder-okupimit-te-serbise-rezidencen-e-tij-do-ta-restaurojme\/","og_site_name":"Ve\u00e7 artikuj p\u00ebrmbledh\u00ebs","article_publisher":"https:\/\/www.facebook.com\/press07\/","article_published_time":"2024-01-21T10:16:41+00:00","og_image":[{"width":2048,"height":1365,"url":"https:\/\/permbledhja.com\/wp-content\/uploads\/2024\/01\/420110816_926849985475396_8641879399074521538_n.jpg","type":"image\/jpeg"}],"author":"M M","twitter_card":"summary_large_image","twitter_misc":{"Written by":"M M","Est. reading time":"2 minuta"},"schema":{"@context":"https:\/\/schema.org","@graph":[{"@type":"Article","@id":"https:\/\/permbledhja.com\/sq\/kurti-te-familja-e-rugoves-e-bashkoi-popullin-kunder-okupimit-te-serbise-rezidencen-e-tij-do-ta-restaurojme\/#article","isPartOf":{"@id":"https:\/\/permbledhja.com\/sq\/kurti-te-familja-e-rugoves-e-bashkoi-popullin-kunder-okupimit-te-serbise-rezidencen-e-tij-do-ta-restaurojme\/"},"author":{"name":"M M","@id":"https:\/\/permbledhja.com\/#\/schema\/person\/d23f13f59b5722643933d6780783acf3"},"headline":"Kurti te familja e Rugov\u00ebs: E bashkoi popullin kund\u00ebr okupimit t\u00eb Serbis\u00eb, rezidenc\u00ebn e tij do ta restaurojm\u00eb","datePublished":"2024-01-21T10:16:41+00:00","dateModified":"2024-01-21T10:16:41+00:00","mainEntityOfPage":{"@id":"https:\/\/permbledhja.com\/sq\/kurti-te-familja-e-rugoves-e-bashkoi-popullin-kunder-okupimit-te-serbise-rezidencen-e-tij-do-ta-restaurojme\/"},"wordCount":385,"publisher":{"@id":"https:\/\/permbledhja.com\/#organization"},"keywords":["Albin Kurti"],"articleSection":["Kryesoret"],"inLanguage":"sq"},{"@type":"WebPage","@id":"https:\/\/permbledhja.com\/sq\/kurti-te-familja-e-rugoves-e-bashkoi-popullin-kunder-okupimit-te-serbise-rezidencen-e-tij-do-ta-restaurojme\/","url":"https:\/\/permbledhja.com\/sq\/kurti-te-familja-e-rugoves-e-bashkoi-popullin-kunder-okupimit-te-serbise-rezidencen-e-tij-do-ta-restaurojme\/","name":"Kurti te familja e Rugov\u00ebs: E bashkoi popullin kund\u00ebr okupimit t\u00eb Serbis\u00eb, rezidenc\u00ebn e tij do ta restaurojm\u00eb","isPartOf":{"@id":"https:\/\/permbledhja.com\/#website"},"datePublished":"2024-01-21T10:16:41+00:00","dateModified":"2024-01-21T10:16:41+00:00","breadcrumb":{"@id":"https:\/\/permbledhja.com\/sq\/kurti-te-familja-e-rugoves-e-bashkoi-popullin-kunder-okupimit-te-serbise-rezidencen-e-tij-do-ta-restaurojme\/#breadcrumb"},"inLanguage":"sq","potentialAction":[{"@type":"ReadAction","target":["https:\/\/permbledhja.com\/sq\/kurti-te-familja-e-rugoves-e-bashkoi-popullin-kunder-okupimit-te-serbise-rezidencen-e-tij-do-ta-restaurojme\/"]}]},{"@type":"BreadcrumbList","@id":"https:\/\/permbledhja.com\/sq\/kurti-te-familja-e-rugoves-e-bashkoi-popullin-kunder-okupimit-te-serbise-rezidencen-e-tij-do-ta-restaurojme\/#breadcrumb","itemListElement":[{"@type":"ListItem","position":1,"name":"Ballina","item":"https:\/\/permbledhja.com\/sq\/"},{"@type":"ListItem","position":2,"name":"Kurti te familja e Rugov\u00ebs: E bashkoi popullin kund\u00ebr okupimit t\u00eb Serbis\u00eb, rezidenc\u00ebn e tij do ta restaurojm\u00eb"}]},{"@type":"WebSite","@id":"https:\/\/permbledhja.com\/#website","url":"https:\/\/permbledhja.com\/","name":"Ve\u00e7 artikuj p\u00ebrmbledh\u00ebs","description":"","publisher":{"@id":"https:\/\/permbledhja.com\/#organization"},"potentialAction":[{"@type":"SearchAction","target":{"@type":"EntryPoint","urlTemplate":"https:\/\/permbledhja.com\/?s={search_term_string}"},"query-input":"required name=search_term_string"}],"inLanguage":"sq"},{"@type":"Organization","@id":"https:\/\/permbledhja.com\/#organization","name":"MK Media & Pr","url":"https:\/\/permbledhja.com\/","logo":{"@type":"ImageObject","inLanguage":"sq","@id":"https:\/\/permbledhja.com\/#\/schema\/logo\/image\/","url":"https:\/\/permbledhja.com\/wp-content\/uploads\/2021\/12\/07-Press-Logo.jpg","contentUrl":"https:\/\/permbledhja.com\/wp-content\/uploads\/2021\/12\/07-Press-Logo.jpg","width":512,"height":512,"caption":"MK Media & Pr"},"image":{"@id":"https:\/\/permbledhja.com\/#\/schema\/logo\/image\/"},"sameAs":["https:\/\/www.facebook.com\/press07\/"]},{"@type":"Person","@id":"https:\/\/permbledhja.com\/#\/schema\/person\/d23f13f59b5722643933d6780783acf3","name":"M M","image":{"@type":"ImageObject","inLanguage":"sq","@id":"https:\/\/permbledhja.com\/#\/schema\/person\/image\/","url":"https:\/\/secure.gravatar.com\/avatar\/e2835a76ca7c31a2416b2d51c4ec9a8f?s=96&d=mm&r=g","contentUrl":"https:\/\/secure.gravatar.com\/avatar\/e2835a76ca7c31a2416b2d51c4ec9a8f?s=96&d=mm&r=g","caption":"M M"},"sameAs":["http:\/\/MM"],"url":"https:\/\/permbledhja.com\/sq\/author\/muhamet\/"}]}},"_links":{"self":[{"href":"https:\/\/permbledhja.com\/sq\/wp-json\/wp\/v2\/posts\/43931"}],"collection":[{"href":"https:\/\/permbledhja.com\/sq\/wp-json\/wp\/v2\/posts"}],"about":[{"href":"https:\/\/permbledhja.com\/sq\/wp-json\/wp\/v2\/types\/post"}],"author":[{"embeddable":true,"href":"https:\/\/permbledhja.com\/sq\/wp-json\/wp\/v2\/users\/2"}],"replies":[{"embeddable":true,"href":"https:\/\/permbledhja.com\/sq\/wp-json\/wp\/v2\/comments?post=43931"}],"version-history":[{"count":1,"href":"https:\/\/permbledhja.com\/sq\/wp-json\/wp\/v2\/posts\/43931\/revisions"}],"predecessor-version":[{"id":43933,"href":"https:\/\/permbledhja.com\/sq\/wp-json\/wp\/v2\/posts\/43931\/revisions\/43933"}],"wp:featuredmedia":[{"embeddable":true,"href":"https:\/\/permbledhja.com\/sq\/wp-json\/wp\/v2\/media\/43932"}],"wp:attachment":[{"href":"https:\/\/permbledhja.com\/sq\/wp-json\/wp\/v2\/media?parent=43931"}],"wp:term":[{"taxonomy":"category","embeddable":true,"href":"https:\/\/permbledhja.com\/sq\/wp-json\/wp\/v2\/categories?post=43931"},{"taxonomy":"post_tag","embeddable":true,"href":"https:\/\/permbledhja.com\/sq\/wp-json\/wp\/v2\/tags?post=43931"}],"curies":[{"name":"wp","href":"https:\/\/api.w.org\/{rel}","templated":true}]}}