{"id":43896,"date":"2024-01-21T07:19:03","date_gmt":"2024-01-21T07:19:03","guid":{"rendered":"https:\/\/permbledhja.com\/?p=43896"},"modified":"2024-01-21T07:19:03","modified_gmt":"2024-01-21T07:19:03","slug":"szunyog-per-sanksionet-ndaj-kosoves-be-po-pret-qe-kosova-te-beje-me-shume-per-deeskalimin","status":"publish","type":"post","link":"https:\/\/permbledhja.com\/sq\/szunyog-per-sanksionet-ndaj-kosoves-be-po-pret-qe-kosova-te-beje-me-shume-per-deeskalimin\/","title":{"rendered":"Szunyog p\u00ebr sanksionet ndaj Kosov\u00ebs: BE po pret q\u00eb Kosova t\u00eb b\u00ebj\u00eb m\u00eb shum\u00eb p\u00ebr deeskalimin"},"content":{"rendered":"<h3>Shefi i BE-s\u00eb n\u00eb Kosov\u00eb, Tomas Szunyog, ka th\u00ebn\u00eb se Unioni \u00ebsht\u00eb i gatsh\u00ebm q\u00eb t\u2019i heq\u00eb masat nd\u00ebshkuese ndaj Kosov\u00ebs, por si kusht Kosova duhet t\u00eb b\u00ebj\u00eb m\u00eb shum\u00eb p\u00ebr shtensionim t\u00eb situat\u00ebs.<\/h3>\n<p>Ai tha se \u00ebsht\u00eb shum\u00eb e qart\u00eb si p\u00ebr Kosov\u00ebn dhe Serbin\u00eb ajo \u00e7ka pritet t\u00eb b\u00ebjn\u00eb k\u00ebto dy shtete n\u00eb rrug\u00ebn p\u00ebr normalizimin e marr\u00ebdh\u00ebnieve.<\/p>\n<p>\u201cBashkimi Europian diskutoi \u00e7\u00ebshtjen e masave, ndaj \u00ebsht\u00eb pjes\u00eb e diskutimit p\u00ebr zgjerimin n\u00eb dhjetor t\u00eb vitit t\u00eb kaluar, konkluzionet p\u00ebr zgjerim u miratuan nga K\u00ebshilli i P\u00ebrgjithsh\u00ebm m\u00eb 3 dhjetor vitin e kaluar. Ato konkluzione jan\u00eb t\u00eb disponueshme q\u00eb t\u2019i lexoni dhe ju mund t\u00eb shihni se BE \u00ebsht\u00eb e gatshme t\u00eb heq\u00eb masat, por gjithashtu pret q\u00eb Kosova t\u00eb b\u00ebj\u00eb m\u00eb shum\u00eb p\u00ebr dep\u00ebrshkall\u00ebzim dhe nuk ka ndonj\u00eb afat. Mendoj q\u00eb politika jon\u00eb \u00ebsht\u00eb b\u00ebr\u00eb e mjaft e qart\u00eb q\u00eb m\u00eb dat\u00ebn 3 qershor kur kemi formuluar qart\u00eb at\u00eb se \u00e7ka presim nga t\u00eb dyja pal\u00ebt\u201d, tha ai n\u00eb nj\u00eb deklarat\u00eb p\u00ebr televizionin publik.<\/p>\n<p>Bashkimi Europian n\u00eb fund t\u00eb qershorit t\u00eb vitit t\u00eb kaluar ia kishte kumtuar Qeveris\u00eb s\u00eb Kosov\u00ebs lajmin p\u00ebr vendosjen e masave nd\u00ebshkuese me arsyetimin se Kosova s\u2019ka nd\u00ebrmarr\u00eb hapat e nevojsh\u00ebm p\u00ebr t\u2019i ulur tensionet n\u00eb veri t\u00eb vendit, t\u00eb cilat nis\u00ebn m\u00eb 26 maj, kur kryetar\u00ebt e rinj shqiptar\u00eb t\u00eb Zve\u00e7anit, Zubin Potokut dhe Leposaviqit, hyn\u00eb n\u00eb nd\u00ebrtesat komunale n\u00ebn p\u00ebrcjelljen e Policis\u00eb s\u00eb Kosov\u00ebs.<\/p>\n<p>M\u00eb pas Kosova dhe BE m\u00eb pas dakorduan n\u00eb Bratisllav\u00eb nj\u00eb marr\u00ebveshje me kat\u00ebr pika q\u00eb Kosova duhet t\u2019i zbatoj\u00eb p\u00ebr t\u2019iu hequr masat. Nd\u00ebr to \u00ebsht\u00eb edhe shtensionimi i situat\u00ebs dhe mbajtja e zgjedhjeve n\u00eb kat\u00ebr komunat veriore. P\u00ebr k\u00ebto t\u00eb fundit tashm\u00eb ka nisur procedura me n\u00ebnshkrimin e peticioneve p\u00ebr t\u00eb shkarkuar kryetar\u00ebt aktual\u00eb.<\/p>\n<p>Krer\u00ebt e Kosov\u00ebs n\u00eb vazhdim\u00ebsi i kan\u00eb cil\u00ebsuar si t\u00eb padrejta masat dhe thon\u00eb se tashm\u00eb situata \u00ebsht\u00eb e shtensionuar.<\/p>\n","protected":false},"excerpt":{"rendered":"<p>Shefi i BE-s\u00eb n\u00eb Kosov\u00eb, Tomas Szunyog, ka th\u00ebn\u00eb se Unioni \u00ebsht\u00eb i gatsh\u00ebm q\u00eb t\u2019i heq\u00eb masat nd\u00ebshkuese ndaj Kosov\u00ebs, por si kusht Kosova duhet t\u00eb b\u00ebj\u00eb m\u00eb shum\u00eb p\u00ebr shtensionim t\u00eb situat\u00ebs. Ai tha se \u00ebsht\u00eb shum\u00eb e qart\u00eb si p\u00ebr Kosov\u00ebn dhe Serbin\u00eb ajo \u00e7ka pritet t\u00eb b\u00ebjn\u00eb k\u00ebto dy shtete n\u00eb [&hellip;]<\/p>\n","protected":false},"author":2,"featured_media":33778,"comment_status":"closed","ping_status":"closed","sticky":false,"template":"","format":"standard","meta":{"_monsterinsights_skip_tracking":false,"_monsterinsights_sitenote_active":false,"_monsterinsights_sitenote_note":"","_monsterinsights_sitenote_category":0,"_uf_show_specific_survey":0,"_uf_disable_surveys":false,"footnotes":""},"categories":[1146],"tags":[1142],"yoast_head":"<!-- This site is optimized with the Yoast SEO plugin v21.5 - https:\/\/yoast.com\/wordpress\/plugins\/seo\/ -->\n<title>Szunyog p\u00ebr sanksionet ndaj Kosov\u00ebs: BE po pret q\u00eb Kosova t\u00eb b\u00ebj\u00eb m\u00eb shum\u00eb p\u00ebr deeskalimin<\/title>\n<meta name=\"robots\" content=\"index, follow, max-snippet:-1, max-image-preview:large, max-video-preview:-1\" \/>\n<link rel=\"canonical\" href=\"https:\/\/permbledhja.com\/sq\/szunyog-per-sanksionet-ndaj-kosoves-be-po-pret-qe-kosova-te-beje-me-shume-per-deeskalimin\/\" \/>\n<meta property=\"og:locale\" content=\"sq_AL\" \/>\n<meta property=\"og:type\" content=\"article\" \/>\n<meta property=\"og:title\" content=\"Szunyog p\u00ebr sanksionet ndaj Kosov\u00ebs: BE po pret q\u00eb Kosova t\u00eb b\u00ebj\u00eb m\u00eb shum\u00eb p\u00ebr deeskalimin\" \/>\n<meta property=\"og:description\" content=\"Shefi i BE-s\u00eb n\u00eb Kosov\u00eb, Tomas Szunyog, ka th\u00ebn\u00eb se Unioni \u00ebsht\u00eb i gatsh\u00ebm q\u00eb t\u2019i heq\u00eb masat nd\u00ebshkuese ndaj Kosov\u00ebs, por si kusht Kosova duhet t\u00eb b\u00ebj\u00eb m\u00eb shum\u00eb p\u00ebr shtensionim t\u00eb situat\u00ebs. Ai tha se \u00ebsht\u00eb shum\u00eb e qart\u00eb si p\u00ebr Kosov\u00ebn dhe Serbin\u00eb ajo \u00e7ka pritet t\u00eb b\u00ebjn\u00eb k\u00ebto dy shtete n\u00eb [&hellip;]\" \/>\n<meta property=\"og:url\" content=\"https:\/\/permbledhja.com\/sq\/szunyog-per-sanksionet-ndaj-kosoves-be-po-pret-qe-kosova-te-beje-me-shume-per-deeskalimin\/\" \/>\n<meta property=\"og:site_name\" content=\"Ve\u00e7 artikuj p\u00ebrmbledh\u00ebs\" \/>\n<meta property=\"article:publisher\" content=\"https:\/\/www.facebook.com\/press07\/\" \/>\n<meta property=\"article:published_time\" content=\"2024-01-21T07:19:03+00:00\" \/>\n<meta property=\"og:image\" content=\"https:\/\/permbledhja.com\/wp-content\/uploads\/2023\/10\/szunyog.jpg\" \/>\n\t<meta property=\"og:image:width\" content=\"640\" \/>\n\t<meta property=\"og:image:height\" content=\"428\" \/>\n\t<meta property=\"og:image:type\" content=\"image\/jpeg\" \/>\n<meta name=\"author\" content=\"M M\" \/>\n<meta name=\"twitter:card\" content=\"summary_large_image\" \/>\n<meta name=\"twitter:label1\" content=\"Written by\" \/>\n\t<meta name=\"twitter:data1\" content=\"M M\" \/>\n\t<meta name=\"twitter:label2\" content=\"Est. reading time\" \/>\n\t<meta name=\"twitter:data2\" content=\"2 minuta\" \/>\n<script type=\"application\/ld+json\" class=\"yoast-schema-graph\">{\"@context\":\"https:\/\/schema.org\",\"@graph\":[{\"@type\":\"Article\",\"@id\":\"https:\/\/permbledhja.com\/szunyog-per-sanksionet-ndaj-kosoves-be-po-pret-qe-kosova-te-beje-me-shume-per-deeskalimin\/#article\",\"isPartOf\":{\"@id\":\"https:\/\/permbledhja.com\/szunyog-per-sanksionet-ndaj-kosoves-be-po-pret-qe-kosova-te-beje-me-shume-per-deeskalimin\/\"},\"author\":{\"name\":\"M M\",\"@id\":\"https:\/\/permbledhja.com\/#\/schema\/person\/d23f13f59b5722643933d6780783acf3\"},\"headline\":\"Szunyog p\u00ebr sanksionet ndaj Kosov\u00ebs: BE po pret q\u00eb Kosova t\u00eb b\u00ebj\u00eb m\u00eb shum\u00eb p\u00ebr deeskalimin\",\"datePublished\":\"2024-01-21T07:19:03+00:00\",\"dateModified\":\"2024-01-21T07:19:03+00:00\",\"mainEntityOfPage\":{\"@id\":\"https:\/\/permbledhja.com\/szunyog-per-sanksionet-ndaj-kosoves-be-po-pret-qe-kosova-te-beje-me-shume-per-deeskalimin\/\"},\"wordCount\":387,\"publisher\":{\"@id\":\"https:\/\/permbledhja.com\/#organization\"},\"keywords\":[\"Szungyog\"],\"articleSection\":[\"Kryesoret\"],\"inLanguage\":\"sq\"},{\"@type\":\"WebPage\",\"@id\":\"https:\/\/permbledhja.com\/szunyog-per-sanksionet-ndaj-kosoves-be-po-pret-qe-kosova-te-beje-me-shume-per-deeskalimin\/\",\"url\":\"https:\/\/permbledhja.com\/szunyog-per-sanksionet-ndaj-kosoves-be-po-pret-qe-kosova-te-beje-me-shume-per-deeskalimin\/\",\"name\":\"Szunyog p\u00ebr sanksionet ndaj Kosov\u00ebs: BE po pret q\u00eb Kosova t\u00eb b\u00ebj\u00eb m\u00eb shum\u00eb p\u00ebr deeskalimin\",\"isPartOf\":{\"@id\":\"https:\/\/permbledhja.com\/#website\"},\"datePublished\":\"2024-01-21T07:19:03+00:00\",\"dateModified\":\"2024-01-21T07:19:03+00:00\",\"breadcrumb\":{\"@id\":\"https:\/\/permbledhja.com\/szunyog-per-sanksionet-ndaj-kosoves-be-po-pret-qe-kosova-te-beje-me-shume-per-deeskalimin\/#breadcrumb\"},\"inLanguage\":\"sq\",\"potentialAction\":[{\"@type\":\"ReadAction\",\"target\":[\"https:\/\/permbledhja.com\/szunyog-per-sanksionet-ndaj-kosoves-be-po-pret-qe-kosova-te-beje-me-shume-per-deeskalimin\/\"]}]},{\"@type\":\"BreadcrumbList\",\"@id\":\"https:\/\/permbledhja.com\/szunyog-per-sanksionet-ndaj-kosoves-be-po-pret-qe-kosova-te-beje-me-shume-per-deeskalimin\/#breadcrumb\",\"itemListElement\":[{\"@type\":\"ListItem\",\"position\":1,\"name\":\"Ballina\",\"item\":\"https:\/\/permbledhja.com\/sq\/\"},{\"@type\":\"ListItem\",\"position\":2,\"name\":\"Szunyog p\u00ebr sanksionet ndaj Kosov\u00ebs: BE po pret q\u00eb Kosova t\u00eb b\u00ebj\u00eb m\u00eb shum\u00eb p\u00ebr deeskalimin\"}]},{\"@type\":\"WebSite\",\"@id\":\"https:\/\/permbledhja.com\/#website\",\"url\":\"https:\/\/permbledhja.com\/\",\"name\":\"Ve\u00e7 artikuj p\u00ebrmbledh\u00ebs\",\"description\":\"\",\"publisher\":{\"@id\":\"https:\/\/permbledhja.com\/#organization\"},\"potentialAction\":[{\"@type\":\"SearchAction\",\"target\":{\"@type\":\"EntryPoint\",\"urlTemplate\":\"https:\/\/permbledhja.com\/?s={search_term_string}\"},\"query-input\":\"required name=search_term_string\"}],\"inLanguage\":\"sq\"},{\"@type\":\"Organization\",\"@id\":\"https:\/\/permbledhja.com\/#organization\",\"name\":\"MK Media & Pr\",\"url\":\"https:\/\/permbledhja.com\/\",\"logo\":{\"@type\":\"ImageObject\",\"inLanguage\":\"sq\",\"@id\":\"https:\/\/permbledhja.com\/#\/schema\/logo\/image\/\",\"url\":\"https:\/\/permbledhja.com\/wp-content\/uploads\/2021\/12\/07-Press-Logo.jpg\",\"contentUrl\":\"https:\/\/permbledhja.com\/wp-content\/uploads\/2021\/12\/07-Press-Logo.jpg\",\"width\":512,\"height\":512,\"caption\":\"MK Media & Pr\"},\"image\":{\"@id\":\"https:\/\/permbledhja.com\/#\/schema\/logo\/image\/\"},\"sameAs\":[\"https:\/\/www.facebook.com\/press07\/\"]},{\"@type\":\"Person\",\"@id\":\"https:\/\/permbledhja.com\/#\/schema\/person\/d23f13f59b5722643933d6780783acf3\",\"name\":\"M M\",\"image\":{\"@type\":\"ImageObject\",\"inLanguage\":\"sq\",\"@id\":\"https:\/\/permbledhja.com\/#\/schema\/person\/image\/\",\"url\":\"https:\/\/secure.gravatar.com\/avatar\/e2835a76ca7c31a2416b2d51c4ec9a8f?s=96&d=mm&r=g\",\"contentUrl\":\"https:\/\/secure.gravatar.com\/avatar\/e2835a76ca7c31a2416b2d51c4ec9a8f?s=96&d=mm&r=g\",\"caption\":\"M M\"},\"sameAs\":[\"http:\/\/MM\"],\"url\":\"https:\/\/permbledhja.com\/sq\/author\/muhamet\/\"}]}<\/script>\n<!-- \/ Yoast SEO plugin. -->","yoast_head_json":{"title":"Szunyog p\u00ebr sanksionet ndaj Kosov\u00ebs: BE po pret q\u00eb Kosova t\u00eb b\u00ebj\u00eb m\u00eb shum\u00eb p\u00ebr deeskalimin","robots":{"index":"index","follow":"follow","max-snippet":"max-snippet:-1","max-image-preview":"max-image-preview:large","max-video-preview":"max-video-preview:-1"},"canonical":"https:\/\/permbledhja.com\/sq\/szunyog-per-sanksionet-ndaj-kosoves-be-po-pret-qe-kosova-te-beje-me-shume-per-deeskalimin\/","og_locale":"sq_AL","og_type":"article","og_title":"Szunyog p\u00ebr sanksionet ndaj Kosov\u00ebs: BE po pret q\u00eb Kosova t\u00eb b\u00ebj\u00eb m\u00eb shum\u00eb p\u00ebr deeskalimin","og_description":"Shefi i BE-s\u00eb n\u00eb Kosov\u00eb, Tomas Szunyog, ka th\u00ebn\u00eb se Unioni \u00ebsht\u00eb i gatsh\u00ebm q\u00eb t\u2019i heq\u00eb masat nd\u00ebshkuese ndaj Kosov\u00ebs, por si kusht Kosova duhet t\u00eb b\u00ebj\u00eb m\u00eb shum\u00eb p\u00ebr shtensionim t\u00eb situat\u00ebs. Ai tha se \u00ebsht\u00eb shum\u00eb e qart\u00eb si p\u00ebr Kosov\u00ebn dhe Serbin\u00eb ajo \u00e7ka pritet t\u00eb b\u00ebjn\u00eb k\u00ebto dy shtete n\u00eb [&hellip;]","og_url":"https:\/\/permbledhja.com\/sq\/szunyog-per-sanksionet-ndaj-kosoves-be-po-pret-qe-kosova-te-beje-me-shume-per-deeskalimin\/","og_site_name":"Ve\u00e7 artikuj p\u00ebrmbledh\u00ebs","article_publisher":"https:\/\/www.facebook.com\/press07\/","article_published_time":"2024-01-21T07:19:03+00:00","og_image":[{"width":640,"height":428,"url":"https:\/\/permbledhja.com\/wp-content\/uploads\/2023\/10\/szunyog.jpg","type":"image\/jpeg"}],"author":"M M","twitter_card":"summary_large_image","twitter_misc":{"Written by":"M M","Est. reading time":"2 minuta"},"schema":{"@context":"https:\/\/schema.org","@graph":[{"@type":"Article","@id":"https:\/\/permbledhja.com\/szunyog-per-sanksionet-ndaj-kosoves-be-po-pret-qe-kosova-te-beje-me-shume-per-deeskalimin\/#article","isPartOf":{"@id":"https:\/\/permbledhja.com\/szunyog-per-sanksionet-ndaj-kosoves-be-po-pret-qe-kosova-te-beje-me-shume-per-deeskalimin\/"},"author":{"name":"M M","@id":"https:\/\/permbledhja.com\/#\/schema\/person\/d23f13f59b5722643933d6780783acf3"},"headline":"Szunyog p\u00ebr sanksionet ndaj Kosov\u00ebs: BE po pret q\u00eb Kosova t\u00eb b\u00ebj\u00eb m\u00eb shum\u00eb p\u00ebr deeskalimin","datePublished":"2024-01-21T07:19:03+00:00","dateModified":"2024-01-21T07:19:03+00:00","mainEntityOfPage":{"@id":"https:\/\/permbledhja.com\/szunyog-per-sanksionet-ndaj-kosoves-be-po-pret-qe-kosova-te-beje-me-shume-per-deeskalimin\/"},"wordCount":387,"publisher":{"@id":"https:\/\/permbledhja.com\/#organization"},"keywords":["Szungyog"],"articleSection":["Kryesoret"],"inLanguage":"sq"},{"@type":"WebPage","@id":"https:\/\/permbledhja.com\/szunyog-per-sanksionet-ndaj-kosoves-be-po-pret-qe-kosova-te-beje-me-shume-per-deeskalimin\/","url":"https:\/\/permbledhja.com\/szunyog-per-sanksionet-ndaj-kosoves-be-po-pret-qe-kosova-te-beje-me-shume-per-deeskalimin\/","name":"Szunyog p\u00ebr sanksionet ndaj Kosov\u00ebs: BE po pret q\u00eb Kosova t\u00eb b\u00ebj\u00eb m\u00eb shum\u00eb p\u00ebr deeskalimin","isPartOf":{"@id":"https:\/\/permbledhja.com\/#website"},"datePublished":"2024-01-21T07:19:03+00:00","dateModified":"2024-01-21T07:19:03+00:00","breadcrumb":{"@id":"https:\/\/permbledhja.com\/szunyog-per-sanksionet-ndaj-kosoves-be-po-pret-qe-kosova-te-beje-me-shume-per-deeskalimin\/#breadcrumb"},"inLanguage":"sq","potentialAction":[{"@type":"ReadAction","target":["https:\/\/permbledhja.com\/szunyog-per-sanksionet-ndaj-kosoves-be-po-pret-qe-kosova-te-beje-me-shume-per-deeskalimin\/"]}]},{"@type":"BreadcrumbList","@id":"https:\/\/permbledhja.com\/szunyog-per-sanksionet-ndaj-kosoves-be-po-pret-qe-kosova-te-beje-me-shume-per-deeskalimin\/#breadcrumb","itemListElement":[{"@type":"ListItem","position":1,"name":"Ballina","item":"https:\/\/permbledhja.com\/sq\/"},{"@type":"ListItem","position":2,"name":"Szunyog p\u00ebr sanksionet ndaj Kosov\u00ebs: BE po pret q\u00eb Kosova t\u00eb b\u00ebj\u00eb m\u00eb shum\u00eb p\u00ebr deeskalimin"}]},{"@type":"WebSite","@id":"https:\/\/permbledhja.com\/#website","url":"https:\/\/permbledhja.com\/","name":"Ve\u00e7 artikuj p\u00ebrmbledh\u00ebs","description":"","publisher":{"@id":"https:\/\/permbledhja.com\/#organization"},"potentialAction":[{"@type":"SearchAction","target":{"@type":"EntryPoint","urlTemplate":"https:\/\/permbledhja.com\/?s={search_term_string}"},"query-input":"required name=search_term_string"}],"inLanguage":"sq"},{"@type":"Organization","@id":"https:\/\/permbledhja.com\/#organization","name":"MK Media & Pr","url":"https:\/\/permbledhja.com\/","logo":{"@type":"ImageObject","inLanguage":"sq","@id":"https:\/\/permbledhja.com\/#\/schema\/logo\/image\/","url":"https:\/\/permbledhja.com\/wp-content\/uploads\/2021\/12\/07-Press-Logo.jpg","contentUrl":"https:\/\/permbledhja.com\/wp-content\/uploads\/2021\/12\/07-Press-Logo.jpg","width":512,"height":512,"caption":"MK Media & Pr"},"image":{"@id":"https:\/\/permbledhja.com\/#\/schema\/logo\/image\/"},"sameAs":["https:\/\/www.facebook.com\/press07\/"]},{"@type":"Person","@id":"https:\/\/permbledhja.com\/#\/schema\/person\/d23f13f59b5722643933d6780783acf3","name":"M M","image":{"@type":"ImageObject","inLanguage":"sq","@id":"https:\/\/permbledhja.com\/#\/schema\/person\/image\/","url":"https:\/\/secure.gravatar.com\/avatar\/e2835a76ca7c31a2416b2d51c4ec9a8f?s=96&d=mm&r=g","contentUrl":"https:\/\/secure.gravatar.com\/avatar\/e2835a76ca7c31a2416b2d51c4ec9a8f?s=96&d=mm&r=g","caption":"M M"},"sameAs":["http:\/\/MM"],"url":"https:\/\/permbledhja.com\/sq\/author\/muhamet\/"}]}},"_links":{"self":[{"href":"https:\/\/permbledhja.com\/sq\/wp-json\/wp\/v2\/posts\/43896"}],"collection":[{"href":"https:\/\/permbledhja.com\/sq\/wp-json\/wp\/v2\/posts"}],"about":[{"href":"https:\/\/permbledhja.com\/sq\/wp-json\/wp\/v2\/types\/post"}],"author":[{"embeddable":true,"href":"https:\/\/permbledhja.com\/sq\/wp-json\/wp\/v2\/users\/2"}],"replies":[{"embeddable":true,"href":"https:\/\/permbledhja.com\/sq\/wp-json\/wp\/v2\/comments?post=43896"}],"version-history":[{"count":1,"href":"https:\/\/permbledhja.com\/sq\/wp-json\/wp\/v2\/posts\/43896\/revisions"}],"predecessor-version":[{"id":43897,"href":"https:\/\/permbledhja.com\/sq\/wp-json\/wp\/v2\/posts\/43896\/revisions\/43897"}],"wp:featuredmedia":[{"embeddable":true,"href":"https:\/\/permbledhja.com\/sq\/wp-json\/wp\/v2\/media\/33778"}],"wp:attachment":[{"href":"https:\/\/permbledhja.com\/sq\/wp-json\/wp\/v2\/media?parent=43896"}],"wp:term":[{"taxonomy":"category","embeddable":true,"href":"https:\/\/permbledhja.com\/sq\/wp-json\/wp\/v2\/categories?post=43896"},{"taxonomy":"post_tag","embeddable":true,"href":"https:\/\/permbledhja.com\/sq\/wp-json\/wp\/v2\/tags?post=43896"}],"curies":[{"name":"wp","href":"https:\/\/api.w.org\/{rel}","templated":true}]}}