{"id":43892,"date":"2024-01-20T20:35:00","date_gmt":"2024-01-20T20:35:00","guid":{"rendered":"https:\/\/permbledhja.com\/?p=43892"},"modified":"2024-01-20T20:35:00","modified_gmt":"2024-01-20T20:35:00","slug":"procesi-i-shkarkimit-te-kryetareve-ne-veri-mund-te-marre-kohe-disa-muaj","status":"publish","type":"post","link":"https:\/\/permbledhja.com\/sq\/procesi-i-shkarkimit-te-kryetareve-ne-veri-mund-te-marre-kohe-disa-muaj\/","title":{"rendered":"Procesi i shkarkimit t\u00eb kryetar\u00ebve n\u00eb veri mund t\u00eb marr\u00eb koh\u00eb disa muaj"},"content":{"rendered":"<h3>T\u00eb h\u00ebn\u00ebn \u00ebsht\u00eb dita e fundit kur komuniteti serb mund t\u2019i d\u00ebrgoj\u00eb n\u00ebp\u00ebr kuvendet komunale peticionet p\u00ebr shkarkimin e kryetar\u00ebve nga partit\u00eb shqiptare t\u00eb kat\u00ebr komunave veriore. <strong><br \/>\n<\/strong><\/h3>\n<p>Por pas k\u00ebsaj, grupet nism\u00ebtare i pret nj\u00eb rrug\u00eb e gjat\u00eb deri te akti p\u00ebrfundimtar i shkarkimit, duke u bazuar n\u00eb udh\u00ebzim administrativ t\u00eb hartuar nga Ministria e Administrimit t\u00eb Pushtetit Lokal.<\/p>\n<p>Q\u00eb nga dita e m\u00ebrkur\u00eb, komuniteti serb po mbledh n\u00ebnshkrime p\u00ebr peticionin me t\u00eb cilin synojn\u00eb t\u2019i shkarkojn\u00eb kryetar\u00ebt e kat\u00ebr komunave n\u00eb veri t\u00eb Kosov\u00ebs q\u00eb jan\u00eb nga partit\u00eb shqiptare.<\/p>\n<p>Krejt kjo po b\u00ebhet bazuar n\u00eb udh\u00ebzimin administrativ q\u00eb u hartua enkas p\u00ebr k\u00ebt\u00eb \u00e7\u00ebshtje nga Ministria e Administrimit t\u00eb Pushtetit Lokal, n\u00eb shtator t\u00eb 2023-\u00ebs.<\/p>\n<p>N\u00ebnshkruesit e peticionit duhet t\u00eb jen\u00eb 20% t\u00eb qytetar\u00ebve n\u00eb list\u00ebn e votuesve t\u00eb Komisionit Qendror t\u00eb Zgjedhjeve.<\/p>\n<div id=\"quads-ad3876916\" class=\"quads-location quads-ad3876916 \">\n<div data-ad-unit-id=\"\/22646657118\/In-article_box_1\"><\/div>\n<\/div>\n<p>\u201cN\u00ebse konstatohet q\u00eb nuk \u00ebsht\u00eb plot\u00ebsu numri prej 20% ose n\u00ebse ka gabime n\u00eb fletat q\u00eb duhet t\u00eb regjistrohen n\u00ebnshkruesit, at\u00ebher\u00eb KQZ ka t\u00eb drejt\u00eb t\u00eb ju jap 10 dit\u00eb afat p\u00ebr p\u00ebrmir\u00ebsimin e listave ose edhe me shtu numrin e n\u00ebnshkruesve n\u00ebse nuk \u00ebsht\u00eb plot\u00ebsu\u201d, ka th\u00ebn\u00eb Besim Myrtezani nga MAPL-ja.<\/p>\n<p>Pas k\u00ebtij procesi, KQZ-ja duhet t\u00eb organizoj\u00eb votimin p\u00ebr largimin e kryetar\u00ebve aktual\u00eb, i cili konsiderohet i suksessh\u00ebm vet\u00ebm n\u00ebse grumbullohen 50 p\u00ebr qind, plus nj\u00eb vot\u00eb e votuesve potencial n\u00eb k\u00ebto komuna.<\/p>\n<p>Mir\u00ebpo n\u00ebse kjo nuk arrihet, avokati Fitim Klinaku po thot\u00eb se procesi mund t\u00eb zgjas\u00eb m\u00eb shum\u00eb.<\/p>\n<div id=\"quads-ad3876919\" class=\"quads-location quads-ad3876919 \">\n<div data-ad-unit-id=\"\/22646657118\/In-article_box_2\"><\/div>\n<\/div>\n<p>\u201c\u00cbsht\u00eb e rrezikshme q\u00eb n\u00ebse pas zhvillimit t\u00eb zgjedhjeve p\u00ebr largimin e kryetarit nuk votohet 50 +1 at\u00ebher\u00eb nisma tjet\u00ebr nuk mund t\u00eb zhvillohet m\u00eb heret se 12 muaj pra si procedur\u00eb \u00ebsht\u00eb mjaft\u00eb e gjat\u00eb\u201d, ka th\u00ebn\u00eb Klinaku.<\/p>\n<p>Nd\u00ebrsa, ish-sekretari i Ministris\u00eb s\u00eb Drejt\u00ebsis\u00eb, Ardian Bajraktari ka bindjen se ky proces do t\u00eb p\u00ebrfundoj\u00eb me koh\u00eb, pasi sipas tij, Kosova dhe Serbia jan\u00eb zotuar p\u00ebr k\u00ebt\u00eb gj\u00eb.<\/p>\n<p>\u201cN\u00eb variantin m\u00eb t\u00eb mir\u00eb un\u00eb vler\u00ebsoj se n\u00eb gjasht\u00eb mujorin e par\u00eb t\u00eb k\u00ebtij viti do t\u00eb kemi realisht implementim t\u00eb zotimeve q\u00eb pal\u00ebt i kan\u00eb marr\u00eb si zotim n\u00eb raport me procesin e dialogut n\u00eb Bruksel\u201d, ka th\u00ebn\u00eb Bajraktari.<\/p>\n<p>Qytetar\u00ebt e Mitrovic\u00ebs s\u00eb Veriut dhe Leposaviqit mbledhjen e n\u00ebnshkrimeve p\u00ebr shkarkimin e kryetar\u00ebve e kan\u00eb filluar dit\u00ebn e m\u00ebrkur\u00eb, nd\u00ebrsa ata t\u00eb Zve\u00e7anit dhe t\u00eb Zubin Potokut t\u00eb premten.<\/p>\n<p>T\u00eb h\u00ebn\u00ebn, me dat\u00eb 22 janar \u00ebsht\u00eb afati i fundit kur t\u00eb nj\u00ebjtit ato n\u00ebnshkrime duhet t\u2019i d\u00ebrgojn\u00eb n\u00eb Kuvende Komunale p\u00ebrkat\u00ebse. \/<a href=\"https:\/\/www.dukagjini.com\/procesi-i-shkarkimit-te-kryetareve-ne-veri-mund-te-marre-disa-muaj-kohe\/\">Dukagjini<\/a>\/<\/p>\n","protected":false},"excerpt":{"rendered":"<p>T\u00eb h\u00ebn\u00ebn \u00ebsht\u00eb dita e fundit kur komuniteti serb mund t\u2019i d\u00ebrgoj\u00eb n\u00ebp\u00ebr kuvendet komunale peticionet p\u00ebr shkarkimin e kryetar\u00ebve nga partit\u00eb shqiptare t\u00eb kat\u00ebr komunave veriore. Por pas k\u00ebsaj, grupet nism\u00ebtare i pret nj\u00eb rrug\u00eb e gjat\u00eb deri te akti p\u00ebrfundimtar i shkarkimit, duke u bazuar n\u00eb udh\u00ebzim administrativ t\u00eb hartuar nga Ministria e [&hellip;]<\/p>\n","protected":false},"author":1,"featured_media":1757,"comment_status":"closed","ping_status":"closed","sticky":false,"template":"","format":"standard","meta":{"_monsterinsights_skip_tracking":false,"_monsterinsights_sitenote_active":false,"_monsterinsights_sitenote_note":"","_monsterinsights_sitenote_category":0,"_uf_show_specific_survey":0,"_uf_disable_surveys":false,"footnotes":""},"categories":[2645],"tags":[905],"yoast_head":"<!-- This site is optimized with the Yoast SEO plugin v21.5 - https:\/\/yoast.com\/wordpress\/plugins\/seo\/ -->\n<title>Procesi i shkarkimit t\u00eb kryetar\u00ebve n\u00eb veri mund t\u00eb marr\u00eb koh\u00eb disa muaj<\/title>\n<meta name=\"robots\" content=\"index, follow, max-snippet:-1, max-image-preview:large, max-video-preview:-1\" \/>\n<link rel=\"canonical\" href=\"https:\/\/permbledhja.com\/sq\/procesi-i-shkarkimit-te-kryetareve-ne-veri-mund-te-marre-kohe-disa-muaj\/\" \/>\n<meta property=\"og:locale\" content=\"sq_AL\" \/>\n<meta property=\"og:type\" content=\"article\" \/>\n<meta property=\"og:title\" content=\"Procesi i shkarkimit t\u00eb kryetar\u00ebve n\u00eb veri mund t\u00eb marr\u00eb koh\u00eb disa muaj\" \/>\n<meta property=\"og:description\" content=\"T\u00eb h\u00ebn\u00ebn \u00ebsht\u00eb dita e fundit kur komuniteti serb mund t\u2019i d\u00ebrgoj\u00eb n\u00ebp\u00ebr kuvendet komunale peticionet p\u00ebr shkarkimin e kryetar\u00ebve nga partit\u00eb shqiptare t\u00eb kat\u00ebr komunave veriore. Por pas k\u00ebsaj, grupet nism\u00ebtare i pret nj\u00eb rrug\u00eb e gjat\u00eb deri te akti p\u00ebrfundimtar i shkarkimit, duke u bazuar n\u00eb udh\u00ebzim administrativ t\u00eb hartuar nga Ministria e [&hellip;]\" \/>\n<meta property=\"og:url\" content=\"https:\/\/permbledhja.com\/sq\/procesi-i-shkarkimit-te-kryetareve-ne-veri-mund-te-marre-kohe-disa-muaj\/\" \/>\n<meta property=\"og:site_name\" content=\"Ve\u00e7 artikuj p\u00ebrmbledh\u00ebs\" \/>\n<meta property=\"article:publisher\" content=\"https:\/\/www.facebook.com\/press07\/\" \/>\n<meta property=\"article:author\" content=\"https:\/\/www.facebook.com\/kafexhiu.muharrem\/\" \/>\n<meta property=\"article:published_time\" content=\"2024-01-20T20:35:00+00:00\" \/>\n<meta property=\"og:image\" content=\"https:\/\/permbledhja.com\/wp-content\/uploads\/2022\/07\/zgjedhjet-ne-kosove.v1.jpg\" \/>\n\t<meta property=\"og:image:width\" content=\"1200\" \/>\n\t<meta property=\"og:image:height\" content=\"769\" \/>\n\t<meta property=\"og:image:type\" content=\"image\/jpeg\" \/>\n<meta name=\"author\" content=\"P\u00ebrmbledhja\" \/>\n<meta name=\"twitter:card\" content=\"summary_large_image\" \/>\n<meta name=\"twitter:label1\" content=\"Written by\" \/>\n\t<meta name=\"twitter:data1\" content=\"P\u00ebrmbledhja\" \/>\n\t<meta name=\"twitter:label2\" content=\"Est. reading time\" \/>\n\t<meta name=\"twitter:data2\" content=\"3 minuta\" \/>\n<script type=\"application\/ld+json\" class=\"yoast-schema-graph\">{\"@context\":\"https:\/\/schema.org\",\"@graph\":[{\"@type\":\"Article\",\"@id\":\"https:\/\/permbledhja.com\/procesi-i-shkarkimit-te-kryetareve-ne-veri-mund-te-marre-kohe-disa-muaj\/#article\",\"isPartOf\":{\"@id\":\"https:\/\/permbledhja.com\/procesi-i-shkarkimit-te-kryetareve-ne-veri-mund-te-marre-kohe-disa-muaj\/\"},\"author\":{\"name\":\"P\u00ebrmbledhja\",\"@id\":\"https:\/\/permbledhja.com\/#\/schema\/person\/0d064377258d3221e50693947b9eb4fe\"},\"headline\":\"Procesi i shkarkimit t\u00eb kryetar\u00ebve n\u00eb veri mund t\u00eb marr\u00eb koh\u00eb disa muaj\",\"datePublished\":\"2024-01-20T20:35:00+00:00\",\"dateModified\":\"2024-01-20T20:35:00+00:00\",\"mainEntityOfPage\":{\"@id\":\"https:\/\/permbledhja.com\/procesi-i-shkarkimit-te-kryetareve-ne-veri-mund-te-marre-kohe-disa-muaj\/\"},\"wordCount\":485,\"publisher\":{\"@id\":\"https:\/\/permbledhja.com\/#organization\"},\"keywords\":[\"Zgjedhje\"],\"articleSection\":[\"T\u00eb r\u00ebnd\u00ebsishme\"],\"inLanguage\":\"sq\"},{\"@type\":\"WebPage\",\"@id\":\"https:\/\/permbledhja.com\/procesi-i-shkarkimit-te-kryetareve-ne-veri-mund-te-marre-kohe-disa-muaj\/\",\"url\":\"https:\/\/permbledhja.com\/procesi-i-shkarkimit-te-kryetareve-ne-veri-mund-te-marre-kohe-disa-muaj\/\",\"name\":\"Procesi i shkarkimit t\u00eb kryetar\u00ebve n\u00eb veri mund t\u00eb marr\u00eb koh\u00eb disa muaj\",\"isPartOf\":{\"@id\":\"https:\/\/permbledhja.com\/#website\"},\"datePublished\":\"2024-01-20T20:35:00+00:00\",\"dateModified\":\"2024-01-20T20:35:00+00:00\",\"breadcrumb\":{\"@id\":\"https:\/\/permbledhja.com\/procesi-i-shkarkimit-te-kryetareve-ne-veri-mund-te-marre-kohe-disa-muaj\/#breadcrumb\"},\"inLanguage\":\"sq\",\"potentialAction\":[{\"@type\":\"ReadAction\",\"target\":[\"https:\/\/permbledhja.com\/procesi-i-shkarkimit-te-kryetareve-ne-veri-mund-te-marre-kohe-disa-muaj\/\"]}]},{\"@type\":\"BreadcrumbList\",\"@id\":\"https:\/\/permbledhja.com\/procesi-i-shkarkimit-te-kryetareve-ne-veri-mund-te-marre-kohe-disa-muaj\/#breadcrumb\",\"itemListElement\":[{\"@type\":\"ListItem\",\"position\":1,\"name\":\"Ballina\",\"item\":\"https:\/\/permbledhja.com\/sq\/\"},{\"@type\":\"ListItem\",\"position\":2,\"name\":\"Procesi i shkarkimit t\u00eb kryetar\u00ebve n\u00eb veri mund t\u00eb marr\u00eb koh\u00eb disa muaj\"}]},{\"@type\":\"WebSite\",\"@id\":\"https:\/\/permbledhja.com\/#website\",\"url\":\"https:\/\/permbledhja.com\/\",\"name\":\"Ve\u00e7 artikuj p\u00ebrmbledh\u00ebs\",\"description\":\"\",\"publisher\":{\"@id\":\"https:\/\/permbledhja.com\/#organization\"},\"potentialAction\":[{\"@type\":\"SearchAction\",\"target\":{\"@type\":\"EntryPoint\",\"urlTemplate\":\"https:\/\/permbledhja.com\/?s={search_term_string}\"},\"query-input\":\"required name=search_term_string\"}],\"inLanguage\":\"sq\"},{\"@type\":\"Organization\",\"@id\":\"https:\/\/permbledhja.com\/#organization\",\"name\":\"MK Media & Pr\",\"url\":\"https:\/\/permbledhja.com\/\",\"logo\":{\"@type\":\"ImageObject\",\"inLanguage\":\"sq\",\"@id\":\"https:\/\/permbledhja.com\/#\/schema\/logo\/image\/\",\"url\":\"https:\/\/permbledhja.com\/wp-content\/uploads\/2021\/12\/07-Press-Logo.jpg\",\"contentUrl\":\"https:\/\/permbledhja.com\/wp-content\/uploads\/2021\/12\/07-Press-Logo.jpg\",\"width\":512,\"height\":512,\"caption\":\"MK Media & Pr\"},\"image\":{\"@id\":\"https:\/\/permbledhja.com\/#\/schema\/logo\/image\/\"},\"sameAs\":[\"https:\/\/www.facebook.com\/press07\/\"]},{\"@type\":\"Person\",\"@id\":\"https:\/\/permbledhja.com\/#\/schema\/person\/0d064377258d3221e50693947b9eb4fe\",\"name\":\"P\u00ebrmbledhja\",\"image\":{\"@type\":\"ImageObject\",\"inLanguage\":\"sq\",\"@id\":\"https:\/\/permbledhja.com\/#\/schema\/person\/image\/\",\"url\":\"https:\/\/permbledhja.com\/wp-content\/uploads\/2026\/01\/452004717_1040944174702970_8932037511805513407_n-96x96.jpg\",\"contentUrl\":\"https:\/\/permbledhja.com\/wp-content\/uploads\/2026\/01\/452004717_1040944174702970_8932037511805513407_n-96x96.jpg\",\"caption\":\"P\u00ebrmbledhja\"},\"sameAs\":[\"https:\/\/www.facebook.com\/kafexhiu.muharrem\/\",\"https:\/\/www.instagram.com\/muharrem_kafexhiu\/\"],\"url\":\"https:\/\/permbledhja.com\/sq\/author\/admin\/\"}]}<\/script>\n<!-- \/ Yoast SEO plugin. -->","yoast_head_json":{"title":"Procesi i shkarkimit t\u00eb kryetar\u00ebve n\u00eb veri mund t\u00eb marr\u00eb koh\u00eb disa muaj","robots":{"index":"index","follow":"follow","max-snippet":"max-snippet:-1","max-image-preview":"max-image-preview:large","max-video-preview":"max-video-preview:-1"},"canonical":"https:\/\/permbledhja.com\/sq\/procesi-i-shkarkimit-te-kryetareve-ne-veri-mund-te-marre-kohe-disa-muaj\/","og_locale":"sq_AL","og_type":"article","og_title":"Procesi i shkarkimit t\u00eb kryetar\u00ebve n\u00eb veri mund t\u00eb marr\u00eb koh\u00eb disa muaj","og_description":"T\u00eb h\u00ebn\u00ebn \u00ebsht\u00eb dita e fundit kur komuniteti serb mund t\u2019i d\u00ebrgoj\u00eb n\u00ebp\u00ebr kuvendet komunale peticionet p\u00ebr shkarkimin e kryetar\u00ebve nga partit\u00eb shqiptare t\u00eb kat\u00ebr komunave veriore. Por pas k\u00ebsaj, grupet nism\u00ebtare i pret nj\u00eb rrug\u00eb e gjat\u00eb deri te akti p\u00ebrfundimtar i shkarkimit, duke u bazuar n\u00eb udh\u00ebzim administrativ t\u00eb hartuar nga Ministria e [&hellip;]","og_url":"https:\/\/permbledhja.com\/sq\/procesi-i-shkarkimit-te-kryetareve-ne-veri-mund-te-marre-kohe-disa-muaj\/","og_site_name":"Ve\u00e7 artikuj p\u00ebrmbledh\u00ebs","article_publisher":"https:\/\/www.facebook.com\/press07\/","article_author":"https:\/\/www.facebook.com\/kafexhiu.muharrem\/","article_published_time":"2024-01-20T20:35:00+00:00","og_image":[{"width":1200,"height":769,"url":"https:\/\/permbledhja.com\/wp-content\/uploads\/2022\/07\/zgjedhjet-ne-kosove.v1.jpg","type":"image\/jpeg"}],"author":"P\u00ebrmbledhja","twitter_card":"summary_large_image","twitter_misc":{"Written by":"P\u00ebrmbledhja","Est. reading time":"3 minuta"},"schema":{"@context":"https:\/\/schema.org","@graph":[{"@type":"Article","@id":"https:\/\/permbledhja.com\/procesi-i-shkarkimit-te-kryetareve-ne-veri-mund-te-marre-kohe-disa-muaj\/#article","isPartOf":{"@id":"https:\/\/permbledhja.com\/procesi-i-shkarkimit-te-kryetareve-ne-veri-mund-te-marre-kohe-disa-muaj\/"},"author":{"name":"P\u00ebrmbledhja","@id":"https:\/\/permbledhja.com\/#\/schema\/person\/0d064377258d3221e50693947b9eb4fe"},"headline":"Procesi i shkarkimit t\u00eb kryetar\u00ebve n\u00eb veri mund t\u00eb marr\u00eb koh\u00eb disa muaj","datePublished":"2024-01-20T20:35:00+00:00","dateModified":"2024-01-20T20:35:00+00:00","mainEntityOfPage":{"@id":"https:\/\/permbledhja.com\/procesi-i-shkarkimit-te-kryetareve-ne-veri-mund-te-marre-kohe-disa-muaj\/"},"wordCount":485,"publisher":{"@id":"https:\/\/permbledhja.com\/#organization"},"keywords":["Zgjedhje"],"articleSection":["T\u00eb r\u00ebnd\u00ebsishme"],"inLanguage":"sq"},{"@type":"WebPage","@id":"https:\/\/permbledhja.com\/procesi-i-shkarkimit-te-kryetareve-ne-veri-mund-te-marre-kohe-disa-muaj\/","url":"https:\/\/permbledhja.com\/procesi-i-shkarkimit-te-kryetareve-ne-veri-mund-te-marre-kohe-disa-muaj\/","name":"Procesi i shkarkimit t\u00eb kryetar\u00ebve n\u00eb veri mund t\u00eb marr\u00eb koh\u00eb disa muaj","isPartOf":{"@id":"https:\/\/permbledhja.com\/#website"},"datePublished":"2024-01-20T20:35:00+00:00","dateModified":"2024-01-20T20:35:00+00:00","breadcrumb":{"@id":"https:\/\/permbledhja.com\/procesi-i-shkarkimit-te-kryetareve-ne-veri-mund-te-marre-kohe-disa-muaj\/#breadcrumb"},"inLanguage":"sq","potentialAction":[{"@type":"ReadAction","target":["https:\/\/permbledhja.com\/procesi-i-shkarkimit-te-kryetareve-ne-veri-mund-te-marre-kohe-disa-muaj\/"]}]},{"@type":"BreadcrumbList","@id":"https:\/\/permbledhja.com\/procesi-i-shkarkimit-te-kryetareve-ne-veri-mund-te-marre-kohe-disa-muaj\/#breadcrumb","itemListElement":[{"@type":"ListItem","position":1,"name":"Ballina","item":"https:\/\/permbledhja.com\/sq\/"},{"@type":"ListItem","position":2,"name":"Procesi i shkarkimit t\u00eb kryetar\u00ebve n\u00eb veri mund t\u00eb marr\u00eb koh\u00eb disa muaj"}]},{"@type":"WebSite","@id":"https:\/\/permbledhja.com\/#website","url":"https:\/\/permbledhja.com\/","name":"Ve\u00e7 artikuj p\u00ebrmbledh\u00ebs","description":"","publisher":{"@id":"https:\/\/permbledhja.com\/#organization"},"potentialAction":[{"@type":"SearchAction","target":{"@type":"EntryPoint","urlTemplate":"https:\/\/permbledhja.com\/?s={search_term_string}"},"query-input":"required name=search_term_string"}],"inLanguage":"sq"},{"@type":"Organization","@id":"https:\/\/permbledhja.com\/#organization","name":"MK Media & Pr","url":"https:\/\/permbledhja.com\/","logo":{"@type":"ImageObject","inLanguage":"sq","@id":"https:\/\/permbledhja.com\/#\/schema\/logo\/image\/","url":"https:\/\/permbledhja.com\/wp-content\/uploads\/2021\/12\/07-Press-Logo.jpg","contentUrl":"https:\/\/permbledhja.com\/wp-content\/uploads\/2021\/12\/07-Press-Logo.jpg","width":512,"height":512,"caption":"MK Media & Pr"},"image":{"@id":"https:\/\/permbledhja.com\/#\/schema\/logo\/image\/"},"sameAs":["https:\/\/www.facebook.com\/press07\/"]},{"@type":"Person","@id":"https:\/\/permbledhja.com\/#\/schema\/person\/0d064377258d3221e50693947b9eb4fe","name":"P\u00ebrmbledhja","image":{"@type":"ImageObject","inLanguage":"sq","@id":"https:\/\/permbledhja.com\/#\/schema\/person\/image\/","url":"https:\/\/permbledhja.com\/wp-content\/uploads\/2026\/01\/452004717_1040944174702970_8932037511805513407_n-96x96.jpg","contentUrl":"https:\/\/permbledhja.com\/wp-content\/uploads\/2026\/01\/452004717_1040944174702970_8932037511805513407_n-96x96.jpg","caption":"P\u00ebrmbledhja"},"sameAs":["https:\/\/www.facebook.com\/kafexhiu.muharrem\/","https:\/\/www.instagram.com\/muharrem_kafexhiu\/"],"url":"https:\/\/permbledhja.com\/sq\/author\/admin\/"}]}},"_links":{"self":[{"href":"https:\/\/permbledhja.com\/sq\/wp-json\/wp\/v2\/posts\/43892"}],"collection":[{"href":"https:\/\/permbledhja.com\/sq\/wp-json\/wp\/v2\/posts"}],"about":[{"href":"https:\/\/permbledhja.com\/sq\/wp-json\/wp\/v2\/types\/post"}],"author":[{"embeddable":true,"href":"https:\/\/permbledhja.com\/sq\/wp-json\/wp\/v2\/users\/1"}],"replies":[{"embeddable":true,"href":"https:\/\/permbledhja.com\/sq\/wp-json\/wp\/v2\/comments?post=43892"}],"version-history":[{"count":1,"href":"https:\/\/permbledhja.com\/sq\/wp-json\/wp\/v2\/posts\/43892\/revisions"}],"predecessor-version":[{"id":43893,"href":"https:\/\/permbledhja.com\/sq\/wp-json\/wp\/v2\/posts\/43892\/revisions\/43893"}],"wp:featuredmedia":[{"embeddable":true,"href":"https:\/\/permbledhja.com\/sq\/wp-json\/wp\/v2\/media\/1757"}],"wp:attachment":[{"href":"https:\/\/permbledhja.com\/sq\/wp-json\/wp\/v2\/media?parent=43892"}],"wp:term":[{"taxonomy":"category","embeddable":true,"href":"https:\/\/permbledhja.com\/sq\/wp-json\/wp\/v2\/categories?post=43892"},{"taxonomy":"post_tag","embeddable":true,"href":"https:\/\/permbledhja.com\/sq\/wp-json\/wp\/v2\/tags?post=43892"}],"curies":[{"name":"wp","href":"https:\/\/api.w.org\/{rel}","templated":true}]}}