{"id":43823,"date":"2024-01-19T12:38:42","date_gmt":"2024-01-19T12:38:42","guid":{"rendered":"https:\/\/permbledhja.com\/?p=43823"},"modified":"2024-01-19T12:38:42","modified_gmt":"2024-01-19T12:38:42","slug":"opozita-e-bindur-se-kurti-sdo-te-jete-me-kryeminister-a-eshte-pajtuar-opozita-per-nje-bllok-ndaj-vv-se","status":"publish","type":"post","link":"https:\/\/permbledhja.com\/sq\/opozita-e-bindur-se-kurti-sdo-te-jete-me-kryeminister-a-eshte-pajtuar-opozita-per-nje-bllok-ndaj-vv-se\/","title":{"rendered":"Opozita e bindur se Kurti s\u2019do t\u00eb jet\u00eb m\u00eb kryeminist\u00ebr: A \u00ebsht\u00eb pajtuar opozita p\u00ebr nj\u00eb \u201cbllok\u201d ndaj VV-s\u00eb?"},"content":{"rendered":"<h3>Partit\u00eb politike opozitare jan\u00eb shprehur tejet optimiste rreth rezultatit n\u00eb zgjedhje t\u00eb ardhme. Ani pse sondazhet nuk i nxjerrin aq mir\u00eb, zyrtar\u00ebt e k\u00ebtyre partive politike kan\u00eb th\u00ebn\u00eb se synojn\u00eb q\u00eb t\u00eb dalin fitues n\u00eb zgjedhjet e ardhshme.<\/h3>\n<p>Madje, ata jan\u00eb shprehur t\u00eb bindur se Albin Kurti m\u00eb nuk do t\u00eb jet\u00eb kryeminist\u00ebr i Kosov\u00ebs.<\/p>\n<p>Ndon\u00ebse zyrtar\u00ebt PDK-s\u00eb, LDK-s\u00eb dhe AAK-s\u00eb nuk kan\u00eb treguar n\u00ebse kan\u00eb ndonj\u00eb dakordim q\u00eb pas zgjedhjeve t\u00eb mos shkojn\u00eb n\u00eb koalicion me VV-n\u00eb, n\u00eb deklaratat e tyre publike v\u00ebrehet nj\u00eb ngjashm\u00ebri.<\/p>\n<p>M\u00eb e qart\u00eb n\u00eb k\u00ebt\u00eb drejtim ka qen\u00eb Partia Demokratike e Kosov\u00ebs.<\/p>\n<p>Shefi i Grupit Parlamentar t\u00eb PDK-s\u00eb, Abelard Tahiri, \u00ebsht\u00eb shprehur i bindur se Kurti m\u00eb nuk do t\u00eb jet\u00eb kryeminist\u00ebr i vendit.<\/p>\n<p>N\u00eb emisionin \u201cDebat Plus\u201d, ai ka th\u00ebn\u00eb se PDK-ja do t\u00eb dal\u00eb e para n\u00eb zgjedhjet e ardhshme.<\/p>\n<p>\u201c<i>Ne si PDK besojm\u00eb se VV nuk do t`i fitoj\u00eb zgjedhjet e ardhshme. Ne jemi t\u00eb bindur q\u00eb mandatari i jon\u00eb do t\u00eb jet\u00eb person fitues i atyre zgjedhjeve. Ne jemi t\u00eb bindur, ashtu si\u00e7 kemi befasuar n\u00eb zgjedhjet lokale, q\u00eb prej parashikimeve q\u00eb PDK-ja del me 2 komuna, kemi shku me numrin m\u00eb t\u00eb madh t\u00eb komunave. Prap\u00eb jam i bindur q\u00eb mandatari i jon\u00eb p\u00ebr kryeminist\u00ebr, kryetari i PDK-s\u00eb, do ta merr numrin m\u00eb t\u00eb madh t\u00eb votave dhe do t\u00eb arrij me e pas mandatin p\u00ebr themelimin e qeveris\u00eb<\/i>\u201d, ka th\u00ebn\u00eb Tahiri.<\/p>\n<p>Deputeti i Tahiri ka th\u00ebn\u00eb se \u00ebsht\u00eb q\u00ebndrim i PDK-s\u00eb q\u00eb t\u00eb mos hyn n\u00eb koalicion qeveris\u00ebs me ask\u00ebnd n\u00ebse nuk del e para n\u00eb zgjedhje.<\/p>\n<p>\u201c<i>Plani yn\u00eb B, n\u00eb asnj\u00eb rrethan\u00eb me VV-n\u00eb nuk hyjm\u00eb n\u00eb koalicion. As si t\u00eb dyt\u00eb nuk hyjm\u00eb n\u00eb koalicion. N\u00ebse ne nuk i fitojm\u00eb zgjedhjet, nuk hyjm\u00eb n\u00eb koalicion<\/i>\u201d, ka th\u00ebn\u00eb Tahiri.<\/p>\n<p>Deklarata t\u00eb ngjashme ka dh\u00ebn\u00eb dhe shefi i Grupit Parlamentar t\u00eb Lidhjes Demokratike t\u00eb Kosov\u00ebs, Arben Gashi, t\u00eb h\u00ebn\u00ebn pas mbledhjes s\u00eb Kryesis\u00eb s\u00eb Kuvendit t\u00eb Kosov\u00ebs.<\/p>\n<p>Ai ka th\u00ebn\u00eb se k\u00ebto jan\u00eb momentet e fundit t\u00eb Qeveris\u00eb Kurti<\/p>\n<p>\u201c<i>\u00cbsht\u00eb viti i fundit, maksimumi i mundsh\u00ebm deri kur do t\u00eb jet\u00eb n\u00eb pushtet z. Kurti \u00ebsht\u00eb tash e nj\u00eb vit, pra nj\u00eb vit i plot\u00eb. Por, zgjedhjet do t\u00eb duhet t\u00eb shpallen deri n\u00eb fund t\u00eb shtatorit dhe t\u00eb mbahen diku n\u00eb fillim t\u00eb janarit ose t\u00eb shkurtit t\u00eb vitit 2025<\/i>\u201d, ka th\u00ebn\u00eb Gashi.<\/p>\n<p>Sipas tij, p\u00ebr Qeverin\u00eb Kurti ka filluar num\u00ebrimi mbrapsht\u00eb.<\/p>\n<p>\u201c<i>Ky \u00ebsht\u00eb kalendari i rregullt zgjedhor. Situata politike, gjendja politike n\u00eb vend, jan\u00eb \u00e7\u00ebshtje t\u00eb jasht\u00ebzakonshme p\u00ebr t\u00eb cilat do t\u00eb japim p\u00ebrgjigje n\u00eb momentin e duhur. Gjith\u00ebsi, tashm\u00eb ka filluar num\u00ebrimi mbrapsht, pra po i afrohemi fundit t\u00eb k\u00ebsaj qeverisje.<\/i>\u201d, ka th\u00ebn\u00eb Gashi.<\/p>\n<p>Nd\u00ebrsa, shefi i Grupit Parlament t\u00eb AAK-s\u00eb, besnik Tahiti ka th\u00ebn\u00eb se kurr\u00eb m\u00eb VV-ja nuk do t\u00eb mund t\u2019i fitoj\u00eb 50 p\u00ebr qind t\u00eb votave.<\/p>\n<p>\u201c<i>Un\u00eb personalisht pres q\u00eb zgjedhjet t\u00eb jen\u00eb t\u00eb rregullta, p\u00ebr shkak se nuk ka shans Albin Kurti me qeverin\u00eb e tij me l\u00ebn\u00eb gjith\u00eb k\u00ebt\u00eb privilegj, p\u00ebr shkak se mir\u00eb e din\u00eb q\u00eb kurr\u00eb m\u00eb nuk do t\u2019i merr 50%, andaj ky do t\u00eb mundohet ta shtyej deri n\u00eb fund.<\/i>\u201d, \u00ebsht\u00eb shprehur Tahiri pas mbledhjes s\u00eb Kryesis\u00eb s\u00eb Kuvendit.<\/p>\n<h3><b>VV-ja beson se gara do t\u00eb jet\u00eb p\u00ebr vendin e dyt\u00eb <\/b><\/h3>\n<p>Krejt ndryshe mendon partia n\u00eb pushtet. Zyrtar\u00ebt e VV-s\u00eb kan\u00eb b\u00ebr\u00eb me dije se n\u00eb zgjedhjet e ardhme gara do t\u00eb jet\u00eb p\u00ebr vendin e dyt\u00eb.<\/p>\n<p>Sipas tyre, nuk do t\u00eb diskutohet se kush do t\u00eb mund t`i fitoj\u00eb zgjedhjet e ardhshme.<\/p>\n<p>Kryetari i Kuvendit t\u00eb Kosov\u00ebs, Glauk Konjufca, ka th\u00ebn\u00eb se sondazhet po tregojn\u00eb gjith\u00e7ka.<\/p>\n<p>\u201c<i>Koalicionet kan\u00eb ndodhur e ndodhin edhe tash. S\u2019\u00ebsht\u00eb befasi. Aleanca ka qen\u00eb edhe m\u00eb her\u00ebt n\u00eb nj\u00eb koalicion me Nism\u00ebn. Po ndodh s\u00ebrish. Vet\u00ebm u uroj suksese. Sa i p\u00ebrket rezultatit t\u00eb zgjedhjeve, sondazhet jan\u00eb, opinioni po hulumtohet vazhdimisht edhe prej organizatave, edhe prej partive q\u00eb po i porosisin k\u00ebto sondazhe. Rezultatet jan\u00eb t\u00eb qarta, un\u00eb mendoj q\u00eb gara ka me qen\u00eb nj\u00eb gar\u00eb e ashp\u00ebr p\u00ebr numrin dy n\u00eb sken\u00ebn politike t\u00eb Kosov\u00ebs<\/i>\u201d, \u00ebsht\u00eb shprehur Konjufca.<\/p>\n<p>Nj\u00ebjt\u00eb mendojn\u00eb edhe deputete tjer\u00eb t\u00eb pushtetit.<\/p>\n<p>N\u00eb nj\u00eb intervist\u00eb p\u00ebr &#8220;Kanal 10&#8221;, deputeti i VV-s\u00eb, Mefail Bajqinovci, \u00ebsht\u00eb shprehur i bindur n\u00eb fitoren e VV-s\u00eb n\u00eb zgjedhjet e ardhshme.<\/p>\n<p>Madje, ai ka th\u00ebn\u00eb se nuk do t\u00eb k\u00ebt\u00eb nevoj\u00eb p\u00ebr koalicione paszgjedhore.<\/p>\n<p>\u201c<i>Un\u00eb besoj q\u00eb do ta kemi nj\u00eb rezultat solid dhe nuk do t\u00eb ket\u00eb nevoj\u00eb p\u00ebr koalicion\u2026.K\u00ebtu nuk b\u00ebhet diskutim m\u00eb p\u00ebr vendin e par\u00eb dhe kush do t\u2019i fitoj\u00eb zgjedhjet. Lufta \u00ebsht\u00eb p\u00ebr vendin e dyt\u00eb. Krejt lufta po b\u00ebhet a do t\u00eb jet\u00eb PDK-ja a LDK-ja e dyta.<\/i>\u201d, ka deklaruar Bajqinovci.<\/p>\n<p>N\u00eb zgjedhjet e vitit 2014 fituese kishte dal\u00eb PDK-ja, por opozita e asaj kohe nuk pranonte t\u00eb hynte n\u00eb koalicion me partin\u00eb e Hashim Tha\u00e7it.<\/p>\n<p>LDK-ja, VV-ja, AAK-ja dhe Nisma kishin krijuar bllokun e quajtur VLAN dhe k\u00ebrkonin q\u00eb ata ta formimin qeverin\u00eb e re. Pas nj\u00eb \u201cbeteje\u201d n\u00eb Gjykat\u00ebn Kushtetuese, LDK-ja kishte pranuar t\u00eb qeveris\u00eb me PDK-s\u00eb, pasi kjo e fundit kishte pranuar t\u00eb ja jep postin e kryeministrit.\/Nacionale<\/p>\n","protected":false},"excerpt":{"rendered":"<p>Partit\u00eb politike opozitare jan\u00eb shprehur tejet optimiste rreth rezultatit n\u00eb zgjedhje t\u00eb ardhme. Ani pse sondazhet nuk i nxjerrin aq mir\u00eb, zyrtar\u00ebt e k\u00ebtyre partive politike kan\u00eb th\u00ebn\u00eb se synojn\u00eb q\u00eb t\u00eb dalin fitues n\u00eb zgjedhjet e ardhshme. Madje, ata jan\u00eb shprehur t\u00eb bindur se Albin Kurti m\u00eb nuk do t\u00eb jet\u00eb kryeminist\u00ebr i Kosov\u00ebs. [&hellip;]<\/p>\n","protected":false},"author":1,"featured_media":43824,"comment_status":"closed","ping_status":"closed","sticky":false,"template":"","format":"standard","meta":{"_monsterinsights_skip_tracking":false,"_monsterinsights_sitenote_active":false,"_monsterinsights_sitenote_note":"","_monsterinsights_sitenote_category":0,"_uf_show_specific_survey":0,"_uf_disable_surveys":false,"footnotes":""},"categories":[1146],"tags":[1031],"yoast_head":"<!-- This site is optimized with the Yoast SEO plugin v21.5 - https:\/\/yoast.com\/wordpress\/plugins\/seo\/ -->\n<title>Opozita e bindur se Kurti s\u2019do t\u00eb jet\u00eb m\u00eb kryeminist\u00ebr: A \u00ebsht\u00eb pajtuar opozita p\u00ebr nj\u00eb \u201cbllok\u201d ndaj VV-s\u00eb?<\/title>\n<meta name=\"robots\" content=\"index, follow, max-snippet:-1, max-image-preview:large, max-video-preview:-1\" \/>\n<link rel=\"canonical\" href=\"https:\/\/permbledhja.com\/sq\/opozita-e-bindur-se-kurti-sdo-te-jete-me-kryeminister-a-eshte-pajtuar-opozita-per-nje-bllok-ndaj-vv-se\/\" \/>\n<meta property=\"og:locale\" content=\"sq_AL\" \/>\n<meta property=\"og:type\" content=\"article\" \/>\n<meta property=\"og:title\" content=\"Opozita e bindur se Kurti s\u2019do t\u00eb jet\u00eb m\u00eb kryeminist\u00ebr: A \u00ebsht\u00eb pajtuar opozita p\u00ebr nj\u00eb \u201cbllok\u201d ndaj VV-s\u00eb?\" \/>\n<meta property=\"og:description\" content=\"Partit\u00eb politike opozitare jan\u00eb shprehur tejet optimiste rreth rezultatit n\u00eb zgjedhje t\u00eb ardhme. Ani pse sondazhet nuk i nxjerrin aq mir\u00eb, zyrtar\u00ebt e k\u00ebtyre partive politike kan\u00eb th\u00ebn\u00eb se synojn\u00eb q\u00eb t\u00eb dalin fitues n\u00eb zgjedhjet e ardhshme. Madje, ata jan\u00eb shprehur t\u00eb bindur se Albin Kurti m\u00eb nuk do t\u00eb jet\u00eb kryeminist\u00ebr i Kosov\u00ebs. [&hellip;]\" \/>\n<meta property=\"og:url\" content=\"https:\/\/permbledhja.com\/sq\/opozita-e-bindur-se-kurti-sdo-te-jete-me-kryeminister-a-eshte-pajtuar-opozita-per-nje-bllok-ndaj-vv-se\/\" \/>\n<meta property=\"og:site_name\" content=\"Ve\u00e7 artikuj p\u00ebrmbledh\u00ebs\" \/>\n<meta property=\"article:publisher\" content=\"https:\/\/www.facebook.com\/press07\/\" \/>\n<meta property=\"article:author\" content=\"https:\/\/www.facebook.com\/kafexhiu.muharrem\/\" \/>\n<meta property=\"article:published_time\" content=\"2024-01-19T12:38:42+00:00\" \/>\n<meta property=\"og:image\" content=\"https:\/\/permbledhja.com\/wp-content\/uploads\/2024\/01\/3F55152B-59D3-475E-BDE4-0502674BDC74.jpeg\" \/>\n\t<meta property=\"og:image:width\" content=\"1153\" \/>\n\t<meta property=\"og:image:height\" content=\"878\" \/>\n\t<meta property=\"og:image:type\" content=\"image\/jpeg\" \/>\n<meta name=\"author\" content=\"P\u00ebrmbledhja\" \/>\n<meta name=\"twitter:card\" content=\"summary_large_image\" \/>\n<meta name=\"twitter:label1\" content=\"Written by\" \/>\n\t<meta name=\"twitter:data1\" content=\"P\u00ebrmbledhja\" \/>\n\t<meta name=\"twitter:label2\" content=\"Est. reading time\" \/>\n\t<meta name=\"twitter:data2\" content=\"5 minuta\" \/>\n<script type=\"application\/ld+json\" class=\"yoast-schema-graph\">{\"@context\":\"https:\/\/schema.org\",\"@graph\":[{\"@type\":\"Article\",\"@id\":\"https:\/\/permbledhja.com\/opozita-e-bindur-se-kurti-sdo-te-jete-me-kryeminister-a-eshte-pajtuar-opozita-per-nje-bllok-ndaj-vv-se\/#article\",\"isPartOf\":{\"@id\":\"https:\/\/permbledhja.com\/opozita-e-bindur-se-kurti-sdo-te-jete-me-kryeminister-a-eshte-pajtuar-opozita-per-nje-bllok-ndaj-vv-se\/\"},\"author\":{\"name\":\"P\u00ebrmbledhja\",\"@id\":\"https:\/\/permbledhja.com\/#\/schema\/person\/0d064377258d3221e50693947b9eb4fe\"},\"headline\":\"Opozita e bindur se Kurti s\u2019do t\u00eb jet\u00eb m\u00eb kryeminist\u00ebr: A \u00ebsht\u00eb pajtuar opozita p\u00ebr nj\u00eb \u201cbllok\u201d ndaj VV-s\u00eb?\",\"datePublished\":\"2024-01-19T12:38:42+00:00\",\"dateModified\":\"2024-01-19T12:38:42+00:00\",\"mainEntityOfPage\":{\"@id\":\"https:\/\/permbledhja.com\/opozita-e-bindur-se-kurti-sdo-te-jete-me-kryeminister-a-eshte-pajtuar-opozita-per-nje-bllok-ndaj-vv-se\/\"},\"wordCount\":939,\"publisher\":{\"@id\":\"https:\/\/permbledhja.com\/#organization\"},\"keywords\":[\"Opozita\"],\"articleSection\":[\"Kryesoret\"],\"inLanguage\":\"sq\"},{\"@type\":\"WebPage\",\"@id\":\"https:\/\/permbledhja.com\/opozita-e-bindur-se-kurti-sdo-te-jete-me-kryeminister-a-eshte-pajtuar-opozita-per-nje-bllok-ndaj-vv-se\/\",\"url\":\"https:\/\/permbledhja.com\/opozita-e-bindur-se-kurti-sdo-te-jete-me-kryeminister-a-eshte-pajtuar-opozita-per-nje-bllok-ndaj-vv-se\/\",\"name\":\"Opozita e bindur se Kurti s\u2019do t\u00eb jet\u00eb m\u00eb kryeminist\u00ebr: A \u00ebsht\u00eb pajtuar opozita p\u00ebr nj\u00eb \u201cbllok\u201d ndaj VV-s\u00eb?\",\"isPartOf\":{\"@id\":\"https:\/\/permbledhja.com\/#website\"},\"datePublished\":\"2024-01-19T12:38:42+00:00\",\"dateModified\":\"2024-01-19T12:38:42+00:00\",\"breadcrumb\":{\"@id\":\"https:\/\/permbledhja.com\/opozita-e-bindur-se-kurti-sdo-te-jete-me-kryeminister-a-eshte-pajtuar-opozita-per-nje-bllok-ndaj-vv-se\/#breadcrumb\"},\"inLanguage\":\"sq\",\"potentialAction\":[{\"@type\":\"ReadAction\",\"target\":[\"https:\/\/permbledhja.com\/opozita-e-bindur-se-kurti-sdo-te-jete-me-kryeminister-a-eshte-pajtuar-opozita-per-nje-bllok-ndaj-vv-se\/\"]}]},{\"@type\":\"BreadcrumbList\",\"@id\":\"https:\/\/permbledhja.com\/opozita-e-bindur-se-kurti-sdo-te-jete-me-kryeminister-a-eshte-pajtuar-opozita-per-nje-bllok-ndaj-vv-se\/#breadcrumb\",\"itemListElement\":[{\"@type\":\"ListItem\",\"position\":1,\"name\":\"Ballina\",\"item\":\"https:\/\/permbledhja.com\/sq\/\"},{\"@type\":\"ListItem\",\"position\":2,\"name\":\"Opozita e bindur se Kurti s\u2019do t\u00eb jet\u00eb m\u00eb kryeminist\u00ebr: A \u00ebsht\u00eb pajtuar opozita p\u00ebr nj\u00eb \u201cbllok\u201d ndaj VV-s\u00eb?\"}]},{\"@type\":\"WebSite\",\"@id\":\"https:\/\/permbledhja.com\/#website\",\"url\":\"https:\/\/permbledhja.com\/\",\"name\":\"Ve\u00e7 artikuj p\u00ebrmbledh\u00ebs\",\"description\":\"\",\"publisher\":{\"@id\":\"https:\/\/permbledhja.com\/#organization\"},\"potentialAction\":[{\"@type\":\"SearchAction\",\"target\":{\"@type\":\"EntryPoint\",\"urlTemplate\":\"https:\/\/permbledhja.com\/?s={search_term_string}\"},\"query-input\":\"required name=search_term_string\"}],\"inLanguage\":\"sq\"},{\"@type\":\"Organization\",\"@id\":\"https:\/\/permbledhja.com\/#organization\",\"name\":\"MK Media & Pr\",\"url\":\"https:\/\/permbledhja.com\/\",\"logo\":{\"@type\":\"ImageObject\",\"inLanguage\":\"sq\",\"@id\":\"https:\/\/permbledhja.com\/#\/schema\/logo\/image\/\",\"url\":\"https:\/\/permbledhja.com\/wp-content\/uploads\/2021\/12\/07-Press-Logo.jpg\",\"contentUrl\":\"https:\/\/permbledhja.com\/wp-content\/uploads\/2021\/12\/07-Press-Logo.jpg\",\"width\":512,\"height\":512,\"caption\":\"MK Media & Pr\"},\"image\":{\"@id\":\"https:\/\/permbledhja.com\/#\/schema\/logo\/image\/\"},\"sameAs\":[\"https:\/\/www.facebook.com\/press07\/\"]},{\"@type\":\"Person\",\"@id\":\"https:\/\/permbledhja.com\/#\/schema\/person\/0d064377258d3221e50693947b9eb4fe\",\"name\":\"P\u00ebrmbledhja\",\"image\":{\"@type\":\"ImageObject\",\"inLanguage\":\"sq\",\"@id\":\"https:\/\/permbledhja.com\/#\/schema\/person\/image\/\",\"url\":\"https:\/\/permbledhja.com\/wp-content\/uploads\/2026\/01\/452004717_1040944174702970_8932037511805513407_n-96x96.jpg\",\"contentUrl\":\"https:\/\/permbledhja.com\/wp-content\/uploads\/2026\/01\/452004717_1040944174702970_8932037511805513407_n-96x96.jpg\",\"caption\":\"P\u00ebrmbledhja\"},\"sameAs\":[\"https:\/\/www.facebook.com\/kafexhiu.muharrem\/\",\"https:\/\/www.instagram.com\/muharrem_kafexhiu\/\"],\"url\":\"https:\/\/permbledhja.com\/sq\/author\/admin\/\"}]}<\/script>\n<!-- \/ Yoast SEO plugin. -->","yoast_head_json":{"title":"Opozita e bindur se Kurti s\u2019do t\u00eb jet\u00eb m\u00eb kryeminist\u00ebr: A \u00ebsht\u00eb pajtuar opozita p\u00ebr nj\u00eb \u201cbllok\u201d ndaj VV-s\u00eb?","robots":{"index":"index","follow":"follow","max-snippet":"max-snippet:-1","max-image-preview":"max-image-preview:large","max-video-preview":"max-video-preview:-1"},"canonical":"https:\/\/permbledhja.com\/sq\/opozita-e-bindur-se-kurti-sdo-te-jete-me-kryeminister-a-eshte-pajtuar-opozita-per-nje-bllok-ndaj-vv-se\/","og_locale":"sq_AL","og_type":"article","og_title":"Opozita e bindur se Kurti s\u2019do t\u00eb jet\u00eb m\u00eb kryeminist\u00ebr: A \u00ebsht\u00eb pajtuar opozita p\u00ebr nj\u00eb \u201cbllok\u201d ndaj VV-s\u00eb?","og_description":"Partit\u00eb politike opozitare jan\u00eb shprehur tejet optimiste rreth rezultatit n\u00eb zgjedhje t\u00eb ardhme. Ani pse sondazhet nuk i nxjerrin aq mir\u00eb, zyrtar\u00ebt e k\u00ebtyre partive politike kan\u00eb th\u00ebn\u00eb se synojn\u00eb q\u00eb t\u00eb dalin fitues n\u00eb zgjedhjet e ardhshme. Madje, ata jan\u00eb shprehur t\u00eb bindur se Albin Kurti m\u00eb nuk do t\u00eb jet\u00eb kryeminist\u00ebr i Kosov\u00ebs. [&hellip;]","og_url":"https:\/\/permbledhja.com\/sq\/opozita-e-bindur-se-kurti-sdo-te-jete-me-kryeminister-a-eshte-pajtuar-opozita-per-nje-bllok-ndaj-vv-se\/","og_site_name":"Ve\u00e7 artikuj p\u00ebrmbledh\u00ebs","article_publisher":"https:\/\/www.facebook.com\/press07\/","article_author":"https:\/\/www.facebook.com\/kafexhiu.muharrem\/","article_published_time":"2024-01-19T12:38:42+00:00","og_image":[{"width":1153,"height":878,"url":"https:\/\/permbledhja.com\/wp-content\/uploads\/2024\/01\/3F55152B-59D3-475E-BDE4-0502674BDC74.jpeg","type":"image\/jpeg"}],"author":"P\u00ebrmbledhja","twitter_card":"summary_large_image","twitter_misc":{"Written by":"P\u00ebrmbledhja","Est. reading time":"5 minuta"},"schema":{"@context":"https:\/\/schema.org","@graph":[{"@type":"Article","@id":"https:\/\/permbledhja.com\/opozita-e-bindur-se-kurti-sdo-te-jete-me-kryeminister-a-eshte-pajtuar-opozita-per-nje-bllok-ndaj-vv-se\/#article","isPartOf":{"@id":"https:\/\/permbledhja.com\/opozita-e-bindur-se-kurti-sdo-te-jete-me-kryeminister-a-eshte-pajtuar-opozita-per-nje-bllok-ndaj-vv-se\/"},"author":{"name":"P\u00ebrmbledhja","@id":"https:\/\/permbledhja.com\/#\/schema\/person\/0d064377258d3221e50693947b9eb4fe"},"headline":"Opozita e bindur se Kurti s\u2019do t\u00eb jet\u00eb m\u00eb kryeminist\u00ebr: A \u00ebsht\u00eb pajtuar opozita p\u00ebr nj\u00eb \u201cbllok\u201d ndaj VV-s\u00eb?","datePublished":"2024-01-19T12:38:42+00:00","dateModified":"2024-01-19T12:38:42+00:00","mainEntityOfPage":{"@id":"https:\/\/permbledhja.com\/opozita-e-bindur-se-kurti-sdo-te-jete-me-kryeminister-a-eshte-pajtuar-opozita-per-nje-bllok-ndaj-vv-se\/"},"wordCount":939,"publisher":{"@id":"https:\/\/permbledhja.com\/#organization"},"keywords":["Opozita"],"articleSection":["Kryesoret"],"inLanguage":"sq"},{"@type":"WebPage","@id":"https:\/\/permbledhja.com\/opozita-e-bindur-se-kurti-sdo-te-jete-me-kryeminister-a-eshte-pajtuar-opozita-per-nje-bllok-ndaj-vv-se\/","url":"https:\/\/permbledhja.com\/opozita-e-bindur-se-kurti-sdo-te-jete-me-kryeminister-a-eshte-pajtuar-opozita-per-nje-bllok-ndaj-vv-se\/","name":"Opozita e bindur se Kurti s\u2019do t\u00eb jet\u00eb m\u00eb kryeminist\u00ebr: A \u00ebsht\u00eb pajtuar opozita p\u00ebr nj\u00eb \u201cbllok\u201d ndaj VV-s\u00eb?","isPartOf":{"@id":"https:\/\/permbledhja.com\/#website"},"datePublished":"2024-01-19T12:38:42+00:00","dateModified":"2024-01-19T12:38:42+00:00","breadcrumb":{"@id":"https:\/\/permbledhja.com\/opozita-e-bindur-se-kurti-sdo-te-jete-me-kryeminister-a-eshte-pajtuar-opozita-per-nje-bllok-ndaj-vv-se\/#breadcrumb"},"inLanguage":"sq","potentialAction":[{"@type":"ReadAction","target":["https:\/\/permbledhja.com\/opozita-e-bindur-se-kurti-sdo-te-jete-me-kryeminister-a-eshte-pajtuar-opozita-per-nje-bllok-ndaj-vv-se\/"]}]},{"@type":"BreadcrumbList","@id":"https:\/\/permbledhja.com\/opozita-e-bindur-se-kurti-sdo-te-jete-me-kryeminister-a-eshte-pajtuar-opozita-per-nje-bllok-ndaj-vv-se\/#breadcrumb","itemListElement":[{"@type":"ListItem","position":1,"name":"Ballina","item":"https:\/\/permbledhja.com\/sq\/"},{"@type":"ListItem","position":2,"name":"Opozita e bindur se Kurti s\u2019do t\u00eb jet\u00eb m\u00eb kryeminist\u00ebr: A \u00ebsht\u00eb pajtuar opozita p\u00ebr nj\u00eb \u201cbllok\u201d ndaj VV-s\u00eb?"}]},{"@type":"WebSite","@id":"https:\/\/permbledhja.com\/#website","url":"https:\/\/permbledhja.com\/","name":"Ve\u00e7 artikuj p\u00ebrmbledh\u00ebs","description":"","publisher":{"@id":"https:\/\/permbledhja.com\/#organization"},"potentialAction":[{"@type":"SearchAction","target":{"@type":"EntryPoint","urlTemplate":"https:\/\/permbledhja.com\/?s={search_term_string}"},"query-input":"required name=search_term_string"}],"inLanguage":"sq"},{"@type":"Organization","@id":"https:\/\/permbledhja.com\/#organization","name":"MK Media & Pr","url":"https:\/\/permbledhja.com\/","logo":{"@type":"ImageObject","inLanguage":"sq","@id":"https:\/\/permbledhja.com\/#\/schema\/logo\/image\/","url":"https:\/\/permbledhja.com\/wp-content\/uploads\/2021\/12\/07-Press-Logo.jpg","contentUrl":"https:\/\/permbledhja.com\/wp-content\/uploads\/2021\/12\/07-Press-Logo.jpg","width":512,"height":512,"caption":"MK Media & Pr"},"image":{"@id":"https:\/\/permbledhja.com\/#\/schema\/logo\/image\/"},"sameAs":["https:\/\/www.facebook.com\/press07\/"]},{"@type":"Person","@id":"https:\/\/permbledhja.com\/#\/schema\/person\/0d064377258d3221e50693947b9eb4fe","name":"P\u00ebrmbledhja","image":{"@type":"ImageObject","inLanguage":"sq","@id":"https:\/\/permbledhja.com\/#\/schema\/person\/image\/","url":"https:\/\/permbledhja.com\/wp-content\/uploads\/2026\/01\/452004717_1040944174702970_8932037511805513407_n-96x96.jpg","contentUrl":"https:\/\/permbledhja.com\/wp-content\/uploads\/2026\/01\/452004717_1040944174702970_8932037511805513407_n-96x96.jpg","caption":"P\u00ebrmbledhja"},"sameAs":["https:\/\/www.facebook.com\/kafexhiu.muharrem\/","https:\/\/www.instagram.com\/muharrem_kafexhiu\/"],"url":"https:\/\/permbledhja.com\/sq\/author\/admin\/"}]}},"_links":{"self":[{"href":"https:\/\/permbledhja.com\/sq\/wp-json\/wp\/v2\/posts\/43823"}],"collection":[{"href":"https:\/\/permbledhja.com\/sq\/wp-json\/wp\/v2\/posts"}],"about":[{"href":"https:\/\/permbledhja.com\/sq\/wp-json\/wp\/v2\/types\/post"}],"author":[{"embeddable":true,"href":"https:\/\/permbledhja.com\/sq\/wp-json\/wp\/v2\/users\/1"}],"replies":[{"embeddable":true,"href":"https:\/\/permbledhja.com\/sq\/wp-json\/wp\/v2\/comments?post=43823"}],"version-history":[{"count":1,"href":"https:\/\/permbledhja.com\/sq\/wp-json\/wp\/v2\/posts\/43823\/revisions"}],"predecessor-version":[{"id":43825,"href":"https:\/\/permbledhja.com\/sq\/wp-json\/wp\/v2\/posts\/43823\/revisions\/43825"}],"wp:featuredmedia":[{"embeddable":true,"href":"https:\/\/permbledhja.com\/sq\/wp-json\/wp\/v2\/media\/43824"}],"wp:attachment":[{"href":"https:\/\/permbledhja.com\/sq\/wp-json\/wp\/v2\/media?parent=43823"}],"wp:term":[{"taxonomy":"category","embeddable":true,"href":"https:\/\/permbledhja.com\/sq\/wp-json\/wp\/v2\/categories?post=43823"},{"taxonomy":"post_tag","embeddable":true,"href":"https:\/\/permbledhja.com\/sq\/wp-json\/wp\/v2\/tags?post=43823"}],"curies":[{"name":"wp","href":"https:\/\/api.w.org\/{rel}","templated":true}]}}