{"id":43581,"date":"2024-01-17T18:05:34","date_gmt":"2024-01-17T18:05:34","guid":{"rendered":"https:\/\/permbledhja.com\/?p=43581"},"modified":"2024-01-17T18:05:34","modified_gmt":"2024-01-17T18:05:34","slug":"limaj-per-koalicionin-me-aak-ne-lajm-i-mire-per-kosoven-koha-per-ti-dhene-dinamike-te-re-vendit","status":"publish","type":"post","link":"https:\/\/permbledhja.com\/sq\/limaj-per-koalicionin-me-aak-ne-lajm-i-mire-per-kosoven-koha-per-ti-dhene-dinamike-te-re-vendit\/","title":{"rendered":"Limaj p\u00ebr koalicionin me AAK-n\u00eb: Lajm i mir\u00eb p\u00ebr Kosov\u00ebn, koha p\u00ebr t\u2019i dh\u00ebn\u00eb dinamik\u00eb t\u00eb re vendit"},"content":{"rendered":"<h3>Kryetari i Nism\u00ebs Socialdemokrate, Fatmir Limaj, ka th\u00ebn\u00eb se koalicioni me AAK-n\u00eb \u00ebsht\u00eb lajm i mir\u00eb p\u00ebr Kosov\u00ebn e qytetar\u00ebt e vendit.<\/h3>\n<p>Limaj tha se tash Kosova m\u00eb shum\u00eb se kurr\u00eb ka nevoj\u00eb p\u00ebr bashkimin e t\u00eb gjitha forcave politike q\u00eb kan\u00eb \u00e7ka japin e q\u00eb duan ta shohin ndryshe pozicionin e Kosov\u00ebs, zhvillimin e vendit e rrug\u00ebtimin gjeostrategjik.<\/p>\n<p>\u201cDuke d\u00ebgjuar e respektuar z\u00ebrin e mij\u00ebra njer\u00ebzve an\u00eb e mban\u00eb Kosov\u00ebs, se vendi m\u00eb shum\u00eb se kurr\u00eb ka nevoj\u00eb p\u00ebr bashkimin e energjive pozitive, bashkim n\u00eb diversitet, bashkim n\u00eb iniciativa. Kosova m\u00eb shum\u00eb se kurr\u00eb ka nevoj\u00eb p\u00ebr nj\u00eb dinamik\u00eb t\u00eb re opozitare, opozit\u00eb e fakteve, opozit\u00eb e angazhuar, opozit\u00eb q\u00eb kritikon aty ku duhet e opozit\u00eb q\u00eb jep alternativ\u00eb\u201d.<\/p>\n<p>\u201cVijm\u00eb bashk\u00eb me kryetarin Haradinaj me nj\u00eb projekt t\u00eb ri, t\u00eb p\u00ebrbashk\u00ebt, i cili ve\u00e7 ka nisur e \u00ebsht\u00eb i hapur dhe i ftojm\u00eb t\u00eb gjith\u00eb ata njer\u00ebz q\u00eb mendojn\u00eb se Kosova m\u00eb shum\u00eb se kurr\u00eb ka nevoj\u00eb t\u2019i bashkoj\u00eb energjit\u00eb, tash \u00ebsht\u00eb koha p\u00ebr t\u2019i dh\u00ebn\u00eb nj\u00eb dinamik\u00eb t\u00eb re vendit\u201d, tha Limaj, njofton Klankosova.tv.<\/p>\n<p>Tutje, ai tha se me AAK-n\u00eb vijn\u00eb bashk\u00eb p\u00ebr ta ndryshuar dinamik\u00ebn e opozit\u00ebb\u00ebrjes dhe p\u00ebr t\u00eb kaluar n\u00eb nj\u00eb alternativ\u00eb serioze para qytetar\u00ebve.<\/p>\n","protected":false},"excerpt":{"rendered":"<p>Kryetari i Nism\u00ebs Socialdemokrate, Fatmir Limaj, ka th\u00ebn\u00eb se koalicioni me AAK-n\u00eb \u00ebsht\u00eb lajm i mir\u00eb p\u00ebr Kosov\u00ebn e qytetar\u00ebt e vendit. Limaj tha se tash Kosova m\u00eb shum\u00eb se kurr\u00eb ka nevoj\u00eb p\u00ebr bashkimin e t\u00eb gjitha forcave politike q\u00eb kan\u00eb \u00e7ka japin e q\u00eb duan ta shohin ndryshe pozicionin e Kosov\u00ebs, zhvillimin e [&hellip;]<\/p>\n","protected":false},"author":2,"featured_media":43582,"comment_status":"closed","ping_status":"closed","sticky":false,"template":"","format":"standard","meta":{"_monsterinsights_skip_tracking":false,"_monsterinsights_sitenote_active":false,"_monsterinsights_sitenote_note":"","_monsterinsights_sitenote_category":0,"_uf_show_specific_survey":0,"_uf_disable_surveys":false,"footnotes":""},"categories":[2645],"tags":[1635],"yoast_head":"<!-- This site is optimized with the Yoast SEO plugin v21.5 - https:\/\/yoast.com\/wordpress\/plugins\/seo\/ -->\n<title>Limaj p\u00ebr koalicionin me AAK-n\u00eb: Lajm i mir\u00eb p\u00ebr Kosov\u00ebn, koha p\u00ebr t\u2019i dh\u00ebn\u00eb dinamik\u00eb t\u00eb re vendit<\/title>\n<meta name=\"robots\" content=\"index, follow, max-snippet:-1, max-image-preview:large, max-video-preview:-1\" \/>\n<link rel=\"canonical\" href=\"https:\/\/permbledhja.com\/sq\/limaj-per-koalicionin-me-aak-ne-lajm-i-mire-per-kosoven-koha-per-ti-dhene-dinamike-te-re-vendit\/\" \/>\n<meta property=\"og:locale\" content=\"sq_AL\" \/>\n<meta property=\"og:type\" content=\"article\" \/>\n<meta property=\"og:title\" content=\"Limaj p\u00ebr koalicionin me AAK-n\u00eb: Lajm i mir\u00eb p\u00ebr Kosov\u00ebn, koha p\u00ebr t\u2019i dh\u00ebn\u00eb dinamik\u00eb t\u00eb re vendit\" \/>\n<meta property=\"og:description\" content=\"Kryetari i Nism\u00ebs Socialdemokrate, Fatmir Limaj, ka th\u00ebn\u00eb se koalicioni me AAK-n\u00eb \u00ebsht\u00eb lajm i mir\u00eb p\u00ebr Kosov\u00ebn e qytetar\u00ebt e vendit. Limaj tha se tash Kosova m\u00eb shum\u00eb se kurr\u00eb ka nevoj\u00eb p\u00ebr bashkimin e t\u00eb gjitha forcave politike q\u00eb kan\u00eb \u00e7ka japin e q\u00eb duan ta shohin ndryshe pozicionin e Kosov\u00ebs, zhvillimin e [&hellip;]\" \/>\n<meta property=\"og:url\" content=\"https:\/\/permbledhja.com\/sq\/limaj-per-koalicionin-me-aak-ne-lajm-i-mire-per-kosoven-koha-per-ti-dhene-dinamike-te-re-vendit\/\" \/>\n<meta property=\"og:site_name\" content=\"Ve\u00e7 artikuj p\u00ebrmbledh\u00ebs\" \/>\n<meta property=\"article:publisher\" content=\"https:\/\/www.facebook.com\/press07\/\" \/>\n<meta property=\"article:published_time\" content=\"2024-01-17T18:05:34+00:00\" \/>\n<meta property=\"og:image\" content=\"https:\/\/permbledhja.com\/wp-content\/uploads\/2024\/01\/Fatmir-Limaj.jpg\" \/>\n\t<meta property=\"og:image:width\" content=\"1427\" \/>\n\t<meta property=\"og:image:height\" content=\"805\" \/>\n\t<meta property=\"og:image:type\" content=\"image\/jpeg\" \/>\n<meta name=\"author\" content=\"M M\" \/>\n<meta name=\"twitter:card\" content=\"summary_large_image\" \/>\n<meta name=\"twitter:label1\" content=\"Written by\" \/>\n\t<meta name=\"twitter:data1\" content=\"M M\" \/>\n\t<meta name=\"twitter:label2\" content=\"Est. reading time\" \/>\n\t<meta name=\"twitter:data2\" content=\"2 minuta\" \/>\n<script type=\"application\/ld+json\" class=\"yoast-schema-graph\">{\"@context\":\"https:\/\/schema.org\",\"@graph\":[{\"@type\":\"Article\",\"@id\":\"https:\/\/permbledhja.com\/limaj-per-koalicionin-me-aak-ne-lajm-i-mire-per-kosoven-koha-per-ti-dhene-dinamike-te-re-vendit\/#article\",\"isPartOf\":{\"@id\":\"https:\/\/permbledhja.com\/limaj-per-koalicionin-me-aak-ne-lajm-i-mire-per-kosoven-koha-per-ti-dhene-dinamike-te-re-vendit\/\"},\"author\":{\"name\":\"M M\",\"@id\":\"https:\/\/permbledhja.com\/#\/schema\/person\/d23f13f59b5722643933d6780783acf3\"},\"headline\":\"Limaj p\u00ebr koalicionin me AAK-n\u00eb: Lajm i mir\u00eb p\u00ebr Kosov\u00ebn, koha p\u00ebr t\u2019i dh\u00ebn\u00eb dinamik\u00eb t\u00eb re vendit\",\"datePublished\":\"2024-01-17T18:05:34+00:00\",\"dateModified\":\"2024-01-17T18:05:34+00:00\",\"mainEntityOfPage\":{\"@id\":\"https:\/\/permbledhja.com\/limaj-per-koalicionin-me-aak-ne-lajm-i-mire-per-kosoven-koha-per-ti-dhene-dinamike-te-re-vendit\/\"},\"wordCount\":253,\"publisher\":{\"@id\":\"https:\/\/permbledhja.com\/#organization\"},\"keywords\":[\"Fatmir Limaj\"],\"articleSection\":[\"T\u00eb r\u00ebnd\u00ebsishme\"],\"inLanguage\":\"sq\"},{\"@type\":\"WebPage\",\"@id\":\"https:\/\/permbledhja.com\/limaj-per-koalicionin-me-aak-ne-lajm-i-mire-per-kosoven-koha-per-ti-dhene-dinamike-te-re-vendit\/\",\"url\":\"https:\/\/permbledhja.com\/limaj-per-koalicionin-me-aak-ne-lajm-i-mire-per-kosoven-koha-per-ti-dhene-dinamike-te-re-vendit\/\",\"name\":\"Limaj p\u00ebr koalicionin me AAK-n\u00eb: Lajm i mir\u00eb p\u00ebr Kosov\u00ebn, koha p\u00ebr t\u2019i dh\u00ebn\u00eb dinamik\u00eb t\u00eb re vendit\",\"isPartOf\":{\"@id\":\"https:\/\/permbledhja.com\/#website\"},\"datePublished\":\"2024-01-17T18:05:34+00:00\",\"dateModified\":\"2024-01-17T18:05:34+00:00\",\"breadcrumb\":{\"@id\":\"https:\/\/permbledhja.com\/limaj-per-koalicionin-me-aak-ne-lajm-i-mire-per-kosoven-koha-per-ti-dhene-dinamike-te-re-vendit\/#breadcrumb\"},\"inLanguage\":\"sq\",\"potentialAction\":[{\"@type\":\"ReadAction\",\"target\":[\"https:\/\/permbledhja.com\/limaj-per-koalicionin-me-aak-ne-lajm-i-mire-per-kosoven-koha-per-ti-dhene-dinamike-te-re-vendit\/\"]}]},{\"@type\":\"BreadcrumbList\",\"@id\":\"https:\/\/permbledhja.com\/limaj-per-koalicionin-me-aak-ne-lajm-i-mire-per-kosoven-koha-per-ti-dhene-dinamike-te-re-vendit\/#breadcrumb\",\"itemListElement\":[{\"@type\":\"ListItem\",\"position\":1,\"name\":\"Ballina\",\"item\":\"https:\/\/permbledhja.com\/sq\/\"},{\"@type\":\"ListItem\",\"position\":2,\"name\":\"Limaj p\u00ebr koalicionin me AAK-n\u00eb: Lajm i mir\u00eb p\u00ebr Kosov\u00ebn, koha p\u00ebr t\u2019i dh\u00ebn\u00eb dinamik\u00eb t\u00eb re vendit\"}]},{\"@type\":\"WebSite\",\"@id\":\"https:\/\/permbledhja.com\/#website\",\"url\":\"https:\/\/permbledhja.com\/\",\"name\":\"Ve\u00e7 artikuj p\u00ebrmbledh\u00ebs\",\"description\":\"\",\"publisher\":{\"@id\":\"https:\/\/permbledhja.com\/#organization\"},\"potentialAction\":[{\"@type\":\"SearchAction\",\"target\":{\"@type\":\"EntryPoint\",\"urlTemplate\":\"https:\/\/permbledhja.com\/?s={search_term_string}\"},\"query-input\":\"required name=search_term_string\"}],\"inLanguage\":\"sq\"},{\"@type\":\"Organization\",\"@id\":\"https:\/\/permbledhja.com\/#organization\",\"name\":\"MK Media & Pr\",\"url\":\"https:\/\/permbledhja.com\/\",\"logo\":{\"@type\":\"ImageObject\",\"inLanguage\":\"sq\",\"@id\":\"https:\/\/permbledhja.com\/#\/schema\/logo\/image\/\",\"url\":\"https:\/\/permbledhja.com\/wp-content\/uploads\/2021\/12\/07-Press-Logo.jpg\",\"contentUrl\":\"https:\/\/permbledhja.com\/wp-content\/uploads\/2021\/12\/07-Press-Logo.jpg\",\"width\":512,\"height\":512,\"caption\":\"MK Media & Pr\"},\"image\":{\"@id\":\"https:\/\/permbledhja.com\/#\/schema\/logo\/image\/\"},\"sameAs\":[\"https:\/\/www.facebook.com\/press07\/\"]},{\"@type\":\"Person\",\"@id\":\"https:\/\/permbledhja.com\/#\/schema\/person\/d23f13f59b5722643933d6780783acf3\",\"name\":\"M M\",\"image\":{\"@type\":\"ImageObject\",\"inLanguage\":\"sq\",\"@id\":\"https:\/\/permbledhja.com\/#\/schema\/person\/image\/\",\"url\":\"https:\/\/secure.gravatar.com\/avatar\/e2835a76ca7c31a2416b2d51c4ec9a8f?s=96&d=mm&r=g\",\"contentUrl\":\"https:\/\/secure.gravatar.com\/avatar\/e2835a76ca7c31a2416b2d51c4ec9a8f?s=96&d=mm&r=g\",\"caption\":\"M M\"},\"sameAs\":[\"http:\/\/MM\"],\"url\":\"https:\/\/permbledhja.com\/sq\/author\/muhamet\/\"}]}<\/script>\n<!-- \/ Yoast SEO plugin. -->","yoast_head_json":{"title":"Limaj p\u00ebr koalicionin me AAK-n\u00eb: Lajm i mir\u00eb p\u00ebr Kosov\u00ebn, koha p\u00ebr t\u2019i dh\u00ebn\u00eb dinamik\u00eb t\u00eb re vendit","robots":{"index":"index","follow":"follow","max-snippet":"max-snippet:-1","max-image-preview":"max-image-preview:large","max-video-preview":"max-video-preview:-1"},"canonical":"https:\/\/permbledhja.com\/sq\/limaj-per-koalicionin-me-aak-ne-lajm-i-mire-per-kosoven-koha-per-ti-dhene-dinamike-te-re-vendit\/","og_locale":"sq_AL","og_type":"article","og_title":"Limaj p\u00ebr koalicionin me AAK-n\u00eb: Lajm i mir\u00eb p\u00ebr Kosov\u00ebn, koha p\u00ebr t\u2019i dh\u00ebn\u00eb dinamik\u00eb t\u00eb re vendit","og_description":"Kryetari i Nism\u00ebs Socialdemokrate, Fatmir Limaj, ka th\u00ebn\u00eb se koalicioni me AAK-n\u00eb \u00ebsht\u00eb lajm i mir\u00eb p\u00ebr Kosov\u00ebn e qytetar\u00ebt e vendit. Limaj tha se tash Kosova m\u00eb shum\u00eb se kurr\u00eb ka nevoj\u00eb p\u00ebr bashkimin e t\u00eb gjitha forcave politike q\u00eb kan\u00eb \u00e7ka japin e q\u00eb duan ta shohin ndryshe pozicionin e Kosov\u00ebs, zhvillimin e [&hellip;]","og_url":"https:\/\/permbledhja.com\/sq\/limaj-per-koalicionin-me-aak-ne-lajm-i-mire-per-kosoven-koha-per-ti-dhene-dinamike-te-re-vendit\/","og_site_name":"Ve\u00e7 artikuj p\u00ebrmbledh\u00ebs","article_publisher":"https:\/\/www.facebook.com\/press07\/","article_published_time":"2024-01-17T18:05:34+00:00","og_image":[{"width":1427,"height":805,"url":"https:\/\/permbledhja.com\/wp-content\/uploads\/2024\/01\/Fatmir-Limaj.jpg","type":"image\/jpeg"}],"author":"M M","twitter_card":"summary_large_image","twitter_misc":{"Written by":"M M","Est. reading time":"2 minuta"},"schema":{"@context":"https:\/\/schema.org","@graph":[{"@type":"Article","@id":"https:\/\/permbledhja.com\/limaj-per-koalicionin-me-aak-ne-lajm-i-mire-per-kosoven-koha-per-ti-dhene-dinamike-te-re-vendit\/#article","isPartOf":{"@id":"https:\/\/permbledhja.com\/limaj-per-koalicionin-me-aak-ne-lajm-i-mire-per-kosoven-koha-per-ti-dhene-dinamike-te-re-vendit\/"},"author":{"name":"M M","@id":"https:\/\/permbledhja.com\/#\/schema\/person\/d23f13f59b5722643933d6780783acf3"},"headline":"Limaj p\u00ebr koalicionin me AAK-n\u00eb: Lajm i mir\u00eb p\u00ebr Kosov\u00ebn, koha p\u00ebr t\u2019i dh\u00ebn\u00eb dinamik\u00eb t\u00eb re vendit","datePublished":"2024-01-17T18:05:34+00:00","dateModified":"2024-01-17T18:05:34+00:00","mainEntityOfPage":{"@id":"https:\/\/permbledhja.com\/limaj-per-koalicionin-me-aak-ne-lajm-i-mire-per-kosoven-koha-per-ti-dhene-dinamike-te-re-vendit\/"},"wordCount":253,"publisher":{"@id":"https:\/\/permbledhja.com\/#organization"},"keywords":["Fatmir Limaj"],"articleSection":["T\u00eb r\u00ebnd\u00ebsishme"],"inLanguage":"sq"},{"@type":"WebPage","@id":"https:\/\/permbledhja.com\/limaj-per-koalicionin-me-aak-ne-lajm-i-mire-per-kosoven-koha-per-ti-dhene-dinamike-te-re-vendit\/","url":"https:\/\/permbledhja.com\/limaj-per-koalicionin-me-aak-ne-lajm-i-mire-per-kosoven-koha-per-ti-dhene-dinamike-te-re-vendit\/","name":"Limaj p\u00ebr koalicionin me AAK-n\u00eb: Lajm i mir\u00eb p\u00ebr Kosov\u00ebn, koha p\u00ebr t\u2019i dh\u00ebn\u00eb dinamik\u00eb t\u00eb re vendit","isPartOf":{"@id":"https:\/\/permbledhja.com\/#website"},"datePublished":"2024-01-17T18:05:34+00:00","dateModified":"2024-01-17T18:05:34+00:00","breadcrumb":{"@id":"https:\/\/permbledhja.com\/limaj-per-koalicionin-me-aak-ne-lajm-i-mire-per-kosoven-koha-per-ti-dhene-dinamike-te-re-vendit\/#breadcrumb"},"inLanguage":"sq","potentialAction":[{"@type":"ReadAction","target":["https:\/\/permbledhja.com\/limaj-per-koalicionin-me-aak-ne-lajm-i-mire-per-kosoven-koha-per-ti-dhene-dinamike-te-re-vendit\/"]}]},{"@type":"BreadcrumbList","@id":"https:\/\/permbledhja.com\/limaj-per-koalicionin-me-aak-ne-lajm-i-mire-per-kosoven-koha-per-ti-dhene-dinamike-te-re-vendit\/#breadcrumb","itemListElement":[{"@type":"ListItem","position":1,"name":"Ballina","item":"https:\/\/permbledhja.com\/sq\/"},{"@type":"ListItem","position":2,"name":"Limaj p\u00ebr koalicionin me AAK-n\u00eb: Lajm i mir\u00eb p\u00ebr Kosov\u00ebn, koha p\u00ebr t\u2019i dh\u00ebn\u00eb dinamik\u00eb t\u00eb re vendit"}]},{"@type":"WebSite","@id":"https:\/\/permbledhja.com\/#website","url":"https:\/\/permbledhja.com\/","name":"Ve\u00e7 artikuj p\u00ebrmbledh\u00ebs","description":"","publisher":{"@id":"https:\/\/permbledhja.com\/#organization"},"potentialAction":[{"@type":"SearchAction","target":{"@type":"EntryPoint","urlTemplate":"https:\/\/permbledhja.com\/?s={search_term_string}"},"query-input":"required name=search_term_string"}],"inLanguage":"sq"},{"@type":"Organization","@id":"https:\/\/permbledhja.com\/#organization","name":"MK Media & Pr","url":"https:\/\/permbledhja.com\/","logo":{"@type":"ImageObject","inLanguage":"sq","@id":"https:\/\/permbledhja.com\/#\/schema\/logo\/image\/","url":"https:\/\/permbledhja.com\/wp-content\/uploads\/2021\/12\/07-Press-Logo.jpg","contentUrl":"https:\/\/permbledhja.com\/wp-content\/uploads\/2021\/12\/07-Press-Logo.jpg","width":512,"height":512,"caption":"MK Media & Pr"},"image":{"@id":"https:\/\/permbledhja.com\/#\/schema\/logo\/image\/"},"sameAs":["https:\/\/www.facebook.com\/press07\/"]},{"@type":"Person","@id":"https:\/\/permbledhja.com\/#\/schema\/person\/d23f13f59b5722643933d6780783acf3","name":"M M","image":{"@type":"ImageObject","inLanguage":"sq","@id":"https:\/\/permbledhja.com\/#\/schema\/person\/image\/","url":"https:\/\/secure.gravatar.com\/avatar\/e2835a76ca7c31a2416b2d51c4ec9a8f?s=96&d=mm&r=g","contentUrl":"https:\/\/secure.gravatar.com\/avatar\/e2835a76ca7c31a2416b2d51c4ec9a8f?s=96&d=mm&r=g","caption":"M M"},"sameAs":["http:\/\/MM"],"url":"https:\/\/permbledhja.com\/sq\/author\/muhamet\/"}]}},"_links":{"self":[{"href":"https:\/\/permbledhja.com\/sq\/wp-json\/wp\/v2\/posts\/43581"}],"collection":[{"href":"https:\/\/permbledhja.com\/sq\/wp-json\/wp\/v2\/posts"}],"about":[{"href":"https:\/\/permbledhja.com\/sq\/wp-json\/wp\/v2\/types\/post"}],"author":[{"embeddable":true,"href":"https:\/\/permbledhja.com\/sq\/wp-json\/wp\/v2\/users\/2"}],"replies":[{"embeddable":true,"href":"https:\/\/permbledhja.com\/sq\/wp-json\/wp\/v2\/comments?post=43581"}],"version-history":[{"count":1,"href":"https:\/\/permbledhja.com\/sq\/wp-json\/wp\/v2\/posts\/43581\/revisions"}],"predecessor-version":[{"id":43583,"href":"https:\/\/permbledhja.com\/sq\/wp-json\/wp\/v2\/posts\/43581\/revisions\/43583"}],"wp:featuredmedia":[{"embeddable":true,"href":"https:\/\/permbledhja.com\/sq\/wp-json\/wp\/v2\/media\/43582"}],"wp:attachment":[{"href":"https:\/\/permbledhja.com\/sq\/wp-json\/wp\/v2\/media?parent=43581"}],"wp:term":[{"taxonomy":"category","embeddable":true,"href":"https:\/\/permbledhja.com\/sq\/wp-json\/wp\/v2\/categories?post=43581"},{"taxonomy":"post_tag","embeddable":true,"href":"https:\/\/permbledhja.com\/sq\/wp-json\/wp\/v2\/tags?post=43581"}],"curies":[{"name":"wp","href":"https:\/\/api.w.org\/{rel}","templated":true}]}}