{"id":43355,"date":"2024-01-16T15:00:02","date_gmt":"2024-01-16T15:00:02","guid":{"rendered":"https:\/\/permbledhja.com\/?p=43355"},"modified":"2024-01-16T15:00:02","modified_gmt":"2024-01-16T15:00:02","slug":"peje-63-vjecari-eskalon-ne-komunikacion-e-kercenon-me-arme-shoferin-qe-kerkoi-ndihme-per-nje-rruge","status":"publish","type":"post","link":"https:\/\/permbledhja.com\/sq\/peje-63-vjecari-eskalon-ne-komunikacion-e-kercenon-me-arme-shoferin-qe-kerkoi-ndihme-per-nje-rruge\/","title":{"rendered":"Pej\u00eb: 63-vje\u00e7ari eskalon n\u00eb komunikacion, e k\u00ebrc\u00ebnon me arm\u00eb shoferin q\u00eb k\u00ebrkoi ndihm\u00eb p\u00ebr nj\u00eb rrug\u00eb"},"content":{"rendered":"<h3>Nj\u00eb 63-vje\u00e7ar po dyshohet se e ka k\u00ebrc\u00ebnuar me arm\u00eb nj\u00eb person, derisa ishin n\u00eb komunikacion, p\u00ebr shkak se ky i fundit ishte ndalur n\u00eb rrug\u00eb me vetur\u00eb dhe k\u00ebrkonte ndihm\u00eb p\u00ebr nj\u00eb rrug\u00eb.<\/h3>\n<p>I dyshuari fillimisht \u00ebsht\u00eb kapur verbalisht me viktim\u00ebn, e m\u00eb pas e ka nxjerr\u00eb arm\u00ebn, t\u00eb cil\u00ebn ia ka drejtuar, por fatmir\u00ebsisht situata nuk ka eskaluar.<\/p>\n<p>Posa rasti \u00ebsht\u00eb denoncuar n\u00eb Polici, i dyshuari \u00ebsht\u00eb arrestuar dhe shoq\u00ebruar n\u00eb stacion policor, nd\u00ebrsa n\u00eb sht\u00ebpin\u00eb e tij jan\u00eb kryer bastisje \u2013 ku u gjet\u00ebn dhe u sekuestruan dy arm\u00eb.<\/p>\n<p>Pas p\u00ebrfundimit t\u00eb procedurave policore, Prokurori i Shtetit ka nxjerr\u00eb aktvendim q\u00eb t\u00eb dyshuarit t\u2019i caktohet masa e ndalimit policor dhe i nj\u00ebjti do t\u00eb hetohet n\u00ebn dyshimet p\u00ebr kryerjen e vepr\u00ebs penale \u2018Kanosje\u2019 dhe \u2018Arm\u00ebmbajtje pa leje\u2019.<\/p>\n","protected":false},"excerpt":{"rendered":"<p>Nj\u00eb 63-vje\u00e7ar po dyshohet se e ka k\u00ebrc\u00ebnuar me arm\u00eb nj\u00eb person, derisa ishin n\u00eb komunikacion, p\u00ebr shkak se ky i fundit ishte ndalur n\u00eb rrug\u00eb me vetur\u00eb dhe k\u00ebrkonte ndihm\u00eb p\u00ebr nj\u00eb rrug\u00eb. I dyshuari fillimisht \u00ebsht\u00eb kapur verbalisht me viktim\u00ebn, e m\u00eb pas e ka nxjerr\u00eb arm\u00ebn, t\u00eb cil\u00ebn ia ka drejtuar, por [&hellip;]<\/p>\n","protected":false},"author":5,"featured_media":31948,"comment_status":"closed","ping_status":"closed","sticky":false,"template":"","format":"standard","meta":{"_monsterinsights_skip_tracking":false,"_monsterinsights_sitenote_active":false,"_monsterinsights_sitenote_note":"","_monsterinsights_sitenote_category":0,"_uf_show_specific_survey":0,"_uf_disable_surveys":false,"footnotes":""},"categories":[15],"tags":[],"yoast_head":"<!-- This site is optimized with the Yoast SEO plugin v21.5 - https:\/\/yoast.com\/wordpress\/plugins\/seo\/ -->\n<title>Pej\u00eb: 63-vje\u00e7ari eskalon n\u00eb komunikacion, e k\u00ebrc\u00ebnon me arm\u00eb shoferin q\u00eb k\u00ebrkoi ndihm\u00eb p\u00ebr nj\u00eb rrug\u00eb<\/title>\n<meta name=\"robots\" content=\"index, follow, max-snippet:-1, max-image-preview:large, max-video-preview:-1\" \/>\n<link rel=\"canonical\" href=\"https:\/\/permbledhja.com\/sq\/peje-63-vjecari-eskalon-ne-komunikacion-e-kercenon-me-arme-shoferin-qe-kerkoi-ndihme-per-nje-rruge\/\" \/>\n<meta property=\"og:locale\" content=\"sq_AL\" \/>\n<meta property=\"og:type\" content=\"article\" \/>\n<meta property=\"og:title\" content=\"Pej\u00eb: 63-vje\u00e7ari eskalon n\u00eb komunikacion, e k\u00ebrc\u00ebnon me arm\u00eb shoferin q\u00eb k\u00ebrkoi ndihm\u00eb p\u00ebr nj\u00eb rrug\u00eb\" \/>\n<meta property=\"og:description\" content=\"Nj\u00eb 63-vje\u00e7ar po dyshohet se e ka k\u00ebrc\u00ebnuar me arm\u00eb nj\u00eb person, derisa ishin n\u00eb komunikacion, p\u00ebr shkak se ky i fundit ishte ndalur n\u00eb rrug\u00eb me vetur\u00eb dhe k\u00ebrkonte ndihm\u00eb p\u00ebr nj\u00eb rrug\u00eb. I dyshuari fillimisht \u00ebsht\u00eb kapur verbalisht me viktim\u00ebn, e m\u00eb pas e ka nxjerr\u00eb arm\u00ebn, t\u00eb cil\u00ebn ia ka drejtuar, por [&hellip;]\" \/>\n<meta property=\"og:url\" content=\"https:\/\/permbledhja.com\/sq\/peje-63-vjecari-eskalon-ne-komunikacion-e-kercenon-me-arme-shoferin-qe-kerkoi-ndihme-per-nje-rruge\/\" \/>\n<meta property=\"og:site_name\" content=\"Ve\u00e7 artikuj p\u00ebrmbledh\u00ebs\" \/>\n<meta property=\"article:publisher\" content=\"https:\/\/www.facebook.com\/press07\/\" \/>\n<meta property=\"article:published_time\" content=\"2024-01-16T15:00:02+00:00\" \/>\n<meta property=\"og:image\" content=\"https:\/\/permbledhja.com\/wp-content\/uploads\/2023\/10\/policia-arrestim-e1459677672314_1546970705-5556959-4.jpg\" \/>\n\t<meta property=\"og:image:width\" content=\"633\" \/>\n\t<meta property=\"og:image:height\" content=\"347\" \/>\n\t<meta property=\"og:image:type\" content=\"image\/jpeg\" \/>\n<meta name=\"author\" content=\"DL\" \/>\n<meta name=\"twitter:card\" content=\"summary_large_image\" \/>\n<meta name=\"twitter:label1\" content=\"Written by\" \/>\n\t<meta name=\"twitter:data1\" content=\"DL\" \/>\n\t<meta name=\"twitter:label2\" content=\"Est. reading time\" \/>\n\t<meta name=\"twitter:data2\" content=\"1 minut\u00eb\" \/>\n<script type=\"application\/ld+json\" class=\"yoast-schema-graph\">{\"@context\":\"https:\/\/schema.org\",\"@graph\":[{\"@type\":\"Article\",\"@id\":\"https:\/\/permbledhja.com\/sq\/peje-63-vjecari-eskalon-ne-komunikacion-e-kercenon-me-arme-shoferin-qe-kerkoi-ndihme-per-nje-rruge\/#article\",\"isPartOf\":{\"@id\":\"https:\/\/permbledhja.com\/sq\/peje-63-vjecari-eskalon-ne-komunikacion-e-kercenon-me-arme-shoferin-qe-kerkoi-ndihme-per-nje-rruge\/\"},\"author\":{\"name\":\"DL\",\"@id\":\"https:\/\/permbledhja.com\/#\/schema\/person\/9c54260cbc4c6f792cb100550491638c\"},\"headline\":\"Pej\u00eb: 63-vje\u00e7ari eskalon n\u00eb komunikacion, e k\u00ebrc\u00ebnon me arm\u00eb shoferin q\u00eb k\u00ebrkoi ndihm\u00eb p\u00ebr nj\u00eb rrug\u00eb\",\"datePublished\":\"2024-01-16T15:00:02+00:00\",\"dateModified\":\"2024-01-16T15:00:02+00:00\",\"mainEntityOfPage\":{\"@id\":\"https:\/\/permbledhja.com\/sq\/peje-63-vjecari-eskalon-ne-komunikacion-e-kercenon-me-arme-shoferin-qe-kerkoi-ndihme-per-nje-rruge\/\"},\"wordCount\":171,\"publisher\":{\"@id\":\"https:\/\/permbledhja.com\/#organization\"},\"articleSection\":[\"Lajme\"],\"inLanguage\":\"sq\"},{\"@type\":\"WebPage\",\"@id\":\"https:\/\/permbledhja.com\/sq\/peje-63-vjecari-eskalon-ne-komunikacion-e-kercenon-me-arme-shoferin-qe-kerkoi-ndihme-per-nje-rruge\/\",\"url\":\"https:\/\/permbledhja.com\/sq\/peje-63-vjecari-eskalon-ne-komunikacion-e-kercenon-me-arme-shoferin-qe-kerkoi-ndihme-per-nje-rruge\/\",\"name\":\"Pej\u00eb: 63-vje\u00e7ari eskalon n\u00eb komunikacion, e k\u00ebrc\u00ebnon me arm\u00eb shoferin q\u00eb k\u00ebrkoi ndihm\u00eb p\u00ebr nj\u00eb rrug\u00eb\",\"isPartOf\":{\"@id\":\"https:\/\/permbledhja.com\/#website\"},\"datePublished\":\"2024-01-16T15:00:02+00:00\",\"dateModified\":\"2024-01-16T15:00:02+00:00\",\"breadcrumb\":{\"@id\":\"https:\/\/permbledhja.com\/sq\/peje-63-vjecari-eskalon-ne-komunikacion-e-kercenon-me-arme-shoferin-qe-kerkoi-ndihme-per-nje-rruge\/#breadcrumb\"},\"inLanguage\":\"sq\",\"potentialAction\":[{\"@type\":\"ReadAction\",\"target\":[\"https:\/\/permbledhja.com\/sq\/peje-63-vjecari-eskalon-ne-komunikacion-e-kercenon-me-arme-shoferin-qe-kerkoi-ndihme-per-nje-rruge\/\"]}]},{\"@type\":\"BreadcrumbList\",\"@id\":\"https:\/\/permbledhja.com\/sq\/peje-63-vjecari-eskalon-ne-komunikacion-e-kercenon-me-arme-shoferin-qe-kerkoi-ndihme-per-nje-rruge\/#breadcrumb\",\"itemListElement\":[{\"@type\":\"ListItem\",\"position\":1,\"name\":\"Ballina\",\"item\":\"https:\/\/permbledhja.com\/sq\/\"},{\"@type\":\"ListItem\",\"position\":2,\"name\":\"Pej\u00eb: 63-vje\u00e7ari eskalon n\u00eb komunikacion, e k\u00ebrc\u00ebnon me arm\u00eb shoferin q\u00eb k\u00ebrkoi ndihm\u00eb p\u00ebr nj\u00eb rrug\u00eb\"}]},{\"@type\":\"WebSite\",\"@id\":\"https:\/\/permbledhja.com\/#website\",\"url\":\"https:\/\/permbledhja.com\/\",\"name\":\"Ve\u00e7 artikuj p\u00ebrmbledh\u00ebs\",\"description\":\"\",\"publisher\":{\"@id\":\"https:\/\/permbledhja.com\/#organization\"},\"potentialAction\":[{\"@type\":\"SearchAction\",\"target\":{\"@type\":\"EntryPoint\",\"urlTemplate\":\"https:\/\/permbledhja.com\/?s={search_term_string}\"},\"query-input\":\"required name=search_term_string\"}],\"inLanguage\":\"sq\"},{\"@type\":\"Organization\",\"@id\":\"https:\/\/permbledhja.com\/#organization\",\"name\":\"MK Media & Pr\",\"url\":\"https:\/\/permbledhja.com\/\",\"logo\":{\"@type\":\"ImageObject\",\"inLanguage\":\"sq\",\"@id\":\"https:\/\/permbledhja.com\/#\/schema\/logo\/image\/\",\"url\":\"https:\/\/permbledhja.com\/wp-content\/uploads\/2021\/12\/07-Press-Logo.jpg\",\"contentUrl\":\"https:\/\/permbledhja.com\/wp-content\/uploads\/2021\/12\/07-Press-Logo.jpg\",\"width\":512,\"height\":512,\"caption\":\"MK Media & Pr\"},\"image\":{\"@id\":\"https:\/\/permbledhja.com\/#\/schema\/logo\/image\/\"},\"sameAs\":[\"https:\/\/www.facebook.com\/press07\/\"]},{\"@type\":\"Person\",\"@id\":\"https:\/\/permbledhja.com\/#\/schema\/person\/9c54260cbc4c6f792cb100550491638c\",\"name\":\"DL\",\"image\":{\"@type\":\"ImageObject\",\"inLanguage\":\"sq\",\"@id\":\"https:\/\/permbledhja.com\/#\/schema\/person\/image\/\",\"url\":\"https:\/\/secure.gravatar.com\/avatar\/94503eb28d4c4b2005a5c8753e35fc80?s=96&d=mm&r=g\",\"contentUrl\":\"https:\/\/secure.gravatar.com\/avatar\/94503eb28d4c4b2005a5c8753e35fc80?s=96&d=mm&r=g\",\"caption\":\"DL\"},\"url\":\"https:\/\/permbledhja.com\/sq\/author\/dl\/\"}]}<\/script>\n<!-- \/ Yoast SEO plugin. -->","yoast_head_json":{"title":"Pej\u00eb: 63-vje\u00e7ari eskalon n\u00eb komunikacion, e k\u00ebrc\u00ebnon me arm\u00eb shoferin q\u00eb k\u00ebrkoi ndihm\u00eb p\u00ebr nj\u00eb rrug\u00eb","robots":{"index":"index","follow":"follow","max-snippet":"max-snippet:-1","max-image-preview":"max-image-preview:large","max-video-preview":"max-video-preview:-1"},"canonical":"https:\/\/permbledhja.com\/sq\/peje-63-vjecari-eskalon-ne-komunikacion-e-kercenon-me-arme-shoferin-qe-kerkoi-ndihme-per-nje-rruge\/","og_locale":"sq_AL","og_type":"article","og_title":"Pej\u00eb: 63-vje\u00e7ari eskalon n\u00eb komunikacion, e k\u00ebrc\u00ebnon me arm\u00eb shoferin q\u00eb k\u00ebrkoi ndihm\u00eb p\u00ebr nj\u00eb rrug\u00eb","og_description":"Nj\u00eb 63-vje\u00e7ar po dyshohet se e ka k\u00ebrc\u00ebnuar me arm\u00eb nj\u00eb person, derisa ishin n\u00eb komunikacion, p\u00ebr shkak se ky i fundit ishte ndalur n\u00eb rrug\u00eb me vetur\u00eb dhe k\u00ebrkonte ndihm\u00eb p\u00ebr nj\u00eb rrug\u00eb. I dyshuari fillimisht \u00ebsht\u00eb kapur verbalisht me viktim\u00ebn, e m\u00eb pas e ka nxjerr\u00eb arm\u00ebn, t\u00eb cil\u00ebn ia ka drejtuar, por [&hellip;]","og_url":"https:\/\/permbledhja.com\/sq\/peje-63-vjecari-eskalon-ne-komunikacion-e-kercenon-me-arme-shoferin-qe-kerkoi-ndihme-per-nje-rruge\/","og_site_name":"Ve\u00e7 artikuj p\u00ebrmbledh\u00ebs","article_publisher":"https:\/\/www.facebook.com\/press07\/","article_published_time":"2024-01-16T15:00:02+00:00","og_image":[{"width":633,"height":347,"url":"https:\/\/permbledhja.com\/wp-content\/uploads\/2023\/10\/policia-arrestim-e1459677672314_1546970705-5556959-4.jpg","type":"image\/jpeg"}],"author":"DL","twitter_card":"summary_large_image","twitter_misc":{"Written by":"DL","Est. reading time":"1 minut\u00eb"},"schema":{"@context":"https:\/\/schema.org","@graph":[{"@type":"Article","@id":"https:\/\/permbledhja.com\/sq\/peje-63-vjecari-eskalon-ne-komunikacion-e-kercenon-me-arme-shoferin-qe-kerkoi-ndihme-per-nje-rruge\/#article","isPartOf":{"@id":"https:\/\/permbledhja.com\/sq\/peje-63-vjecari-eskalon-ne-komunikacion-e-kercenon-me-arme-shoferin-qe-kerkoi-ndihme-per-nje-rruge\/"},"author":{"name":"DL","@id":"https:\/\/permbledhja.com\/#\/schema\/person\/9c54260cbc4c6f792cb100550491638c"},"headline":"Pej\u00eb: 63-vje\u00e7ari eskalon n\u00eb komunikacion, e k\u00ebrc\u00ebnon me arm\u00eb shoferin q\u00eb k\u00ebrkoi ndihm\u00eb p\u00ebr nj\u00eb rrug\u00eb","datePublished":"2024-01-16T15:00:02+00:00","dateModified":"2024-01-16T15:00:02+00:00","mainEntityOfPage":{"@id":"https:\/\/permbledhja.com\/sq\/peje-63-vjecari-eskalon-ne-komunikacion-e-kercenon-me-arme-shoferin-qe-kerkoi-ndihme-per-nje-rruge\/"},"wordCount":171,"publisher":{"@id":"https:\/\/permbledhja.com\/#organization"},"articleSection":["Lajme"],"inLanguage":"sq"},{"@type":"WebPage","@id":"https:\/\/permbledhja.com\/sq\/peje-63-vjecari-eskalon-ne-komunikacion-e-kercenon-me-arme-shoferin-qe-kerkoi-ndihme-per-nje-rruge\/","url":"https:\/\/permbledhja.com\/sq\/peje-63-vjecari-eskalon-ne-komunikacion-e-kercenon-me-arme-shoferin-qe-kerkoi-ndihme-per-nje-rruge\/","name":"Pej\u00eb: 63-vje\u00e7ari eskalon n\u00eb komunikacion, e k\u00ebrc\u00ebnon me arm\u00eb shoferin q\u00eb k\u00ebrkoi ndihm\u00eb p\u00ebr nj\u00eb rrug\u00eb","isPartOf":{"@id":"https:\/\/permbledhja.com\/#website"},"datePublished":"2024-01-16T15:00:02+00:00","dateModified":"2024-01-16T15:00:02+00:00","breadcrumb":{"@id":"https:\/\/permbledhja.com\/sq\/peje-63-vjecari-eskalon-ne-komunikacion-e-kercenon-me-arme-shoferin-qe-kerkoi-ndihme-per-nje-rruge\/#breadcrumb"},"inLanguage":"sq","potentialAction":[{"@type":"ReadAction","target":["https:\/\/permbledhja.com\/sq\/peje-63-vjecari-eskalon-ne-komunikacion-e-kercenon-me-arme-shoferin-qe-kerkoi-ndihme-per-nje-rruge\/"]}]},{"@type":"BreadcrumbList","@id":"https:\/\/permbledhja.com\/sq\/peje-63-vjecari-eskalon-ne-komunikacion-e-kercenon-me-arme-shoferin-qe-kerkoi-ndihme-per-nje-rruge\/#breadcrumb","itemListElement":[{"@type":"ListItem","position":1,"name":"Ballina","item":"https:\/\/permbledhja.com\/sq\/"},{"@type":"ListItem","position":2,"name":"Pej\u00eb: 63-vje\u00e7ari eskalon n\u00eb komunikacion, e k\u00ebrc\u00ebnon me arm\u00eb shoferin q\u00eb k\u00ebrkoi ndihm\u00eb p\u00ebr nj\u00eb rrug\u00eb"}]},{"@type":"WebSite","@id":"https:\/\/permbledhja.com\/#website","url":"https:\/\/permbledhja.com\/","name":"Ve\u00e7 artikuj p\u00ebrmbledh\u00ebs","description":"","publisher":{"@id":"https:\/\/permbledhja.com\/#organization"},"potentialAction":[{"@type":"SearchAction","target":{"@type":"EntryPoint","urlTemplate":"https:\/\/permbledhja.com\/?s={search_term_string}"},"query-input":"required name=search_term_string"}],"inLanguage":"sq"},{"@type":"Organization","@id":"https:\/\/permbledhja.com\/#organization","name":"MK Media & Pr","url":"https:\/\/permbledhja.com\/","logo":{"@type":"ImageObject","inLanguage":"sq","@id":"https:\/\/permbledhja.com\/#\/schema\/logo\/image\/","url":"https:\/\/permbledhja.com\/wp-content\/uploads\/2021\/12\/07-Press-Logo.jpg","contentUrl":"https:\/\/permbledhja.com\/wp-content\/uploads\/2021\/12\/07-Press-Logo.jpg","width":512,"height":512,"caption":"MK Media & Pr"},"image":{"@id":"https:\/\/permbledhja.com\/#\/schema\/logo\/image\/"},"sameAs":["https:\/\/www.facebook.com\/press07\/"]},{"@type":"Person","@id":"https:\/\/permbledhja.com\/#\/schema\/person\/9c54260cbc4c6f792cb100550491638c","name":"DL","image":{"@type":"ImageObject","inLanguage":"sq","@id":"https:\/\/permbledhja.com\/#\/schema\/person\/image\/","url":"https:\/\/secure.gravatar.com\/avatar\/94503eb28d4c4b2005a5c8753e35fc80?s=96&d=mm&r=g","contentUrl":"https:\/\/secure.gravatar.com\/avatar\/94503eb28d4c4b2005a5c8753e35fc80?s=96&d=mm&r=g","caption":"DL"},"url":"https:\/\/permbledhja.com\/sq\/author\/dl\/"}]}},"_links":{"self":[{"href":"https:\/\/permbledhja.com\/sq\/wp-json\/wp\/v2\/posts\/43355"}],"collection":[{"href":"https:\/\/permbledhja.com\/sq\/wp-json\/wp\/v2\/posts"}],"about":[{"href":"https:\/\/permbledhja.com\/sq\/wp-json\/wp\/v2\/types\/post"}],"author":[{"embeddable":true,"href":"https:\/\/permbledhja.com\/sq\/wp-json\/wp\/v2\/users\/5"}],"replies":[{"embeddable":true,"href":"https:\/\/permbledhja.com\/sq\/wp-json\/wp\/v2\/comments?post=43355"}],"version-history":[{"count":1,"href":"https:\/\/permbledhja.com\/sq\/wp-json\/wp\/v2\/posts\/43355\/revisions"}],"predecessor-version":[{"id":43357,"href":"https:\/\/permbledhja.com\/sq\/wp-json\/wp\/v2\/posts\/43355\/revisions\/43357"}],"wp:featuredmedia":[{"embeddable":true,"href":"https:\/\/permbledhja.com\/sq\/wp-json\/wp\/v2\/media\/31948"}],"wp:attachment":[{"href":"https:\/\/permbledhja.com\/sq\/wp-json\/wp\/v2\/media?parent=43355"}],"wp:term":[{"taxonomy":"category","embeddable":true,"href":"https:\/\/permbledhja.com\/sq\/wp-json\/wp\/v2\/categories?post=43355"},{"taxonomy":"post_tag","embeddable":true,"href":"https:\/\/permbledhja.com\/sq\/wp-json\/wp\/v2\/tags?post=43355"}],"curies":[{"name":"wp","href":"https:\/\/api.w.org\/{rel}","templated":true}]}}