{"id":43350,"date":"2024-01-16T14:38:30","date_gmt":"2024-01-16T14:38:30","guid":{"rendered":"https:\/\/permbledhja.com\/?p=43350"},"modified":"2024-01-16T14:38:30","modified_gmt":"2024-01-16T14:38:30","slug":"osmani-kryediplomatit-hasani-kosova-ka-nevoje-edhe-me-tej-per-mbeshtetjen-e-shqiperise-ne-arenen-nderkombetare","status":"publish","type":"post","link":"https:\/\/permbledhja.com\/sq\/osmani-kryediplomatit-hasani-kosova-ka-nevoje-edhe-me-tej-per-mbeshtetjen-e-shqiperise-ne-arenen-nderkombetare\/","title":{"rendered":"Osmani \u2013 kryediplomatit Hasani: Kosova ka nevoj\u00eb edhe m\u00eb tej p\u00ebr mb\u00ebshtetjen  e Shqip\u00ebris\u00eb n\u00eb aren\u00ebn nd\u00ebrkomb\u00ebtare"},"content":{"rendered":"<h3>Presidentja e Republik\u00ebs s\u00eb Kosov\u00ebs, Vjosa Osmani, priti sot n\u00eb takim ministrin p\u00ebr Evrop\u00ebn dhe Pun\u00ebt e Jashtme t\u00eb Shqip\u00ebris\u00eb, Igli Hasani, me t\u00eb cilin p\u00ebrpos zhvillimeve t\u00eb fundit politike dhe ato t\u00eb siguris\u00eb u diskutua edhe nevoja p\u00ebr koordinimin e vazhduesh\u00ebm nd\u00ebrshtet\u00ebror n\u00eb politik\u00ebn e jashtme.<\/h3>\n<p>Shqip\u00ebria, sipas Presidentes Osmani e ka mb\u00ebshtetur Kosov\u00ebn p\u00ebrgjat\u00eb periudhave t\u00eb r\u00ebnda p\u00ebr popullin e saj, sikurse edhe n\u00eb procesin e shteformimit dhe shtetnd\u00ebrtimit.<\/p>\n<p>\u201cP\u00ebrtej lidhjes historike e partneritetit strategjik, Kosova dhe Shqip\u00ebria duhet t\u00eb ken\u00eb synime t\u00eb p\u00ebrbashk\u00ebta dhe strategji t\u00eb harmonizuara n\u00eb interes t\u00eb dy shteteve\u201d, ka theksuar Osmani.<\/p>\n<p>N\u00eb takim me ministrin Hasani, Osmani ka theksuar se Kosova ka nevoj\u00eb edhe m\u00eb tej p\u00ebr mb\u00ebshtetjen e Shqip\u00ebris\u00eb n\u00eb aren\u00ebn nd\u00ebrkomb\u00ebtare, sidomos n\u00eb organizatat n\u00eb t\u00eb cilat nuk \u00ebsht\u00eb e p\u00ebrfaq\u00ebsuar.<\/p>\n<p>Presidentja ka th\u00ebn\u00eb po ashtu se forcimi i shtetit t\u00eb Kosov\u00ebs dhe konsolidimi i pozicionit nd\u00ebrkomb\u00ebtar \u00ebsht\u00eb synim i vazhduesh\u00ebm, i cili ka nevoj\u00eb edhe p\u00ebr mb\u00ebshtetjen e Shqip\u00ebris\u00eb.<\/p>\n<p><em>\u201c<\/em>Pozita e Kosov\u00ebs n\u00eb aren\u00ebn nd\u00ebrkomb\u00ebtare ka nevoj\u00eb p\u00ebr kontribut t\u00eb vazhduesh\u00ebm t\u00eb politik\u00ebs s\u00eb jashtme t\u00eb Shqip\u00ebris\u00eb<em>\u201d<\/em>, \u00ebsht\u00eb shprehur Presidentja Osmani, duke theksuar se p\u00ebr Kosov\u00ebn, Shqip\u00ebria \u00ebsht\u00eb jo vet\u00ebm nj\u00eb partner strategjik, por edhe shtet me t\u00eb cilin ka lidhje v\u00ebllaz\u00ebrore, kulturore e komb\u00ebtare.<\/p>\n","protected":false},"excerpt":{"rendered":"<p>Presidentja e Republik\u00ebs s\u00eb Kosov\u00ebs, Vjosa Osmani, priti sot n\u00eb takim ministrin p\u00ebr Evrop\u00ebn dhe Pun\u00ebt e Jashtme t\u00eb Shqip\u00ebris\u00eb, Igli Hasani, me t\u00eb cilin p\u00ebrpos zhvillimeve t\u00eb fundit politike dhe ato t\u00eb siguris\u00eb u diskutua edhe nevoja p\u00ebr koordinimin e vazhduesh\u00ebm nd\u00ebrshtet\u00ebror n\u00eb politik\u00ebn e jashtme. Shqip\u00ebria, sipas Presidentes Osmani e ka mb\u00ebshtetur Kosov\u00ebn [&hellip;]<\/p>\n","protected":false},"author":5,"featured_media":43351,"comment_status":"closed","ping_status":"closed","sticky":false,"template":"","format":"standard","meta":{"_monsterinsights_skip_tracking":false,"_monsterinsights_sitenote_active":false,"_monsterinsights_sitenote_note":"","_monsterinsights_sitenote_category":0,"_uf_show_specific_survey":0,"_uf_disable_surveys":false,"footnotes":""},"categories":[2645],"tags":[],"yoast_head":"<!-- This site is optimized with the Yoast SEO plugin v21.5 - https:\/\/yoast.com\/wordpress\/plugins\/seo\/ -->\n<title>Osmani \u2013 kryediplomatit Hasani: Kosova ka nevoj\u00eb edhe m\u00eb tej p\u00ebr mb\u00ebshtetjen e Shqip\u00ebris\u00eb n\u00eb aren\u00ebn nd\u00ebrkomb\u00ebtare<\/title>\n<meta name=\"robots\" content=\"index, follow, max-snippet:-1, max-image-preview:large, max-video-preview:-1\" \/>\n<link rel=\"canonical\" href=\"https:\/\/permbledhja.com\/sq\/osmani-kryediplomatit-hasani-kosova-ka-nevoje-edhe-me-tej-per-mbeshtetjen-e-shqiperise-ne-arenen-nderkombetare\/\" \/>\n<meta property=\"og:locale\" content=\"sq_AL\" \/>\n<meta property=\"og:type\" content=\"article\" \/>\n<meta property=\"og:title\" content=\"Osmani \u2013 kryediplomatit Hasani: Kosova ka nevoj\u00eb edhe m\u00eb tej p\u00ebr mb\u00ebshtetjen e Shqip\u00ebris\u00eb n\u00eb aren\u00ebn nd\u00ebrkomb\u00ebtare\" \/>\n<meta property=\"og:description\" content=\"Presidentja e Republik\u00ebs s\u00eb Kosov\u00ebs, Vjosa Osmani, priti sot n\u00eb takim ministrin p\u00ebr Evrop\u00ebn dhe Pun\u00ebt e Jashtme t\u00eb Shqip\u00ebris\u00eb, Igli Hasani, me t\u00eb cilin p\u00ebrpos zhvillimeve t\u00eb fundit politike dhe ato t\u00eb siguris\u00eb u diskutua edhe nevoja p\u00ebr koordinimin e vazhduesh\u00ebm nd\u00ebrshtet\u00ebror n\u00eb politik\u00ebn e jashtme. Shqip\u00ebria, sipas Presidentes Osmani e ka mb\u00ebshtetur Kosov\u00ebn [&hellip;]\" \/>\n<meta property=\"og:url\" content=\"https:\/\/permbledhja.com\/sq\/osmani-kryediplomatit-hasani-kosova-ka-nevoje-edhe-me-tej-per-mbeshtetjen-e-shqiperise-ne-arenen-nderkombetare\/\" \/>\n<meta property=\"og:site_name\" content=\"Ve\u00e7 artikuj p\u00ebrmbledh\u00ebs\" \/>\n<meta property=\"article:publisher\" content=\"https:\/\/www.facebook.com\/press07\/\" \/>\n<meta property=\"article:published_time\" content=\"2024-01-16T14:38:30+00:00\" \/>\n<meta property=\"og:image\" content=\"https:\/\/permbledhja.com\/wp-content\/uploads\/2024\/01\/osman.jpg\" \/>\n\t<meta property=\"og:image:width\" content=\"1936\" \/>\n\t<meta property=\"og:image:height\" content=\"1333\" \/>\n\t<meta property=\"og:image:type\" content=\"image\/jpeg\" \/>\n<meta name=\"author\" content=\"DL\" \/>\n<meta name=\"twitter:card\" content=\"summary_large_image\" \/>\n<meta name=\"twitter:label1\" content=\"Written by\" \/>\n\t<meta name=\"twitter:data1\" content=\"DL\" \/>\n\t<meta name=\"twitter:label2\" content=\"Est. reading time\" \/>\n\t<meta name=\"twitter:data2\" content=\"2 minuta\" \/>\n<script type=\"application\/ld+json\" class=\"yoast-schema-graph\">{\"@context\":\"https:\/\/schema.org\",\"@graph\":[{\"@type\":\"Article\",\"@id\":\"https:\/\/permbledhja.com\/osmani-kryediplomatit-hasani-kosova-ka-nevoje-edhe-me-tej-per-mbeshtetjen-e-shqiperise-ne-arenen-nderkombetare\/#article\",\"isPartOf\":{\"@id\":\"https:\/\/permbledhja.com\/osmani-kryediplomatit-hasani-kosova-ka-nevoje-edhe-me-tej-per-mbeshtetjen-e-shqiperise-ne-arenen-nderkombetare\/\"},\"author\":{\"name\":\"DL\",\"@id\":\"https:\/\/permbledhja.com\/#\/schema\/person\/9c54260cbc4c6f792cb100550491638c\"},\"headline\":\"Osmani \u2013 kryediplomatit Hasani: Kosova ka nevoj\u00eb edhe m\u00eb tej p\u00ebr mb\u00ebshtetjen e Shqip\u00ebris\u00eb n\u00eb aren\u00ebn nd\u00ebrkomb\u00ebtare\",\"datePublished\":\"2024-01-16T14:38:30+00:00\",\"dateModified\":\"2024-01-16T14:38:30+00:00\",\"mainEntityOfPage\":{\"@id\":\"https:\/\/permbledhja.com\/osmani-kryediplomatit-hasani-kosova-ka-nevoje-edhe-me-tej-per-mbeshtetjen-e-shqiperise-ne-arenen-nderkombetare\/\"},\"wordCount\":281,\"publisher\":{\"@id\":\"https:\/\/permbledhja.com\/#organization\"},\"articleSection\":[\"T\u00eb r\u00ebnd\u00ebsishme\"],\"inLanguage\":\"sq\"},{\"@type\":\"WebPage\",\"@id\":\"https:\/\/permbledhja.com\/osmani-kryediplomatit-hasani-kosova-ka-nevoje-edhe-me-tej-per-mbeshtetjen-e-shqiperise-ne-arenen-nderkombetare\/\",\"url\":\"https:\/\/permbledhja.com\/osmani-kryediplomatit-hasani-kosova-ka-nevoje-edhe-me-tej-per-mbeshtetjen-e-shqiperise-ne-arenen-nderkombetare\/\",\"name\":\"Osmani \u2013 kryediplomatit Hasani: Kosova ka nevoj\u00eb edhe m\u00eb tej p\u00ebr mb\u00ebshtetjen e Shqip\u00ebris\u00eb n\u00eb aren\u00ebn nd\u00ebrkomb\u00ebtare\",\"isPartOf\":{\"@id\":\"https:\/\/permbledhja.com\/#website\"},\"datePublished\":\"2024-01-16T14:38:30+00:00\",\"dateModified\":\"2024-01-16T14:38:30+00:00\",\"breadcrumb\":{\"@id\":\"https:\/\/permbledhja.com\/osmani-kryediplomatit-hasani-kosova-ka-nevoje-edhe-me-tej-per-mbeshtetjen-e-shqiperise-ne-arenen-nderkombetare\/#breadcrumb\"},\"inLanguage\":\"sq\",\"potentialAction\":[{\"@type\":\"ReadAction\",\"target\":[\"https:\/\/permbledhja.com\/osmani-kryediplomatit-hasani-kosova-ka-nevoje-edhe-me-tej-per-mbeshtetjen-e-shqiperise-ne-arenen-nderkombetare\/\"]}]},{\"@type\":\"BreadcrumbList\",\"@id\":\"https:\/\/permbledhja.com\/osmani-kryediplomatit-hasani-kosova-ka-nevoje-edhe-me-tej-per-mbeshtetjen-e-shqiperise-ne-arenen-nderkombetare\/#breadcrumb\",\"itemListElement\":[{\"@type\":\"ListItem\",\"position\":1,\"name\":\"Ballina\",\"item\":\"https:\/\/permbledhja.com\/sq\/\"},{\"@type\":\"ListItem\",\"position\":2,\"name\":\"Osmani \u2013 kryediplomatit Hasani: Kosova ka nevoj\u00eb edhe m\u00eb tej p\u00ebr mb\u00ebshtetjen e Shqip\u00ebris\u00eb n\u00eb aren\u00ebn nd\u00ebrkomb\u00ebtare\"}]},{\"@type\":\"WebSite\",\"@id\":\"https:\/\/permbledhja.com\/#website\",\"url\":\"https:\/\/permbledhja.com\/\",\"name\":\"Ve\u00e7 artikuj p\u00ebrmbledh\u00ebs\",\"description\":\"\",\"publisher\":{\"@id\":\"https:\/\/permbledhja.com\/#organization\"},\"potentialAction\":[{\"@type\":\"SearchAction\",\"target\":{\"@type\":\"EntryPoint\",\"urlTemplate\":\"https:\/\/permbledhja.com\/?s={search_term_string}\"},\"query-input\":\"required name=search_term_string\"}],\"inLanguage\":\"sq\"},{\"@type\":\"Organization\",\"@id\":\"https:\/\/permbledhja.com\/#organization\",\"name\":\"MK Media & Pr\",\"url\":\"https:\/\/permbledhja.com\/\",\"logo\":{\"@type\":\"ImageObject\",\"inLanguage\":\"sq\",\"@id\":\"https:\/\/permbledhja.com\/#\/schema\/logo\/image\/\",\"url\":\"https:\/\/permbledhja.com\/wp-content\/uploads\/2021\/12\/07-Press-Logo.jpg\",\"contentUrl\":\"https:\/\/permbledhja.com\/wp-content\/uploads\/2021\/12\/07-Press-Logo.jpg\",\"width\":512,\"height\":512,\"caption\":\"MK Media & Pr\"},\"image\":{\"@id\":\"https:\/\/permbledhja.com\/#\/schema\/logo\/image\/\"},\"sameAs\":[\"https:\/\/www.facebook.com\/press07\/\"]},{\"@type\":\"Person\",\"@id\":\"https:\/\/permbledhja.com\/#\/schema\/person\/9c54260cbc4c6f792cb100550491638c\",\"name\":\"DL\",\"image\":{\"@type\":\"ImageObject\",\"inLanguage\":\"sq\",\"@id\":\"https:\/\/permbledhja.com\/#\/schema\/person\/image\/\",\"url\":\"https:\/\/secure.gravatar.com\/avatar\/94503eb28d4c4b2005a5c8753e35fc80?s=96&d=mm&r=g\",\"contentUrl\":\"https:\/\/secure.gravatar.com\/avatar\/94503eb28d4c4b2005a5c8753e35fc80?s=96&d=mm&r=g\",\"caption\":\"DL\"},\"url\":\"https:\/\/permbledhja.com\/sq\/author\/dl\/\"}]}<\/script>\n<!-- \/ Yoast SEO plugin. -->","yoast_head_json":{"title":"Osmani \u2013 kryediplomatit Hasani: Kosova ka nevoj\u00eb edhe m\u00eb tej p\u00ebr mb\u00ebshtetjen e Shqip\u00ebris\u00eb n\u00eb aren\u00ebn nd\u00ebrkomb\u00ebtare","robots":{"index":"index","follow":"follow","max-snippet":"max-snippet:-1","max-image-preview":"max-image-preview:large","max-video-preview":"max-video-preview:-1"},"canonical":"https:\/\/permbledhja.com\/sq\/osmani-kryediplomatit-hasani-kosova-ka-nevoje-edhe-me-tej-per-mbeshtetjen-e-shqiperise-ne-arenen-nderkombetare\/","og_locale":"sq_AL","og_type":"article","og_title":"Osmani \u2013 kryediplomatit Hasani: Kosova ka nevoj\u00eb edhe m\u00eb tej p\u00ebr mb\u00ebshtetjen e Shqip\u00ebris\u00eb n\u00eb aren\u00ebn nd\u00ebrkomb\u00ebtare","og_description":"Presidentja e Republik\u00ebs s\u00eb Kosov\u00ebs, Vjosa Osmani, priti sot n\u00eb takim ministrin p\u00ebr Evrop\u00ebn dhe Pun\u00ebt e Jashtme t\u00eb Shqip\u00ebris\u00eb, Igli Hasani, me t\u00eb cilin p\u00ebrpos zhvillimeve t\u00eb fundit politike dhe ato t\u00eb siguris\u00eb u diskutua edhe nevoja p\u00ebr koordinimin e vazhduesh\u00ebm nd\u00ebrshtet\u00ebror n\u00eb politik\u00ebn e jashtme. Shqip\u00ebria, sipas Presidentes Osmani e ka mb\u00ebshtetur Kosov\u00ebn [&hellip;]","og_url":"https:\/\/permbledhja.com\/sq\/osmani-kryediplomatit-hasani-kosova-ka-nevoje-edhe-me-tej-per-mbeshtetjen-e-shqiperise-ne-arenen-nderkombetare\/","og_site_name":"Ve\u00e7 artikuj p\u00ebrmbledh\u00ebs","article_publisher":"https:\/\/www.facebook.com\/press07\/","article_published_time":"2024-01-16T14:38:30+00:00","og_image":[{"width":1936,"height":1333,"url":"https:\/\/permbledhja.com\/wp-content\/uploads\/2024\/01\/osman.jpg","type":"image\/jpeg"}],"author":"DL","twitter_card":"summary_large_image","twitter_misc":{"Written by":"DL","Est. reading time":"2 minuta"},"schema":{"@context":"https:\/\/schema.org","@graph":[{"@type":"Article","@id":"https:\/\/permbledhja.com\/osmani-kryediplomatit-hasani-kosova-ka-nevoje-edhe-me-tej-per-mbeshtetjen-e-shqiperise-ne-arenen-nderkombetare\/#article","isPartOf":{"@id":"https:\/\/permbledhja.com\/osmani-kryediplomatit-hasani-kosova-ka-nevoje-edhe-me-tej-per-mbeshtetjen-e-shqiperise-ne-arenen-nderkombetare\/"},"author":{"name":"DL","@id":"https:\/\/permbledhja.com\/#\/schema\/person\/9c54260cbc4c6f792cb100550491638c"},"headline":"Osmani \u2013 kryediplomatit Hasani: Kosova ka nevoj\u00eb edhe m\u00eb tej p\u00ebr mb\u00ebshtetjen e Shqip\u00ebris\u00eb n\u00eb aren\u00ebn nd\u00ebrkomb\u00ebtare","datePublished":"2024-01-16T14:38:30+00:00","dateModified":"2024-01-16T14:38:30+00:00","mainEntityOfPage":{"@id":"https:\/\/permbledhja.com\/osmani-kryediplomatit-hasani-kosova-ka-nevoje-edhe-me-tej-per-mbeshtetjen-e-shqiperise-ne-arenen-nderkombetare\/"},"wordCount":281,"publisher":{"@id":"https:\/\/permbledhja.com\/#organization"},"articleSection":["T\u00eb r\u00ebnd\u00ebsishme"],"inLanguage":"sq"},{"@type":"WebPage","@id":"https:\/\/permbledhja.com\/osmani-kryediplomatit-hasani-kosova-ka-nevoje-edhe-me-tej-per-mbeshtetjen-e-shqiperise-ne-arenen-nderkombetare\/","url":"https:\/\/permbledhja.com\/osmani-kryediplomatit-hasani-kosova-ka-nevoje-edhe-me-tej-per-mbeshtetjen-e-shqiperise-ne-arenen-nderkombetare\/","name":"Osmani \u2013 kryediplomatit Hasani: Kosova ka nevoj\u00eb edhe m\u00eb tej p\u00ebr mb\u00ebshtetjen e Shqip\u00ebris\u00eb n\u00eb aren\u00ebn nd\u00ebrkomb\u00ebtare","isPartOf":{"@id":"https:\/\/permbledhja.com\/#website"},"datePublished":"2024-01-16T14:38:30+00:00","dateModified":"2024-01-16T14:38:30+00:00","breadcrumb":{"@id":"https:\/\/permbledhja.com\/osmani-kryediplomatit-hasani-kosova-ka-nevoje-edhe-me-tej-per-mbeshtetjen-e-shqiperise-ne-arenen-nderkombetare\/#breadcrumb"},"inLanguage":"sq","potentialAction":[{"@type":"ReadAction","target":["https:\/\/permbledhja.com\/osmani-kryediplomatit-hasani-kosova-ka-nevoje-edhe-me-tej-per-mbeshtetjen-e-shqiperise-ne-arenen-nderkombetare\/"]}]},{"@type":"BreadcrumbList","@id":"https:\/\/permbledhja.com\/osmani-kryediplomatit-hasani-kosova-ka-nevoje-edhe-me-tej-per-mbeshtetjen-e-shqiperise-ne-arenen-nderkombetare\/#breadcrumb","itemListElement":[{"@type":"ListItem","position":1,"name":"Ballina","item":"https:\/\/permbledhja.com\/sq\/"},{"@type":"ListItem","position":2,"name":"Osmani \u2013 kryediplomatit Hasani: Kosova ka nevoj\u00eb edhe m\u00eb tej p\u00ebr mb\u00ebshtetjen e Shqip\u00ebris\u00eb n\u00eb aren\u00ebn nd\u00ebrkomb\u00ebtare"}]},{"@type":"WebSite","@id":"https:\/\/permbledhja.com\/#website","url":"https:\/\/permbledhja.com\/","name":"Ve\u00e7 artikuj p\u00ebrmbledh\u00ebs","description":"","publisher":{"@id":"https:\/\/permbledhja.com\/#organization"},"potentialAction":[{"@type":"SearchAction","target":{"@type":"EntryPoint","urlTemplate":"https:\/\/permbledhja.com\/?s={search_term_string}"},"query-input":"required name=search_term_string"}],"inLanguage":"sq"},{"@type":"Organization","@id":"https:\/\/permbledhja.com\/#organization","name":"MK Media & Pr","url":"https:\/\/permbledhja.com\/","logo":{"@type":"ImageObject","inLanguage":"sq","@id":"https:\/\/permbledhja.com\/#\/schema\/logo\/image\/","url":"https:\/\/permbledhja.com\/wp-content\/uploads\/2021\/12\/07-Press-Logo.jpg","contentUrl":"https:\/\/permbledhja.com\/wp-content\/uploads\/2021\/12\/07-Press-Logo.jpg","width":512,"height":512,"caption":"MK Media & Pr"},"image":{"@id":"https:\/\/permbledhja.com\/#\/schema\/logo\/image\/"},"sameAs":["https:\/\/www.facebook.com\/press07\/"]},{"@type":"Person","@id":"https:\/\/permbledhja.com\/#\/schema\/person\/9c54260cbc4c6f792cb100550491638c","name":"DL","image":{"@type":"ImageObject","inLanguage":"sq","@id":"https:\/\/permbledhja.com\/#\/schema\/person\/image\/","url":"https:\/\/secure.gravatar.com\/avatar\/94503eb28d4c4b2005a5c8753e35fc80?s=96&d=mm&r=g","contentUrl":"https:\/\/secure.gravatar.com\/avatar\/94503eb28d4c4b2005a5c8753e35fc80?s=96&d=mm&r=g","caption":"DL"},"url":"https:\/\/permbledhja.com\/sq\/author\/dl\/"}]}},"_links":{"self":[{"href":"https:\/\/permbledhja.com\/sq\/wp-json\/wp\/v2\/posts\/43350"}],"collection":[{"href":"https:\/\/permbledhja.com\/sq\/wp-json\/wp\/v2\/posts"}],"about":[{"href":"https:\/\/permbledhja.com\/sq\/wp-json\/wp\/v2\/types\/post"}],"author":[{"embeddable":true,"href":"https:\/\/permbledhja.com\/sq\/wp-json\/wp\/v2\/users\/5"}],"replies":[{"embeddable":true,"href":"https:\/\/permbledhja.com\/sq\/wp-json\/wp\/v2\/comments?post=43350"}],"version-history":[{"count":1,"href":"https:\/\/permbledhja.com\/sq\/wp-json\/wp\/v2\/posts\/43350\/revisions"}],"predecessor-version":[{"id":43354,"href":"https:\/\/permbledhja.com\/sq\/wp-json\/wp\/v2\/posts\/43350\/revisions\/43354"}],"wp:featuredmedia":[{"embeddable":true,"href":"https:\/\/permbledhja.com\/sq\/wp-json\/wp\/v2\/media\/43351"}],"wp:attachment":[{"href":"https:\/\/permbledhja.com\/sq\/wp-json\/wp\/v2\/media?parent=43350"}],"wp:term":[{"taxonomy":"category","embeddable":true,"href":"https:\/\/permbledhja.com\/sq\/wp-json\/wp\/v2\/categories?post=43350"},{"taxonomy":"post_tag","embeddable":true,"href":"https:\/\/permbledhja.com\/sq\/wp-json\/wp\/v2\/tags?post=43350"}],"curies":[{"name":"wp","href":"https:\/\/api.w.org\/{rel}","templated":true}]}}