{"id":43337,"date":"2024-01-16T13:40:00","date_gmt":"2024-01-16T13:40:00","guid":{"rendered":"https:\/\/permbledhja.com\/?p=43337"},"modified":"2024-01-16T13:56:21","modified_gmt":"2024-01-16T13:56:21","slug":"deshira-e-william-walker-kur-te-vdes-dua-te-varrosem-ne-kosove","status":"publish","type":"post","link":"https:\/\/permbledhja.com\/sq\/deshira-e-william-walker-kur-te-vdes-dua-te-varrosem-ne-kosove\/","title":{"rendered":"D\u00ebshira e William Walker: Kur t\u00eb vdes, dua t\u00eb varrosem n\u00eb Kosov\u00eb"},"content":{"rendered":"<h3>Ish-ambasadori William Walker, n\u00eb emisionin \u201cPolitiko\u201d me Kushtrim Sadikun i ftuar dje ka diskutuar p\u00ebr 25 vjetorin e Masakrave t\u00eb Re\u00e7akut.<\/h3>\n<p>Tutje poashtu gjat\u00eb rr\u00ebfimit t\u00eb tij, Walker ka shprehur nj\u00eb d\u00ebshir\u00eb t\u00eb tij ku ai d\u00ebshiron t\u00eb varroset n\u00eb Kosov\u00eb kur t\u00eb vdes.<\/p>\n<p>\u201cUn\u00eb do t\u00eb isha shum\u00eb i lumtur q\u00eb kam th\u00ebn\u00eb se kur t\u00eb vdes, un\u00eb dua t\u00eb varrosem k\u00ebtu dhe kjo \u00ebsht\u00eb d\u00ebshira ime dhe isha me disa kosovar\u00eb duke biseduar dhe thash\u00eb m\u00eb vet\u00eb se dua t\u00eb varrosem k\u00ebtu\u201d, ka th\u00ebn\u00eb ai.<\/p>\n<blockquote class=\"wp-embedded-content\" data-secret=\"XGFjRDsDck\"><p><a href=\"https:\/\/permbledhja.com\/sq\/william-walker-une-besoj-ne-drejtesi-por-kjo-nuk-po-ndodh-ne-gjykaten-speciale-te-hages\/\">William Walker: Un\u00eb besoj n\u00eb drejt\u00ebsi, por kjo nuk po ndodh n\u00eb Gjykat\u00ebn Speciale t\u00eb Hag\u00ebs<\/a><\/p><\/blockquote>\n<p><iframe class=\"wp-embedded-content\" sandbox=\"allow-scripts\" security=\"restricted\" style=\"position: absolute; clip: rect(1px, 1px, 1px, 1px);\" title=\"\u201cWilliam Walker: Un\u00eb besoj n\u00eb drejt\u00ebsi, por kjo nuk po ndodh n\u00eb Gjykat\u00ebn Speciale t\u00eb Hag\u00ebs\u201d &#8212; Ve\u00e7 artikuj p\u00ebrmbledh\u00ebs\" src=\"https:\/\/permbledhja.com\/sq\/william-walker-une-besoj-ne-drejtesi-por-kjo-nuk-po-ndodh-ne-gjykaten-speciale-te-hages\/embed\/#?secret=pPKtDkq4n0#?secret=XGFjRDsDck\" data-secret=\"XGFjRDsDck\" width=\"600\" height=\"338\" frameborder=\"0\" marginwidth=\"0\" marginheight=\"0\" scrolling=\"no\"><\/iframe><\/p>\n","protected":false},"excerpt":{"rendered":"<p>Ish-ambasadori William Walker, n\u00eb emisionin \u201cPolitiko\u201d me Kushtrim Sadikun i ftuar dje ka diskutuar p\u00ebr 25 vjetorin e Masakrave t\u00eb Re\u00e7akut. Tutje poashtu gjat\u00eb rr\u00ebfimit t\u00eb tij, Walker ka shprehur nj\u00eb d\u00ebshir\u00eb t\u00eb tij ku ai d\u00ebshiron t\u00eb varroset n\u00eb Kosov\u00eb kur t\u00eb vdes. \u201cUn\u00eb do t\u00eb isha shum\u00eb i lumtur q\u00eb kam th\u00ebn\u00eb se [&hellip;]<\/p>\n","protected":false},"author":5,"featured_media":43096,"comment_status":"closed","ping_status":"closed","sticky":false,"template":"","format":"standard","meta":{"_monsterinsights_skip_tracking":false,"_monsterinsights_sitenote_active":false,"_monsterinsights_sitenote_note":"","_monsterinsights_sitenote_category":0,"_uf_show_specific_survey":0,"_uf_disable_surveys":false,"footnotes":""},"categories":[15],"tags":[],"yoast_head":"<!-- This site is optimized with the Yoast SEO plugin v21.5 - https:\/\/yoast.com\/wordpress\/plugins\/seo\/ -->\n<title>D\u00ebshira e William Walker: Kur t\u00eb vdes, dua t\u00eb varrosem n\u00eb Kosov\u00eb<\/title>\n<meta name=\"robots\" content=\"index, follow, max-snippet:-1, max-image-preview:large, max-video-preview:-1\" \/>\n<link rel=\"canonical\" href=\"https:\/\/permbledhja.com\/sq\/deshira-e-william-walker-kur-te-vdes-dua-te-varrosem-ne-kosove\/\" \/>\n<meta property=\"og:locale\" content=\"sq_AL\" \/>\n<meta property=\"og:type\" content=\"article\" \/>\n<meta property=\"og:title\" content=\"D\u00ebshira e William Walker: Kur t\u00eb vdes, dua t\u00eb varrosem n\u00eb Kosov\u00eb\" \/>\n<meta property=\"og:description\" content=\"Ish-ambasadori William Walker, n\u00eb emisionin \u201cPolitiko\u201d me Kushtrim Sadikun i ftuar dje ka diskutuar p\u00ebr 25 vjetorin e Masakrave t\u00eb Re\u00e7akut. Tutje poashtu gjat\u00eb rr\u00ebfimit t\u00eb tij, Walker ka shprehur nj\u00eb d\u00ebshir\u00eb t\u00eb tij ku ai d\u00ebshiron t\u00eb varroset n\u00eb Kosov\u00eb kur t\u00eb vdes. \u201cUn\u00eb do t\u00eb isha shum\u00eb i lumtur q\u00eb kam th\u00ebn\u00eb se [&hellip;]\" \/>\n<meta property=\"og:url\" content=\"https:\/\/permbledhja.com\/sq\/deshira-e-william-walker-kur-te-vdes-dua-te-varrosem-ne-kosove\/\" \/>\n<meta property=\"og:site_name\" content=\"Ve\u00e7 artikuj p\u00ebrmbledh\u00ebs\" \/>\n<meta property=\"article:publisher\" content=\"https:\/\/www.facebook.com\/press07\/\" \/>\n<meta property=\"article:published_time\" content=\"2024-01-16T13:40:00+00:00\" \/>\n<meta property=\"article:modified_time\" content=\"2024-01-16T13:56:21+00:00\" \/>\n<meta property=\"og:image\" content=\"https:\/\/permbledhja.com\/wp-content\/uploads\/2024\/01\/walker.jpg\" \/>\n\t<meta property=\"og:image:width\" content=\"827\" \/>\n\t<meta property=\"og:image:height\" content=\"504\" \/>\n\t<meta property=\"og:image:type\" content=\"image\/jpeg\" \/>\n<meta name=\"author\" content=\"DL\" \/>\n<meta name=\"twitter:card\" content=\"summary_large_image\" \/>\n<meta name=\"twitter:label1\" content=\"Written by\" \/>\n\t<meta name=\"twitter:data1\" content=\"DL\" \/>\n\t<meta name=\"twitter:label2\" content=\"Est. reading time\" \/>\n\t<meta name=\"twitter:data2\" content=\"1 minut\u00eb\" \/>\n<script type=\"application\/ld+json\" class=\"yoast-schema-graph\">{\"@context\":\"https:\/\/schema.org\",\"@graph\":[{\"@type\":\"Article\",\"@id\":\"https:\/\/permbledhja.com\/sq\/deshira-e-william-walker-kur-te-vdes-dua-te-varrosem-ne-kosove\/#article\",\"isPartOf\":{\"@id\":\"https:\/\/permbledhja.com\/sq\/deshira-e-william-walker-kur-te-vdes-dua-te-varrosem-ne-kosove\/\"},\"author\":{\"name\":\"DL\",\"@id\":\"https:\/\/permbledhja.com\/#\/schema\/person\/9c54260cbc4c6f792cb100550491638c\"},\"headline\":\"D\u00ebshira e William Walker: Kur t\u00eb vdes, dua t\u00eb varrosem n\u00eb Kosov\u00eb\",\"datePublished\":\"2024-01-16T13:40:00+00:00\",\"dateModified\":\"2024-01-16T13:56:21+00:00\",\"mainEntityOfPage\":{\"@id\":\"https:\/\/permbledhja.com\/sq\/deshira-e-william-walker-kur-te-vdes-dua-te-varrosem-ne-kosove\/\"},\"wordCount\":114,\"publisher\":{\"@id\":\"https:\/\/permbledhja.com\/#organization\"},\"articleSection\":[\"Lajme\"],\"inLanguage\":\"sq\"},{\"@type\":\"WebPage\",\"@id\":\"https:\/\/permbledhja.com\/sq\/deshira-e-william-walker-kur-te-vdes-dua-te-varrosem-ne-kosove\/\",\"url\":\"https:\/\/permbledhja.com\/sq\/deshira-e-william-walker-kur-te-vdes-dua-te-varrosem-ne-kosove\/\",\"name\":\"D\u00ebshira e William Walker: Kur t\u00eb vdes, dua t\u00eb varrosem n\u00eb Kosov\u00eb\",\"isPartOf\":{\"@id\":\"https:\/\/permbledhja.com\/#website\"},\"datePublished\":\"2024-01-16T13:40:00+00:00\",\"dateModified\":\"2024-01-16T13:56:21+00:00\",\"breadcrumb\":{\"@id\":\"https:\/\/permbledhja.com\/sq\/deshira-e-william-walker-kur-te-vdes-dua-te-varrosem-ne-kosove\/#breadcrumb\"},\"inLanguage\":\"sq\",\"potentialAction\":[{\"@type\":\"ReadAction\",\"target\":[\"https:\/\/permbledhja.com\/sq\/deshira-e-william-walker-kur-te-vdes-dua-te-varrosem-ne-kosove\/\"]}]},{\"@type\":\"BreadcrumbList\",\"@id\":\"https:\/\/permbledhja.com\/sq\/deshira-e-william-walker-kur-te-vdes-dua-te-varrosem-ne-kosove\/#breadcrumb\",\"itemListElement\":[{\"@type\":\"ListItem\",\"position\":1,\"name\":\"Ballina\",\"item\":\"https:\/\/permbledhja.com\/sq\/\"},{\"@type\":\"ListItem\",\"position\":2,\"name\":\"D\u00ebshira e William Walker: Kur t\u00eb vdes, dua t\u00eb varrosem n\u00eb Kosov\u00eb\"}]},{\"@type\":\"WebSite\",\"@id\":\"https:\/\/permbledhja.com\/#website\",\"url\":\"https:\/\/permbledhja.com\/\",\"name\":\"Ve\u00e7 artikuj p\u00ebrmbledh\u00ebs\",\"description\":\"\",\"publisher\":{\"@id\":\"https:\/\/permbledhja.com\/#organization\"},\"potentialAction\":[{\"@type\":\"SearchAction\",\"target\":{\"@type\":\"EntryPoint\",\"urlTemplate\":\"https:\/\/permbledhja.com\/?s={search_term_string}\"},\"query-input\":\"required name=search_term_string\"}],\"inLanguage\":\"sq\"},{\"@type\":\"Organization\",\"@id\":\"https:\/\/permbledhja.com\/#organization\",\"name\":\"MK Media & Pr\",\"url\":\"https:\/\/permbledhja.com\/\",\"logo\":{\"@type\":\"ImageObject\",\"inLanguage\":\"sq\",\"@id\":\"https:\/\/permbledhja.com\/#\/schema\/logo\/image\/\",\"url\":\"https:\/\/permbledhja.com\/wp-content\/uploads\/2021\/12\/07-Press-Logo.jpg\",\"contentUrl\":\"https:\/\/permbledhja.com\/wp-content\/uploads\/2021\/12\/07-Press-Logo.jpg\",\"width\":512,\"height\":512,\"caption\":\"MK Media & Pr\"},\"image\":{\"@id\":\"https:\/\/permbledhja.com\/#\/schema\/logo\/image\/\"},\"sameAs\":[\"https:\/\/www.facebook.com\/press07\/\"]},{\"@type\":\"Person\",\"@id\":\"https:\/\/permbledhja.com\/#\/schema\/person\/9c54260cbc4c6f792cb100550491638c\",\"name\":\"DL\",\"image\":{\"@type\":\"ImageObject\",\"inLanguage\":\"sq\",\"@id\":\"https:\/\/permbledhja.com\/#\/schema\/person\/image\/\",\"url\":\"https:\/\/secure.gravatar.com\/avatar\/94503eb28d4c4b2005a5c8753e35fc80?s=96&d=mm&r=g\",\"contentUrl\":\"https:\/\/secure.gravatar.com\/avatar\/94503eb28d4c4b2005a5c8753e35fc80?s=96&d=mm&r=g\",\"caption\":\"DL\"},\"url\":\"https:\/\/permbledhja.com\/sq\/author\/dl\/\"}]}<\/script>\n<!-- \/ Yoast SEO plugin. -->","yoast_head_json":{"title":"D\u00ebshira e William Walker: Kur t\u00eb vdes, dua t\u00eb varrosem n\u00eb Kosov\u00eb","robots":{"index":"index","follow":"follow","max-snippet":"max-snippet:-1","max-image-preview":"max-image-preview:large","max-video-preview":"max-video-preview:-1"},"canonical":"https:\/\/permbledhja.com\/sq\/deshira-e-william-walker-kur-te-vdes-dua-te-varrosem-ne-kosove\/","og_locale":"sq_AL","og_type":"article","og_title":"D\u00ebshira e William Walker: Kur t\u00eb vdes, dua t\u00eb varrosem n\u00eb Kosov\u00eb","og_description":"Ish-ambasadori William Walker, n\u00eb emisionin \u201cPolitiko\u201d me Kushtrim Sadikun i ftuar dje ka diskutuar p\u00ebr 25 vjetorin e Masakrave t\u00eb Re\u00e7akut. Tutje poashtu gjat\u00eb rr\u00ebfimit t\u00eb tij, Walker ka shprehur nj\u00eb d\u00ebshir\u00eb t\u00eb tij ku ai d\u00ebshiron t\u00eb varroset n\u00eb Kosov\u00eb kur t\u00eb vdes. \u201cUn\u00eb do t\u00eb isha shum\u00eb i lumtur q\u00eb kam th\u00ebn\u00eb se [&hellip;]","og_url":"https:\/\/permbledhja.com\/sq\/deshira-e-william-walker-kur-te-vdes-dua-te-varrosem-ne-kosove\/","og_site_name":"Ve\u00e7 artikuj p\u00ebrmbledh\u00ebs","article_publisher":"https:\/\/www.facebook.com\/press07\/","article_published_time":"2024-01-16T13:40:00+00:00","article_modified_time":"2024-01-16T13:56:21+00:00","og_image":[{"width":827,"height":504,"url":"https:\/\/permbledhja.com\/wp-content\/uploads\/2024\/01\/walker.jpg","type":"image\/jpeg"}],"author":"DL","twitter_card":"summary_large_image","twitter_misc":{"Written by":"DL","Est. reading time":"1 minut\u00eb"},"schema":{"@context":"https:\/\/schema.org","@graph":[{"@type":"Article","@id":"https:\/\/permbledhja.com\/sq\/deshira-e-william-walker-kur-te-vdes-dua-te-varrosem-ne-kosove\/#article","isPartOf":{"@id":"https:\/\/permbledhja.com\/sq\/deshira-e-william-walker-kur-te-vdes-dua-te-varrosem-ne-kosove\/"},"author":{"name":"DL","@id":"https:\/\/permbledhja.com\/#\/schema\/person\/9c54260cbc4c6f792cb100550491638c"},"headline":"D\u00ebshira e William Walker: Kur t\u00eb vdes, dua t\u00eb varrosem n\u00eb Kosov\u00eb","datePublished":"2024-01-16T13:40:00+00:00","dateModified":"2024-01-16T13:56:21+00:00","mainEntityOfPage":{"@id":"https:\/\/permbledhja.com\/sq\/deshira-e-william-walker-kur-te-vdes-dua-te-varrosem-ne-kosove\/"},"wordCount":114,"publisher":{"@id":"https:\/\/permbledhja.com\/#organization"},"articleSection":["Lajme"],"inLanguage":"sq"},{"@type":"WebPage","@id":"https:\/\/permbledhja.com\/sq\/deshira-e-william-walker-kur-te-vdes-dua-te-varrosem-ne-kosove\/","url":"https:\/\/permbledhja.com\/sq\/deshira-e-william-walker-kur-te-vdes-dua-te-varrosem-ne-kosove\/","name":"D\u00ebshira e William Walker: Kur t\u00eb vdes, dua t\u00eb varrosem n\u00eb Kosov\u00eb","isPartOf":{"@id":"https:\/\/permbledhja.com\/#website"},"datePublished":"2024-01-16T13:40:00+00:00","dateModified":"2024-01-16T13:56:21+00:00","breadcrumb":{"@id":"https:\/\/permbledhja.com\/sq\/deshira-e-william-walker-kur-te-vdes-dua-te-varrosem-ne-kosove\/#breadcrumb"},"inLanguage":"sq","potentialAction":[{"@type":"ReadAction","target":["https:\/\/permbledhja.com\/sq\/deshira-e-william-walker-kur-te-vdes-dua-te-varrosem-ne-kosove\/"]}]},{"@type":"BreadcrumbList","@id":"https:\/\/permbledhja.com\/sq\/deshira-e-william-walker-kur-te-vdes-dua-te-varrosem-ne-kosove\/#breadcrumb","itemListElement":[{"@type":"ListItem","position":1,"name":"Ballina","item":"https:\/\/permbledhja.com\/sq\/"},{"@type":"ListItem","position":2,"name":"D\u00ebshira e William Walker: Kur t\u00eb vdes, dua t\u00eb varrosem n\u00eb Kosov\u00eb"}]},{"@type":"WebSite","@id":"https:\/\/permbledhja.com\/#website","url":"https:\/\/permbledhja.com\/","name":"Ve\u00e7 artikuj p\u00ebrmbledh\u00ebs","description":"","publisher":{"@id":"https:\/\/permbledhja.com\/#organization"},"potentialAction":[{"@type":"SearchAction","target":{"@type":"EntryPoint","urlTemplate":"https:\/\/permbledhja.com\/?s={search_term_string}"},"query-input":"required name=search_term_string"}],"inLanguage":"sq"},{"@type":"Organization","@id":"https:\/\/permbledhja.com\/#organization","name":"MK Media & Pr","url":"https:\/\/permbledhja.com\/","logo":{"@type":"ImageObject","inLanguage":"sq","@id":"https:\/\/permbledhja.com\/#\/schema\/logo\/image\/","url":"https:\/\/permbledhja.com\/wp-content\/uploads\/2021\/12\/07-Press-Logo.jpg","contentUrl":"https:\/\/permbledhja.com\/wp-content\/uploads\/2021\/12\/07-Press-Logo.jpg","width":512,"height":512,"caption":"MK Media & Pr"},"image":{"@id":"https:\/\/permbledhja.com\/#\/schema\/logo\/image\/"},"sameAs":["https:\/\/www.facebook.com\/press07\/"]},{"@type":"Person","@id":"https:\/\/permbledhja.com\/#\/schema\/person\/9c54260cbc4c6f792cb100550491638c","name":"DL","image":{"@type":"ImageObject","inLanguage":"sq","@id":"https:\/\/permbledhja.com\/#\/schema\/person\/image\/","url":"https:\/\/secure.gravatar.com\/avatar\/94503eb28d4c4b2005a5c8753e35fc80?s=96&d=mm&r=g","contentUrl":"https:\/\/secure.gravatar.com\/avatar\/94503eb28d4c4b2005a5c8753e35fc80?s=96&d=mm&r=g","caption":"DL"},"url":"https:\/\/permbledhja.com\/sq\/author\/dl\/"}]}},"_links":{"self":[{"href":"https:\/\/permbledhja.com\/sq\/wp-json\/wp\/v2\/posts\/43337"}],"collection":[{"href":"https:\/\/permbledhja.com\/sq\/wp-json\/wp\/v2\/posts"}],"about":[{"href":"https:\/\/permbledhja.com\/sq\/wp-json\/wp\/v2\/types\/post"}],"author":[{"embeddable":true,"href":"https:\/\/permbledhja.com\/sq\/wp-json\/wp\/v2\/users\/5"}],"replies":[{"embeddable":true,"href":"https:\/\/permbledhja.com\/sq\/wp-json\/wp\/v2\/comments?post=43337"}],"version-history":[{"count":2,"href":"https:\/\/permbledhja.com\/sq\/wp-json\/wp\/v2\/posts\/43337\/revisions"}],"predecessor-version":[{"id":43342,"href":"https:\/\/permbledhja.com\/sq\/wp-json\/wp\/v2\/posts\/43337\/revisions\/43342"}],"wp:featuredmedia":[{"embeddable":true,"href":"https:\/\/permbledhja.com\/sq\/wp-json\/wp\/v2\/media\/43096"}],"wp:attachment":[{"href":"https:\/\/permbledhja.com\/sq\/wp-json\/wp\/v2\/media?parent=43337"}],"wp:term":[{"taxonomy":"category","embeddable":true,"href":"https:\/\/permbledhja.com\/sq\/wp-json\/wp\/v2\/categories?post=43337"},{"taxonomy":"post_tag","embeddable":true,"href":"https:\/\/permbledhja.com\/sq\/wp-json\/wp\/v2\/tags?post=43337"}],"curies":[{"name":"wp","href":"https:\/\/api.w.org\/{rel}","templated":true}]}}