{"id":43334,"date":"2024-01-16T13:34:51","date_gmt":"2024-01-16T13:34:51","guid":{"rendered":"https:\/\/permbledhja.com\/?p=43334"},"modified":"2024-01-16T13:34:51","modified_gmt":"2024-01-16T13:34:51","slug":"trusti-ne-kemi-te-dhena-vetem-per-ceshtje-te-kontributit-pensional-jo-te-pagave","status":"publish","type":"post","link":"https:\/\/permbledhja.com\/sq\/trusti-ne-kemi-te-dhena-vetem-per-ceshtje-te-kontributit-pensional-jo-te-pagave\/","title":{"rendered":"Trusti: Ne kemi t\u00eb dh\u00ebna vet\u00ebm p\u00ebr \u00e7\u00ebshtje t\u00eb kontributit pensional, jo t\u00eb pagave"},"content":{"rendered":"<h3>Nga Trusti Pensional i Kosov\u00ebs kan\u00eb deklaruar se nuk posedojn\u00eb t\u00eb dh\u00ebna rreth pagave t\u00eb t\u00eb pun\u00ebsuarve.<\/h3>\n<p>Por, vet\u00ebm p\u00ebr \u00e7\u00ebshtje t\u00eb kontributit pensional.<\/p>\n<p>\u201cT\u00eb dh\u00ebnat q\u00eb i marrim ne n\u00eb Trust nga ATK-ja jan\u00eb vet\u00ebm p\u00ebr \u00e7\u00ebshtje t\u00eb kontributit pensional. Ne nuk marrim informacione t\u00eb pagave t\u00eb t\u00eb pun\u00ebsuarve por vet\u00ebm pagesa t\u00eb kontributeve\u201d,\u00a0ka th\u00ebn\u00eb z\u00ebdh\u00ebn\u00ebsi i Trustit, Jeton Demi.<\/p>\n<p>Ai ka treguar se t\u00eb dh\u00ebnat e kontribuimit n\u00eb Trust p\u00ebr vitin 2023 do t\u00eb b\u00ebhen t\u00eb ditura n\u00eb fillim t\u00eb muajit mars t\u00eb k\u00ebtij viti.<\/p>\n<p>\u201cP\u00ebr \u00e7\u00ebshtje t\u00eb nivelit t\u00eb kontribuimit, ne i nxjerrim t\u00eb dh\u00ebnat e kontribuimit minimal n\u00eb raportet vjetore (n\u00ebn supozimin e kontribuimit me 10% n\u00eb Trust \u2013 sa \u00ebsht\u00eb obligimi ligjor) por k\u00ebto dh\u00ebna p\u00ebr vitin 2023 do t\u2019i kemi gati nga fillimi i marsit\u201d,\u00a0ka shtuar ai.<\/p>\n<p>Front Online ka d\u00ebrguar pyetje n\u00eb Administrat\u00ebn Tatimore t\u00eb Kosov\u00ebs (ATK) por t\u00eb nj\u00ebjtin kan\u00eb rekomanduar q\u00eb t\u2019i referohemi faqes publike dhe nuk kan\u00eb dh\u00ebn\u00eb informacione t\u00eb detajuara lidhur me at\u00eb se sa persona marrin ende pag\u00eb 170 euro.<\/p>\n<p>Paga minimale n\u00eb Kosov\u00eb aktualisht \u00ebsht\u00eb 130 euro p\u00ebr pun\u00ebtor\u00ebt n\u00ebn 35 vje\u00e7 dhe 170 euro p\u00ebr pun\u00ebtor\u00ebt deri n\u00eb 65 vje\u00e7.<\/p>\n<p>Vlera e pag\u00ebs minimale n\u00eb Kosov\u00eb nuk ka ndryshuar q\u00eb nga viti 2011 dhe \u00ebsht\u00eb m\u00eb e ul\u00ebta n\u00eb Evrop\u00eb, sipas Agjencis\u00eb Evropiane t\u00eb Statistikave, Eurostat.<\/p>\n<p>Po ashtu, ky ligj ndryshon shkall\u00ebt tatimore n\u00eb t\u00eb ardhurat personale vjetore, si dhe procedur\u00ebn e vendosjes s\u00eb pag\u00ebs minimale.<\/p>\n","protected":false},"excerpt":{"rendered":"<p>Nga Trusti Pensional i Kosov\u00ebs kan\u00eb deklaruar se nuk posedojn\u00eb t\u00eb dh\u00ebna rreth pagave t\u00eb t\u00eb pun\u00ebsuarve. Por, vet\u00ebm p\u00ebr \u00e7\u00ebshtje t\u00eb kontributit pensional. \u201cT\u00eb dh\u00ebnat q\u00eb i marrim ne n\u00eb Trust nga ATK-ja jan\u00eb vet\u00ebm p\u00ebr \u00e7\u00ebshtje t\u00eb kontributit pensional. Ne nuk marrim informacione t\u00eb pagave t\u00eb t\u00eb pun\u00ebsuarve por vet\u00ebm pagesa t\u00eb kontributeve\u201d,\u00a0ka [&hellip;]<\/p>\n","protected":false},"author":5,"featured_media":43335,"comment_status":"closed","ping_status":"closed","sticky":false,"template":"","format":"standard","meta":{"_monsterinsights_skip_tracking":false,"_monsterinsights_sitenote_active":false,"_monsterinsights_sitenote_note":"","_monsterinsights_sitenote_category":0,"_uf_show_specific_survey":0,"_uf_disable_surveys":false,"footnotes":""},"categories":[15],"tags":[],"yoast_head":"<!-- This site is optimized with the Yoast SEO plugin v21.5 - https:\/\/yoast.com\/wordpress\/plugins\/seo\/ -->\n<title>Trusti: Ne kemi t\u00eb dh\u00ebna vet\u00ebm p\u00ebr \u00e7\u00ebshtje t\u00eb kontributit pensional, jo t\u00eb pagave<\/title>\n<meta name=\"robots\" content=\"index, follow, max-snippet:-1, max-image-preview:large, max-video-preview:-1\" \/>\n<link rel=\"canonical\" href=\"https:\/\/permbledhja.com\/sq\/trusti-ne-kemi-te-dhena-vetem-per-ceshtje-te-kontributit-pensional-jo-te-pagave\/\" \/>\n<meta property=\"og:locale\" content=\"sq_AL\" \/>\n<meta property=\"og:type\" content=\"article\" \/>\n<meta property=\"og:title\" content=\"Trusti: Ne kemi t\u00eb dh\u00ebna vet\u00ebm p\u00ebr \u00e7\u00ebshtje t\u00eb kontributit pensional, jo t\u00eb pagave\" \/>\n<meta property=\"og:description\" content=\"Nga Trusti Pensional i Kosov\u00ebs kan\u00eb deklaruar se nuk posedojn\u00eb t\u00eb dh\u00ebna rreth pagave t\u00eb t\u00eb pun\u00ebsuarve. Por, vet\u00ebm p\u00ebr \u00e7\u00ebshtje t\u00eb kontributit pensional. \u201cT\u00eb dh\u00ebnat q\u00eb i marrim ne n\u00eb Trust nga ATK-ja jan\u00eb vet\u00ebm p\u00ebr \u00e7\u00ebshtje t\u00eb kontributit pensional. Ne nuk marrim informacione t\u00eb pagave t\u00eb t\u00eb pun\u00ebsuarve por vet\u00ebm pagesa t\u00eb kontributeve\u201d,\u00a0ka [&hellip;]\" \/>\n<meta property=\"og:url\" content=\"https:\/\/permbledhja.com\/sq\/trusti-ne-kemi-te-dhena-vetem-per-ceshtje-te-kontributit-pensional-jo-te-pagave\/\" \/>\n<meta property=\"og:site_name\" content=\"Ve\u00e7 artikuj p\u00ebrmbledh\u00ebs\" \/>\n<meta property=\"article:publisher\" content=\"https:\/\/www.facebook.com\/press07\/\" \/>\n<meta property=\"article:published_time\" content=\"2024-01-16T13:34:51+00:00\" \/>\n<meta property=\"og:image\" content=\"https:\/\/permbledhja.com\/wp-content\/uploads\/2024\/01\/TRUST.jpg\" \/>\n\t<meta property=\"og:image:width\" content=\"1024\" \/>\n\t<meta property=\"og:image:height\" content=\"576\" \/>\n\t<meta property=\"og:image:type\" content=\"image\/jpeg\" \/>\n<meta name=\"author\" content=\"DL\" \/>\n<meta name=\"twitter:card\" content=\"summary_large_image\" \/>\n<meta name=\"twitter:label1\" content=\"Written by\" \/>\n\t<meta name=\"twitter:data1\" content=\"DL\" \/>\n\t<meta name=\"twitter:label2\" content=\"Est. reading time\" \/>\n\t<meta name=\"twitter:data2\" content=\"2 minuta\" \/>\n<script type=\"application\/ld+json\" class=\"yoast-schema-graph\">{\"@context\":\"https:\/\/schema.org\",\"@graph\":[{\"@type\":\"Article\",\"@id\":\"https:\/\/permbledhja.com\/sq\/trusti-ne-kemi-te-dhena-vetem-per-ceshtje-te-kontributit-pensional-jo-te-pagave\/#article\",\"isPartOf\":{\"@id\":\"https:\/\/permbledhja.com\/sq\/trusti-ne-kemi-te-dhena-vetem-per-ceshtje-te-kontributit-pensional-jo-te-pagave\/\"},\"author\":{\"name\":\"DL\",\"@id\":\"https:\/\/permbledhja.com\/#\/schema\/person\/9c54260cbc4c6f792cb100550491638c\"},\"headline\":\"Trusti: Ne kemi t\u00eb dh\u00ebna vet\u00ebm p\u00ebr \u00e7\u00ebshtje t\u00eb kontributit pensional, jo t\u00eb pagave\",\"datePublished\":\"2024-01-16T13:34:51+00:00\",\"dateModified\":\"2024-01-16T13:34:51+00:00\",\"mainEntityOfPage\":{\"@id\":\"https:\/\/permbledhja.com\/sq\/trusti-ne-kemi-te-dhena-vetem-per-ceshtje-te-kontributit-pensional-jo-te-pagave\/\"},\"wordCount\":292,\"publisher\":{\"@id\":\"https:\/\/permbledhja.com\/#organization\"},\"articleSection\":[\"Lajme\"],\"inLanguage\":\"sq\"},{\"@type\":\"WebPage\",\"@id\":\"https:\/\/permbledhja.com\/sq\/trusti-ne-kemi-te-dhena-vetem-per-ceshtje-te-kontributit-pensional-jo-te-pagave\/\",\"url\":\"https:\/\/permbledhja.com\/sq\/trusti-ne-kemi-te-dhena-vetem-per-ceshtje-te-kontributit-pensional-jo-te-pagave\/\",\"name\":\"Trusti: Ne kemi t\u00eb dh\u00ebna vet\u00ebm p\u00ebr \u00e7\u00ebshtje t\u00eb kontributit pensional, jo t\u00eb pagave\",\"isPartOf\":{\"@id\":\"https:\/\/permbledhja.com\/#website\"},\"datePublished\":\"2024-01-16T13:34:51+00:00\",\"dateModified\":\"2024-01-16T13:34:51+00:00\",\"breadcrumb\":{\"@id\":\"https:\/\/permbledhja.com\/sq\/trusti-ne-kemi-te-dhena-vetem-per-ceshtje-te-kontributit-pensional-jo-te-pagave\/#breadcrumb\"},\"inLanguage\":\"sq\",\"potentialAction\":[{\"@type\":\"ReadAction\",\"target\":[\"https:\/\/permbledhja.com\/sq\/trusti-ne-kemi-te-dhena-vetem-per-ceshtje-te-kontributit-pensional-jo-te-pagave\/\"]}]},{\"@type\":\"BreadcrumbList\",\"@id\":\"https:\/\/permbledhja.com\/sq\/trusti-ne-kemi-te-dhena-vetem-per-ceshtje-te-kontributit-pensional-jo-te-pagave\/#breadcrumb\",\"itemListElement\":[{\"@type\":\"ListItem\",\"position\":1,\"name\":\"Ballina\",\"item\":\"https:\/\/permbledhja.com\/sq\/\"},{\"@type\":\"ListItem\",\"position\":2,\"name\":\"Trusti: Ne kemi t\u00eb dh\u00ebna vet\u00ebm p\u00ebr \u00e7\u00ebshtje t\u00eb kontributit pensional, jo t\u00eb pagave\"}]},{\"@type\":\"WebSite\",\"@id\":\"https:\/\/permbledhja.com\/#website\",\"url\":\"https:\/\/permbledhja.com\/\",\"name\":\"Ve\u00e7 artikuj p\u00ebrmbledh\u00ebs\",\"description\":\"\",\"publisher\":{\"@id\":\"https:\/\/permbledhja.com\/#organization\"},\"potentialAction\":[{\"@type\":\"SearchAction\",\"target\":{\"@type\":\"EntryPoint\",\"urlTemplate\":\"https:\/\/permbledhja.com\/?s={search_term_string}\"},\"query-input\":\"required name=search_term_string\"}],\"inLanguage\":\"sq\"},{\"@type\":\"Organization\",\"@id\":\"https:\/\/permbledhja.com\/#organization\",\"name\":\"MK Media & Pr\",\"url\":\"https:\/\/permbledhja.com\/\",\"logo\":{\"@type\":\"ImageObject\",\"inLanguage\":\"sq\",\"@id\":\"https:\/\/permbledhja.com\/#\/schema\/logo\/image\/\",\"url\":\"https:\/\/permbledhja.com\/wp-content\/uploads\/2021\/12\/07-Press-Logo.jpg\",\"contentUrl\":\"https:\/\/permbledhja.com\/wp-content\/uploads\/2021\/12\/07-Press-Logo.jpg\",\"width\":512,\"height\":512,\"caption\":\"MK Media & Pr\"},\"image\":{\"@id\":\"https:\/\/permbledhja.com\/#\/schema\/logo\/image\/\"},\"sameAs\":[\"https:\/\/www.facebook.com\/press07\/\"]},{\"@type\":\"Person\",\"@id\":\"https:\/\/permbledhja.com\/#\/schema\/person\/9c54260cbc4c6f792cb100550491638c\",\"name\":\"DL\",\"image\":{\"@type\":\"ImageObject\",\"inLanguage\":\"sq\",\"@id\":\"https:\/\/permbledhja.com\/#\/schema\/person\/image\/\",\"url\":\"https:\/\/secure.gravatar.com\/avatar\/94503eb28d4c4b2005a5c8753e35fc80?s=96&d=mm&r=g\",\"contentUrl\":\"https:\/\/secure.gravatar.com\/avatar\/94503eb28d4c4b2005a5c8753e35fc80?s=96&d=mm&r=g\",\"caption\":\"DL\"},\"url\":\"https:\/\/permbledhja.com\/sq\/author\/dl\/\"}]}<\/script>\n<!-- \/ Yoast SEO plugin. -->","yoast_head_json":{"title":"Trusti: Ne kemi t\u00eb dh\u00ebna vet\u00ebm p\u00ebr \u00e7\u00ebshtje t\u00eb kontributit pensional, jo t\u00eb pagave","robots":{"index":"index","follow":"follow","max-snippet":"max-snippet:-1","max-image-preview":"max-image-preview:large","max-video-preview":"max-video-preview:-1"},"canonical":"https:\/\/permbledhja.com\/sq\/trusti-ne-kemi-te-dhena-vetem-per-ceshtje-te-kontributit-pensional-jo-te-pagave\/","og_locale":"sq_AL","og_type":"article","og_title":"Trusti: Ne kemi t\u00eb dh\u00ebna vet\u00ebm p\u00ebr \u00e7\u00ebshtje t\u00eb kontributit pensional, jo t\u00eb pagave","og_description":"Nga Trusti Pensional i Kosov\u00ebs kan\u00eb deklaruar se nuk posedojn\u00eb t\u00eb dh\u00ebna rreth pagave t\u00eb t\u00eb pun\u00ebsuarve. Por, vet\u00ebm p\u00ebr \u00e7\u00ebshtje t\u00eb kontributit pensional. \u201cT\u00eb dh\u00ebnat q\u00eb i marrim ne n\u00eb Trust nga ATK-ja jan\u00eb vet\u00ebm p\u00ebr \u00e7\u00ebshtje t\u00eb kontributit pensional. Ne nuk marrim informacione t\u00eb pagave t\u00eb t\u00eb pun\u00ebsuarve por vet\u00ebm pagesa t\u00eb kontributeve\u201d,\u00a0ka [&hellip;]","og_url":"https:\/\/permbledhja.com\/sq\/trusti-ne-kemi-te-dhena-vetem-per-ceshtje-te-kontributit-pensional-jo-te-pagave\/","og_site_name":"Ve\u00e7 artikuj p\u00ebrmbledh\u00ebs","article_publisher":"https:\/\/www.facebook.com\/press07\/","article_published_time":"2024-01-16T13:34:51+00:00","og_image":[{"width":1024,"height":576,"url":"https:\/\/permbledhja.com\/wp-content\/uploads\/2024\/01\/TRUST.jpg","type":"image\/jpeg"}],"author":"DL","twitter_card":"summary_large_image","twitter_misc":{"Written by":"DL","Est. reading time":"2 minuta"},"schema":{"@context":"https:\/\/schema.org","@graph":[{"@type":"Article","@id":"https:\/\/permbledhja.com\/sq\/trusti-ne-kemi-te-dhena-vetem-per-ceshtje-te-kontributit-pensional-jo-te-pagave\/#article","isPartOf":{"@id":"https:\/\/permbledhja.com\/sq\/trusti-ne-kemi-te-dhena-vetem-per-ceshtje-te-kontributit-pensional-jo-te-pagave\/"},"author":{"name":"DL","@id":"https:\/\/permbledhja.com\/#\/schema\/person\/9c54260cbc4c6f792cb100550491638c"},"headline":"Trusti: Ne kemi t\u00eb dh\u00ebna vet\u00ebm p\u00ebr \u00e7\u00ebshtje t\u00eb kontributit pensional, jo t\u00eb pagave","datePublished":"2024-01-16T13:34:51+00:00","dateModified":"2024-01-16T13:34:51+00:00","mainEntityOfPage":{"@id":"https:\/\/permbledhja.com\/sq\/trusti-ne-kemi-te-dhena-vetem-per-ceshtje-te-kontributit-pensional-jo-te-pagave\/"},"wordCount":292,"publisher":{"@id":"https:\/\/permbledhja.com\/#organization"},"articleSection":["Lajme"],"inLanguage":"sq"},{"@type":"WebPage","@id":"https:\/\/permbledhja.com\/sq\/trusti-ne-kemi-te-dhena-vetem-per-ceshtje-te-kontributit-pensional-jo-te-pagave\/","url":"https:\/\/permbledhja.com\/sq\/trusti-ne-kemi-te-dhena-vetem-per-ceshtje-te-kontributit-pensional-jo-te-pagave\/","name":"Trusti: Ne kemi t\u00eb dh\u00ebna vet\u00ebm p\u00ebr \u00e7\u00ebshtje t\u00eb kontributit pensional, jo t\u00eb pagave","isPartOf":{"@id":"https:\/\/permbledhja.com\/#website"},"datePublished":"2024-01-16T13:34:51+00:00","dateModified":"2024-01-16T13:34:51+00:00","breadcrumb":{"@id":"https:\/\/permbledhja.com\/sq\/trusti-ne-kemi-te-dhena-vetem-per-ceshtje-te-kontributit-pensional-jo-te-pagave\/#breadcrumb"},"inLanguage":"sq","potentialAction":[{"@type":"ReadAction","target":["https:\/\/permbledhja.com\/sq\/trusti-ne-kemi-te-dhena-vetem-per-ceshtje-te-kontributit-pensional-jo-te-pagave\/"]}]},{"@type":"BreadcrumbList","@id":"https:\/\/permbledhja.com\/sq\/trusti-ne-kemi-te-dhena-vetem-per-ceshtje-te-kontributit-pensional-jo-te-pagave\/#breadcrumb","itemListElement":[{"@type":"ListItem","position":1,"name":"Ballina","item":"https:\/\/permbledhja.com\/sq\/"},{"@type":"ListItem","position":2,"name":"Trusti: Ne kemi t\u00eb dh\u00ebna vet\u00ebm p\u00ebr \u00e7\u00ebshtje t\u00eb kontributit pensional, jo t\u00eb pagave"}]},{"@type":"WebSite","@id":"https:\/\/permbledhja.com\/#website","url":"https:\/\/permbledhja.com\/","name":"Ve\u00e7 artikuj p\u00ebrmbledh\u00ebs","description":"","publisher":{"@id":"https:\/\/permbledhja.com\/#organization"},"potentialAction":[{"@type":"SearchAction","target":{"@type":"EntryPoint","urlTemplate":"https:\/\/permbledhja.com\/?s={search_term_string}"},"query-input":"required name=search_term_string"}],"inLanguage":"sq"},{"@type":"Organization","@id":"https:\/\/permbledhja.com\/#organization","name":"MK Media & Pr","url":"https:\/\/permbledhja.com\/","logo":{"@type":"ImageObject","inLanguage":"sq","@id":"https:\/\/permbledhja.com\/#\/schema\/logo\/image\/","url":"https:\/\/permbledhja.com\/wp-content\/uploads\/2021\/12\/07-Press-Logo.jpg","contentUrl":"https:\/\/permbledhja.com\/wp-content\/uploads\/2021\/12\/07-Press-Logo.jpg","width":512,"height":512,"caption":"MK Media & Pr"},"image":{"@id":"https:\/\/permbledhja.com\/#\/schema\/logo\/image\/"},"sameAs":["https:\/\/www.facebook.com\/press07\/"]},{"@type":"Person","@id":"https:\/\/permbledhja.com\/#\/schema\/person\/9c54260cbc4c6f792cb100550491638c","name":"DL","image":{"@type":"ImageObject","inLanguage":"sq","@id":"https:\/\/permbledhja.com\/#\/schema\/person\/image\/","url":"https:\/\/secure.gravatar.com\/avatar\/94503eb28d4c4b2005a5c8753e35fc80?s=96&d=mm&r=g","contentUrl":"https:\/\/secure.gravatar.com\/avatar\/94503eb28d4c4b2005a5c8753e35fc80?s=96&d=mm&r=g","caption":"DL"},"url":"https:\/\/permbledhja.com\/sq\/author\/dl\/"}]}},"_links":{"self":[{"href":"https:\/\/permbledhja.com\/sq\/wp-json\/wp\/v2\/posts\/43334"}],"collection":[{"href":"https:\/\/permbledhja.com\/sq\/wp-json\/wp\/v2\/posts"}],"about":[{"href":"https:\/\/permbledhja.com\/sq\/wp-json\/wp\/v2\/types\/post"}],"author":[{"embeddable":true,"href":"https:\/\/permbledhja.com\/sq\/wp-json\/wp\/v2\/users\/5"}],"replies":[{"embeddable":true,"href":"https:\/\/permbledhja.com\/sq\/wp-json\/wp\/v2\/comments?post=43334"}],"version-history":[{"count":1,"href":"https:\/\/permbledhja.com\/sq\/wp-json\/wp\/v2\/posts\/43334\/revisions"}],"predecessor-version":[{"id":43336,"href":"https:\/\/permbledhja.com\/sq\/wp-json\/wp\/v2\/posts\/43334\/revisions\/43336"}],"wp:featuredmedia":[{"embeddable":true,"href":"https:\/\/permbledhja.com\/sq\/wp-json\/wp\/v2\/media\/43335"}],"wp:attachment":[{"href":"https:\/\/permbledhja.com\/sq\/wp-json\/wp\/v2\/media?parent=43334"}],"wp:term":[{"taxonomy":"category","embeddable":true,"href":"https:\/\/permbledhja.com\/sq\/wp-json\/wp\/v2\/categories?post=43334"},{"taxonomy":"post_tag","embeddable":true,"href":"https:\/\/permbledhja.com\/sq\/wp-json\/wp\/v2\/tags?post=43334"}],"curies":[{"name":"wp","href":"https:\/\/api.w.org\/{rel}","templated":true}]}}