{"id":43325,"date":"2024-01-16T12:15:38","date_gmt":"2024-01-16T12:15:38","guid":{"rendered":"https:\/\/permbledhja.com\/?p=43325"},"modified":"2024-01-16T12:17:01","modified_gmt":"2024-01-16T12:17:01","slug":"vuciq-nga-davos-serbia-ka-filluar-te-zbatoje-plane-te-medha","status":"publish","type":"post","link":"https:\/\/permbledhja.com\/sq\/vuciq-nga-davos-serbia-ka-filluar-te-zbatoje-plane-te-medha\/","title":{"rendered":"Vu\u00e7iq nga Davos: Serbia ka filluar t\u00eb zbatoj\u00eb plane t\u00eb m\u00ebdha"},"content":{"rendered":"<h3>Presidenti serb, Aleksandar Vu\u00e7iq, ka njoftuar sot se ka mb\u00ebrritur n\u00eb Davos, ku do t\u00eb marr\u00eb pjes\u00eb n\u00eb Takimin Vjetor t\u00eb Forumit Ekonomik Bot\u00ebror.<\/h3>\n<p>Vu\u00e7iq ka shkruar n\u00eb Instagram se, edhe pse beson se viti 2024 do t\u00eb jet\u00eb ve\u00e7an\u00ebrisht i v\u00ebshtir\u00eb p\u00ebr t\u00eb gjith\u00eb bot\u00ebn, Serbia \u201cme shum\u00eb shpres\u00eb dhe entuziaz\u00ebm\u201d po hyn n\u00eb realizimin e \u201c\u00ebndrrave dhe planeve t\u00eb m\u00ebdha\u201d.<\/p>\n<p>\u201cDo t\u00eb flas p\u00ebr to n\u00eb dit\u00ebt n\u00eb vijim me lider\u00eb, investitor\u00eb dhe biznesmen\u00eb t\u00eb shumt\u00eb\u201d, tha presidenti i Serbis\u00eb, s\u00eb bashku me nj\u00eb video q\u00eb tregon udh\u00ebtimin e tij me nj\u00eb helikopter t\u00eb ushtris\u00eb zvicerane n\u00eb nj\u00eb qend\u00ebr popullore skijimi dhe konferencash n\u00eb Alpe.<\/p>\n<p>Gjat\u00eb q\u00ebndrimit n\u00eb Davos, Vu\u00e7iq do t\u00eb marr\u00eb pjes\u00eb n\u00eb seanc\u00ebn e Dialogut Diplomatik me tem\u00ebn e Ballkanit Per\u00ebndimor, si dhe do t\u00eb marr\u00eb pjes\u00eb n\u00eb panelet \u201cRikthimi i besimit n\u00eb sistemin global dhe nd\u00ebrtimi i Evrop\u00ebs s\u00eb s\u00eb ardhmes\u201d.<\/p>\n","protected":false},"excerpt":{"rendered":"<p>Presidenti serb, Aleksandar Vu\u00e7iq, ka njoftuar sot se ka mb\u00ebrritur n\u00eb Davos, ku do t\u00eb marr\u00eb pjes\u00eb n\u00eb Takimin Vjetor t\u00eb Forumit Ekonomik Bot\u00ebror. Vu\u00e7iq ka shkruar n\u00eb Instagram se, edhe pse beson se viti 2024 do t\u00eb jet\u00eb ve\u00e7an\u00ebrisht i v\u00ebshtir\u00eb p\u00ebr t\u00eb gjith\u00eb bot\u00ebn, Serbia \u201cme shum\u00eb shpres\u00eb dhe entuziaz\u00ebm\u201d po hyn n\u00eb [&hellip;]<\/p>\n","protected":false},"author":5,"featured_media":43326,"comment_status":"closed","ping_status":"closed","sticky":false,"template":"","format":"standard","meta":{"_monsterinsights_skip_tracking":false,"_monsterinsights_sitenote_active":false,"_monsterinsights_sitenote_note":"","_monsterinsights_sitenote_category":0,"_uf_show_specific_survey":0,"_uf_disable_surveys":false,"footnotes":""},"categories":[15],"tags":[],"yoast_head":"<!-- This site is optimized with the Yoast SEO plugin v21.5 - https:\/\/yoast.com\/wordpress\/plugins\/seo\/ -->\n<title>Vu\u00e7iq nga Davos: Serbia ka filluar t\u00eb zbatoj\u00eb plane t\u00eb m\u00ebdha<\/title>\n<meta name=\"robots\" content=\"index, follow, max-snippet:-1, max-image-preview:large, max-video-preview:-1\" \/>\n<link rel=\"canonical\" href=\"https:\/\/permbledhja.com\/sq\/vuciq-nga-davos-serbia-ka-filluar-te-zbatoje-plane-te-medha\/\" \/>\n<meta property=\"og:locale\" content=\"sq_AL\" \/>\n<meta property=\"og:type\" content=\"article\" \/>\n<meta property=\"og:title\" content=\"Vu\u00e7iq nga Davos: Serbia ka filluar t\u00eb zbatoj\u00eb plane t\u00eb m\u00ebdha\" \/>\n<meta property=\"og:description\" content=\"Presidenti serb, Aleksandar Vu\u00e7iq, ka njoftuar sot se ka mb\u00ebrritur n\u00eb Davos, ku do t\u00eb marr\u00eb pjes\u00eb n\u00eb Takimin Vjetor t\u00eb Forumit Ekonomik Bot\u00ebror. Vu\u00e7iq ka shkruar n\u00eb Instagram se, edhe pse beson se viti 2024 do t\u00eb jet\u00eb ve\u00e7an\u00ebrisht i v\u00ebshtir\u00eb p\u00ebr t\u00eb gjith\u00eb bot\u00ebn, Serbia \u201cme shum\u00eb shpres\u00eb dhe entuziaz\u00ebm\u201d po hyn n\u00eb [&hellip;]\" \/>\n<meta property=\"og:url\" content=\"https:\/\/permbledhja.com\/sq\/vuciq-nga-davos-serbia-ka-filluar-te-zbatoje-plane-te-medha\/\" \/>\n<meta property=\"og:site_name\" content=\"Ve\u00e7 artikuj p\u00ebrmbledh\u00ebs\" \/>\n<meta property=\"article:publisher\" content=\"https:\/\/www.facebook.com\/press07\/\" \/>\n<meta property=\"article:published_time\" content=\"2024-01-16T12:15:38+00:00\" \/>\n<meta property=\"article:modified_time\" content=\"2024-01-16T12:17:01+00:00\" \/>\n<meta property=\"og:image\" content=\"https:\/\/permbledhja.com\/wp-content\/uploads\/2024\/01\/vucic.webp\" \/>\n\t<meta property=\"og:image:width\" content=\"932\" \/>\n\t<meta property=\"og:image:height\" content=\"553\" \/>\n\t<meta property=\"og:image:type\" content=\"image\/webp\" \/>\n<meta name=\"author\" content=\"DL\" \/>\n<meta name=\"twitter:card\" content=\"summary_large_image\" \/>\n<meta name=\"twitter:label1\" content=\"Written by\" \/>\n\t<meta name=\"twitter:data1\" content=\"DL\" \/>\n\t<meta name=\"twitter:label2\" content=\"Est. reading time\" \/>\n\t<meta name=\"twitter:data2\" content=\"1 minut\u00eb\" \/>\n<script type=\"application\/ld+json\" class=\"yoast-schema-graph\">{\"@context\":\"https:\/\/schema.org\",\"@graph\":[{\"@type\":\"Article\",\"@id\":\"https:\/\/permbledhja.com\/sq\/vuciq-nga-davos-serbia-ka-filluar-te-zbatoje-plane-te-medha\/#article\",\"isPartOf\":{\"@id\":\"https:\/\/permbledhja.com\/sq\/vuciq-nga-davos-serbia-ka-filluar-te-zbatoje-plane-te-medha\/\"},\"author\":{\"name\":\"DL\",\"@id\":\"https:\/\/permbledhja.com\/#\/schema\/person\/9c54260cbc4c6f792cb100550491638c\"},\"headline\":\"Vu\u00e7iq nga Davos: Serbia ka filluar t\u00eb zbatoj\u00eb plane t\u00eb m\u00ebdha\",\"datePublished\":\"2024-01-16T12:15:38+00:00\",\"dateModified\":\"2024-01-16T12:17:01+00:00\",\"mainEntityOfPage\":{\"@id\":\"https:\/\/permbledhja.com\/sq\/vuciq-nga-davos-serbia-ka-filluar-te-zbatoje-plane-te-medha\/\"},\"wordCount\":181,\"publisher\":{\"@id\":\"https:\/\/permbledhja.com\/#organization\"},\"articleSection\":[\"Lajme\"],\"inLanguage\":\"sq\"},{\"@type\":\"WebPage\",\"@id\":\"https:\/\/permbledhja.com\/sq\/vuciq-nga-davos-serbia-ka-filluar-te-zbatoje-plane-te-medha\/\",\"url\":\"https:\/\/permbledhja.com\/sq\/vuciq-nga-davos-serbia-ka-filluar-te-zbatoje-plane-te-medha\/\",\"name\":\"Vu\u00e7iq nga Davos: Serbia ka filluar t\u00eb zbatoj\u00eb plane t\u00eb m\u00ebdha\",\"isPartOf\":{\"@id\":\"https:\/\/permbledhja.com\/#website\"},\"datePublished\":\"2024-01-16T12:15:38+00:00\",\"dateModified\":\"2024-01-16T12:17:01+00:00\",\"breadcrumb\":{\"@id\":\"https:\/\/permbledhja.com\/sq\/vuciq-nga-davos-serbia-ka-filluar-te-zbatoje-plane-te-medha\/#breadcrumb\"},\"inLanguage\":\"sq\",\"potentialAction\":[{\"@type\":\"ReadAction\",\"target\":[\"https:\/\/permbledhja.com\/sq\/vuciq-nga-davos-serbia-ka-filluar-te-zbatoje-plane-te-medha\/\"]}]},{\"@type\":\"BreadcrumbList\",\"@id\":\"https:\/\/permbledhja.com\/sq\/vuciq-nga-davos-serbia-ka-filluar-te-zbatoje-plane-te-medha\/#breadcrumb\",\"itemListElement\":[{\"@type\":\"ListItem\",\"position\":1,\"name\":\"Ballina\",\"item\":\"https:\/\/permbledhja.com\/sq\/\"},{\"@type\":\"ListItem\",\"position\":2,\"name\":\"Vu\u00e7iq nga Davos: Serbia ka filluar t\u00eb zbatoj\u00eb plane t\u00eb m\u00ebdha\"}]},{\"@type\":\"WebSite\",\"@id\":\"https:\/\/permbledhja.com\/#website\",\"url\":\"https:\/\/permbledhja.com\/\",\"name\":\"Ve\u00e7 artikuj p\u00ebrmbledh\u00ebs\",\"description\":\"\",\"publisher\":{\"@id\":\"https:\/\/permbledhja.com\/#organization\"},\"potentialAction\":[{\"@type\":\"SearchAction\",\"target\":{\"@type\":\"EntryPoint\",\"urlTemplate\":\"https:\/\/permbledhja.com\/?s={search_term_string}\"},\"query-input\":\"required name=search_term_string\"}],\"inLanguage\":\"sq\"},{\"@type\":\"Organization\",\"@id\":\"https:\/\/permbledhja.com\/#organization\",\"name\":\"MK Media & Pr\",\"url\":\"https:\/\/permbledhja.com\/\",\"logo\":{\"@type\":\"ImageObject\",\"inLanguage\":\"sq\",\"@id\":\"https:\/\/permbledhja.com\/#\/schema\/logo\/image\/\",\"url\":\"https:\/\/permbledhja.com\/wp-content\/uploads\/2021\/12\/07-Press-Logo.jpg\",\"contentUrl\":\"https:\/\/permbledhja.com\/wp-content\/uploads\/2021\/12\/07-Press-Logo.jpg\",\"width\":512,\"height\":512,\"caption\":\"MK Media & Pr\"},\"image\":{\"@id\":\"https:\/\/permbledhja.com\/#\/schema\/logo\/image\/\"},\"sameAs\":[\"https:\/\/www.facebook.com\/press07\/\"]},{\"@type\":\"Person\",\"@id\":\"https:\/\/permbledhja.com\/#\/schema\/person\/9c54260cbc4c6f792cb100550491638c\",\"name\":\"DL\",\"image\":{\"@type\":\"ImageObject\",\"inLanguage\":\"sq\",\"@id\":\"https:\/\/permbledhja.com\/#\/schema\/person\/image\/\",\"url\":\"https:\/\/secure.gravatar.com\/avatar\/94503eb28d4c4b2005a5c8753e35fc80?s=96&d=mm&r=g\",\"contentUrl\":\"https:\/\/secure.gravatar.com\/avatar\/94503eb28d4c4b2005a5c8753e35fc80?s=96&d=mm&r=g\",\"caption\":\"DL\"},\"url\":\"https:\/\/permbledhja.com\/sq\/author\/dl\/\"}]}<\/script>\n<!-- \/ Yoast SEO plugin. -->","yoast_head_json":{"title":"Vu\u00e7iq nga Davos: Serbia ka filluar t\u00eb zbatoj\u00eb plane t\u00eb m\u00ebdha","robots":{"index":"index","follow":"follow","max-snippet":"max-snippet:-1","max-image-preview":"max-image-preview:large","max-video-preview":"max-video-preview:-1"},"canonical":"https:\/\/permbledhja.com\/sq\/vuciq-nga-davos-serbia-ka-filluar-te-zbatoje-plane-te-medha\/","og_locale":"sq_AL","og_type":"article","og_title":"Vu\u00e7iq nga Davos: Serbia ka filluar t\u00eb zbatoj\u00eb plane t\u00eb m\u00ebdha","og_description":"Presidenti serb, Aleksandar Vu\u00e7iq, ka njoftuar sot se ka mb\u00ebrritur n\u00eb Davos, ku do t\u00eb marr\u00eb pjes\u00eb n\u00eb Takimin Vjetor t\u00eb Forumit Ekonomik Bot\u00ebror. Vu\u00e7iq ka shkruar n\u00eb Instagram se, edhe pse beson se viti 2024 do t\u00eb jet\u00eb ve\u00e7an\u00ebrisht i v\u00ebshtir\u00eb p\u00ebr t\u00eb gjith\u00eb bot\u00ebn, Serbia \u201cme shum\u00eb shpres\u00eb dhe entuziaz\u00ebm\u201d po hyn n\u00eb [&hellip;]","og_url":"https:\/\/permbledhja.com\/sq\/vuciq-nga-davos-serbia-ka-filluar-te-zbatoje-plane-te-medha\/","og_site_name":"Ve\u00e7 artikuj p\u00ebrmbledh\u00ebs","article_publisher":"https:\/\/www.facebook.com\/press07\/","article_published_time":"2024-01-16T12:15:38+00:00","article_modified_time":"2024-01-16T12:17:01+00:00","og_image":[{"width":932,"height":553,"url":"https:\/\/permbledhja.com\/wp-content\/uploads\/2024\/01\/vucic.webp","type":"image\/webp"}],"author":"DL","twitter_card":"summary_large_image","twitter_misc":{"Written by":"DL","Est. reading time":"1 minut\u00eb"},"schema":{"@context":"https:\/\/schema.org","@graph":[{"@type":"Article","@id":"https:\/\/permbledhja.com\/sq\/vuciq-nga-davos-serbia-ka-filluar-te-zbatoje-plane-te-medha\/#article","isPartOf":{"@id":"https:\/\/permbledhja.com\/sq\/vuciq-nga-davos-serbia-ka-filluar-te-zbatoje-plane-te-medha\/"},"author":{"name":"DL","@id":"https:\/\/permbledhja.com\/#\/schema\/person\/9c54260cbc4c6f792cb100550491638c"},"headline":"Vu\u00e7iq nga Davos: Serbia ka filluar t\u00eb zbatoj\u00eb plane t\u00eb m\u00ebdha","datePublished":"2024-01-16T12:15:38+00:00","dateModified":"2024-01-16T12:17:01+00:00","mainEntityOfPage":{"@id":"https:\/\/permbledhja.com\/sq\/vuciq-nga-davos-serbia-ka-filluar-te-zbatoje-plane-te-medha\/"},"wordCount":181,"publisher":{"@id":"https:\/\/permbledhja.com\/#organization"},"articleSection":["Lajme"],"inLanguage":"sq"},{"@type":"WebPage","@id":"https:\/\/permbledhja.com\/sq\/vuciq-nga-davos-serbia-ka-filluar-te-zbatoje-plane-te-medha\/","url":"https:\/\/permbledhja.com\/sq\/vuciq-nga-davos-serbia-ka-filluar-te-zbatoje-plane-te-medha\/","name":"Vu\u00e7iq nga Davos: Serbia ka filluar t\u00eb zbatoj\u00eb plane t\u00eb m\u00ebdha","isPartOf":{"@id":"https:\/\/permbledhja.com\/#website"},"datePublished":"2024-01-16T12:15:38+00:00","dateModified":"2024-01-16T12:17:01+00:00","breadcrumb":{"@id":"https:\/\/permbledhja.com\/sq\/vuciq-nga-davos-serbia-ka-filluar-te-zbatoje-plane-te-medha\/#breadcrumb"},"inLanguage":"sq","potentialAction":[{"@type":"ReadAction","target":["https:\/\/permbledhja.com\/sq\/vuciq-nga-davos-serbia-ka-filluar-te-zbatoje-plane-te-medha\/"]}]},{"@type":"BreadcrumbList","@id":"https:\/\/permbledhja.com\/sq\/vuciq-nga-davos-serbia-ka-filluar-te-zbatoje-plane-te-medha\/#breadcrumb","itemListElement":[{"@type":"ListItem","position":1,"name":"Ballina","item":"https:\/\/permbledhja.com\/sq\/"},{"@type":"ListItem","position":2,"name":"Vu\u00e7iq nga Davos: Serbia ka filluar t\u00eb zbatoj\u00eb plane t\u00eb m\u00ebdha"}]},{"@type":"WebSite","@id":"https:\/\/permbledhja.com\/#website","url":"https:\/\/permbledhja.com\/","name":"Ve\u00e7 artikuj p\u00ebrmbledh\u00ebs","description":"","publisher":{"@id":"https:\/\/permbledhja.com\/#organization"},"potentialAction":[{"@type":"SearchAction","target":{"@type":"EntryPoint","urlTemplate":"https:\/\/permbledhja.com\/?s={search_term_string}"},"query-input":"required name=search_term_string"}],"inLanguage":"sq"},{"@type":"Organization","@id":"https:\/\/permbledhja.com\/#organization","name":"MK Media & Pr","url":"https:\/\/permbledhja.com\/","logo":{"@type":"ImageObject","inLanguage":"sq","@id":"https:\/\/permbledhja.com\/#\/schema\/logo\/image\/","url":"https:\/\/permbledhja.com\/wp-content\/uploads\/2021\/12\/07-Press-Logo.jpg","contentUrl":"https:\/\/permbledhja.com\/wp-content\/uploads\/2021\/12\/07-Press-Logo.jpg","width":512,"height":512,"caption":"MK Media & Pr"},"image":{"@id":"https:\/\/permbledhja.com\/#\/schema\/logo\/image\/"},"sameAs":["https:\/\/www.facebook.com\/press07\/"]},{"@type":"Person","@id":"https:\/\/permbledhja.com\/#\/schema\/person\/9c54260cbc4c6f792cb100550491638c","name":"DL","image":{"@type":"ImageObject","inLanguage":"sq","@id":"https:\/\/permbledhja.com\/#\/schema\/person\/image\/","url":"https:\/\/secure.gravatar.com\/avatar\/94503eb28d4c4b2005a5c8753e35fc80?s=96&d=mm&r=g","contentUrl":"https:\/\/secure.gravatar.com\/avatar\/94503eb28d4c4b2005a5c8753e35fc80?s=96&d=mm&r=g","caption":"DL"},"url":"https:\/\/permbledhja.com\/sq\/author\/dl\/"}]}},"_links":{"self":[{"href":"https:\/\/permbledhja.com\/sq\/wp-json\/wp\/v2\/posts\/43325"}],"collection":[{"href":"https:\/\/permbledhja.com\/sq\/wp-json\/wp\/v2\/posts"}],"about":[{"href":"https:\/\/permbledhja.com\/sq\/wp-json\/wp\/v2\/types\/post"}],"author":[{"embeddable":true,"href":"https:\/\/permbledhja.com\/sq\/wp-json\/wp\/v2\/users\/5"}],"replies":[{"embeddable":true,"href":"https:\/\/permbledhja.com\/sq\/wp-json\/wp\/v2\/comments?post=43325"}],"version-history":[{"count":1,"href":"https:\/\/permbledhja.com\/sq\/wp-json\/wp\/v2\/posts\/43325\/revisions"}],"predecessor-version":[{"id":43327,"href":"https:\/\/permbledhja.com\/sq\/wp-json\/wp\/v2\/posts\/43325\/revisions\/43327"}],"wp:featuredmedia":[{"embeddable":true,"href":"https:\/\/permbledhja.com\/sq\/wp-json\/wp\/v2\/media\/43326"}],"wp:attachment":[{"href":"https:\/\/permbledhja.com\/sq\/wp-json\/wp\/v2\/media?parent=43325"}],"wp:term":[{"taxonomy":"category","embeddable":true,"href":"https:\/\/permbledhja.com\/sq\/wp-json\/wp\/v2\/categories?post=43325"},{"taxonomy":"post_tag","embeddable":true,"href":"https:\/\/permbledhja.com\/sq\/wp-json\/wp\/v2\/tags?post=43325"}],"curies":[{"name":"wp","href":"https:\/\/api.w.org\/{rel}","templated":true}]}}