{"id":4331,"date":"2022-08-19T07:13:26","date_gmt":"2022-08-19T07:13:26","guid":{"rendered":"https:\/\/permbledhja.com\/?p=4331"},"modified":"2022-08-19T07:13:26","modified_gmt":"2022-08-19T07:13:26","slug":"toni-flet-pas-supergolit-dhe-fitores-ishte-nje-ndeshje-e-hapur-e-fituam-me-mencuri-e-durim","status":"publish","type":"post","link":"https:\/\/permbledhja.com\/sq\/toni-flet-pas-supergolit-dhe-fitores-ishte-nje-ndeshje-e-hapur-e-fituam-me-mencuri-e-durim\/","title":{"rendered":"Toni flet pas supergolit dhe fitores: Ishte nj\u00eb ndeshje e hapur, e fituam me men\u00e7uri e durim"},"content":{"rendered":"<p>Meriton Korenica ishte heroi i Ballkanit n\u00eb Shkup, pasi l\u00ebshoi nj\u00eb goditje spektakolare nga distanca, duke i dh\u00ebn\u00eb fitoren skuadr\u00ebs kampione t\u00eb Kosov\u00ebs dhe duke e afruar me kualifikimin n\u00eb faz\u00ebn e grupeve.<\/p>\n<p>N\u00eb fund pati edhe duartrokitje nga tifoz\u00ebt kund\u00ebrshtar\u00eb p\u00ebr t\u00eb, teksa vet\u00eb Korenica deklaroi se ishte nj\u00eb ndeshje e hapur, t\u00eb cil\u00ebn Ballkani e fitoi me durim e men\u00e7uri, duke goditur n\u00eb koh\u00ebn e duhur.<\/p>\n<p>Edhe Shvercerat po t\u00eb duartrokasin p\u00ebr at\u00eb q\u00eb b\u00ebre n\u00eb fush\u00eb\u2026<br \/>\nI fal\u00ebnderoj shum\u00eb edhe tifoz\u00ebt. B\u00ebm\u00eb nj\u00eb ndeshje shum\u00eb t\u00eb mir\u00eb dhe mor\u00ebm nj\u00eb rezultat mjaft t\u00eb mir\u00eb, ndaj tani shpresoj q\u00eb t\u00eb jemi ne ata q\u00eb do t\u00eb shkojm\u00eb n\u00eb faz\u00ebn e grupeve.<\/p>\n<p>Ishte nj\u00eb ndeshje e hapur, ku mund t\u00eb sh\u00ebnoheshin m\u00eb shum\u00eb gola\u2026<br \/>\nIshte nj\u00eb loj\u00eb e hapur dhe me shum\u00eb raste, por ne u treguam t\u00eb men\u00e7ur, duke ditur se kund\u00ebrshtari ka individualitete. U mbrojt\u00ebm mir\u00eb dhe godit\u00ebm n\u00eb koh\u00ebn e duhur, ndaj tani jemi m\u00eb pran\u00eb kualifikimit.<\/p>\n<p>A ishte nj\u00eb Ballkan m\u00eb i guximsh\u00ebm sonte?<br \/>\nNe edhe me Zalgirisin kemi pasur shum\u00eb raste. Sigurisht q\u00eb mundohemi t\u00eb luajm\u00eb me kujdes dhe t\u00eb godasim at\u00ebher\u00eb kur duhet, ndaj edhe sonte na eci mir\u00eb, duke sh\u00ebnuar dy gola.<\/p>\n<p>Sa shanse ka q\u00eb t\u00eb kualifikohet Ballkani?<br \/>\nKemi nj\u00eb avantazh t\u00eb mir\u00eb, q\u00eb shpresoj ta shfryt\u00ebzojm\u00eb dhe ta zgjidhim gjith\u00e7ka brenda 90 minutave. Un\u00eb shpresoj shum\u00eb dhe besoj se do t\u00eb jemi ne n\u00eb faz\u00ebn e grupeve.<\/p>\n<p>Sa ju ka ndihmuar eksperienca te lojtar\u00ebt e Ballkanit?<\/p>\n<p>Kemi disa lojtar\u00eb q\u00eb kan\u00eb luajtur n\u00eb Europ\u00eb si Gripshi, Jashanica e Tha\u00e7i, t\u00eb cil\u00ebt po na ndihmojn\u00eb jo pak me eksperienc\u00ebn e tyre. Gjithsesi ne jemi t\u00eb bashkuar dhe punojm\u00eb t\u00eb gjith\u00eb p\u00ebr t\u00eb ndihmuar nj\u00ebri-tjetrin. Nuk kemi individualist\u00eb, por punojm\u00eb t\u00eb gjith\u00eb n\u00eb funksion t\u00eb grupit.<\/p>\n","protected":false},"excerpt":{"rendered":"<p>Meriton Korenica ishte heroi i Ballkanit n\u00eb Shkup, pasi l\u00ebshoi nj\u00eb goditje spektakolare nga distanca, duke i dh\u00ebn\u00eb fitoren skuadr\u00ebs kampione t\u00eb Kosov\u00ebs dhe duke e afruar me kualifikimin n\u00eb faz\u00ebn e grupeve. N\u00eb fund pati edhe duartrokitje nga tifoz\u00ebt kund\u00ebrshtar\u00eb p\u00ebr t\u00eb, teksa vet\u00eb Korenica deklaroi se ishte nj\u00eb ndeshje e hapur, t\u00eb cil\u00ebn [&hellip;]<\/p>\n","protected":false},"author":1,"featured_media":4332,"comment_status":"closed","ping_status":"closed","sticky":false,"template":"","format":"standard","meta":{"_monsterinsights_skip_tracking":false,"_monsterinsights_sitenote_active":false,"_monsterinsights_sitenote_note":"","_monsterinsights_sitenote_category":0,"_uf_show_specific_survey":0,"_uf_disable_surveys":false,"footnotes":""},"categories":[6],"tags":[822],"yoast_head":"<!-- This site is optimized with the Yoast SEO plugin v21.5 - https:\/\/yoast.com\/wordpress\/plugins\/seo\/ -->\n<title>Toni flet pas supergolit dhe fitores: Ishte nj\u00eb ndeshje e hapur, e fituam me men\u00e7uri e durim<\/title>\n<meta name=\"robots\" content=\"index, follow, max-snippet:-1, max-image-preview:large, max-video-preview:-1\" \/>\n<link rel=\"canonical\" href=\"https:\/\/permbledhja.com\/sq\/toni-flet-pas-supergolit-dhe-fitores-ishte-nje-ndeshje-e-hapur-e-fituam-me-mencuri-e-durim\/\" \/>\n<meta property=\"og:locale\" content=\"sq_AL\" \/>\n<meta property=\"og:type\" content=\"article\" \/>\n<meta property=\"og:title\" content=\"Toni flet pas supergolit dhe fitores: Ishte nj\u00eb ndeshje e hapur, e fituam me men\u00e7uri e durim\" \/>\n<meta property=\"og:description\" content=\"Meriton Korenica ishte heroi i Ballkanit n\u00eb Shkup, pasi l\u00ebshoi nj\u00eb goditje spektakolare nga distanca, duke i dh\u00ebn\u00eb fitoren skuadr\u00ebs kampione t\u00eb Kosov\u00ebs dhe duke e afruar me kualifikimin n\u00eb faz\u00ebn e grupeve. N\u00eb fund pati edhe duartrokitje nga tifoz\u00ebt kund\u00ebrshtar\u00eb p\u00ebr t\u00eb, teksa vet\u00eb Korenica deklaroi se ishte nj\u00eb ndeshje e hapur, t\u00eb cil\u00ebn [&hellip;]\" \/>\n<meta property=\"og:url\" content=\"https:\/\/permbledhja.com\/sq\/toni-flet-pas-supergolit-dhe-fitores-ishte-nje-ndeshje-e-hapur-e-fituam-me-mencuri-e-durim\/\" \/>\n<meta property=\"og:site_name\" content=\"Ve\u00e7 artikuj p\u00ebrmbledh\u00ebs\" \/>\n<meta property=\"article:publisher\" content=\"https:\/\/www.facebook.com\/press07\/\" \/>\n<meta property=\"article:author\" content=\"https:\/\/www.facebook.com\/kafexhiu.muharrem\/\" \/>\n<meta property=\"article:published_time\" content=\"2022-08-19T07:13:26+00:00\" \/>\n<meta property=\"og:image\" content=\"https:\/\/permbledhja.com\/wp-content\/uploads\/2022\/08\/F502C672-2AA1-4A50-BE88-2A6CA6709695.jpeg\" \/>\n\t<meta property=\"og:image:width\" content=\"654\" \/>\n\t<meta property=\"og:image:height\" content=\"381\" \/>\n\t<meta property=\"og:image:type\" content=\"image\/jpeg\" \/>\n<meta name=\"author\" content=\"P\u00ebrmbledhja\" \/>\n<meta name=\"twitter:card\" content=\"summary_large_image\" \/>\n<meta name=\"twitter:label1\" content=\"Written by\" \/>\n\t<meta name=\"twitter:data1\" content=\"P\u00ebrmbledhja\" \/>\n\t<meta name=\"twitter:label2\" content=\"Est. reading time\" \/>\n\t<meta name=\"twitter:data2\" content=\"2 minuta\" \/>\n<script type=\"application\/ld+json\" class=\"yoast-schema-graph\">{\"@context\":\"https:\/\/schema.org\",\"@graph\":[{\"@type\":\"Article\",\"@id\":\"https:\/\/permbledhja.com\/toni-flet-pas-supergolit-dhe-fitores-ishte-nje-ndeshje-e-hapur-e-fituam-me-mencuri-e-durim\/#article\",\"isPartOf\":{\"@id\":\"https:\/\/permbledhja.com\/toni-flet-pas-supergolit-dhe-fitores-ishte-nje-ndeshje-e-hapur-e-fituam-me-mencuri-e-durim\/\"},\"author\":{\"name\":\"P\u00ebrmbledhja\",\"@id\":\"https:\/\/permbledhja.com\/#\/schema\/person\/0d064377258d3221e50693947b9eb4fe\"},\"headline\":\"Toni flet pas supergolit dhe fitores: Ishte nj\u00eb ndeshje e hapur, e fituam me men\u00e7uri e durim\",\"datePublished\":\"2022-08-19T07:13:26+00:00\",\"dateModified\":\"2022-08-19T07:13:26+00:00\",\"mainEntityOfPage\":{\"@id\":\"https:\/\/permbledhja.com\/toni-flet-pas-supergolit-dhe-fitores-ishte-nje-ndeshje-e-hapur-e-fituam-me-mencuri-e-durim\/\"},\"wordCount\":347,\"publisher\":{\"@id\":\"https:\/\/permbledhja.com\/#organization\"},\"keywords\":[\"Meriton Korenica\"],\"articleSection\":[\"Sport\"],\"inLanguage\":\"sq\"},{\"@type\":\"WebPage\",\"@id\":\"https:\/\/permbledhja.com\/toni-flet-pas-supergolit-dhe-fitores-ishte-nje-ndeshje-e-hapur-e-fituam-me-mencuri-e-durim\/\",\"url\":\"https:\/\/permbledhja.com\/toni-flet-pas-supergolit-dhe-fitores-ishte-nje-ndeshje-e-hapur-e-fituam-me-mencuri-e-durim\/\",\"name\":\"Toni flet pas supergolit dhe fitores: Ishte nj\u00eb ndeshje e hapur, e fituam me men\u00e7uri e durim\",\"isPartOf\":{\"@id\":\"https:\/\/permbledhja.com\/#website\"},\"datePublished\":\"2022-08-19T07:13:26+00:00\",\"dateModified\":\"2022-08-19T07:13:26+00:00\",\"breadcrumb\":{\"@id\":\"https:\/\/permbledhja.com\/toni-flet-pas-supergolit-dhe-fitores-ishte-nje-ndeshje-e-hapur-e-fituam-me-mencuri-e-durim\/#breadcrumb\"},\"inLanguage\":\"sq\",\"potentialAction\":[{\"@type\":\"ReadAction\",\"target\":[\"https:\/\/permbledhja.com\/toni-flet-pas-supergolit-dhe-fitores-ishte-nje-ndeshje-e-hapur-e-fituam-me-mencuri-e-durim\/\"]}]},{\"@type\":\"BreadcrumbList\",\"@id\":\"https:\/\/permbledhja.com\/toni-flet-pas-supergolit-dhe-fitores-ishte-nje-ndeshje-e-hapur-e-fituam-me-mencuri-e-durim\/#breadcrumb\",\"itemListElement\":[{\"@type\":\"ListItem\",\"position\":1,\"name\":\"Ballina\",\"item\":\"https:\/\/permbledhja.com\/sq\/\"},{\"@type\":\"ListItem\",\"position\":2,\"name\":\"Toni flet pas supergolit dhe fitores: Ishte nj\u00eb ndeshje e hapur, e fituam me men\u00e7uri e durim\"}]},{\"@type\":\"WebSite\",\"@id\":\"https:\/\/permbledhja.com\/#website\",\"url\":\"https:\/\/permbledhja.com\/\",\"name\":\"Ve\u00e7 artikuj p\u00ebrmbledh\u00ebs\",\"description\":\"\",\"publisher\":{\"@id\":\"https:\/\/permbledhja.com\/#organization\"},\"potentialAction\":[{\"@type\":\"SearchAction\",\"target\":{\"@type\":\"EntryPoint\",\"urlTemplate\":\"https:\/\/permbledhja.com\/?s={search_term_string}\"},\"query-input\":\"required name=search_term_string\"}],\"inLanguage\":\"sq\"},{\"@type\":\"Organization\",\"@id\":\"https:\/\/permbledhja.com\/#organization\",\"name\":\"MK Media & Pr\",\"url\":\"https:\/\/permbledhja.com\/\",\"logo\":{\"@type\":\"ImageObject\",\"inLanguage\":\"sq\",\"@id\":\"https:\/\/permbledhja.com\/#\/schema\/logo\/image\/\",\"url\":\"https:\/\/permbledhja.com\/wp-content\/uploads\/2021\/12\/07-Press-Logo.jpg\",\"contentUrl\":\"https:\/\/permbledhja.com\/wp-content\/uploads\/2021\/12\/07-Press-Logo.jpg\",\"width\":512,\"height\":512,\"caption\":\"MK Media & Pr\"},\"image\":{\"@id\":\"https:\/\/permbledhja.com\/#\/schema\/logo\/image\/\"},\"sameAs\":[\"https:\/\/www.facebook.com\/press07\/\"]},{\"@type\":\"Person\",\"@id\":\"https:\/\/permbledhja.com\/#\/schema\/person\/0d064377258d3221e50693947b9eb4fe\",\"name\":\"P\u00ebrmbledhja\",\"image\":{\"@type\":\"ImageObject\",\"inLanguage\":\"sq\",\"@id\":\"https:\/\/permbledhja.com\/#\/schema\/person\/image\/\",\"url\":\"https:\/\/permbledhja.com\/wp-content\/uploads\/2026\/01\/452004717_1040944174702970_8932037511805513407_n-96x96.jpg\",\"contentUrl\":\"https:\/\/permbledhja.com\/wp-content\/uploads\/2026\/01\/452004717_1040944174702970_8932037511805513407_n-96x96.jpg\",\"caption\":\"P\u00ebrmbledhja\"},\"sameAs\":[\"https:\/\/www.facebook.com\/kafexhiu.muharrem\/\",\"https:\/\/www.instagram.com\/muharrem_kafexhiu\/\"],\"url\":\"https:\/\/permbledhja.com\/sq\/author\/admin\/\"}]}<\/script>\n<!-- \/ Yoast SEO plugin. -->","yoast_head_json":{"title":"Toni flet pas supergolit dhe fitores: Ishte nj\u00eb ndeshje e hapur, e fituam me men\u00e7uri e durim","robots":{"index":"index","follow":"follow","max-snippet":"max-snippet:-1","max-image-preview":"max-image-preview:large","max-video-preview":"max-video-preview:-1"},"canonical":"https:\/\/permbledhja.com\/sq\/toni-flet-pas-supergolit-dhe-fitores-ishte-nje-ndeshje-e-hapur-e-fituam-me-mencuri-e-durim\/","og_locale":"sq_AL","og_type":"article","og_title":"Toni flet pas supergolit dhe fitores: Ishte nj\u00eb ndeshje e hapur, e fituam me men\u00e7uri e durim","og_description":"Meriton Korenica ishte heroi i Ballkanit n\u00eb Shkup, pasi l\u00ebshoi nj\u00eb goditje spektakolare nga distanca, duke i dh\u00ebn\u00eb fitoren skuadr\u00ebs kampione t\u00eb Kosov\u00ebs dhe duke e afruar me kualifikimin n\u00eb faz\u00ebn e grupeve. N\u00eb fund pati edhe duartrokitje nga tifoz\u00ebt kund\u00ebrshtar\u00eb p\u00ebr t\u00eb, teksa vet\u00eb Korenica deklaroi se ishte nj\u00eb ndeshje e hapur, t\u00eb cil\u00ebn [&hellip;]","og_url":"https:\/\/permbledhja.com\/sq\/toni-flet-pas-supergolit-dhe-fitores-ishte-nje-ndeshje-e-hapur-e-fituam-me-mencuri-e-durim\/","og_site_name":"Ve\u00e7 artikuj p\u00ebrmbledh\u00ebs","article_publisher":"https:\/\/www.facebook.com\/press07\/","article_author":"https:\/\/www.facebook.com\/kafexhiu.muharrem\/","article_published_time":"2022-08-19T07:13:26+00:00","og_image":[{"width":654,"height":381,"url":"https:\/\/permbledhja.com\/wp-content\/uploads\/2022\/08\/F502C672-2AA1-4A50-BE88-2A6CA6709695.jpeg","type":"image\/jpeg"}],"author":"P\u00ebrmbledhja","twitter_card":"summary_large_image","twitter_misc":{"Written by":"P\u00ebrmbledhja","Est. reading time":"2 minuta"},"schema":{"@context":"https:\/\/schema.org","@graph":[{"@type":"Article","@id":"https:\/\/permbledhja.com\/toni-flet-pas-supergolit-dhe-fitores-ishte-nje-ndeshje-e-hapur-e-fituam-me-mencuri-e-durim\/#article","isPartOf":{"@id":"https:\/\/permbledhja.com\/toni-flet-pas-supergolit-dhe-fitores-ishte-nje-ndeshje-e-hapur-e-fituam-me-mencuri-e-durim\/"},"author":{"name":"P\u00ebrmbledhja","@id":"https:\/\/permbledhja.com\/#\/schema\/person\/0d064377258d3221e50693947b9eb4fe"},"headline":"Toni flet pas supergolit dhe fitores: Ishte nj\u00eb ndeshje e hapur, e fituam me men\u00e7uri e durim","datePublished":"2022-08-19T07:13:26+00:00","dateModified":"2022-08-19T07:13:26+00:00","mainEntityOfPage":{"@id":"https:\/\/permbledhja.com\/toni-flet-pas-supergolit-dhe-fitores-ishte-nje-ndeshje-e-hapur-e-fituam-me-mencuri-e-durim\/"},"wordCount":347,"publisher":{"@id":"https:\/\/permbledhja.com\/#organization"},"keywords":["Meriton Korenica"],"articleSection":["Sport"],"inLanguage":"sq"},{"@type":"WebPage","@id":"https:\/\/permbledhja.com\/toni-flet-pas-supergolit-dhe-fitores-ishte-nje-ndeshje-e-hapur-e-fituam-me-mencuri-e-durim\/","url":"https:\/\/permbledhja.com\/toni-flet-pas-supergolit-dhe-fitores-ishte-nje-ndeshje-e-hapur-e-fituam-me-mencuri-e-durim\/","name":"Toni flet pas supergolit dhe fitores: Ishte nj\u00eb ndeshje e hapur, e fituam me men\u00e7uri e durim","isPartOf":{"@id":"https:\/\/permbledhja.com\/#website"},"datePublished":"2022-08-19T07:13:26+00:00","dateModified":"2022-08-19T07:13:26+00:00","breadcrumb":{"@id":"https:\/\/permbledhja.com\/toni-flet-pas-supergolit-dhe-fitores-ishte-nje-ndeshje-e-hapur-e-fituam-me-mencuri-e-durim\/#breadcrumb"},"inLanguage":"sq","potentialAction":[{"@type":"ReadAction","target":["https:\/\/permbledhja.com\/toni-flet-pas-supergolit-dhe-fitores-ishte-nje-ndeshje-e-hapur-e-fituam-me-mencuri-e-durim\/"]}]},{"@type":"BreadcrumbList","@id":"https:\/\/permbledhja.com\/toni-flet-pas-supergolit-dhe-fitores-ishte-nje-ndeshje-e-hapur-e-fituam-me-mencuri-e-durim\/#breadcrumb","itemListElement":[{"@type":"ListItem","position":1,"name":"Ballina","item":"https:\/\/permbledhja.com\/sq\/"},{"@type":"ListItem","position":2,"name":"Toni flet pas supergolit dhe fitores: Ishte nj\u00eb ndeshje e hapur, e fituam me men\u00e7uri e durim"}]},{"@type":"WebSite","@id":"https:\/\/permbledhja.com\/#website","url":"https:\/\/permbledhja.com\/","name":"Ve\u00e7 artikuj p\u00ebrmbledh\u00ebs","description":"","publisher":{"@id":"https:\/\/permbledhja.com\/#organization"},"potentialAction":[{"@type":"SearchAction","target":{"@type":"EntryPoint","urlTemplate":"https:\/\/permbledhja.com\/?s={search_term_string}"},"query-input":"required name=search_term_string"}],"inLanguage":"sq"},{"@type":"Organization","@id":"https:\/\/permbledhja.com\/#organization","name":"MK Media & Pr","url":"https:\/\/permbledhja.com\/","logo":{"@type":"ImageObject","inLanguage":"sq","@id":"https:\/\/permbledhja.com\/#\/schema\/logo\/image\/","url":"https:\/\/permbledhja.com\/wp-content\/uploads\/2021\/12\/07-Press-Logo.jpg","contentUrl":"https:\/\/permbledhja.com\/wp-content\/uploads\/2021\/12\/07-Press-Logo.jpg","width":512,"height":512,"caption":"MK Media & Pr"},"image":{"@id":"https:\/\/permbledhja.com\/#\/schema\/logo\/image\/"},"sameAs":["https:\/\/www.facebook.com\/press07\/"]},{"@type":"Person","@id":"https:\/\/permbledhja.com\/#\/schema\/person\/0d064377258d3221e50693947b9eb4fe","name":"P\u00ebrmbledhja","image":{"@type":"ImageObject","inLanguage":"sq","@id":"https:\/\/permbledhja.com\/#\/schema\/person\/image\/","url":"https:\/\/permbledhja.com\/wp-content\/uploads\/2026\/01\/452004717_1040944174702970_8932037511805513407_n-96x96.jpg","contentUrl":"https:\/\/permbledhja.com\/wp-content\/uploads\/2026\/01\/452004717_1040944174702970_8932037511805513407_n-96x96.jpg","caption":"P\u00ebrmbledhja"},"sameAs":["https:\/\/www.facebook.com\/kafexhiu.muharrem\/","https:\/\/www.instagram.com\/muharrem_kafexhiu\/"],"url":"https:\/\/permbledhja.com\/sq\/author\/admin\/"}]}},"_links":{"self":[{"href":"https:\/\/permbledhja.com\/sq\/wp-json\/wp\/v2\/posts\/4331"}],"collection":[{"href":"https:\/\/permbledhja.com\/sq\/wp-json\/wp\/v2\/posts"}],"about":[{"href":"https:\/\/permbledhja.com\/sq\/wp-json\/wp\/v2\/types\/post"}],"author":[{"embeddable":true,"href":"https:\/\/permbledhja.com\/sq\/wp-json\/wp\/v2\/users\/1"}],"replies":[{"embeddable":true,"href":"https:\/\/permbledhja.com\/sq\/wp-json\/wp\/v2\/comments?post=4331"}],"version-history":[{"count":2,"href":"https:\/\/permbledhja.com\/sq\/wp-json\/wp\/v2\/posts\/4331\/revisions"}],"predecessor-version":[{"id":4334,"href":"https:\/\/permbledhja.com\/sq\/wp-json\/wp\/v2\/posts\/4331\/revisions\/4334"}],"wp:featuredmedia":[{"embeddable":true,"href":"https:\/\/permbledhja.com\/sq\/wp-json\/wp\/v2\/media\/4332"}],"wp:attachment":[{"href":"https:\/\/permbledhja.com\/sq\/wp-json\/wp\/v2\/media?parent=4331"}],"wp:term":[{"taxonomy":"category","embeddable":true,"href":"https:\/\/permbledhja.com\/sq\/wp-json\/wp\/v2\/categories?post=4331"},{"taxonomy":"post_tag","embeddable":true,"href":"https:\/\/permbledhja.com\/sq\/wp-json\/wp\/v2\/tags?post=4331"}],"curies":[{"name":"wp","href":"https:\/\/api.w.org\/{rel}","templated":true}]}}