{"id":43219,"date":"2024-01-15T19:23:38","date_gmt":"2024-01-15T19:23:38","guid":{"rendered":"https:\/\/permbledhja.com\/?p=43219"},"modified":"2024-01-15T19:23:38","modified_gmt":"2024-01-15T19:23:38","slug":"bislimi-me-lajcakun-biseduam-edhe-per-pasaportat-e-paligjshme-te-serbise","status":"publish","type":"post","link":"https:\/\/permbledhja.com\/sq\/bislimi-me-lajcakun-biseduam-edhe-per-pasaportat-e-paligjshme-te-serbise\/","title":{"rendered":"Bislimi: Me Laj\u00e7akun biseduam edhe p\u00ebr pasaportat e paligjshme t\u00eb Serbis\u00eb"},"content":{"rendered":"<h3>Z\u00ebvend\u00ebskryeministri i Kosov\u00ebs, Besnik Bislimi, \u00ebsht\u00eb takuar sot n\u00eb Vjen\u00eb me t\u00eb d\u00ebrguarin e BE-s\u00eb p\u00ebr dialogun, Miroslav Laj\u00e7ak.<\/h3>\n<p>P\u00ebrmes platform\u00ebs X, Bislimi njoftoi se kan\u00eb diskutuar p\u00ebr \u00e7\u00ebshtje t\u00eb nd\u00ebrlidhura me dialogun.<\/p>\n<p>\u201cBiseduam p\u00ebr nevoj\u00ebn e zbatimit t\u00eb plot\u00eb dhe t\u00eb shpejt\u00eb t\u00eb udh\u00ebrr\u00ebfyesit t\u00eb energjis\u00eb dhe \u00e7\u00ebshtjet n\u00eb lidhje me lirin\u00eb e l\u00ebvizjes, p\u00ebr letr\u00ebn e Beogradit p\u00ebr t\u00ebrheqje nga marr\u00ebveshja\u201d, tha nd\u00ebr t\u00eb tjera Bislimi, raporton Klankosova.tv.<\/p>\n<p>Ai shtoi se n\u00eb takim jan\u00eb ngritur edhe \u00e7\u00ebshtje t\u00eb tjera lidhur me urgjenc\u00ebn p\u00ebr zbatimin e plot\u00eb dhe t\u00eb pakusht\u00ebzuar t\u00eb Marr\u00ebveshjes Themelore.<\/p>\n<p>\u201cTheksova se shtytja e propozimit p\u00ebr njohjen e pasaportave t\u00eb paligjshme t\u00eb l\u00ebshuara nga Serbia, ndikon negativisht n\u00eb procesin integrues dhe d\u00ebmton r\u00ebnd\u00eb dialogun\u201d, shkroi Besnik Bislimi.<\/p>\n","protected":false},"excerpt":{"rendered":"<p>Z\u00ebvend\u00ebskryeministri i Kosov\u00ebs, Besnik Bislimi, \u00ebsht\u00eb takuar sot n\u00eb Vjen\u00eb me t\u00eb d\u00ebrguarin e BE-s\u00eb p\u00ebr dialogun, Miroslav Laj\u00e7ak. P\u00ebrmes platform\u00ebs X, Bislimi njoftoi se kan\u00eb diskutuar p\u00ebr \u00e7\u00ebshtje t\u00eb nd\u00ebrlidhura me dialogun. \u201cBiseduam p\u00ebr nevoj\u00ebn e zbatimit t\u00eb plot\u00eb dhe t\u00eb shpejt\u00eb t\u00eb udh\u00ebrr\u00ebfyesit t\u00eb energjis\u00eb dhe \u00e7\u00ebshtjet n\u00eb lidhje me lirin\u00eb e l\u00ebvizjes, [&hellip;]<\/p>\n","protected":false},"author":2,"featured_media":43220,"comment_status":"closed","ping_status":"closed","sticky":false,"template":"","format":"standard","meta":{"_monsterinsights_skip_tracking":false,"_monsterinsights_sitenote_active":false,"_monsterinsights_sitenote_note":"","_monsterinsights_sitenote_category":0,"_uf_show_specific_survey":0,"_uf_disable_surveys":false,"footnotes":""},"categories":[2645],"tags":[1004],"yoast_head":"<!-- This site is optimized with the Yoast SEO plugin v21.5 - https:\/\/yoast.com\/wordpress\/plugins\/seo\/ -->\n<title>Bislimi: Me Laj\u00e7akun biseduam edhe p\u00ebr pasaportat e paligjshme t\u00eb Serbis\u00eb<\/title>\n<meta name=\"robots\" content=\"index, follow, max-snippet:-1, max-image-preview:large, max-video-preview:-1\" \/>\n<link rel=\"canonical\" href=\"https:\/\/permbledhja.com\/sq\/bislimi-me-lajcakun-biseduam-edhe-per-pasaportat-e-paligjshme-te-serbise\/\" \/>\n<meta property=\"og:locale\" content=\"sq_AL\" \/>\n<meta property=\"og:type\" content=\"article\" \/>\n<meta property=\"og:title\" content=\"Bislimi: Me Laj\u00e7akun biseduam edhe p\u00ebr pasaportat e paligjshme t\u00eb Serbis\u00eb\" \/>\n<meta property=\"og:description\" content=\"Z\u00ebvend\u00ebskryeministri i Kosov\u00ebs, Besnik Bislimi, \u00ebsht\u00eb takuar sot n\u00eb Vjen\u00eb me t\u00eb d\u00ebrguarin e BE-s\u00eb p\u00ebr dialogun, Miroslav Laj\u00e7ak. P\u00ebrmes platform\u00ebs X, Bislimi njoftoi se kan\u00eb diskutuar p\u00ebr \u00e7\u00ebshtje t\u00eb nd\u00ebrlidhura me dialogun. \u201cBiseduam p\u00ebr nevoj\u00ebn e zbatimit t\u00eb plot\u00eb dhe t\u00eb shpejt\u00eb t\u00eb udh\u00ebrr\u00ebfyesit t\u00eb energjis\u00eb dhe \u00e7\u00ebshtjet n\u00eb lidhje me lirin\u00eb e l\u00ebvizjes, [&hellip;]\" \/>\n<meta property=\"og:url\" content=\"https:\/\/permbledhja.com\/sq\/bislimi-me-lajcakun-biseduam-edhe-per-pasaportat-e-paligjshme-te-serbise\/\" \/>\n<meta property=\"og:site_name\" content=\"Ve\u00e7 artikuj p\u00ebrmbledh\u00ebs\" \/>\n<meta property=\"article:publisher\" content=\"https:\/\/www.facebook.com\/press07\/\" \/>\n<meta property=\"article:published_time\" content=\"2024-01-15T19:23:38+00:00\" \/>\n<meta property=\"og:image\" content=\"https:\/\/permbledhja.com\/wp-content\/uploads\/2024\/01\/besnik-bislimi-miroslav-lajcak.jpg\" \/>\n\t<meta property=\"og:image:width\" content=\"2048\" \/>\n\t<meta property=\"og:image:height\" content=\"1456\" \/>\n\t<meta property=\"og:image:type\" content=\"image\/jpeg\" \/>\n<meta name=\"author\" content=\"M M\" \/>\n<meta name=\"twitter:card\" content=\"summary_large_image\" \/>\n<meta name=\"twitter:label1\" content=\"Written by\" \/>\n\t<meta name=\"twitter:data1\" content=\"M M\" \/>\n\t<meta name=\"twitter:label2\" content=\"Est. reading time\" \/>\n\t<meta name=\"twitter:data2\" content=\"1 minut\u00eb\" \/>\n<script type=\"application\/ld+json\" class=\"yoast-schema-graph\">{\"@context\":\"https:\/\/schema.org\",\"@graph\":[{\"@type\":\"Article\",\"@id\":\"https:\/\/permbledhja.com\/sq\/bislimi-me-lajcakun-biseduam-edhe-per-pasaportat-e-paligjshme-te-serbise\/#article\",\"isPartOf\":{\"@id\":\"https:\/\/permbledhja.com\/sq\/bislimi-me-lajcakun-biseduam-edhe-per-pasaportat-e-paligjshme-te-serbise\/\"},\"author\":{\"name\":\"M M\",\"@id\":\"https:\/\/permbledhja.com\/#\/schema\/person\/d23f13f59b5722643933d6780783acf3\"},\"headline\":\"Bislimi: Me Laj\u00e7akun biseduam edhe p\u00ebr pasaportat e paligjshme t\u00eb Serbis\u00eb\",\"datePublished\":\"2024-01-15T19:23:38+00:00\",\"dateModified\":\"2024-01-15T19:23:38+00:00\",\"mainEntityOfPage\":{\"@id\":\"https:\/\/permbledhja.com\/sq\/bislimi-me-lajcakun-biseduam-edhe-per-pasaportat-e-paligjshme-te-serbise\/\"},\"wordCount\":164,\"publisher\":{\"@id\":\"https:\/\/permbledhja.com\/#organization\"},\"keywords\":[\"Besnik Bislimi\"],\"articleSection\":[\"T\u00eb r\u00ebnd\u00ebsishme\"],\"inLanguage\":\"sq\"},{\"@type\":\"WebPage\",\"@id\":\"https:\/\/permbledhja.com\/sq\/bislimi-me-lajcakun-biseduam-edhe-per-pasaportat-e-paligjshme-te-serbise\/\",\"url\":\"https:\/\/permbledhja.com\/sq\/bislimi-me-lajcakun-biseduam-edhe-per-pasaportat-e-paligjshme-te-serbise\/\",\"name\":\"Bislimi: Me Laj\u00e7akun biseduam edhe p\u00ebr pasaportat e paligjshme t\u00eb Serbis\u00eb\",\"isPartOf\":{\"@id\":\"https:\/\/permbledhja.com\/#website\"},\"datePublished\":\"2024-01-15T19:23:38+00:00\",\"dateModified\":\"2024-01-15T19:23:38+00:00\",\"breadcrumb\":{\"@id\":\"https:\/\/permbledhja.com\/sq\/bislimi-me-lajcakun-biseduam-edhe-per-pasaportat-e-paligjshme-te-serbise\/#breadcrumb\"},\"inLanguage\":\"sq\",\"potentialAction\":[{\"@type\":\"ReadAction\",\"target\":[\"https:\/\/permbledhja.com\/sq\/bislimi-me-lajcakun-biseduam-edhe-per-pasaportat-e-paligjshme-te-serbise\/\"]}]},{\"@type\":\"BreadcrumbList\",\"@id\":\"https:\/\/permbledhja.com\/sq\/bislimi-me-lajcakun-biseduam-edhe-per-pasaportat-e-paligjshme-te-serbise\/#breadcrumb\",\"itemListElement\":[{\"@type\":\"ListItem\",\"position\":1,\"name\":\"Ballina\",\"item\":\"https:\/\/permbledhja.com\/sq\/\"},{\"@type\":\"ListItem\",\"position\":2,\"name\":\"Bislimi: Me Laj\u00e7akun biseduam edhe p\u00ebr pasaportat e paligjshme t\u00eb Serbis\u00eb\"}]},{\"@type\":\"WebSite\",\"@id\":\"https:\/\/permbledhja.com\/#website\",\"url\":\"https:\/\/permbledhja.com\/\",\"name\":\"Ve\u00e7 artikuj p\u00ebrmbledh\u00ebs\",\"description\":\"\",\"publisher\":{\"@id\":\"https:\/\/permbledhja.com\/#organization\"},\"potentialAction\":[{\"@type\":\"SearchAction\",\"target\":{\"@type\":\"EntryPoint\",\"urlTemplate\":\"https:\/\/permbledhja.com\/?s={search_term_string}\"},\"query-input\":\"required name=search_term_string\"}],\"inLanguage\":\"sq\"},{\"@type\":\"Organization\",\"@id\":\"https:\/\/permbledhja.com\/#organization\",\"name\":\"MK Media & Pr\",\"url\":\"https:\/\/permbledhja.com\/\",\"logo\":{\"@type\":\"ImageObject\",\"inLanguage\":\"sq\",\"@id\":\"https:\/\/permbledhja.com\/#\/schema\/logo\/image\/\",\"url\":\"https:\/\/permbledhja.com\/wp-content\/uploads\/2021\/12\/07-Press-Logo.jpg\",\"contentUrl\":\"https:\/\/permbledhja.com\/wp-content\/uploads\/2021\/12\/07-Press-Logo.jpg\",\"width\":512,\"height\":512,\"caption\":\"MK Media & Pr\"},\"image\":{\"@id\":\"https:\/\/permbledhja.com\/#\/schema\/logo\/image\/\"},\"sameAs\":[\"https:\/\/www.facebook.com\/press07\/\"]},{\"@type\":\"Person\",\"@id\":\"https:\/\/permbledhja.com\/#\/schema\/person\/d23f13f59b5722643933d6780783acf3\",\"name\":\"M M\",\"image\":{\"@type\":\"ImageObject\",\"inLanguage\":\"sq\",\"@id\":\"https:\/\/permbledhja.com\/#\/schema\/person\/image\/\",\"url\":\"https:\/\/secure.gravatar.com\/avatar\/e2835a76ca7c31a2416b2d51c4ec9a8f?s=96&d=mm&r=g\",\"contentUrl\":\"https:\/\/secure.gravatar.com\/avatar\/e2835a76ca7c31a2416b2d51c4ec9a8f?s=96&d=mm&r=g\",\"caption\":\"M M\"},\"sameAs\":[\"http:\/\/MM\"],\"url\":\"https:\/\/permbledhja.com\/sq\/author\/muhamet\/\"}]}<\/script>\n<!-- \/ Yoast SEO plugin. -->","yoast_head_json":{"title":"Bislimi: Me Laj\u00e7akun biseduam edhe p\u00ebr pasaportat e paligjshme t\u00eb Serbis\u00eb","robots":{"index":"index","follow":"follow","max-snippet":"max-snippet:-1","max-image-preview":"max-image-preview:large","max-video-preview":"max-video-preview:-1"},"canonical":"https:\/\/permbledhja.com\/sq\/bislimi-me-lajcakun-biseduam-edhe-per-pasaportat-e-paligjshme-te-serbise\/","og_locale":"sq_AL","og_type":"article","og_title":"Bislimi: Me Laj\u00e7akun biseduam edhe p\u00ebr pasaportat e paligjshme t\u00eb Serbis\u00eb","og_description":"Z\u00ebvend\u00ebskryeministri i Kosov\u00ebs, Besnik Bislimi, \u00ebsht\u00eb takuar sot n\u00eb Vjen\u00eb me t\u00eb d\u00ebrguarin e BE-s\u00eb p\u00ebr dialogun, Miroslav Laj\u00e7ak. P\u00ebrmes platform\u00ebs X, Bislimi njoftoi se kan\u00eb diskutuar p\u00ebr \u00e7\u00ebshtje t\u00eb nd\u00ebrlidhura me dialogun. \u201cBiseduam p\u00ebr nevoj\u00ebn e zbatimit t\u00eb plot\u00eb dhe t\u00eb shpejt\u00eb t\u00eb udh\u00ebrr\u00ebfyesit t\u00eb energjis\u00eb dhe \u00e7\u00ebshtjet n\u00eb lidhje me lirin\u00eb e l\u00ebvizjes, [&hellip;]","og_url":"https:\/\/permbledhja.com\/sq\/bislimi-me-lajcakun-biseduam-edhe-per-pasaportat-e-paligjshme-te-serbise\/","og_site_name":"Ve\u00e7 artikuj p\u00ebrmbledh\u00ebs","article_publisher":"https:\/\/www.facebook.com\/press07\/","article_published_time":"2024-01-15T19:23:38+00:00","og_image":[{"width":2048,"height":1456,"url":"https:\/\/permbledhja.com\/wp-content\/uploads\/2024\/01\/besnik-bislimi-miroslav-lajcak.jpg","type":"image\/jpeg"}],"author":"M M","twitter_card":"summary_large_image","twitter_misc":{"Written by":"M M","Est. reading time":"1 minut\u00eb"},"schema":{"@context":"https:\/\/schema.org","@graph":[{"@type":"Article","@id":"https:\/\/permbledhja.com\/sq\/bislimi-me-lajcakun-biseduam-edhe-per-pasaportat-e-paligjshme-te-serbise\/#article","isPartOf":{"@id":"https:\/\/permbledhja.com\/sq\/bislimi-me-lajcakun-biseduam-edhe-per-pasaportat-e-paligjshme-te-serbise\/"},"author":{"name":"M M","@id":"https:\/\/permbledhja.com\/#\/schema\/person\/d23f13f59b5722643933d6780783acf3"},"headline":"Bislimi: Me Laj\u00e7akun biseduam edhe p\u00ebr pasaportat e paligjshme t\u00eb Serbis\u00eb","datePublished":"2024-01-15T19:23:38+00:00","dateModified":"2024-01-15T19:23:38+00:00","mainEntityOfPage":{"@id":"https:\/\/permbledhja.com\/sq\/bislimi-me-lajcakun-biseduam-edhe-per-pasaportat-e-paligjshme-te-serbise\/"},"wordCount":164,"publisher":{"@id":"https:\/\/permbledhja.com\/#organization"},"keywords":["Besnik Bislimi"],"articleSection":["T\u00eb r\u00ebnd\u00ebsishme"],"inLanguage":"sq"},{"@type":"WebPage","@id":"https:\/\/permbledhja.com\/sq\/bislimi-me-lajcakun-biseduam-edhe-per-pasaportat-e-paligjshme-te-serbise\/","url":"https:\/\/permbledhja.com\/sq\/bislimi-me-lajcakun-biseduam-edhe-per-pasaportat-e-paligjshme-te-serbise\/","name":"Bislimi: Me Laj\u00e7akun biseduam edhe p\u00ebr pasaportat e paligjshme t\u00eb Serbis\u00eb","isPartOf":{"@id":"https:\/\/permbledhja.com\/#website"},"datePublished":"2024-01-15T19:23:38+00:00","dateModified":"2024-01-15T19:23:38+00:00","breadcrumb":{"@id":"https:\/\/permbledhja.com\/sq\/bislimi-me-lajcakun-biseduam-edhe-per-pasaportat-e-paligjshme-te-serbise\/#breadcrumb"},"inLanguage":"sq","potentialAction":[{"@type":"ReadAction","target":["https:\/\/permbledhja.com\/sq\/bislimi-me-lajcakun-biseduam-edhe-per-pasaportat-e-paligjshme-te-serbise\/"]}]},{"@type":"BreadcrumbList","@id":"https:\/\/permbledhja.com\/sq\/bislimi-me-lajcakun-biseduam-edhe-per-pasaportat-e-paligjshme-te-serbise\/#breadcrumb","itemListElement":[{"@type":"ListItem","position":1,"name":"Ballina","item":"https:\/\/permbledhja.com\/sq\/"},{"@type":"ListItem","position":2,"name":"Bislimi: Me Laj\u00e7akun biseduam edhe p\u00ebr pasaportat e paligjshme t\u00eb Serbis\u00eb"}]},{"@type":"WebSite","@id":"https:\/\/permbledhja.com\/#website","url":"https:\/\/permbledhja.com\/","name":"Ve\u00e7 artikuj p\u00ebrmbledh\u00ebs","description":"","publisher":{"@id":"https:\/\/permbledhja.com\/#organization"},"potentialAction":[{"@type":"SearchAction","target":{"@type":"EntryPoint","urlTemplate":"https:\/\/permbledhja.com\/?s={search_term_string}"},"query-input":"required name=search_term_string"}],"inLanguage":"sq"},{"@type":"Organization","@id":"https:\/\/permbledhja.com\/#organization","name":"MK Media & Pr","url":"https:\/\/permbledhja.com\/","logo":{"@type":"ImageObject","inLanguage":"sq","@id":"https:\/\/permbledhja.com\/#\/schema\/logo\/image\/","url":"https:\/\/permbledhja.com\/wp-content\/uploads\/2021\/12\/07-Press-Logo.jpg","contentUrl":"https:\/\/permbledhja.com\/wp-content\/uploads\/2021\/12\/07-Press-Logo.jpg","width":512,"height":512,"caption":"MK Media & Pr"},"image":{"@id":"https:\/\/permbledhja.com\/#\/schema\/logo\/image\/"},"sameAs":["https:\/\/www.facebook.com\/press07\/"]},{"@type":"Person","@id":"https:\/\/permbledhja.com\/#\/schema\/person\/d23f13f59b5722643933d6780783acf3","name":"M M","image":{"@type":"ImageObject","inLanguage":"sq","@id":"https:\/\/permbledhja.com\/#\/schema\/person\/image\/","url":"https:\/\/secure.gravatar.com\/avatar\/e2835a76ca7c31a2416b2d51c4ec9a8f?s=96&d=mm&r=g","contentUrl":"https:\/\/secure.gravatar.com\/avatar\/e2835a76ca7c31a2416b2d51c4ec9a8f?s=96&d=mm&r=g","caption":"M M"},"sameAs":["http:\/\/MM"],"url":"https:\/\/permbledhja.com\/sq\/author\/muhamet\/"}]}},"_links":{"self":[{"href":"https:\/\/permbledhja.com\/sq\/wp-json\/wp\/v2\/posts\/43219"}],"collection":[{"href":"https:\/\/permbledhja.com\/sq\/wp-json\/wp\/v2\/posts"}],"about":[{"href":"https:\/\/permbledhja.com\/sq\/wp-json\/wp\/v2\/types\/post"}],"author":[{"embeddable":true,"href":"https:\/\/permbledhja.com\/sq\/wp-json\/wp\/v2\/users\/2"}],"replies":[{"embeddable":true,"href":"https:\/\/permbledhja.com\/sq\/wp-json\/wp\/v2\/comments?post=43219"}],"version-history":[{"count":1,"href":"https:\/\/permbledhja.com\/sq\/wp-json\/wp\/v2\/posts\/43219\/revisions"}],"predecessor-version":[{"id":43221,"href":"https:\/\/permbledhja.com\/sq\/wp-json\/wp\/v2\/posts\/43219\/revisions\/43221"}],"wp:featuredmedia":[{"embeddable":true,"href":"https:\/\/permbledhja.com\/sq\/wp-json\/wp\/v2\/media\/43220"}],"wp:attachment":[{"href":"https:\/\/permbledhja.com\/sq\/wp-json\/wp\/v2\/media?parent=43219"}],"wp:term":[{"taxonomy":"category","embeddable":true,"href":"https:\/\/permbledhja.com\/sq\/wp-json\/wp\/v2\/categories?post=43219"},{"taxonomy":"post_tag","embeddable":true,"href":"https:\/\/permbledhja.com\/sq\/wp-json\/wp\/v2\/tags?post=43219"}],"curies":[{"name":"wp","href":"https:\/\/api.w.org\/{rel}","templated":true}]}}