{"id":43216,"date":"2024-01-15T19:12:11","date_gmt":"2024-01-15T19:12:11","guid":{"rendered":"https:\/\/permbledhja.com\/?p=43216"},"modified":"2024-01-15T19:12:11","modified_gmt":"2024-01-15T19:12:11","slug":"24-vjetori-i-masakres-se-recakut-ish-ushtari-i-uck-se-rrefen-momentet-kritike","status":"publish","type":"post","link":"https:\/\/permbledhja.com\/sq\/24-vjetori-i-masakres-se-recakut-ish-ushtari-i-uck-se-rrefen-momentet-kritike\/","title":{"rendered":"24 vjetori i masakr\u00ebs s\u00eb Re\u00e7akut: Ish-ushtari i U\u00c7K-s\u00eb rr\u00ebfen momentet kritike"},"content":{"rendered":"<h3>Sot u sh\u00ebnua 24 vjetori i masakr\u00ebs s\u00eb Re\u00e7akut.<\/h3>\n<p>Kjo masak\u00ebr tronditi bot\u00ebn, dhe riktheu v\u00ebmendjen e plot\u00eb t\u00eb bot\u00ebs demokratike mbi krimet serbe q\u00eb po kryeheshin mbi popullin shqiptar t\u00eb Kosov\u00ebs, shkruan lajmi.net.<\/p>\n<p>\u00c7do vit ky vend vizitohet nga mij\u00ebra njer\u00ebz nga ana mban\u00eb trojet shqiptare.<\/p>\n<p>N\u00eb sht\u00ebpin\u00eb e kultur\u00ebs n\u00eb Shtime sot u mbajt edhe akademi p\u00ebrkujtimore.<\/p>\n<p>Dit\u00ebn e 15 janarit 1999 shum\u00eb njer\u00ebz e kujtojn\u00eb, p\u00ebrfshi k\u00ebtu edhe ushtar\u00eb t\u00eb Ushtris\u00eb \u00c7lirimtare t\u00eb Kosov\u00ebs t\u00eb cil\u00ebt kishin luftuar kund\u00ebr artileris\u00eb serbe p\u00ebr t\u00eb mbrojtur civil\u00ebt.<\/p>\n<p>M\u00eb posht\u00eb ndiqeni rr\u00ebfimin e ish-ushtarit t\u00eb U\u00c7K\u2019s\u00eb q\u00eb mori pjes\u00eb n\u00eb luftime n\u00eb Re\u00e7ak 24 vite m\u00eb par\u00eb<\/p>\n<p><iframe loading=\"lazy\" style=\"border: none; overflow: hidden;\" src=\"https:\/\/www.facebook.com\/plugins\/video.php?href=https%3A%2F%2Fwww.facebook.com%2Flajminetvideosss%2Fvideos%2F1325925678122118%2F%3Fref%3Dembed_video&amp;show_text=0&amp;width=476\" width=\"476\" height=\"476\" frameborder=\"0\" scrolling=\"no\" allowfullscreen=\"allowfullscreen\"><\/iframe><\/p>\n","protected":false},"excerpt":{"rendered":"<p>Sot u sh\u00ebnua 24 vjetori i masakr\u00ebs s\u00eb Re\u00e7akut. Kjo masak\u00ebr tronditi bot\u00ebn, dhe riktheu v\u00ebmendjen e plot\u00eb t\u00eb bot\u00ebs demokratike mbi krimet serbe q\u00eb po kryeheshin mbi popullin shqiptar t\u00eb Kosov\u00ebs, shkruan lajmi.net. \u00c7do vit ky vend vizitohet nga mij\u00ebra njer\u00ebz nga ana mban\u00eb trojet shqiptare. N\u00eb sht\u00ebpin\u00eb e kultur\u00ebs n\u00eb Shtime sot u [&hellip;]<\/p>\n","protected":false},"author":2,"featured_media":43217,"comment_status":"closed","ping_status":"closed","sticky":false,"template":"","format":"standard","meta":{"_monsterinsights_skip_tracking":false,"_monsterinsights_sitenote_active":false,"_monsterinsights_sitenote_note":"","_monsterinsights_sitenote_category":0,"_uf_show_specific_survey":0,"_uf_disable_surveys":false,"footnotes":""},"categories":[15],"tags":[2861],"yoast_head":"<!-- This site is optimized with the Yoast SEO plugin v21.5 - https:\/\/yoast.com\/wordpress\/plugins\/seo\/ -->\n<title>24 vjetori i masakr\u00ebs s\u00eb Re\u00e7akut: Ish-ushtari i U\u00c7K-s\u00eb rr\u00ebfen momentet kritike<\/title>\n<meta name=\"robots\" content=\"index, follow, max-snippet:-1, max-image-preview:large, max-video-preview:-1\" \/>\n<link rel=\"canonical\" href=\"https:\/\/permbledhja.com\/sq\/24-vjetori-i-masakres-se-recakut-ish-ushtari-i-uck-se-rrefen-momentet-kritike\/\" \/>\n<meta property=\"og:locale\" content=\"sq_AL\" \/>\n<meta property=\"og:type\" content=\"article\" \/>\n<meta property=\"og:title\" content=\"24 vjetori i masakr\u00ebs s\u00eb Re\u00e7akut: Ish-ushtari i U\u00c7K-s\u00eb rr\u00ebfen momentet kritike\" \/>\n<meta property=\"og:description\" content=\"Sot u sh\u00ebnua 24 vjetori i masakr\u00ebs s\u00eb Re\u00e7akut. Kjo masak\u00ebr tronditi bot\u00ebn, dhe riktheu v\u00ebmendjen e plot\u00eb t\u00eb bot\u00ebs demokratike mbi krimet serbe q\u00eb po kryeheshin mbi popullin shqiptar t\u00eb Kosov\u00ebs, shkruan lajmi.net. \u00c7do vit ky vend vizitohet nga mij\u00ebra njer\u00ebz nga ana mban\u00eb trojet shqiptare. N\u00eb sht\u00ebpin\u00eb e kultur\u00ebs n\u00eb Shtime sot u [&hellip;]\" \/>\n<meta property=\"og:url\" content=\"https:\/\/permbledhja.com\/sq\/24-vjetori-i-masakres-se-recakut-ish-ushtari-i-uck-se-rrefen-momentet-kritike\/\" \/>\n<meta property=\"og:site_name\" content=\"Ve\u00e7 artikuj p\u00ebrmbledh\u00ebs\" \/>\n<meta property=\"article:publisher\" content=\"https:\/\/www.facebook.com\/press07\/\" \/>\n<meta property=\"article:published_time\" content=\"2024-01-15T19:12:11+00:00\" \/>\n<meta property=\"og:image\" content=\"https:\/\/permbledhja.com\/wp-content\/uploads\/2024\/01\/Capture-13.jpg\" \/>\n\t<meta property=\"og:image:width\" content=\"846\" \/>\n\t<meta property=\"og:image:height\" content=\"539\" \/>\n\t<meta property=\"og:image:type\" content=\"image\/jpeg\" \/>\n<meta name=\"author\" content=\"M M\" \/>\n<meta name=\"twitter:card\" content=\"summary_large_image\" \/>\n<meta name=\"twitter:label1\" content=\"Written by\" \/>\n\t<meta name=\"twitter:data1\" content=\"M M\" \/>\n\t<meta name=\"twitter:label2\" content=\"Est. reading time\" \/>\n\t<meta name=\"twitter:data2\" content=\"1 minut\u00eb\" \/>\n<script type=\"application\/ld+json\" class=\"yoast-schema-graph\">{\"@context\":\"https:\/\/schema.org\",\"@graph\":[{\"@type\":\"Article\",\"@id\":\"https:\/\/permbledhja.com\/sq\/24-vjetori-i-masakres-se-recakut-ish-ushtari-i-uck-se-rrefen-momentet-kritike\/#article\",\"isPartOf\":{\"@id\":\"https:\/\/permbledhja.com\/sq\/24-vjetori-i-masakres-se-recakut-ish-ushtari-i-uck-se-rrefen-momentet-kritike\/\"},\"author\":{\"name\":\"M M\",\"@id\":\"https:\/\/permbledhja.com\/#\/schema\/person\/d23f13f59b5722643933d6780783acf3\"},\"headline\":\"24 vjetori i masakr\u00ebs s\u00eb Re\u00e7akut: Ish-ushtari i U\u00c7K-s\u00eb rr\u00ebfen momentet kritike\",\"datePublished\":\"2024-01-15T19:12:11+00:00\",\"dateModified\":\"2024-01-15T19:12:11+00:00\",\"mainEntityOfPage\":{\"@id\":\"https:\/\/permbledhja.com\/sq\/24-vjetori-i-masakres-se-recakut-ish-ushtari-i-uck-se-rrefen-momentet-kritike\/\"},\"wordCount\":145,\"publisher\":{\"@id\":\"https:\/\/permbledhja.com\/#organization\"},\"keywords\":[\"Ish-ushtari\"],\"articleSection\":[\"Lajme\"],\"inLanguage\":\"sq\"},{\"@type\":\"WebPage\",\"@id\":\"https:\/\/permbledhja.com\/sq\/24-vjetori-i-masakres-se-recakut-ish-ushtari-i-uck-se-rrefen-momentet-kritike\/\",\"url\":\"https:\/\/permbledhja.com\/sq\/24-vjetori-i-masakres-se-recakut-ish-ushtari-i-uck-se-rrefen-momentet-kritike\/\",\"name\":\"24 vjetori i masakr\u00ebs s\u00eb Re\u00e7akut: Ish-ushtari i U\u00c7K-s\u00eb rr\u00ebfen momentet kritike\",\"isPartOf\":{\"@id\":\"https:\/\/permbledhja.com\/#website\"},\"datePublished\":\"2024-01-15T19:12:11+00:00\",\"dateModified\":\"2024-01-15T19:12:11+00:00\",\"breadcrumb\":{\"@id\":\"https:\/\/permbledhja.com\/sq\/24-vjetori-i-masakres-se-recakut-ish-ushtari-i-uck-se-rrefen-momentet-kritike\/#breadcrumb\"},\"inLanguage\":\"sq\",\"potentialAction\":[{\"@type\":\"ReadAction\",\"target\":[\"https:\/\/permbledhja.com\/sq\/24-vjetori-i-masakres-se-recakut-ish-ushtari-i-uck-se-rrefen-momentet-kritike\/\"]}]},{\"@type\":\"BreadcrumbList\",\"@id\":\"https:\/\/permbledhja.com\/sq\/24-vjetori-i-masakres-se-recakut-ish-ushtari-i-uck-se-rrefen-momentet-kritike\/#breadcrumb\",\"itemListElement\":[{\"@type\":\"ListItem\",\"position\":1,\"name\":\"Ballina\",\"item\":\"https:\/\/permbledhja.com\/sq\/\"},{\"@type\":\"ListItem\",\"position\":2,\"name\":\"24 vjetori i masakr\u00ebs s\u00eb Re\u00e7akut: Ish-ushtari i U\u00c7K-s\u00eb rr\u00ebfen momentet kritike\"}]},{\"@type\":\"WebSite\",\"@id\":\"https:\/\/permbledhja.com\/#website\",\"url\":\"https:\/\/permbledhja.com\/\",\"name\":\"Ve\u00e7 artikuj p\u00ebrmbledh\u00ebs\",\"description\":\"\",\"publisher\":{\"@id\":\"https:\/\/permbledhja.com\/#organization\"},\"potentialAction\":[{\"@type\":\"SearchAction\",\"target\":{\"@type\":\"EntryPoint\",\"urlTemplate\":\"https:\/\/permbledhja.com\/?s={search_term_string}\"},\"query-input\":\"required name=search_term_string\"}],\"inLanguage\":\"sq\"},{\"@type\":\"Organization\",\"@id\":\"https:\/\/permbledhja.com\/#organization\",\"name\":\"MK Media & Pr\",\"url\":\"https:\/\/permbledhja.com\/\",\"logo\":{\"@type\":\"ImageObject\",\"inLanguage\":\"sq\",\"@id\":\"https:\/\/permbledhja.com\/#\/schema\/logo\/image\/\",\"url\":\"https:\/\/permbledhja.com\/wp-content\/uploads\/2021\/12\/07-Press-Logo.jpg\",\"contentUrl\":\"https:\/\/permbledhja.com\/wp-content\/uploads\/2021\/12\/07-Press-Logo.jpg\",\"width\":512,\"height\":512,\"caption\":\"MK Media & Pr\"},\"image\":{\"@id\":\"https:\/\/permbledhja.com\/#\/schema\/logo\/image\/\"},\"sameAs\":[\"https:\/\/www.facebook.com\/press07\/\"]},{\"@type\":\"Person\",\"@id\":\"https:\/\/permbledhja.com\/#\/schema\/person\/d23f13f59b5722643933d6780783acf3\",\"name\":\"M M\",\"image\":{\"@type\":\"ImageObject\",\"inLanguage\":\"sq\",\"@id\":\"https:\/\/permbledhja.com\/#\/schema\/person\/image\/\",\"url\":\"https:\/\/secure.gravatar.com\/avatar\/e2835a76ca7c31a2416b2d51c4ec9a8f?s=96&d=mm&r=g\",\"contentUrl\":\"https:\/\/secure.gravatar.com\/avatar\/e2835a76ca7c31a2416b2d51c4ec9a8f?s=96&d=mm&r=g\",\"caption\":\"M M\"},\"sameAs\":[\"http:\/\/MM\"],\"url\":\"https:\/\/permbledhja.com\/sq\/author\/muhamet\/\"}]}<\/script>\n<!-- \/ Yoast SEO plugin. -->","yoast_head_json":{"title":"24 vjetori i masakr\u00ebs s\u00eb Re\u00e7akut: Ish-ushtari i U\u00c7K-s\u00eb rr\u00ebfen momentet kritike","robots":{"index":"index","follow":"follow","max-snippet":"max-snippet:-1","max-image-preview":"max-image-preview:large","max-video-preview":"max-video-preview:-1"},"canonical":"https:\/\/permbledhja.com\/sq\/24-vjetori-i-masakres-se-recakut-ish-ushtari-i-uck-se-rrefen-momentet-kritike\/","og_locale":"sq_AL","og_type":"article","og_title":"24 vjetori i masakr\u00ebs s\u00eb Re\u00e7akut: Ish-ushtari i U\u00c7K-s\u00eb rr\u00ebfen momentet kritike","og_description":"Sot u sh\u00ebnua 24 vjetori i masakr\u00ebs s\u00eb Re\u00e7akut. Kjo masak\u00ebr tronditi bot\u00ebn, dhe riktheu v\u00ebmendjen e plot\u00eb t\u00eb bot\u00ebs demokratike mbi krimet serbe q\u00eb po kryeheshin mbi popullin shqiptar t\u00eb Kosov\u00ebs, shkruan lajmi.net. \u00c7do vit ky vend vizitohet nga mij\u00ebra njer\u00ebz nga ana mban\u00eb trojet shqiptare. N\u00eb sht\u00ebpin\u00eb e kultur\u00ebs n\u00eb Shtime sot u [&hellip;]","og_url":"https:\/\/permbledhja.com\/sq\/24-vjetori-i-masakres-se-recakut-ish-ushtari-i-uck-se-rrefen-momentet-kritike\/","og_site_name":"Ve\u00e7 artikuj p\u00ebrmbledh\u00ebs","article_publisher":"https:\/\/www.facebook.com\/press07\/","article_published_time":"2024-01-15T19:12:11+00:00","og_image":[{"width":846,"height":539,"url":"https:\/\/permbledhja.com\/wp-content\/uploads\/2024\/01\/Capture-13.jpg","type":"image\/jpeg"}],"author":"M M","twitter_card":"summary_large_image","twitter_misc":{"Written by":"M M","Est. reading time":"1 minut\u00eb"},"schema":{"@context":"https:\/\/schema.org","@graph":[{"@type":"Article","@id":"https:\/\/permbledhja.com\/sq\/24-vjetori-i-masakres-se-recakut-ish-ushtari-i-uck-se-rrefen-momentet-kritike\/#article","isPartOf":{"@id":"https:\/\/permbledhja.com\/sq\/24-vjetori-i-masakres-se-recakut-ish-ushtari-i-uck-se-rrefen-momentet-kritike\/"},"author":{"name":"M M","@id":"https:\/\/permbledhja.com\/#\/schema\/person\/d23f13f59b5722643933d6780783acf3"},"headline":"24 vjetori i masakr\u00ebs s\u00eb Re\u00e7akut: Ish-ushtari i U\u00c7K-s\u00eb rr\u00ebfen momentet kritike","datePublished":"2024-01-15T19:12:11+00:00","dateModified":"2024-01-15T19:12:11+00:00","mainEntityOfPage":{"@id":"https:\/\/permbledhja.com\/sq\/24-vjetori-i-masakres-se-recakut-ish-ushtari-i-uck-se-rrefen-momentet-kritike\/"},"wordCount":145,"publisher":{"@id":"https:\/\/permbledhja.com\/#organization"},"keywords":["Ish-ushtari"],"articleSection":["Lajme"],"inLanguage":"sq"},{"@type":"WebPage","@id":"https:\/\/permbledhja.com\/sq\/24-vjetori-i-masakres-se-recakut-ish-ushtari-i-uck-se-rrefen-momentet-kritike\/","url":"https:\/\/permbledhja.com\/sq\/24-vjetori-i-masakres-se-recakut-ish-ushtari-i-uck-se-rrefen-momentet-kritike\/","name":"24 vjetori i masakr\u00ebs s\u00eb Re\u00e7akut: Ish-ushtari i U\u00c7K-s\u00eb rr\u00ebfen momentet kritike","isPartOf":{"@id":"https:\/\/permbledhja.com\/#website"},"datePublished":"2024-01-15T19:12:11+00:00","dateModified":"2024-01-15T19:12:11+00:00","breadcrumb":{"@id":"https:\/\/permbledhja.com\/sq\/24-vjetori-i-masakres-se-recakut-ish-ushtari-i-uck-se-rrefen-momentet-kritike\/#breadcrumb"},"inLanguage":"sq","potentialAction":[{"@type":"ReadAction","target":["https:\/\/permbledhja.com\/sq\/24-vjetori-i-masakres-se-recakut-ish-ushtari-i-uck-se-rrefen-momentet-kritike\/"]}]},{"@type":"BreadcrumbList","@id":"https:\/\/permbledhja.com\/sq\/24-vjetori-i-masakres-se-recakut-ish-ushtari-i-uck-se-rrefen-momentet-kritike\/#breadcrumb","itemListElement":[{"@type":"ListItem","position":1,"name":"Ballina","item":"https:\/\/permbledhja.com\/sq\/"},{"@type":"ListItem","position":2,"name":"24 vjetori i masakr\u00ebs s\u00eb Re\u00e7akut: Ish-ushtari i U\u00c7K-s\u00eb rr\u00ebfen momentet kritike"}]},{"@type":"WebSite","@id":"https:\/\/permbledhja.com\/#website","url":"https:\/\/permbledhja.com\/","name":"Ve\u00e7 artikuj p\u00ebrmbledh\u00ebs","description":"","publisher":{"@id":"https:\/\/permbledhja.com\/#organization"},"potentialAction":[{"@type":"SearchAction","target":{"@type":"EntryPoint","urlTemplate":"https:\/\/permbledhja.com\/?s={search_term_string}"},"query-input":"required name=search_term_string"}],"inLanguage":"sq"},{"@type":"Organization","@id":"https:\/\/permbledhja.com\/#organization","name":"MK Media & Pr","url":"https:\/\/permbledhja.com\/","logo":{"@type":"ImageObject","inLanguage":"sq","@id":"https:\/\/permbledhja.com\/#\/schema\/logo\/image\/","url":"https:\/\/permbledhja.com\/wp-content\/uploads\/2021\/12\/07-Press-Logo.jpg","contentUrl":"https:\/\/permbledhja.com\/wp-content\/uploads\/2021\/12\/07-Press-Logo.jpg","width":512,"height":512,"caption":"MK Media & Pr"},"image":{"@id":"https:\/\/permbledhja.com\/#\/schema\/logo\/image\/"},"sameAs":["https:\/\/www.facebook.com\/press07\/"]},{"@type":"Person","@id":"https:\/\/permbledhja.com\/#\/schema\/person\/d23f13f59b5722643933d6780783acf3","name":"M M","image":{"@type":"ImageObject","inLanguage":"sq","@id":"https:\/\/permbledhja.com\/#\/schema\/person\/image\/","url":"https:\/\/secure.gravatar.com\/avatar\/e2835a76ca7c31a2416b2d51c4ec9a8f?s=96&d=mm&r=g","contentUrl":"https:\/\/secure.gravatar.com\/avatar\/e2835a76ca7c31a2416b2d51c4ec9a8f?s=96&d=mm&r=g","caption":"M M"},"sameAs":["http:\/\/MM"],"url":"https:\/\/permbledhja.com\/sq\/author\/muhamet\/"}]}},"_links":{"self":[{"href":"https:\/\/permbledhja.com\/sq\/wp-json\/wp\/v2\/posts\/43216"}],"collection":[{"href":"https:\/\/permbledhja.com\/sq\/wp-json\/wp\/v2\/posts"}],"about":[{"href":"https:\/\/permbledhja.com\/sq\/wp-json\/wp\/v2\/types\/post"}],"author":[{"embeddable":true,"href":"https:\/\/permbledhja.com\/sq\/wp-json\/wp\/v2\/users\/2"}],"replies":[{"embeddable":true,"href":"https:\/\/permbledhja.com\/sq\/wp-json\/wp\/v2\/comments?post=43216"}],"version-history":[{"count":1,"href":"https:\/\/permbledhja.com\/sq\/wp-json\/wp\/v2\/posts\/43216\/revisions"}],"predecessor-version":[{"id":43218,"href":"https:\/\/permbledhja.com\/sq\/wp-json\/wp\/v2\/posts\/43216\/revisions\/43218"}],"wp:featuredmedia":[{"embeddable":true,"href":"https:\/\/permbledhja.com\/sq\/wp-json\/wp\/v2\/media\/43217"}],"wp:attachment":[{"href":"https:\/\/permbledhja.com\/sq\/wp-json\/wp\/v2\/media?parent=43216"}],"wp:term":[{"taxonomy":"category","embeddable":true,"href":"https:\/\/permbledhja.com\/sq\/wp-json\/wp\/v2\/categories?post=43216"},{"taxonomy":"post_tag","embeddable":true,"href":"https:\/\/permbledhja.com\/sq\/wp-json\/wp\/v2\/tags?post=43216"}],"curies":[{"name":"wp","href":"https:\/\/api.w.org\/{rel}","templated":true}]}}