{"id":43213,"date":"2024-01-15T19:03:16","date_gmt":"2024-01-15T19:03:16","guid":{"rendered":"https:\/\/permbledhja.com\/?p=43213"},"modified":"2024-01-15T19:03:16","modified_gmt":"2024-01-15T19:03:16","slug":"kurti-ne-panairin-swissbau-jemi-popull-qe-e-duam-shtepine-tone","status":"publish","type":"post","link":"https:\/\/permbledhja.com\/sq\/kurti-ne-panairin-swissbau-jemi-popull-qe-e-duam-shtepine-tone\/","title":{"rendered":"Kurti n\u00eb panairin \u2018Swissbau\u2019: Jemi popull q\u00eb e duam sht\u00ebpin\u00eb ton\u00eb"},"content":{"rendered":"<p>Kryeministri Albin Kurti n\u00eb fjalimin e tij n\u00eb hapjen e `showroom`-it t\u00eb kompanive kosovare n\u00eb panairin nd\u00ebrkomb\u00ebtar t\u00eb produkteve t\u00eb p\u00ebrpunimit t\u00eb drurit \u2018Swisbau\u2019 n\u00eb Cyrih, ka th\u00ebn\u00eb se shqiptar\u00ebt jan\u00eb popull t\u00eb vatr\u00ebs dhe q\u00eb e duan shum\u00eb sht\u00ebpin\u00eb e tyre.<\/p>\n<p>N\u00eb k\u00ebt\u00eb panair po marrin pjes\u00eb edhe 12 kompani nga Kosova me prodhimet e tyre, e p\u00ebr t\u00eb cilat Ministria e Industris\u00eb, Nd\u00ebrmarr\u00ebsis\u00eb dhe Tregtis\u00eb, p\u00ebrkat\u00ebsisht Agjencia p\u00ebr Investime dhe P\u00ebrkrahjen e Nd\u00ebrmarrjeve n\u00eb Kosov\u00eb, n\u00eb bashk\u00ebpunim me Shoqat\u00ebn e P\u00ebrpunuesve t\u00eb Drurit n\u00eb Kosov\u00eb e ka siguruar hap\u00ebsir\u00ebn ekspozuese n\u00eb k\u00ebt\u00eb panair p\u00ebr k\u00ebto kompani vendore.<\/p>\n<p>\u201cSot paradite ishim n\u00eb Re\u00e7ak ku kujtuam 25 vjetorin e masakr\u00ebs atje, e cila tronditi opinionin nd\u00ebrkomb\u00ebtar dhe diplomacin\u00eb bot\u00ebrore dhe l\u00ebvizi NATO-n p\u00ebr ta nd\u00ebrprer\u00eb gjenocidin e Serbis\u00eb n\u00eb Kosov\u00eb. Pra, nj\u00eb \u00e7erek shekulli m\u00eb her\u00ebt ishim n\u00ebn kthetrat e Serbis\u00eb gjenocidale dhe tash 25 vjet m\u00eb von\u00eb, ne, jemi k\u00ebtu n\u00eb Cyrih, duke treguar se Kosova \u00ebsht\u00eb storie suksesi e intervenimit t\u00eb NATO-s, e kombinimit mes zhvillimit ekonomik me progres demokratik dhe nj\u00ebkoh\u00ebsisht e nj\u00eb sektori privat i cili po lul\u00ebzon jo vet\u00ebm n\u00eb Kosov\u00eb, por edhe n\u00eb Zvic\u00ebr, n\u00eb Skandinavi, SHBA, e kudo n\u00eb Evrop\u00eb, e gjithnj\u00eb pa harruar \u00a0e duke e kujtuar Kosov\u00ebn, prej nga vijm\u00eb t\u00eb gjith\u00eb ne\u201d, ka theksuar Kurti gjat\u00eb adresimit para t\u00eb pranishm\u00ebve.<\/p>\n<p>Ai tutje ka th\u00ebn\u00eb se mbase nuk \u00ebsht\u00eb e rast\u00ebsishme q\u00eb nj\u00eb nd\u00ebr organizatat kryesore t\u00eb rilindjes komb\u00ebtare \u00ebsht\u00eb quajtur \u2018Vatra\u2019. \u201cNe si popull, jemi popull t\u00eb sht\u00ebpis\u00eb ton\u00eb, q\u00eb e duam shum\u00eb. Jemi popull t\u00eb vatr\u00ebs, t\u00eb vatr\u00ebs q\u00eb na e sjell ngrohjen e k\u00ebndshme n\u00eb sht\u00ebpit\u00eb tona. Dhe \u00ebsht\u00eb shum\u00eb interesante pik\u00ebrisht n\u00eb sektorin e mobileve, n\u00eb sektorin e sht\u00ebpive dhe at\u00eb t\u00eb p\u00ebrpunimit t\u00eb drurit eksporti \u00ebsht\u00eb duke u zhvilluar n\u00eb m\u00ebnyr\u00eb marramend\u00ebse. E kjo ka t\u00eb b\u00ebj\u00eb edhe me vet kultur\u00ebn, historin\u00eb dhe tradit\u00ebn e popullit ton\u00eb. Prandaj, para nj\u00eb \u00a0\u00e7erek shekulli pati d\u00ebshtuar plani i Serbis\u00eb, q\u00eb duke na vrar\u00eb, d\u00ebbuar, burgosur e duke na djegur 120 mij\u00eb sht\u00ebpi ta b\u00ebj\u00eb Kosov\u00ebn ta pabanueshme\u201d, ka shtuar Kurti, ka transmetuar RTK.<\/p>\n<p>Por, ai theksoi se populli i Kosov\u00ebs d\u00ebshmoi se sa shum\u00eb e don\u00eb vatr\u00ebn e vet, kur n\u00eb qershor t\u00eb vitit 1999 t\u00eb gjith\u00eb refugjat\u00ebt u rikthyen dhe t\u00eb gjitha sht\u00ebpit\u00eb u rind\u00ebrtuan. \u201cMadje u rind\u00ebrtuan shum\u00eb m\u00eb tep\u00ebr sht\u00ebpi se sa ishin shkat\u00ebrruar. Kjo tregon sa e r\u00ebnd\u00ebsishme \u00ebsht\u00eb sht\u00ebpia dhe vatra p\u00ebr popullin ton\u00eb, nd\u00ebrtimi dhe mir\u00ebmbajtja e saj. Mbase ky \u2018showroom\u2019 \u00ebsht\u00eb nj\u00eb shprehje moderne e k\u00ebsaj tradite dhe kulture t\u00eb popullit ton\u00eb\u201d, ka n\u00ebnvizuar i pari i ekzekutivit kosovar.<\/p>\n<p>Ai ka th\u00ebn\u00eb se prezantimi i prodhimeve kosovare n\u00eb k\u00ebt\u00eb panair \u00ebsht\u00eb nj\u00eb mund\u00ebsi e mir\u00eb q\u00eb ato t\u00eb dep\u00ebrtojn\u00eb n\u00eb tregun nd\u00ebrkomb\u00ebtar.<\/p>\n<p>\u201cN\u00eb Kosov\u00eb ekziston nj\u00eb kompani, e cila e merr drurin si l\u00ebnd\u00eb t\u00eb par\u00eb nga Austria dhe eksporton kuzhina n\u00eb Zvic\u00ebr. E Austria e Zvicra jan\u00eb vende fqinje. Pra, hallka e mesme e industris\u00eb, ku l\u00ebnda e par\u00eb \u00ebsht\u00eb n\u00eb Austri e tregu \u00ebsht\u00eb n\u00eb Zvicr\u00ebs, ndodhet n\u00eb Kosov\u00eb. Kjo tregon \u00a0\u00e7far\u00eb shpirti sip\u00ebrmarr\u00ebs kemi ne, por edhe p\u00ebr kushtet e favorshme q\u00eb mund t\u00eb krijohen n\u00eb Kosov\u00eb p\u00ebr t\u00eb b\u00ebr\u00eb prodhimtari e p\u00ebr t\u00eb b\u00ebr\u00eb p\u00ebrpunim\u201d, ka th\u00ebn\u00eb Kurti.<\/p>\n<p>Sipas kreut t\u00eb Qeveris\u00eb s\u00eb Kosov\u00ebs \u00ebsht\u00eb ndryshe kur d\u00ebgjohet p\u00ebr nj\u00eb produkt, e t\u00eb thon\u00eb t\u00eb tjer\u00ebt \u00ebsht\u00eb i bukur, i mir\u00eb e i rehatsh\u00ebm, e ndryshe edhe kur e sheh n\u00eb nj\u00eb katalog t\u00eb marketingut, por sipas tij \u201casgj\u00eb nuk e z\u00ebvend\u00ebson m e pamjen e produktit drejtp\u00ebrs\u00ebdrejti dhe duke e provuar se \u00a0\u00e7far\u00eb ndjenje krijon ai produkt\u201d.<\/p>\n<p>\u201cUrojm\u00eb q\u00eb produktet t\u00eb ekspozohen sa m\u00eb shum\u00eb dhe ky panair t\u00eb jet\u00eb tjet\u00ebr arsye q\u00eb t\u00eb rritet substancialisht eksporti, prodhimi e pun\u00ebsimi, e si rezultat edhe prosperiteti n\u00eb vendin ton\u00eb\u201d, ka p\u00ebrfunduar Kurti.<\/p>\n","protected":false},"excerpt":{"rendered":"<p>Kryeministri Albin Kurti n\u00eb fjalimin e tij n\u00eb hapjen e `showroom`-it t\u00eb kompanive kosovare n\u00eb panairin nd\u00ebrkomb\u00ebtar t\u00eb produkteve t\u00eb p\u00ebrpunimit t\u00eb drurit \u2018Swisbau\u2019 n\u00eb Cyrih, ka th\u00ebn\u00eb se shqiptar\u00ebt jan\u00eb popull t\u00eb vatr\u00ebs dhe q\u00eb e duan shum\u00eb sht\u00ebpin\u00eb e tyre. N\u00eb k\u00ebt\u00eb panair po marrin pjes\u00eb edhe 12 kompani nga Kosova me prodhimet [&hellip;]<\/p>\n","protected":false},"author":2,"featured_media":43214,"comment_status":"closed","ping_status":"closed","sticky":false,"template":"","format":"standard","meta":{"_monsterinsights_skip_tracking":false,"_monsterinsights_sitenote_active":false,"_monsterinsights_sitenote_note":"","_monsterinsights_sitenote_category":0,"_uf_show_specific_survey":0,"_uf_disable_surveys":false,"footnotes":""},"categories":[2645],"tags":[86],"yoast_head":"<!-- This site is optimized with the Yoast SEO plugin v21.5 - https:\/\/yoast.com\/wordpress\/plugins\/seo\/ -->\n<title>Kurti n\u00eb panairin \u2018Swissbau\u2019: Jemi popull q\u00eb e duam sht\u00ebpin\u00eb ton\u00eb<\/title>\n<meta name=\"robots\" content=\"index, follow, max-snippet:-1, max-image-preview:large, max-video-preview:-1\" \/>\n<link rel=\"canonical\" href=\"https:\/\/permbledhja.com\/sq\/kurti-ne-panairin-swissbau-jemi-popull-qe-e-duam-shtepine-tone\/\" \/>\n<meta property=\"og:locale\" content=\"sq_AL\" \/>\n<meta property=\"og:type\" content=\"article\" \/>\n<meta property=\"og:title\" content=\"Kurti n\u00eb panairin \u2018Swissbau\u2019: Jemi popull q\u00eb e duam sht\u00ebpin\u00eb ton\u00eb\" \/>\n<meta property=\"og:description\" content=\"Kryeministri Albin Kurti n\u00eb fjalimin e tij n\u00eb hapjen e `showroom`-it t\u00eb kompanive kosovare n\u00eb panairin nd\u00ebrkomb\u00ebtar t\u00eb produkteve t\u00eb p\u00ebrpunimit t\u00eb drurit \u2018Swisbau\u2019 n\u00eb Cyrih, ka th\u00ebn\u00eb se shqiptar\u00ebt jan\u00eb popull t\u00eb vatr\u00ebs dhe q\u00eb e duan shum\u00eb sht\u00ebpin\u00eb e tyre. N\u00eb k\u00ebt\u00eb panair po marrin pjes\u00eb edhe 12 kompani nga Kosova me prodhimet [&hellip;]\" \/>\n<meta property=\"og:url\" content=\"https:\/\/permbledhja.com\/sq\/kurti-ne-panairin-swissbau-jemi-popull-qe-e-duam-shtepine-tone\/\" \/>\n<meta property=\"og:site_name\" content=\"Ve\u00e7 artikuj p\u00ebrmbledh\u00ebs\" \/>\n<meta property=\"article:publisher\" content=\"https:\/\/www.facebook.com\/press07\/\" \/>\n<meta property=\"article:published_time\" content=\"2024-01-15T19:03:16+00:00\" \/>\n<meta property=\"og:image\" content=\"https:\/\/permbledhja.com\/wp-content\/uploads\/2024\/01\/60000-600x360-1.jpg\" \/>\n\t<meta property=\"og:image:width\" content=\"600\" \/>\n\t<meta property=\"og:image:height\" content=\"360\" \/>\n\t<meta property=\"og:image:type\" content=\"image\/jpeg\" \/>\n<meta name=\"author\" content=\"M M\" \/>\n<meta name=\"twitter:card\" content=\"summary_large_image\" \/>\n<meta name=\"twitter:label1\" content=\"Written by\" \/>\n\t<meta name=\"twitter:data1\" content=\"M M\" \/>\n\t<meta name=\"twitter:label2\" content=\"Est. reading time\" \/>\n\t<meta name=\"twitter:data2\" content=\"4 minuta\" \/>\n<script type=\"application\/ld+json\" class=\"yoast-schema-graph\">{\"@context\":\"https:\/\/schema.org\",\"@graph\":[{\"@type\":\"Article\",\"@id\":\"https:\/\/permbledhja.com\/sq\/kurti-ne-panairin-swissbau-jemi-popull-qe-e-duam-shtepine-tone\/#article\",\"isPartOf\":{\"@id\":\"https:\/\/permbledhja.com\/sq\/kurti-ne-panairin-swissbau-jemi-popull-qe-e-duam-shtepine-tone\/\"},\"author\":{\"name\":\"M M\",\"@id\":\"https:\/\/permbledhja.com\/#\/schema\/person\/d23f13f59b5722643933d6780783acf3\"},\"headline\":\"Kurti n\u00eb panairin \u2018Swissbau\u2019: Jemi popull q\u00eb e duam sht\u00ebpin\u00eb ton\u00eb\",\"datePublished\":\"2024-01-15T19:03:16+00:00\",\"dateModified\":\"2024-01-15T19:03:16+00:00\",\"mainEntityOfPage\":{\"@id\":\"https:\/\/permbledhja.com\/sq\/kurti-ne-panairin-swissbau-jemi-popull-qe-e-duam-shtepine-tone\/\"},\"wordCount\":746,\"publisher\":{\"@id\":\"https:\/\/permbledhja.com\/#organization\"},\"keywords\":[\"Albin Kurti\"],\"articleSection\":[\"T\u00eb r\u00ebnd\u00ebsishme\"],\"inLanguage\":\"sq\"},{\"@type\":\"WebPage\",\"@id\":\"https:\/\/permbledhja.com\/sq\/kurti-ne-panairin-swissbau-jemi-popull-qe-e-duam-shtepine-tone\/\",\"url\":\"https:\/\/permbledhja.com\/sq\/kurti-ne-panairin-swissbau-jemi-popull-qe-e-duam-shtepine-tone\/\",\"name\":\"Kurti n\u00eb panairin \u2018Swissbau\u2019: Jemi popull q\u00eb e duam sht\u00ebpin\u00eb ton\u00eb\",\"isPartOf\":{\"@id\":\"https:\/\/permbledhja.com\/#website\"},\"datePublished\":\"2024-01-15T19:03:16+00:00\",\"dateModified\":\"2024-01-15T19:03:16+00:00\",\"breadcrumb\":{\"@id\":\"https:\/\/permbledhja.com\/sq\/kurti-ne-panairin-swissbau-jemi-popull-qe-e-duam-shtepine-tone\/#breadcrumb\"},\"inLanguage\":\"sq\",\"potentialAction\":[{\"@type\":\"ReadAction\",\"target\":[\"https:\/\/permbledhja.com\/sq\/kurti-ne-panairin-swissbau-jemi-popull-qe-e-duam-shtepine-tone\/\"]}]},{\"@type\":\"BreadcrumbList\",\"@id\":\"https:\/\/permbledhja.com\/sq\/kurti-ne-panairin-swissbau-jemi-popull-qe-e-duam-shtepine-tone\/#breadcrumb\",\"itemListElement\":[{\"@type\":\"ListItem\",\"position\":1,\"name\":\"Ballina\",\"item\":\"https:\/\/permbledhja.com\/sq\/\"},{\"@type\":\"ListItem\",\"position\":2,\"name\":\"Kurti n\u00eb panairin \u2018Swissbau\u2019: Jemi popull q\u00eb e duam sht\u00ebpin\u00eb ton\u00eb\"}]},{\"@type\":\"WebSite\",\"@id\":\"https:\/\/permbledhja.com\/#website\",\"url\":\"https:\/\/permbledhja.com\/\",\"name\":\"Ve\u00e7 artikuj p\u00ebrmbledh\u00ebs\",\"description\":\"\",\"publisher\":{\"@id\":\"https:\/\/permbledhja.com\/#organization\"},\"potentialAction\":[{\"@type\":\"SearchAction\",\"target\":{\"@type\":\"EntryPoint\",\"urlTemplate\":\"https:\/\/permbledhja.com\/?s={search_term_string}\"},\"query-input\":\"required name=search_term_string\"}],\"inLanguage\":\"sq\"},{\"@type\":\"Organization\",\"@id\":\"https:\/\/permbledhja.com\/#organization\",\"name\":\"MK Media & Pr\",\"url\":\"https:\/\/permbledhja.com\/\",\"logo\":{\"@type\":\"ImageObject\",\"inLanguage\":\"sq\",\"@id\":\"https:\/\/permbledhja.com\/#\/schema\/logo\/image\/\",\"url\":\"https:\/\/permbledhja.com\/wp-content\/uploads\/2021\/12\/07-Press-Logo.jpg\",\"contentUrl\":\"https:\/\/permbledhja.com\/wp-content\/uploads\/2021\/12\/07-Press-Logo.jpg\",\"width\":512,\"height\":512,\"caption\":\"MK Media & Pr\"},\"image\":{\"@id\":\"https:\/\/permbledhja.com\/#\/schema\/logo\/image\/\"},\"sameAs\":[\"https:\/\/www.facebook.com\/press07\/\"]},{\"@type\":\"Person\",\"@id\":\"https:\/\/permbledhja.com\/#\/schema\/person\/d23f13f59b5722643933d6780783acf3\",\"name\":\"M M\",\"image\":{\"@type\":\"ImageObject\",\"inLanguage\":\"sq\",\"@id\":\"https:\/\/permbledhja.com\/#\/schema\/person\/image\/\",\"url\":\"https:\/\/secure.gravatar.com\/avatar\/e2835a76ca7c31a2416b2d51c4ec9a8f?s=96&d=mm&r=g\",\"contentUrl\":\"https:\/\/secure.gravatar.com\/avatar\/e2835a76ca7c31a2416b2d51c4ec9a8f?s=96&d=mm&r=g\",\"caption\":\"M M\"},\"sameAs\":[\"http:\/\/MM\"],\"url\":\"https:\/\/permbledhja.com\/sq\/author\/muhamet\/\"}]}<\/script>\n<!-- \/ Yoast SEO plugin. -->","yoast_head_json":{"title":"Kurti n\u00eb panairin \u2018Swissbau\u2019: Jemi popull q\u00eb e duam sht\u00ebpin\u00eb ton\u00eb","robots":{"index":"index","follow":"follow","max-snippet":"max-snippet:-1","max-image-preview":"max-image-preview:large","max-video-preview":"max-video-preview:-1"},"canonical":"https:\/\/permbledhja.com\/sq\/kurti-ne-panairin-swissbau-jemi-popull-qe-e-duam-shtepine-tone\/","og_locale":"sq_AL","og_type":"article","og_title":"Kurti n\u00eb panairin \u2018Swissbau\u2019: Jemi popull q\u00eb e duam sht\u00ebpin\u00eb ton\u00eb","og_description":"Kryeministri Albin Kurti n\u00eb fjalimin e tij n\u00eb hapjen e `showroom`-it t\u00eb kompanive kosovare n\u00eb panairin nd\u00ebrkomb\u00ebtar t\u00eb produkteve t\u00eb p\u00ebrpunimit t\u00eb drurit \u2018Swisbau\u2019 n\u00eb Cyrih, ka th\u00ebn\u00eb se shqiptar\u00ebt jan\u00eb popull t\u00eb vatr\u00ebs dhe q\u00eb e duan shum\u00eb sht\u00ebpin\u00eb e tyre. N\u00eb k\u00ebt\u00eb panair po marrin pjes\u00eb edhe 12 kompani nga Kosova me prodhimet [&hellip;]","og_url":"https:\/\/permbledhja.com\/sq\/kurti-ne-panairin-swissbau-jemi-popull-qe-e-duam-shtepine-tone\/","og_site_name":"Ve\u00e7 artikuj p\u00ebrmbledh\u00ebs","article_publisher":"https:\/\/www.facebook.com\/press07\/","article_published_time":"2024-01-15T19:03:16+00:00","og_image":[{"width":600,"height":360,"url":"https:\/\/permbledhja.com\/wp-content\/uploads\/2024\/01\/60000-600x360-1.jpg","type":"image\/jpeg"}],"author":"M M","twitter_card":"summary_large_image","twitter_misc":{"Written by":"M M","Est. reading time":"4 minuta"},"schema":{"@context":"https:\/\/schema.org","@graph":[{"@type":"Article","@id":"https:\/\/permbledhja.com\/sq\/kurti-ne-panairin-swissbau-jemi-popull-qe-e-duam-shtepine-tone\/#article","isPartOf":{"@id":"https:\/\/permbledhja.com\/sq\/kurti-ne-panairin-swissbau-jemi-popull-qe-e-duam-shtepine-tone\/"},"author":{"name":"M M","@id":"https:\/\/permbledhja.com\/#\/schema\/person\/d23f13f59b5722643933d6780783acf3"},"headline":"Kurti n\u00eb panairin \u2018Swissbau\u2019: Jemi popull q\u00eb e duam sht\u00ebpin\u00eb ton\u00eb","datePublished":"2024-01-15T19:03:16+00:00","dateModified":"2024-01-15T19:03:16+00:00","mainEntityOfPage":{"@id":"https:\/\/permbledhja.com\/sq\/kurti-ne-panairin-swissbau-jemi-popull-qe-e-duam-shtepine-tone\/"},"wordCount":746,"publisher":{"@id":"https:\/\/permbledhja.com\/#organization"},"keywords":["Albin Kurti"],"articleSection":["T\u00eb r\u00ebnd\u00ebsishme"],"inLanguage":"sq"},{"@type":"WebPage","@id":"https:\/\/permbledhja.com\/sq\/kurti-ne-panairin-swissbau-jemi-popull-qe-e-duam-shtepine-tone\/","url":"https:\/\/permbledhja.com\/sq\/kurti-ne-panairin-swissbau-jemi-popull-qe-e-duam-shtepine-tone\/","name":"Kurti n\u00eb panairin \u2018Swissbau\u2019: Jemi popull q\u00eb e duam sht\u00ebpin\u00eb ton\u00eb","isPartOf":{"@id":"https:\/\/permbledhja.com\/#website"},"datePublished":"2024-01-15T19:03:16+00:00","dateModified":"2024-01-15T19:03:16+00:00","breadcrumb":{"@id":"https:\/\/permbledhja.com\/sq\/kurti-ne-panairin-swissbau-jemi-popull-qe-e-duam-shtepine-tone\/#breadcrumb"},"inLanguage":"sq","potentialAction":[{"@type":"ReadAction","target":["https:\/\/permbledhja.com\/sq\/kurti-ne-panairin-swissbau-jemi-popull-qe-e-duam-shtepine-tone\/"]}]},{"@type":"BreadcrumbList","@id":"https:\/\/permbledhja.com\/sq\/kurti-ne-panairin-swissbau-jemi-popull-qe-e-duam-shtepine-tone\/#breadcrumb","itemListElement":[{"@type":"ListItem","position":1,"name":"Ballina","item":"https:\/\/permbledhja.com\/sq\/"},{"@type":"ListItem","position":2,"name":"Kurti n\u00eb panairin \u2018Swissbau\u2019: Jemi popull q\u00eb e duam sht\u00ebpin\u00eb ton\u00eb"}]},{"@type":"WebSite","@id":"https:\/\/permbledhja.com\/#website","url":"https:\/\/permbledhja.com\/","name":"Ve\u00e7 artikuj p\u00ebrmbledh\u00ebs","description":"","publisher":{"@id":"https:\/\/permbledhja.com\/#organization"},"potentialAction":[{"@type":"SearchAction","target":{"@type":"EntryPoint","urlTemplate":"https:\/\/permbledhja.com\/?s={search_term_string}"},"query-input":"required name=search_term_string"}],"inLanguage":"sq"},{"@type":"Organization","@id":"https:\/\/permbledhja.com\/#organization","name":"MK Media & Pr","url":"https:\/\/permbledhja.com\/","logo":{"@type":"ImageObject","inLanguage":"sq","@id":"https:\/\/permbledhja.com\/#\/schema\/logo\/image\/","url":"https:\/\/permbledhja.com\/wp-content\/uploads\/2021\/12\/07-Press-Logo.jpg","contentUrl":"https:\/\/permbledhja.com\/wp-content\/uploads\/2021\/12\/07-Press-Logo.jpg","width":512,"height":512,"caption":"MK Media & Pr"},"image":{"@id":"https:\/\/permbledhja.com\/#\/schema\/logo\/image\/"},"sameAs":["https:\/\/www.facebook.com\/press07\/"]},{"@type":"Person","@id":"https:\/\/permbledhja.com\/#\/schema\/person\/d23f13f59b5722643933d6780783acf3","name":"M M","image":{"@type":"ImageObject","inLanguage":"sq","@id":"https:\/\/permbledhja.com\/#\/schema\/person\/image\/","url":"https:\/\/secure.gravatar.com\/avatar\/e2835a76ca7c31a2416b2d51c4ec9a8f?s=96&d=mm&r=g","contentUrl":"https:\/\/secure.gravatar.com\/avatar\/e2835a76ca7c31a2416b2d51c4ec9a8f?s=96&d=mm&r=g","caption":"M M"},"sameAs":["http:\/\/MM"],"url":"https:\/\/permbledhja.com\/sq\/author\/muhamet\/"}]}},"_links":{"self":[{"href":"https:\/\/permbledhja.com\/sq\/wp-json\/wp\/v2\/posts\/43213"}],"collection":[{"href":"https:\/\/permbledhja.com\/sq\/wp-json\/wp\/v2\/posts"}],"about":[{"href":"https:\/\/permbledhja.com\/sq\/wp-json\/wp\/v2\/types\/post"}],"author":[{"embeddable":true,"href":"https:\/\/permbledhja.com\/sq\/wp-json\/wp\/v2\/users\/2"}],"replies":[{"embeddable":true,"href":"https:\/\/permbledhja.com\/sq\/wp-json\/wp\/v2\/comments?post=43213"}],"version-history":[{"count":1,"href":"https:\/\/permbledhja.com\/sq\/wp-json\/wp\/v2\/posts\/43213\/revisions"}],"predecessor-version":[{"id":43215,"href":"https:\/\/permbledhja.com\/sq\/wp-json\/wp\/v2\/posts\/43213\/revisions\/43215"}],"wp:featuredmedia":[{"embeddable":true,"href":"https:\/\/permbledhja.com\/sq\/wp-json\/wp\/v2\/media\/43214"}],"wp:attachment":[{"href":"https:\/\/permbledhja.com\/sq\/wp-json\/wp\/v2\/media?parent=43213"}],"wp:term":[{"taxonomy":"category","embeddable":true,"href":"https:\/\/permbledhja.com\/sq\/wp-json\/wp\/v2\/categories?post=43213"},{"taxonomy":"post_tag","embeddable":true,"href":"https:\/\/permbledhja.com\/sq\/wp-json\/wp\/v2\/tags?post=43213"}],"curies":[{"name":"wp","href":"https:\/\/api.w.org\/{rel}","templated":true}]}}