{"id":43086,"date":"2024-01-15T08:51:22","date_gmt":"2024-01-15T08:51:22","guid":{"rendered":"https:\/\/permbledhja.com\/?p=43086"},"modified":"2024-01-15T08:51:22","modified_gmt":"2024-01-15T08:51:22","slug":"osmani-jemi-ketu-per-te-kerkuar-drejtesi-per-masakren-e-recakut-qe-e-kreu-regjimi-i-millosheviqit","status":"publish","type":"post","link":"https:\/\/permbledhja.com\/sq\/osmani-jemi-ketu-per-te-kerkuar-drejtesi-per-masakren-e-recakut-qe-e-kreu-regjimi-i-millosheviqit\/","title":{"rendered":"Osmani: Jemi k\u00ebtu p\u00ebr t\u00eb k\u00ebrkuar drejt\u00ebsi p\u00ebr masakr\u00ebn e Re\u00e7akut q\u00eb e kreu regjimi i Millosheviqit"},"content":{"rendered":"<h3>Presidentja e Kosov\u00ebs, Vjosa Osmani bashk\u00eb me kryeministrin Kurti dhe kryeparlamentarin Konjufca b\u00ebn homazhe pran lapidarit n\u00eb Re\u00e7ak.<\/h3>\n<p>Sot me 15 janar 2024, jan\u00eb b\u00ebr\u00eb 25 vjet q\u00eb kur forcat policore dhe ushtarake serbe kryen nj\u00ebr\u00ebn nga masakrat m\u00eb t\u00eb dhimbshme kund\u00ebr njer\u00ebzimit n\u00eb Re\u00e7ak.<\/p>\n<p>Presidentja Vjosa Osmani, n\u00eb 25 t\u00eb vjetorin e masakr\u00ebs s\u00eb Re\u00e7akut ka k\u00ebrkuar drejt\u00ebsi p\u00ebr t\u00eb vrar\u00ebt n\u00eb k\u00ebt\u00eb krim makab\u00ebr ndaj civil\u00ebve t\u00eb pafajsh\u00ebm.<\/p>\n<p><em>\u201c<\/em>15 vite pas masakr\u00ebs s\u00eb Re\u00e7akut jemi k\u00ebtu, jo vet\u00ebm p\u00ebr t\u00eb nderuar viktimat e regjimit gjinocidal te Millosheviqit, por nj\u00ebkoh\u00ebsisht p\u00ebr t\u00eb p\u00ebrs\u00ebritur thirrjen ton\u00eb p\u00ebr drejt\u00ebsi. Drejt\u00ebsia \u00ebsht\u00eb ajo q\u00eb i jep kuptim paq\u00ebs, liris\u00eb dhe \u00ebsht\u00eb e domosdoshme p\u00ebr pajtim. Jemi k\u00ebtu p\u00ebr t\u00eb nderuar t\u00eb gjith\u00eb t\u00eb r\u00ebn\u00ebt dhe t\u00eb gjith\u00eb ata civil q\u00eb duarthat\u00eb u masakruan n\u00eb m\u00ebnyr\u00ebn m\u00eb brutale duke kryer krim kund\u00ebr nj\u00ebrzimit pra nga regjimi i Millosheviqit. Nj\u00ebkoh\u00ebsisht jemi k\u00ebtu p\u00ebr t\u00eb falend\u00ebruar ambasadorin William Walker q\u00eb u b\u00eb z\u00ebri i t\u00eb gjitha viktimave n\u00eb nj\u00eb koh\u00eb kur fatkeq\u00ebsisht ne nuk kishim z\u00eb, kur kishim nevoj\u00eb p\u00ebr mbrojtjen e bot\u00ebs demokratike dhe ishte pik\u00ebrisht masakra e Re\u00e7akut q\u00eb nd\u00ebrkomb\u00ebtarizoi \u00e7\u00ebshtjen e Kosov\u00ebs\u201d<em>,<\/em>\u00a0tha Osmani.<\/p>\n","protected":false},"excerpt":{"rendered":"<p>Presidentja e Kosov\u00ebs, Vjosa Osmani bashk\u00eb me kryeministrin Kurti dhe kryeparlamentarin Konjufca b\u00ebn homazhe pran lapidarit n\u00eb Re\u00e7ak. Sot me 15 janar 2024, jan\u00eb b\u00ebr\u00eb 25 vjet q\u00eb kur forcat policore dhe ushtarake serbe kryen nj\u00ebr\u00ebn nga masakrat m\u00eb t\u00eb dhimbshme kund\u00ebr njer\u00ebzimit n\u00eb Re\u00e7ak. Presidentja Vjosa Osmani, n\u00eb 25 t\u00eb vjetorin e masakr\u00ebs s\u00eb [&hellip;]<\/p>\n","protected":false},"author":5,"featured_media":43087,"comment_status":"closed","ping_status":"closed","sticky":false,"template":"","format":"standard","meta":{"_monsterinsights_skip_tracking":false,"_monsterinsights_sitenote_active":false,"_monsterinsights_sitenote_note":"","_monsterinsights_sitenote_category":0,"_uf_show_specific_survey":0,"_uf_disable_surveys":false,"footnotes":""},"categories":[2645],"tags":[],"yoast_head":"<!-- This site is optimized with the Yoast SEO plugin v21.5 - https:\/\/yoast.com\/wordpress\/plugins\/seo\/ -->\n<title>Osmani: Jemi k\u00ebtu p\u00ebr t\u00eb k\u00ebrkuar drejt\u00ebsi p\u00ebr masakr\u00ebn e Re\u00e7akut q\u00eb e kreu regjimi i Millosheviqit<\/title>\n<meta name=\"robots\" content=\"index, follow, max-snippet:-1, max-image-preview:large, max-video-preview:-1\" \/>\n<link rel=\"canonical\" href=\"https:\/\/permbledhja.com\/sq\/osmani-jemi-ketu-per-te-kerkuar-drejtesi-per-masakren-e-recakut-qe-e-kreu-regjimi-i-millosheviqit\/\" \/>\n<meta property=\"og:locale\" content=\"sq_AL\" \/>\n<meta property=\"og:type\" content=\"article\" \/>\n<meta property=\"og:title\" content=\"Osmani: Jemi k\u00ebtu p\u00ebr t\u00eb k\u00ebrkuar drejt\u00ebsi p\u00ebr masakr\u00ebn e Re\u00e7akut q\u00eb e kreu regjimi i Millosheviqit\" \/>\n<meta property=\"og:description\" content=\"Presidentja e Kosov\u00ebs, Vjosa Osmani bashk\u00eb me kryeministrin Kurti dhe kryeparlamentarin Konjufca b\u00ebn homazhe pran lapidarit n\u00eb Re\u00e7ak. Sot me 15 janar 2024, jan\u00eb b\u00ebr\u00eb 25 vjet q\u00eb kur forcat policore dhe ushtarake serbe kryen nj\u00ebr\u00ebn nga masakrat m\u00eb t\u00eb dhimbshme kund\u00ebr njer\u00ebzimit n\u00eb Re\u00e7ak. Presidentja Vjosa Osmani, n\u00eb 25 t\u00eb vjetorin e masakr\u00ebs s\u00eb [&hellip;]\" \/>\n<meta property=\"og:url\" content=\"https:\/\/permbledhja.com\/sq\/osmani-jemi-ketu-per-te-kerkuar-drejtesi-per-masakren-e-recakut-qe-e-kreu-regjimi-i-millosheviqit\/\" \/>\n<meta property=\"og:site_name\" content=\"Ve\u00e7 artikuj p\u00ebrmbledh\u00ebs\" \/>\n<meta property=\"article:publisher\" content=\"https:\/\/www.facebook.com\/press07\/\" \/>\n<meta property=\"article:published_time\" content=\"2024-01-15T08:51:22+00:00\" \/>\n<meta property=\"og:image\" content=\"https:\/\/permbledhja.com\/wp-content\/uploads\/2024\/01\/osm.webp\" \/>\n\t<meta property=\"og:image:width\" content=\"745\" \/>\n\t<meta property=\"og:image:height\" content=\"490\" \/>\n\t<meta property=\"og:image:type\" content=\"image\/webp\" \/>\n<meta name=\"author\" content=\"DL\" \/>\n<meta name=\"twitter:card\" content=\"summary_large_image\" \/>\n<meta name=\"twitter:label1\" content=\"Written by\" \/>\n\t<meta name=\"twitter:data1\" content=\"DL\" \/>\n\t<meta name=\"twitter:label2\" content=\"Est. reading time\" \/>\n\t<meta name=\"twitter:data2\" content=\"2 minuta\" \/>\n<script type=\"application\/ld+json\" class=\"yoast-schema-graph\">{\"@context\":\"https:\/\/schema.org\",\"@graph\":[{\"@type\":\"Article\",\"@id\":\"https:\/\/permbledhja.com\/osmani-jemi-ketu-per-te-kerkuar-drejtesi-per-masakren-e-recakut-qe-e-kreu-regjimi-i-millosheviqit\/#article\",\"isPartOf\":{\"@id\":\"https:\/\/permbledhja.com\/osmani-jemi-ketu-per-te-kerkuar-drejtesi-per-masakren-e-recakut-qe-e-kreu-regjimi-i-millosheviqit\/\"},\"author\":{\"name\":\"DL\",\"@id\":\"https:\/\/permbledhja.com\/#\/schema\/person\/9c54260cbc4c6f792cb100550491638c\"},\"headline\":\"Osmani: Jemi k\u00ebtu p\u00ebr t\u00eb k\u00ebrkuar drejt\u00ebsi p\u00ebr masakr\u00ebn e Re\u00e7akut q\u00eb e kreu regjimi i Millosheviqit\",\"datePublished\":\"2024-01-15T08:51:22+00:00\",\"dateModified\":\"2024-01-15T08:51:22+00:00\",\"mainEntityOfPage\":{\"@id\":\"https:\/\/permbledhja.com\/osmani-jemi-ketu-per-te-kerkuar-drejtesi-per-masakren-e-recakut-qe-e-kreu-regjimi-i-millosheviqit\/\"},\"wordCount\":267,\"publisher\":{\"@id\":\"https:\/\/permbledhja.com\/#organization\"},\"articleSection\":[\"T\u00eb r\u00ebnd\u00ebsishme\"],\"inLanguage\":\"sq\"},{\"@type\":\"WebPage\",\"@id\":\"https:\/\/permbledhja.com\/osmani-jemi-ketu-per-te-kerkuar-drejtesi-per-masakren-e-recakut-qe-e-kreu-regjimi-i-millosheviqit\/\",\"url\":\"https:\/\/permbledhja.com\/osmani-jemi-ketu-per-te-kerkuar-drejtesi-per-masakren-e-recakut-qe-e-kreu-regjimi-i-millosheviqit\/\",\"name\":\"Osmani: Jemi k\u00ebtu p\u00ebr t\u00eb k\u00ebrkuar drejt\u00ebsi p\u00ebr masakr\u00ebn e Re\u00e7akut q\u00eb e kreu regjimi i Millosheviqit\",\"isPartOf\":{\"@id\":\"https:\/\/permbledhja.com\/#website\"},\"datePublished\":\"2024-01-15T08:51:22+00:00\",\"dateModified\":\"2024-01-15T08:51:22+00:00\",\"breadcrumb\":{\"@id\":\"https:\/\/permbledhja.com\/osmani-jemi-ketu-per-te-kerkuar-drejtesi-per-masakren-e-recakut-qe-e-kreu-regjimi-i-millosheviqit\/#breadcrumb\"},\"inLanguage\":\"sq\",\"potentialAction\":[{\"@type\":\"ReadAction\",\"target\":[\"https:\/\/permbledhja.com\/osmani-jemi-ketu-per-te-kerkuar-drejtesi-per-masakren-e-recakut-qe-e-kreu-regjimi-i-millosheviqit\/\"]}]},{\"@type\":\"BreadcrumbList\",\"@id\":\"https:\/\/permbledhja.com\/osmani-jemi-ketu-per-te-kerkuar-drejtesi-per-masakren-e-recakut-qe-e-kreu-regjimi-i-millosheviqit\/#breadcrumb\",\"itemListElement\":[{\"@type\":\"ListItem\",\"position\":1,\"name\":\"Ballina\",\"item\":\"https:\/\/permbledhja.com\/sq\/\"},{\"@type\":\"ListItem\",\"position\":2,\"name\":\"Osmani: Jemi k\u00ebtu p\u00ebr t\u00eb k\u00ebrkuar drejt\u00ebsi p\u00ebr masakr\u00ebn e Re\u00e7akut q\u00eb e kreu regjimi i Millosheviqit\"}]},{\"@type\":\"WebSite\",\"@id\":\"https:\/\/permbledhja.com\/#website\",\"url\":\"https:\/\/permbledhja.com\/\",\"name\":\"Ve\u00e7 artikuj p\u00ebrmbledh\u00ebs\",\"description\":\"\",\"publisher\":{\"@id\":\"https:\/\/permbledhja.com\/#organization\"},\"potentialAction\":[{\"@type\":\"SearchAction\",\"target\":{\"@type\":\"EntryPoint\",\"urlTemplate\":\"https:\/\/permbledhja.com\/?s={search_term_string}\"},\"query-input\":\"required name=search_term_string\"}],\"inLanguage\":\"sq\"},{\"@type\":\"Organization\",\"@id\":\"https:\/\/permbledhja.com\/#organization\",\"name\":\"MK Media & Pr\",\"url\":\"https:\/\/permbledhja.com\/\",\"logo\":{\"@type\":\"ImageObject\",\"inLanguage\":\"sq\",\"@id\":\"https:\/\/permbledhja.com\/#\/schema\/logo\/image\/\",\"url\":\"https:\/\/permbledhja.com\/wp-content\/uploads\/2021\/12\/07-Press-Logo.jpg\",\"contentUrl\":\"https:\/\/permbledhja.com\/wp-content\/uploads\/2021\/12\/07-Press-Logo.jpg\",\"width\":512,\"height\":512,\"caption\":\"MK Media & Pr\"},\"image\":{\"@id\":\"https:\/\/permbledhja.com\/#\/schema\/logo\/image\/\"},\"sameAs\":[\"https:\/\/www.facebook.com\/press07\/\"]},{\"@type\":\"Person\",\"@id\":\"https:\/\/permbledhja.com\/#\/schema\/person\/9c54260cbc4c6f792cb100550491638c\",\"name\":\"DL\",\"image\":{\"@type\":\"ImageObject\",\"inLanguage\":\"sq\",\"@id\":\"https:\/\/permbledhja.com\/#\/schema\/person\/image\/\",\"url\":\"https:\/\/secure.gravatar.com\/avatar\/94503eb28d4c4b2005a5c8753e35fc80?s=96&d=mm&r=g\",\"contentUrl\":\"https:\/\/secure.gravatar.com\/avatar\/94503eb28d4c4b2005a5c8753e35fc80?s=96&d=mm&r=g\",\"caption\":\"DL\"},\"url\":\"https:\/\/permbledhja.com\/sq\/author\/dl\/\"}]}<\/script>\n<!-- \/ Yoast SEO plugin. -->","yoast_head_json":{"title":"Osmani: Jemi k\u00ebtu p\u00ebr t\u00eb k\u00ebrkuar drejt\u00ebsi p\u00ebr masakr\u00ebn e Re\u00e7akut q\u00eb e kreu regjimi i Millosheviqit","robots":{"index":"index","follow":"follow","max-snippet":"max-snippet:-1","max-image-preview":"max-image-preview:large","max-video-preview":"max-video-preview:-1"},"canonical":"https:\/\/permbledhja.com\/sq\/osmani-jemi-ketu-per-te-kerkuar-drejtesi-per-masakren-e-recakut-qe-e-kreu-regjimi-i-millosheviqit\/","og_locale":"sq_AL","og_type":"article","og_title":"Osmani: Jemi k\u00ebtu p\u00ebr t\u00eb k\u00ebrkuar drejt\u00ebsi p\u00ebr masakr\u00ebn e Re\u00e7akut q\u00eb e kreu regjimi i Millosheviqit","og_description":"Presidentja e Kosov\u00ebs, Vjosa Osmani bashk\u00eb me kryeministrin Kurti dhe kryeparlamentarin Konjufca b\u00ebn homazhe pran lapidarit n\u00eb Re\u00e7ak. Sot me 15 janar 2024, jan\u00eb b\u00ebr\u00eb 25 vjet q\u00eb kur forcat policore dhe ushtarake serbe kryen nj\u00ebr\u00ebn nga masakrat m\u00eb t\u00eb dhimbshme kund\u00ebr njer\u00ebzimit n\u00eb Re\u00e7ak. Presidentja Vjosa Osmani, n\u00eb 25 t\u00eb vjetorin e masakr\u00ebs s\u00eb [&hellip;]","og_url":"https:\/\/permbledhja.com\/sq\/osmani-jemi-ketu-per-te-kerkuar-drejtesi-per-masakren-e-recakut-qe-e-kreu-regjimi-i-millosheviqit\/","og_site_name":"Ve\u00e7 artikuj p\u00ebrmbledh\u00ebs","article_publisher":"https:\/\/www.facebook.com\/press07\/","article_published_time":"2024-01-15T08:51:22+00:00","og_image":[{"width":745,"height":490,"url":"https:\/\/permbledhja.com\/wp-content\/uploads\/2024\/01\/osm.webp","type":"image\/webp"}],"author":"DL","twitter_card":"summary_large_image","twitter_misc":{"Written by":"DL","Est. reading time":"2 minuta"},"schema":{"@context":"https:\/\/schema.org","@graph":[{"@type":"Article","@id":"https:\/\/permbledhja.com\/osmani-jemi-ketu-per-te-kerkuar-drejtesi-per-masakren-e-recakut-qe-e-kreu-regjimi-i-millosheviqit\/#article","isPartOf":{"@id":"https:\/\/permbledhja.com\/osmani-jemi-ketu-per-te-kerkuar-drejtesi-per-masakren-e-recakut-qe-e-kreu-regjimi-i-millosheviqit\/"},"author":{"name":"DL","@id":"https:\/\/permbledhja.com\/#\/schema\/person\/9c54260cbc4c6f792cb100550491638c"},"headline":"Osmani: Jemi k\u00ebtu p\u00ebr t\u00eb k\u00ebrkuar drejt\u00ebsi p\u00ebr masakr\u00ebn e Re\u00e7akut q\u00eb e kreu regjimi i Millosheviqit","datePublished":"2024-01-15T08:51:22+00:00","dateModified":"2024-01-15T08:51:22+00:00","mainEntityOfPage":{"@id":"https:\/\/permbledhja.com\/osmani-jemi-ketu-per-te-kerkuar-drejtesi-per-masakren-e-recakut-qe-e-kreu-regjimi-i-millosheviqit\/"},"wordCount":267,"publisher":{"@id":"https:\/\/permbledhja.com\/#organization"},"articleSection":["T\u00eb r\u00ebnd\u00ebsishme"],"inLanguage":"sq"},{"@type":"WebPage","@id":"https:\/\/permbledhja.com\/osmani-jemi-ketu-per-te-kerkuar-drejtesi-per-masakren-e-recakut-qe-e-kreu-regjimi-i-millosheviqit\/","url":"https:\/\/permbledhja.com\/osmani-jemi-ketu-per-te-kerkuar-drejtesi-per-masakren-e-recakut-qe-e-kreu-regjimi-i-millosheviqit\/","name":"Osmani: Jemi k\u00ebtu p\u00ebr t\u00eb k\u00ebrkuar drejt\u00ebsi p\u00ebr masakr\u00ebn e Re\u00e7akut q\u00eb e kreu regjimi i Millosheviqit","isPartOf":{"@id":"https:\/\/permbledhja.com\/#website"},"datePublished":"2024-01-15T08:51:22+00:00","dateModified":"2024-01-15T08:51:22+00:00","breadcrumb":{"@id":"https:\/\/permbledhja.com\/osmani-jemi-ketu-per-te-kerkuar-drejtesi-per-masakren-e-recakut-qe-e-kreu-regjimi-i-millosheviqit\/#breadcrumb"},"inLanguage":"sq","potentialAction":[{"@type":"ReadAction","target":["https:\/\/permbledhja.com\/osmani-jemi-ketu-per-te-kerkuar-drejtesi-per-masakren-e-recakut-qe-e-kreu-regjimi-i-millosheviqit\/"]}]},{"@type":"BreadcrumbList","@id":"https:\/\/permbledhja.com\/osmani-jemi-ketu-per-te-kerkuar-drejtesi-per-masakren-e-recakut-qe-e-kreu-regjimi-i-millosheviqit\/#breadcrumb","itemListElement":[{"@type":"ListItem","position":1,"name":"Ballina","item":"https:\/\/permbledhja.com\/sq\/"},{"@type":"ListItem","position":2,"name":"Osmani: Jemi k\u00ebtu p\u00ebr t\u00eb k\u00ebrkuar drejt\u00ebsi p\u00ebr masakr\u00ebn e Re\u00e7akut q\u00eb e kreu regjimi i Millosheviqit"}]},{"@type":"WebSite","@id":"https:\/\/permbledhja.com\/#website","url":"https:\/\/permbledhja.com\/","name":"Ve\u00e7 artikuj p\u00ebrmbledh\u00ebs","description":"","publisher":{"@id":"https:\/\/permbledhja.com\/#organization"},"potentialAction":[{"@type":"SearchAction","target":{"@type":"EntryPoint","urlTemplate":"https:\/\/permbledhja.com\/?s={search_term_string}"},"query-input":"required name=search_term_string"}],"inLanguage":"sq"},{"@type":"Organization","@id":"https:\/\/permbledhja.com\/#organization","name":"MK Media & Pr","url":"https:\/\/permbledhja.com\/","logo":{"@type":"ImageObject","inLanguage":"sq","@id":"https:\/\/permbledhja.com\/#\/schema\/logo\/image\/","url":"https:\/\/permbledhja.com\/wp-content\/uploads\/2021\/12\/07-Press-Logo.jpg","contentUrl":"https:\/\/permbledhja.com\/wp-content\/uploads\/2021\/12\/07-Press-Logo.jpg","width":512,"height":512,"caption":"MK Media & Pr"},"image":{"@id":"https:\/\/permbledhja.com\/#\/schema\/logo\/image\/"},"sameAs":["https:\/\/www.facebook.com\/press07\/"]},{"@type":"Person","@id":"https:\/\/permbledhja.com\/#\/schema\/person\/9c54260cbc4c6f792cb100550491638c","name":"DL","image":{"@type":"ImageObject","inLanguage":"sq","@id":"https:\/\/permbledhja.com\/#\/schema\/person\/image\/","url":"https:\/\/secure.gravatar.com\/avatar\/94503eb28d4c4b2005a5c8753e35fc80?s=96&d=mm&r=g","contentUrl":"https:\/\/secure.gravatar.com\/avatar\/94503eb28d4c4b2005a5c8753e35fc80?s=96&d=mm&r=g","caption":"DL"},"url":"https:\/\/permbledhja.com\/sq\/author\/dl\/"}]}},"_links":{"self":[{"href":"https:\/\/permbledhja.com\/sq\/wp-json\/wp\/v2\/posts\/43086"}],"collection":[{"href":"https:\/\/permbledhja.com\/sq\/wp-json\/wp\/v2\/posts"}],"about":[{"href":"https:\/\/permbledhja.com\/sq\/wp-json\/wp\/v2\/types\/post"}],"author":[{"embeddable":true,"href":"https:\/\/permbledhja.com\/sq\/wp-json\/wp\/v2\/users\/5"}],"replies":[{"embeddable":true,"href":"https:\/\/permbledhja.com\/sq\/wp-json\/wp\/v2\/comments?post=43086"}],"version-history":[{"count":1,"href":"https:\/\/permbledhja.com\/sq\/wp-json\/wp\/v2\/posts\/43086\/revisions"}],"predecessor-version":[{"id":43088,"href":"https:\/\/permbledhja.com\/sq\/wp-json\/wp\/v2\/posts\/43086\/revisions\/43088"}],"wp:featuredmedia":[{"embeddable":true,"href":"https:\/\/permbledhja.com\/sq\/wp-json\/wp\/v2\/media\/43087"}],"wp:attachment":[{"href":"https:\/\/permbledhja.com\/sq\/wp-json\/wp\/v2\/media?parent=43086"}],"wp:term":[{"taxonomy":"category","embeddable":true,"href":"https:\/\/permbledhja.com\/sq\/wp-json\/wp\/v2\/categories?post=43086"},{"taxonomy":"post_tag","embeddable":true,"href":"https:\/\/permbledhja.com\/sq\/wp-json\/wp\/v2\/tags?post=43086"}],"curies":[{"name":"wp","href":"https:\/\/api.w.org\/{rel}","templated":true}]}}