{"id":43073,"date":"2024-01-15T08:04:15","date_gmt":"2024-01-15T08:04:15","guid":{"rendered":"https:\/\/permbledhja.com\/?p=43073"},"modified":"2024-01-15T08:04:15","modified_gmt":"2024-01-15T08:04:15","slug":"mblidhet-kryesia-ne-rend-dite-propozimi-per-seancen-plenare-te-radhes","status":"publish","type":"post","link":"https:\/\/permbledhja.com\/sq\/mblidhet-kryesia-ne-rend-dite-propozimi-per-seancen-plenare-te-radhes\/","title":{"rendered":"Mblidhet kryesia, n\u00eb rend dite propozimi p\u00ebr seanc\u00ebn plenare t\u00eb radh\u00ebs"},"content":{"rendered":"<h3>Sot do t\u00eb mbahet mbledhja e Kryesis\u00eb s\u00eb Kuvendit t\u00eb Kosov\u00ebs, n\u00eb t\u00eb cil\u00ebn n\u00eb rend dite \u00ebsht\u00eb propozimi i rendit t\u00eb dit\u00ebs p\u00ebr seanc\u00ebn plenare t\u00eb radh\u00ebs, ku jan\u00eb parapar\u00eb 30 pika.<\/h3>\n<p>N\u00eb rend dite \u00ebsht\u00eb votimi i Projektligjit nr.08\/L-234 p\u00ebr ratifikimin e Marr\u00ebveshjes s\u00eb kredis\u00eb p\u00ebr programin e financave publike dhe rritjes ekonomike nd\u00ebrmjet Republik\u00ebs s\u00eb Kosov\u00ebs dhe Fondit OPEC p\u00ebr Zhvillim Nd\u00ebrkomb\u00ebtar, votimi i Projektligjit nr.08\/L-236 p\u00ebr ratifikimin e Traktatit nd\u00ebrmjet Republik\u00ebs s\u00eb Kosov\u00ebs dhe Mbret\u00ebris\u00eb s\u00eb Danimark\u00ebs p\u00ebr shfryt\u00ebzimin e institucionit korrektues n\u00eb Gjilan me q\u00ebllim t\u00eb ekzekutimit t\u00eb d\u00ebnimeve daneze, votimi i Projektligjit nr.08\/L-253 p\u00ebr Aderimin e Republik\u00ebs s\u00eb Kosov\u00ebs n\u00eb Konvent\u00ebn p\u00ebr Importin e P\u00ebrkohsh\u00ebm, votimi i Projektligjit nr.08\/L-254 p\u00ebr ratifikimin e Marr\u00ebveshjes nd\u00ebrkomb\u00ebtare nd\u00ebrmjet Kosov\u00ebs nga nj\u00ebra an\u00eb dhe Bashkimit Evropian nga ana tjet\u00ebr p\u00ebr pjes\u00ebmarrjen e Kosov\u00ebs n\u00eb Programin e bashkimit programi i tregut t\u00eb vet\u00ebm, votimi i Projektligjit nr. 08\/L-259 p\u00ebr Ratifikimin e Marr\u00ebveshjes s\u00eb Financimit nd\u00ebrmjet Republik\u00ebs s\u00eb Kosov\u00ebs, e p\u00ebrfaq\u00ebsuar nga Ministria e Financave, Pun\u00ebs dhe Transfereve, dhe Asociacionit Nd\u00ebrkomb\u00ebtar p\u00ebr Zhvillim p\u00ebr projektin \u201cProjekti p\u00ebr forcimin e qeverisjes digjitale p\u00ebr ofrimin e sh\u00ebrbimeve\u201d.<\/p>\n<p>Po ashtu n\u00eb rend dite \u00ebsht\u00eb shqyrtimi i Projektligjit nr.08\/L-263 p\u00ebr ratifikimin e Marr\u00ebveshjes p\u00ebr sigurime sociale nd\u00ebrmjet Republik\u00ebs s\u00eb Kosov\u00ebs dhe Mbret\u00ebris\u00eb s\u00eb Holand\u00ebs, votimi n\u00eb lexim t\u00eb dyt\u00eb i Projekt Kodit doganor dhe t\u00eb akcizave, nr. 08\/L-247, votimi n\u00eb lexim t\u00eb dyt\u00eb i Projektligjit nr. 08\/L-211 p\u00ebr Ver\u00ebra, shqyrtimi i dyt\u00eb i Projektligjit nr.08\/L-243 p\u00ebr ndryshimin dhe plot\u00ebsimin e Ligjit nr.06\/L\u2013037 p\u00ebr metrologji, votimi n\u00eb parim i Projektligjit nr.08\/L-207 p\u00ebr tekstet shkollore, shqyrtimi i par\u00eb i Projektligjit nr.08\/L-262 p\u00ebr ndryshimin dhe plot\u00ebsimin e ligjeve q\u00eb p\u00ebrmbajn\u00eb procedura t\u00eb ve\u00e7anta administrative dhe harmonizimin e tyre me Ligjin nr.05\/L-031 p\u00ebr procedur\u00ebn e p\u00ebrgjithshme administrative faza e dyt\u00eb, shqyrtimi i par\u00eb i Projektligjit nr.08\/L-266 p\u00ebr gjendjen civile, shqyrtimi i par\u00eb i Projektligjit nr.08\/L-267 p\u00ebr let\u00ebrnjoftimin, shqyrtimi i par\u00eb i Projektligjit nr.08\/L-265 p\u00ebr regjistrin e pronar\u00ebve p\u00ebrfitues, shqyrtimi i par\u00eb i Projektligjit nr.08\/L-264 p\u00ebr rinin\u00eb, shqyrtimi i par\u00eb i Projektligjit nr.08\/L-268 p\u00ebr shpron\u00ebsimin e pron\u00ebs s\u00eb paluajtshme, votimi p\u00ebr em\u00ebrimin e 3 (tre) an\u00ebtar\u00ebve vendor\u00eb t\u00eb K\u00ebshillit Shtet\u00ebror t\u00eb Cil\u00ebsis\u00eb t\u00eb Agjencis\u00eb s\u00eb Kosov\u00ebs p\u00ebr Akreditim, votimi i Programit Komb\u00ebtar t\u00eb Shkenc\u00ebs 2023\/2028, shqyrtimi i Projekt-Deklarat\u00ebs p\u00ebr raportet e Republik\u00ebs s\u00eb Kosov\u00ebs me Shtetet e Bashkuara t\u00eb Amerik\u00ebs, shqyrtimi i Raportit vjetor t\u00eb Fondit t\u00eb Kursimeve Pensionale t\u00eb Kosov\u00ebs p\u00ebr vitin 2022, shqyrtimi i Raportit vjetor p\u00ebr gjendjen e mjedisit n\u00eb Kosov\u00eb p\u00ebr vitin 2022, shqyrtimi i Raportit me rekomandime nga mbik\u00ebqyrja e zbatimit t\u00eb Ligjit nr.02\/L-65 Civil Kund\u00ebr Shpifjes dhe Fyerjes, shqyrtimi i Rekomandimeve nga mbik\u00ebqyrja e zbatimit t\u00eb Ligjit nr.2003\/5 p\u00ebr far\u00ebrat dhe shqyrtimi i Rekomandimeve nga mbik\u00ebqyrja e zbatimit t\u00eb Ligjit nr.04\/L-114 p\u00ebr pasurimin e miellit.<\/p>\n","protected":false},"excerpt":{"rendered":"<p>Sot do t\u00eb mbahet mbledhja e Kryesis\u00eb s\u00eb Kuvendit t\u00eb Kosov\u00ebs, n\u00eb t\u00eb cil\u00ebn n\u00eb rend dite \u00ebsht\u00eb propozimi i rendit t\u00eb dit\u00ebs p\u00ebr seanc\u00ebn plenare t\u00eb radh\u00ebs, ku jan\u00eb parapar\u00eb 30 pika. N\u00eb rend dite \u00ebsht\u00eb votimi i Projektligjit nr.08\/L-234 p\u00ebr ratifikimin e Marr\u00ebveshjes s\u00eb kredis\u00eb p\u00ebr programin e financave publike dhe rritjes ekonomike [&hellip;]<\/p>\n","protected":false},"author":5,"featured_media":43074,"comment_status":"closed","ping_status":"closed","sticky":false,"template":"","format":"standard","meta":{"_monsterinsights_skip_tracking":false,"_monsterinsights_sitenote_active":false,"_monsterinsights_sitenote_note":"","_monsterinsights_sitenote_category":0,"_uf_show_specific_survey":0,"_uf_disable_surveys":false,"footnotes":""},"categories":[15],"tags":[],"yoast_head":"<!-- This site is optimized with the Yoast SEO plugin v21.5 - https:\/\/yoast.com\/wordpress\/plugins\/seo\/ -->\n<title>Mblidhet kryesia, n\u00eb rend dite propozimi p\u00ebr seanc\u00ebn plenare t\u00eb radh\u00ebs<\/title>\n<meta name=\"robots\" content=\"index, follow, max-snippet:-1, max-image-preview:large, max-video-preview:-1\" \/>\n<link rel=\"canonical\" href=\"https:\/\/permbledhja.com\/sq\/mblidhet-kryesia-ne-rend-dite-propozimi-per-seancen-plenare-te-radhes\/\" \/>\n<meta property=\"og:locale\" content=\"sq_AL\" \/>\n<meta property=\"og:type\" content=\"article\" \/>\n<meta property=\"og:title\" content=\"Mblidhet kryesia, n\u00eb rend dite propozimi p\u00ebr seanc\u00ebn plenare t\u00eb radh\u00ebs\" \/>\n<meta property=\"og:description\" content=\"Sot do t\u00eb mbahet mbledhja e Kryesis\u00eb s\u00eb Kuvendit t\u00eb Kosov\u00ebs, n\u00eb t\u00eb cil\u00ebn n\u00eb rend dite \u00ebsht\u00eb propozimi i rendit t\u00eb dit\u00ebs p\u00ebr seanc\u00ebn plenare t\u00eb radh\u00ebs, ku jan\u00eb parapar\u00eb 30 pika. N\u00eb rend dite \u00ebsht\u00eb votimi i Projektligjit nr.08\/L-234 p\u00ebr ratifikimin e Marr\u00ebveshjes s\u00eb kredis\u00eb p\u00ebr programin e financave publike dhe rritjes ekonomike [&hellip;]\" \/>\n<meta property=\"og:url\" content=\"https:\/\/permbledhja.com\/sq\/mblidhet-kryesia-ne-rend-dite-propozimi-per-seancen-plenare-te-radhes\/\" \/>\n<meta property=\"og:site_name\" content=\"Ve\u00e7 artikuj p\u00ebrmbledh\u00ebs\" \/>\n<meta property=\"article:publisher\" content=\"https:\/\/www.facebook.com\/press07\/\" \/>\n<meta property=\"article:published_time\" content=\"2024-01-15T08:04:15+00:00\" \/>\n<meta property=\"og:image\" content=\"https:\/\/permbledhja.com\/wp-content\/uploads\/2024\/01\/kryesia.webp\" \/>\n\t<meta property=\"og:image:width\" content=\"1536\" \/>\n\t<meta property=\"og:image:height\" content=\"1024\" \/>\n\t<meta property=\"og:image:type\" content=\"image\/webp\" \/>\n<meta name=\"author\" content=\"DL\" \/>\n<meta name=\"twitter:card\" content=\"summary_large_image\" \/>\n<meta name=\"twitter:label1\" content=\"Written by\" \/>\n\t<meta name=\"twitter:data1\" content=\"DL\" \/>\n\t<meta name=\"twitter:label2\" content=\"Est. reading time\" \/>\n\t<meta name=\"twitter:data2\" content=\"3 minuta\" \/>\n<script type=\"application\/ld+json\" class=\"yoast-schema-graph\">{\"@context\":\"https:\/\/schema.org\",\"@graph\":[{\"@type\":\"Article\",\"@id\":\"https:\/\/permbledhja.com\/mblidhet-kryesia-ne-rend-dite-propozimi-per-seancen-plenare-te-radhes\/#article\",\"isPartOf\":{\"@id\":\"https:\/\/permbledhja.com\/mblidhet-kryesia-ne-rend-dite-propozimi-per-seancen-plenare-te-radhes\/\"},\"author\":{\"name\":\"DL\",\"@id\":\"https:\/\/permbledhja.com\/#\/schema\/person\/9c54260cbc4c6f792cb100550491638c\"},\"headline\":\"Mblidhet kryesia, n\u00eb rend dite propozimi p\u00ebr seanc\u00ebn plenare t\u00eb radh\u00ebs\",\"datePublished\":\"2024-01-15T08:04:15+00:00\",\"dateModified\":\"2024-01-15T08:04:15+00:00\",\"mainEntityOfPage\":{\"@id\":\"https:\/\/permbledhja.com\/mblidhet-kryesia-ne-rend-dite-propozimi-per-seancen-plenare-te-radhes\/\"},\"wordCount\":595,\"publisher\":{\"@id\":\"https:\/\/permbledhja.com\/#organization\"},\"articleSection\":[\"Lajme\"],\"inLanguage\":\"sq\"},{\"@type\":\"WebPage\",\"@id\":\"https:\/\/permbledhja.com\/mblidhet-kryesia-ne-rend-dite-propozimi-per-seancen-plenare-te-radhes\/\",\"url\":\"https:\/\/permbledhja.com\/mblidhet-kryesia-ne-rend-dite-propozimi-per-seancen-plenare-te-radhes\/\",\"name\":\"Mblidhet kryesia, n\u00eb rend dite propozimi p\u00ebr seanc\u00ebn plenare t\u00eb radh\u00ebs\",\"isPartOf\":{\"@id\":\"https:\/\/permbledhja.com\/#website\"},\"datePublished\":\"2024-01-15T08:04:15+00:00\",\"dateModified\":\"2024-01-15T08:04:15+00:00\",\"breadcrumb\":{\"@id\":\"https:\/\/permbledhja.com\/mblidhet-kryesia-ne-rend-dite-propozimi-per-seancen-plenare-te-radhes\/#breadcrumb\"},\"inLanguage\":\"sq\",\"potentialAction\":[{\"@type\":\"ReadAction\",\"target\":[\"https:\/\/permbledhja.com\/mblidhet-kryesia-ne-rend-dite-propozimi-per-seancen-plenare-te-radhes\/\"]}]},{\"@type\":\"BreadcrumbList\",\"@id\":\"https:\/\/permbledhja.com\/mblidhet-kryesia-ne-rend-dite-propozimi-per-seancen-plenare-te-radhes\/#breadcrumb\",\"itemListElement\":[{\"@type\":\"ListItem\",\"position\":1,\"name\":\"Ballina\",\"item\":\"https:\/\/permbledhja.com\/sq\/\"},{\"@type\":\"ListItem\",\"position\":2,\"name\":\"Mblidhet kryesia, n\u00eb rend dite propozimi p\u00ebr seanc\u00ebn plenare t\u00eb radh\u00ebs\"}]},{\"@type\":\"WebSite\",\"@id\":\"https:\/\/permbledhja.com\/#website\",\"url\":\"https:\/\/permbledhja.com\/\",\"name\":\"Ve\u00e7 artikuj p\u00ebrmbledh\u00ebs\",\"description\":\"\",\"publisher\":{\"@id\":\"https:\/\/permbledhja.com\/#organization\"},\"potentialAction\":[{\"@type\":\"SearchAction\",\"target\":{\"@type\":\"EntryPoint\",\"urlTemplate\":\"https:\/\/permbledhja.com\/?s={search_term_string}\"},\"query-input\":\"required name=search_term_string\"}],\"inLanguage\":\"sq\"},{\"@type\":\"Organization\",\"@id\":\"https:\/\/permbledhja.com\/#organization\",\"name\":\"MK Media & Pr\",\"url\":\"https:\/\/permbledhja.com\/\",\"logo\":{\"@type\":\"ImageObject\",\"inLanguage\":\"sq\",\"@id\":\"https:\/\/permbledhja.com\/#\/schema\/logo\/image\/\",\"url\":\"https:\/\/permbledhja.com\/wp-content\/uploads\/2021\/12\/07-Press-Logo.jpg\",\"contentUrl\":\"https:\/\/permbledhja.com\/wp-content\/uploads\/2021\/12\/07-Press-Logo.jpg\",\"width\":512,\"height\":512,\"caption\":\"MK Media & Pr\"},\"image\":{\"@id\":\"https:\/\/permbledhja.com\/#\/schema\/logo\/image\/\"},\"sameAs\":[\"https:\/\/www.facebook.com\/press07\/\"]},{\"@type\":\"Person\",\"@id\":\"https:\/\/permbledhja.com\/#\/schema\/person\/9c54260cbc4c6f792cb100550491638c\",\"name\":\"DL\",\"image\":{\"@type\":\"ImageObject\",\"inLanguage\":\"sq\",\"@id\":\"https:\/\/permbledhja.com\/#\/schema\/person\/image\/\",\"url\":\"https:\/\/secure.gravatar.com\/avatar\/94503eb28d4c4b2005a5c8753e35fc80?s=96&d=mm&r=g\",\"contentUrl\":\"https:\/\/secure.gravatar.com\/avatar\/94503eb28d4c4b2005a5c8753e35fc80?s=96&d=mm&r=g\",\"caption\":\"DL\"},\"url\":\"https:\/\/permbledhja.com\/sq\/author\/dl\/\"}]}<\/script>\n<!-- \/ Yoast SEO plugin. -->","yoast_head_json":{"title":"Mblidhet kryesia, n\u00eb rend dite propozimi p\u00ebr seanc\u00ebn plenare t\u00eb radh\u00ebs","robots":{"index":"index","follow":"follow","max-snippet":"max-snippet:-1","max-image-preview":"max-image-preview:large","max-video-preview":"max-video-preview:-1"},"canonical":"https:\/\/permbledhja.com\/sq\/mblidhet-kryesia-ne-rend-dite-propozimi-per-seancen-plenare-te-radhes\/","og_locale":"sq_AL","og_type":"article","og_title":"Mblidhet kryesia, n\u00eb rend dite propozimi p\u00ebr seanc\u00ebn plenare t\u00eb radh\u00ebs","og_description":"Sot do t\u00eb mbahet mbledhja e Kryesis\u00eb s\u00eb Kuvendit t\u00eb Kosov\u00ebs, n\u00eb t\u00eb cil\u00ebn n\u00eb rend dite \u00ebsht\u00eb propozimi i rendit t\u00eb dit\u00ebs p\u00ebr seanc\u00ebn plenare t\u00eb radh\u00ebs, ku jan\u00eb parapar\u00eb 30 pika. N\u00eb rend dite \u00ebsht\u00eb votimi i Projektligjit nr.08\/L-234 p\u00ebr ratifikimin e Marr\u00ebveshjes s\u00eb kredis\u00eb p\u00ebr programin e financave publike dhe rritjes ekonomike [&hellip;]","og_url":"https:\/\/permbledhja.com\/sq\/mblidhet-kryesia-ne-rend-dite-propozimi-per-seancen-plenare-te-radhes\/","og_site_name":"Ve\u00e7 artikuj p\u00ebrmbledh\u00ebs","article_publisher":"https:\/\/www.facebook.com\/press07\/","article_published_time":"2024-01-15T08:04:15+00:00","og_image":[{"width":1536,"height":1024,"url":"https:\/\/permbledhja.com\/wp-content\/uploads\/2024\/01\/kryesia.webp","type":"image\/webp"}],"author":"DL","twitter_card":"summary_large_image","twitter_misc":{"Written by":"DL","Est. reading time":"3 minuta"},"schema":{"@context":"https:\/\/schema.org","@graph":[{"@type":"Article","@id":"https:\/\/permbledhja.com\/mblidhet-kryesia-ne-rend-dite-propozimi-per-seancen-plenare-te-radhes\/#article","isPartOf":{"@id":"https:\/\/permbledhja.com\/mblidhet-kryesia-ne-rend-dite-propozimi-per-seancen-plenare-te-radhes\/"},"author":{"name":"DL","@id":"https:\/\/permbledhja.com\/#\/schema\/person\/9c54260cbc4c6f792cb100550491638c"},"headline":"Mblidhet kryesia, n\u00eb rend dite propozimi p\u00ebr seanc\u00ebn plenare t\u00eb radh\u00ebs","datePublished":"2024-01-15T08:04:15+00:00","dateModified":"2024-01-15T08:04:15+00:00","mainEntityOfPage":{"@id":"https:\/\/permbledhja.com\/mblidhet-kryesia-ne-rend-dite-propozimi-per-seancen-plenare-te-radhes\/"},"wordCount":595,"publisher":{"@id":"https:\/\/permbledhja.com\/#organization"},"articleSection":["Lajme"],"inLanguage":"sq"},{"@type":"WebPage","@id":"https:\/\/permbledhja.com\/mblidhet-kryesia-ne-rend-dite-propozimi-per-seancen-plenare-te-radhes\/","url":"https:\/\/permbledhja.com\/mblidhet-kryesia-ne-rend-dite-propozimi-per-seancen-plenare-te-radhes\/","name":"Mblidhet kryesia, n\u00eb rend dite propozimi p\u00ebr seanc\u00ebn plenare t\u00eb radh\u00ebs","isPartOf":{"@id":"https:\/\/permbledhja.com\/#website"},"datePublished":"2024-01-15T08:04:15+00:00","dateModified":"2024-01-15T08:04:15+00:00","breadcrumb":{"@id":"https:\/\/permbledhja.com\/mblidhet-kryesia-ne-rend-dite-propozimi-per-seancen-plenare-te-radhes\/#breadcrumb"},"inLanguage":"sq","potentialAction":[{"@type":"ReadAction","target":["https:\/\/permbledhja.com\/mblidhet-kryesia-ne-rend-dite-propozimi-per-seancen-plenare-te-radhes\/"]}]},{"@type":"BreadcrumbList","@id":"https:\/\/permbledhja.com\/mblidhet-kryesia-ne-rend-dite-propozimi-per-seancen-plenare-te-radhes\/#breadcrumb","itemListElement":[{"@type":"ListItem","position":1,"name":"Ballina","item":"https:\/\/permbledhja.com\/sq\/"},{"@type":"ListItem","position":2,"name":"Mblidhet kryesia, n\u00eb rend dite propozimi p\u00ebr seanc\u00ebn plenare t\u00eb radh\u00ebs"}]},{"@type":"WebSite","@id":"https:\/\/permbledhja.com\/#website","url":"https:\/\/permbledhja.com\/","name":"Ve\u00e7 artikuj p\u00ebrmbledh\u00ebs","description":"","publisher":{"@id":"https:\/\/permbledhja.com\/#organization"},"potentialAction":[{"@type":"SearchAction","target":{"@type":"EntryPoint","urlTemplate":"https:\/\/permbledhja.com\/?s={search_term_string}"},"query-input":"required name=search_term_string"}],"inLanguage":"sq"},{"@type":"Organization","@id":"https:\/\/permbledhja.com\/#organization","name":"MK Media & Pr","url":"https:\/\/permbledhja.com\/","logo":{"@type":"ImageObject","inLanguage":"sq","@id":"https:\/\/permbledhja.com\/#\/schema\/logo\/image\/","url":"https:\/\/permbledhja.com\/wp-content\/uploads\/2021\/12\/07-Press-Logo.jpg","contentUrl":"https:\/\/permbledhja.com\/wp-content\/uploads\/2021\/12\/07-Press-Logo.jpg","width":512,"height":512,"caption":"MK Media & Pr"},"image":{"@id":"https:\/\/permbledhja.com\/#\/schema\/logo\/image\/"},"sameAs":["https:\/\/www.facebook.com\/press07\/"]},{"@type":"Person","@id":"https:\/\/permbledhja.com\/#\/schema\/person\/9c54260cbc4c6f792cb100550491638c","name":"DL","image":{"@type":"ImageObject","inLanguage":"sq","@id":"https:\/\/permbledhja.com\/#\/schema\/person\/image\/","url":"https:\/\/secure.gravatar.com\/avatar\/94503eb28d4c4b2005a5c8753e35fc80?s=96&d=mm&r=g","contentUrl":"https:\/\/secure.gravatar.com\/avatar\/94503eb28d4c4b2005a5c8753e35fc80?s=96&d=mm&r=g","caption":"DL"},"url":"https:\/\/permbledhja.com\/sq\/author\/dl\/"}]}},"_links":{"self":[{"href":"https:\/\/permbledhja.com\/sq\/wp-json\/wp\/v2\/posts\/43073"}],"collection":[{"href":"https:\/\/permbledhja.com\/sq\/wp-json\/wp\/v2\/posts"}],"about":[{"href":"https:\/\/permbledhja.com\/sq\/wp-json\/wp\/v2\/types\/post"}],"author":[{"embeddable":true,"href":"https:\/\/permbledhja.com\/sq\/wp-json\/wp\/v2\/users\/5"}],"replies":[{"embeddable":true,"href":"https:\/\/permbledhja.com\/sq\/wp-json\/wp\/v2\/comments?post=43073"}],"version-history":[{"count":1,"href":"https:\/\/permbledhja.com\/sq\/wp-json\/wp\/v2\/posts\/43073\/revisions"}],"predecessor-version":[{"id":43075,"href":"https:\/\/permbledhja.com\/sq\/wp-json\/wp\/v2\/posts\/43073\/revisions\/43075"}],"wp:featuredmedia":[{"embeddable":true,"href":"https:\/\/permbledhja.com\/sq\/wp-json\/wp\/v2\/media\/43074"}],"wp:attachment":[{"href":"https:\/\/permbledhja.com\/sq\/wp-json\/wp\/v2\/media?parent=43073"}],"wp:term":[{"taxonomy":"category","embeddable":true,"href":"https:\/\/permbledhja.com\/sq\/wp-json\/wp\/v2\/categories?post=43073"},{"taxonomy":"post_tag","embeddable":true,"href":"https:\/\/permbledhja.com\/sq\/wp-json\/wp\/v2\/tags?post=43073"}],"curies":[{"name":"wp","href":"https:\/\/api.w.org\/{rel}","templated":true}]}}